{"id":6281,"date":"2026-04-23T07:58:35","date_gmt":"2026-04-23T07:58:35","guid":{"rendered":"https:\/\/www.jeannedarc-figeac.fr\/college-lycee\/?p=6281"},"modified":"2026-04-23T08:00:23","modified_gmt":"2026-04-23T08:00:23","slug":"concours-deloquence-une-edition-2026-reussie","status":"publish","type":"post","link":"https:\/\/www.jeannedarc-figeac.fr\/college-lycee\/concours-deloquence-une-edition-2026-reussie\/","title":{"rendered":"Concours d&rsquo;\u00e9loquence : une \u00e9dition 2026 r\u00e9ussie"},"content":{"rendered":"\n<figure class=\"wp-block-image size-medium\"><a href=\"https:\/\/i0.wp.com\/www.jeannedarc-figeac.fr\/college-lycee\/wp-content\/uploads\/sites\/5\/2026\/04\/20260409_080356-scaled.jpg?ssl=1\"><img data-recalc-dims=\"1\" loading=\"lazy\" decoding=\"async\" width=\"300\" height=\"139\" src=\"https:\/\/i0.wp.com\/www.jeannedarc-figeac.fr\/college-lycee\/wp-content\/uploads\/sites\/5\/2026\/04\/20260409_080356-300x139.jpg?resize=300%2C139&#038;ssl=1\" alt=\"\" class=\"wp-image-6282\" \/><\/a><\/figure>\n\n\n\n<p>Jeudi 09 avril s\u2019est tenu le traditionnel Concours d\u2019\u00e9loquence organis\u00e9 par le Lions Club de Figeac, \u00e0 l\u2019auditorium de l\u2019\u00e9cole de musique de Figeac, r\u00e9unissant coll\u00e9giens et lyc\u00e9ens de Figeac, autour d\u2019une citation de Mahatma Gandhi\u00a0: \u00ab\u00a0Il n\u2019est pas n\u00e9cessaire d\u2019\u00e9teindre la lumi\u00e8re de l\u2019autre pour que brille la n\u00f4tre\u00a0\u00bb. Douze candidatures, en solo ou en duo, \u00e9taient en lice pour chacune des cat\u00e9gories, coll\u00e8ges et lyc\u00e9es. Les jeunes orateurs, en 3 minutes, ont propos\u00e9 des prestations riches, engag\u00e9es et vari\u00e9es, captivant le jury pr\u00e9sid\u00e9 par Mme Sophie Sarraute (DASEN du Lot) et le jury. Nos coll\u00e9giens, Quentin, Corentin et Basile, Lina et Ana\u00e9, Loun\u00e8s et Joann, Emma et Reine, L\u00e9na et N\u00e9lia, accompagn\u00e9s de leur Professeur de Lettres et notre professeur documentaliste, Mesdames Guillemin et Sireyzol, ont eu le courage de s\u2019exprimer et de partager leur r\u00e9flexion autour de cette citation, en solo ou en bin\u00f4me. N\u00e9lia et L\u00e9na, qui d\u00e9couvraient l\u2019art de l\u2019\u00e9loquence, ont d\u00e9croch\u00e9 une belle deuxi\u00e8me place. Une exp\u00e9rience enrichissante, que certains sont d\u00e9j\u00e0 pr\u00eats \u00e0 revivre l\u2019ann\u00e9e prochaine\u00a0! \u00a0 Accompagn\u00e9s et soutenus par leur professeur de Lettres Mme De La Fuente nos lyc\u00e9ens, , Gabriel, Ga\u00efa, A\u00eblys, L\u00e9a, Manon et Zo\u00e9 se sont brillamment empar\u00e9s des trois premi\u00e8res places du classement \u00ab\u00a0lyc\u00e9e\u00a0\u00bb\u00a0: Zo\u00e9 termine 3<sup>e<\/sup>, Ga\u00efa (comme l\u2019an pass\u00e9) termine 2<sup>e<\/sup>, et Gabriel termine sur la premi\u00e8re marche du podium pour cette \u00e9dition 2026\u00a0! F\u00e9licitations \u00e0 eux pour leur implication et leur talent\u00a0! Une \u00e9dition 2026 r\u00e9ussie qui confirme l\u2019engagement du Lions Club en faveur de la jeunesse et de l\u2019expression orale.<\/p>\n\n\n\n<p><\/p>\n\n\n\n<p><\/p>\n","protected":false},"excerpt":{"rendered":"<p>Jeudi 09 avril s\u2019est tenu le traditionnel Concours d\u2019\u00e9loquence organis\u00e9 par le Lions Club de Figeac, \u00e0 l\u2019auditorium de l\u2019\u00e9cole de musique de Figeac, r\u00e9unissant coll\u00e9giens et lyc\u00e9ens de Figeac, autour d\u2019une citation de Mahatma Gandhi\u00a0: \u00ab\u00a0Il n\u2019est pas n\u00e9cessaire d\u2019\u00e9teindre la lumi\u00e8re de l\u2019autre pour que brille la n\u00f4tre\u00a0\u00bb. Douze candidatures, en solo ou [&hellip;]<\/p>\n","protected":false},"author":12,"featured_media":0,"comment_status":"closed","ping_status":"open","sticky":false,"template":"","format":"standard","meta":{"_et_pb_use_builder":"off","_et_pb_old_content":"","_et_gb_content_width":"","_jetpack_newsletter_access":"","_jetpack_dont_email_post_to_subs":false,"_jetpack_newsletter_tier_id":0,"_jetpack_memberships_contains_paywalled_content":false,"iawp_total_views":2,"_jetpack_memberships_contains_paid_content":false,"footnotes":""},"categories":[28],"tags":[],"class_list":["post-6281","post","type-post","status-publish","format-standard","hentry","category-actus"],"yoast_head":"<!-- This site is optimized with the Yoast SEO plugin v26.0 - https:\/\/yoast.com\/wordpress\/plugins\/seo\/ -->\n<title>Concours d&#039;\u00e9loquence : une \u00e9dition 2026 r\u00e9ussie<\/title>\n<meta name=\"description\" content=\"Jeudi 09 avril s\u2019est tenu le traditionnel Concours d\u2019\u00e9loquence organis\u00e9 par le Lions Club de Figeac, \u00e0 l\u2019auditorium de l\u2019\u00e9cole de musique de Figeac,\" \/>\n<meta name=\"robots\" content=\"index, follow, max-snippet:-1, max-image-preview:large, max-video-preview:-1\" \/>\n<link rel=\"canonical\" href=\"http:\/\/www.jeannedarc-figeac.fr\/college-lycee\/concours-deloquence-une-edition-2026-reussie\/\" \/>\n<meta property=\"og:locale\" content=\"fr_FR\" \/>\n<meta property=\"og:type\" content=\"article\" \/>\n<meta property=\"og:title\" content=\"Concours d&#039;\u00e9loquence : une \u00e9dition 2026 r\u00e9ussie\" \/>\n<meta property=\"og:description\" content=\"Jeudi 09 avril s\u2019est tenu le traditionnel Concours d\u2019\u00e9loquence organis\u00e9 par le Lions Club de Figeac, \u00e0 l\u2019auditorium de l\u2019\u00e9cole de musique de Figeac,\" \/>\n<meta property=\"og:url\" content=\"http:\/\/www.jeannedarc-figeac.fr\/college-lycee\/concours-deloquence-une-edition-2026-reussie\/\" \/>\n<meta property=\"og:site_name\" content=\"Coll\u00e8ge et Lyc\u00e9e Jeanne d&#039;Arc\" \/>\n<meta property=\"article:published_time\" content=\"2026-04-23T07:58:35+00:00\" \/>\n<meta property=\"article:modified_time\" content=\"2026-04-23T08:00:23+00:00\" \/>\n<meta property=\"og:image\" content=\"https:\/\/www.jeannedarc-figeac.fr\/college-lycee\/wp-content\/uploads\/sites\/5\/2026\/04\/20260409_080356-300x139.jpg\" \/>\n<meta name=\"author\" content=\"le secr\u00e9tariat\" \/>\n<script type=\"application\/ld+json\" class=\"yoast-schema-graph\">{\"@context\":\"https:\/\/schema.org\",\"@graph\":[{\"@type\":\"WebPage\",\"@id\":\"http:\/\/www.jeannedarc-figeac.fr\/college-lycee\/concours-deloquence-une-edition-2026-reussie\/\",\"url\":\"http:\/\/www.jeannedarc-figeac.fr\/college-lycee\/concours-deloquence-une-edition-2026-reussie\/\",\"name\":\"Concours d'\u00e9loquence : une \u00e9dition 2026 r\u00e9ussie\",\"isPartOf\":{\"@id\":\"https:\/\/www.jeannedarc-figeac.fr\/college-lycee\/#website\"},\"primaryImageOfPage\":{\"@id\":\"http:\/\/www.jeannedarc-figeac.fr\/college-lycee\/concours-deloquence-une-edition-2026-reussie\/#primaryimage\"},\"image\":{\"@id\":\"http:\/\/www.jeannedarc-figeac.fr\/college-lycee\/concours-deloquence-une-edition-2026-reussie\/#primaryimage\"},\"thumbnailUrl\":\"https:\/\/www.jeannedarc-figeac.fr\/college-lycee\/wp-content\/uploads\/sites\/5\/2026\/04\/20260409_080356-300x139.jpg\",\"datePublished\":\"2026-04-23T07:58:35+00:00\",\"dateModified\":\"2026-04-23T08:00:23+00:00\",\"author\":{\"@id\":\"https:\/\/www.jeannedarc-figeac.fr\/college-lycee\/#\/schema\/person\/29e5764f28e895dc8bf41d4468f99154\"},\"description\":\"Jeudi 09 avril s\u2019est tenu le traditionnel Concours d\u2019\u00e9loquence organis\u00e9 par le Lions Club de Figeac, \u00e0 l\u2019auditorium de l\u2019\u00e9cole de musique de Figeac,\",\"breadcrumb\":{\"@id\":\"http:\/\/www.jeannedarc-figeac.fr\/college-lycee\/concours-deloquence-une-edition-2026-reussie\/#breadcrumb\"},\"inLanguage\":\"fr-FR\",\"potentialAction\":[{\"@type\":\"ReadAction\",\"target\":[\"http:\/\/www.jeannedarc-figeac.fr\/college-lycee\/concours-deloquence-une-edition-2026-reussie\/\"]}]},{\"@type\":\"ImageObject\",\"inLanguage\":\"fr-FR\",\"@id\":\"http:\/\/www.jeannedarc-figeac.fr\/college-lycee\/concours-deloquence-une-edition-2026-reussie\/#primaryimage\",\"url\":\"https:\/\/www.jeannedarc-figeac.fr\/college-lycee\/wp-content\/uploads\/sites\/5\/2026\/04\/20260409_080356-300x139.jpg\",\"contentUrl\":\"https:\/\/www.jeannedarc-figeac.fr\/college-lycee\/wp-content\/uploads\/sites\/5\/2026\/04\/20260409_080356-300x139.jpg\"},{\"@type\":\"BreadcrumbList\",\"@id\":\"http:\/\/www.jeannedarc-figeac.fr\/college-lycee\/concours-deloquence-une-edition-2026-reussie\/#breadcrumb\",\"itemListElement\":[{\"@type\":\"ListItem\",\"position\":1,\"name\":\"Accueil\",\"item\":\"https:\/\/www.jeannedarc-figeac.fr\/college-lycee\/\"},{\"@type\":\"ListItem\",\"position\":2,\"name\":\"Actus\",\"item\":\"http:\/\/www.jeannedarc-figeac.fr\/college-lycee\/cat\/actus\/\"},{\"@type\":\"ListItem\",\"position\":3,\"name\":\"Concours d&rsquo;\u00e9loquence : une \u00e9dition 2026 r\u00e9ussie\"}]},{\"@type\":\"WebSite\",\"@id\":\"https:\/\/www.jeannedarc-figeac.fr\/college-lycee\/#website\",\"url\":\"https:\/\/www.jeannedarc-figeac.fr\/college-lycee\/\",\"name\":\"Coll\u00e8ge et Lyc\u00e9e Jeanne d&#039;Arc\",\"description\":\"Jeanne d&#039;Arc Figeac\",\"potentialAction\":[{\"@type\":\"SearchAction\",\"target\":{\"@type\":\"EntryPoint\",\"urlTemplate\":\"https:\/\/www.jeannedarc-figeac.fr\/college-lycee\/?s={search_term_string}\"},\"query-input\":{\"@type\":\"PropertyValueSpecification\",\"valueRequired\":true,\"valueName\":\"search_term_string\"}}],\"inLanguage\":\"fr-FR\"},{\"@type\":\"Person\",\"@id\":\"https:\/\/www.jeannedarc-figeac.fr\/college-lycee\/#\/schema\/person\/29e5764f28e895dc8bf41d4468f99154\",\"name\":\"le secr\u00e9tariat\",\"image\":{\"@type\":\"ImageObject\",\"inLanguage\":\"fr-FR\",\"@id\":\"https:\/\/www.jeannedarc-figeac.fr\/college-lycee\/#\/schema\/person\/image\/\",\"url\":\"https:\/\/www.jeannedarc-figeac.fr\/college-lycee\/wp-content\/litespeed\/avatar\/5\/b7e8da60f53ba4adc9e9e66d91d84580.jpg?ver=1776943645\",\"contentUrl\":\"https:\/\/www.jeannedarc-figeac.fr\/college-lycee\/wp-content\/litespeed\/avatar\/5\/b7e8da60f53ba4adc9e9e66d91d84580.jpg?ver=1776943645\",\"caption\":\"le secr\u00e9tariat\"},\"url\":\"https:\/\/www.jeannedarc-figeac.fr\/college-lycee\/author\/arlette\/\"}]}<\/script>\n<!-- \/ Yoast SEO plugin. -->","yoast_head_json":{"title":"Concours d'\u00e9loquence : une \u00e9dition 2026 r\u00e9ussie","description":"Jeudi 09 avril s\u2019est tenu le traditionnel Concours d\u2019\u00e9loquence organis\u00e9 par le Lions Club de Figeac, \u00e0 l\u2019auditorium de l\u2019\u00e9cole de musique de Figeac,","robots":{"index":"index","follow":"follow","max-snippet":"max-snippet:-1","max-image-preview":"max-image-preview:large","max-video-preview":"max-video-preview:-1"},"canonical":"http:\/\/www.jeannedarc-figeac.fr\/college-lycee\/concours-deloquence-une-edition-2026-reussie\/","og_locale":"fr_FR","og_type":"article","og_title":"Concours d'\u00e9loquence : une \u00e9dition 2026 r\u00e9ussie","og_description":"Jeudi 09 avril s\u2019est tenu le traditionnel Concours d\u2019\u00e9loquence organis\u00e9 par le Lions Club de Figeac, \u00e0 l\u2019auditorium de l\u2019\u00e9cole de musique de Figeac,","og_url":"http:\/\/www.jeannedarc-figeac.fr\/college-lycee\/concours-deloquence-une-edition-2026-reussie\/","og_site_name":"Coll\u00e8ge et Lyc\u00e9e Jeanne d&#039;Arc","article_published_time":"2026-04-23T07:58:35+00:00","article_modified_time":"2026-04-23T08:00:23+00:00","og_image":[{"url":"https:\/\/www.jeannedarc-figeac.fr\/college-lycee\/wp-content\/uploads\/sites\/5\/2026\/04\/20260409_080356-300x139.jpg","type":"","width":"","height":""}],"author":"le secr\u00e9tariat","schema":{"@context":"https:\/\/schema.org","@graph":[{"@type":"WebPage","@id":"http:\/\/www.jeannedarc-figeac.fr\/college-lycee\/concours-deloquence-une-edition-2026-reussie\/","url":"http:\/\/www.jeannedarc-figeac.fr\/college-lycee\/concours-deloquence-une-edition-2026-reussie\/","name":"Concours d'\u00e9loquence : une \u00e9dition 2026 r\u00e9ussie","isPartOf":{"@id":"https:\/\/www.jeannedarc-figeac.fr\/college-lycee\/#website"},"primaryImageOfPage":{"@id":"http:\/\/www.jeannedarc-figeac.fr\/college-lycee\/concours-deloquence-une-edition-2026-reussie\/#primaryimage"},"image":{"@id":"http:\/\/www.jeannedarc-figeac.fr\/college-lycee\/concours-deloquence-une-edition-2026-reussie\/#primaryimage"},"thumbnailUrl":"https:\/\/www.jeannedarc-figeac.fr\/college-lycee\/wp-content\/uploads\/sites\/5\/2026\/04\/20260409_080356-300x139.jpg","datePublished":"2026-04-23T07:58:35+00:00","dateModified":"2026-04-23T08:00:23+00:00","author":{"@id":"https:\/\/www.jeannedarc-figeac.fr\/college-lycee\/#\/schema\/person\/29e5764f28e895dc8bf41d4468f99154"},"description":"Jeudi 09 avril s\u2019est tenu le traditionnel Concours d\u2019\u00e9loquence organis\u00e9 par le Lions Club de Figeac, \u00e0 l\u2019auditorium de l\u2019\u00e9cole de musique de Figeac,","breadcrumb":{"@id":"http:\/\/www.jeannedarc-figeac.fr\/college-lycee\/concours-deloquence-une-edition-2026-reussie\/#breadcrumb"},"inLanguage":"fr-FR","potentialAction":[{"@type":"ReadAction","target":["http:\/\/www.jeannedarc-figeac.fr\/college-lycee\/concours-deloquence-une-edition-2026-reussie\/"]}]},{"@type":"ImageObject","inLanguage":"fr-FR","@id":"http:\/\/www.jeannedarc-figeac.fr\/college-lycee\/concours-deloquence-une-edition-2026-reussie\/#primaryimage","url":"https:\/\/www.jeannedarc-figeac.fr\/college-lycee\/wp-content\/uploads\/sites\/5\/2026\/04\/20260409_080356-300x139.jpg","contentUrl":"https:\/\/www.jeannedarc-figeac.fr\/college-lycee\/wp-content\/uploads\/sites\/5\/2026\/04\/20260409_080356-300x139.jpg"},{"@type":"BreadcrumbList","@id":"http:\/\/www.jeannedarc-figeac.fr\/college-lycee\/concours-deloquence-une-edition-2026-reussie\/#breadcrumb","itemListElement":[{"@type":"ListItem","position":1,"name":"Accueil","item":"https:\/\/www.jeannedarc-figeac.fr\/college-lycee\/"},{"@type":"ListItem","position":2,"name":"Actus","item":"http:\/\/www.jeannedarc-figeac.fr\/college-lycee\/cat\/actus\/"},{"@type":"ListItem","position":3,"name":"Concours d&rsquo;\u00e9loquence : une \u00e9dition 2026 r\u00e9ussie"}]},{"@type":"WebSite","@id":"https:\/\/www.jeannedarc-figeac.fr\/college-lycee\/#website","url":"https:\/\/www.jeannedarc-figeac.fr\/college-lycee\/","name":"Coll\u00e8ge et Lyc\u00e9e Jeanne d&#039;Arc","description":"Jeanne d&#039;Arc Figeac","potentialAction":[{"@type":"SearchAction","target":{"@type":"EntryPoint","urlTemplate":"https:\/\/www.jeannedarc-figeac.fr\/college-lycee\/?s={search_term_string}"},"query-input":{"@type":"PropertyValueSpecification","valueRequired":true,"valueName":"search_term_string"}}],"inLanguage":"fr-FR"},{"@type":"Person","@id":"https:\/\/www.jeannedarc-figeac.fr\/college-lycee\/#\/schema\/person\/29e5764f28e895dc8bf41d4468f99154","name":"le secr\u00e9tariat","image":{"@type":"ImageObject","inLanguage":"fr-FR","@id":"https:\/\/www.jeannedarc-figeac.fr\/college-lycee\/#\/schema\/person\/image\/","url":"https:\/\/www.jeannedarc-figeac.fr\/college-lycee\/wp-content\/litespeed\/avatar\/5\/b7e8da60f53ba4adc9e9e66d91d84580.jpg?ver=1776943645","contentUrl":"https:\/\/www.jeannedarc-figeac.fr\/college-lycee\/wp-content\/litespeed\/avatar\/5\/b7e8da60f53ba4adc9e9e66d91d84580.jpg?ver=1776943645","caption":"le secr\u00e9tariat"},"url":"https:\/\/www.jeannedarc-figeac.fr\/college-lycee\/author\/arlette\/"}]}},"jetpack_featured_media_url":"","jetpack_sharing_enabled":true,"jetpack_shortlink":"https:\/\/wp.me\/p5Qyb6-1Dj","_links":{"self":[{"href":"https:\/\/www.jeannedarc-figeac.fr\/college-lycee\/wp-json\/wp\/v2\/posts\/6281","targetHints":{"allow":["GET"]}}],"collection":[{"href":"https:\/\/www.jeannedarc-figeac.fr\/college-lycee\/wp-json\/wp\/v2\/posts"}],"about":[{"href":"https:\/\/www.jeannedarc-figeac.fr\/college-lycee\/wp-json\/wp\/v2\/types\/post"}],"author":[{"embeddable":true,"href":"https:\/\/www.jeannedarc-figeac.fr\/college-lycee\/wp-json\/wp\/v2\/users\/12"}],"replies":[{"embeddable":true,"href":"https:\/\/www.jeannedarc-figeac.fr\/college-lycee\/wp-json\/wp\/v2\/comments?post=6281"}],"version-history":[{"count":1,"href":"https:\/\/www.jeannedarc-figeac.fr\/college-lycee\/wp-json\/wp\/v2\/posts\/6281\/revisions"}],"predecessor-version":[{"id":6283,"href":"https:\/\/www.jeannedarc-figeac.fr\/college-lycee\/wp-json\/wp\/v2\/posts\/6281\/revisions\/6283"}],"wp:attachment":[{"href":"https:\/\/www.jeannedarc-figeac.fr\/college-lycee\/wp-json\/wp\/v2\/media?parent=6281"}],"wp:term":[{"taxonomy":"category","embeddable":true,"href":"https:\/\/www.jeannedarc-figeac.fr\/college-lycee\/wp-json\/wp\/v2\/categories?post=6281"},{"taxonomy":"post_tag","embeddable":true,"href":"https:\/\/www.jeannedarc-figeac.fr\/college-lycee\/wp-json\/wp\/v2\/tags?post=6281"}],"curies":[{"name":"wp","href":"https:\/\/api.w.org\/{rel}","templated":true}]}}