{"id":6278,"date":"2026-04-23T07:53:15","date_gmt":"2026-04-23T07:53:15","guid":{"rendered":"https:\/\/www.jeannedarc-figeac.fr\/college-lycee\/?p=6278"},"modified":"2026-04-23T08:05:54","modified_gmt":"2026-04-23T08:05:54","slug":"la-guerre-dindependance-de-lalgerie-nest-plus-une-guerre-oubliee","status":"publish","type":"post","link":"https:\/\/www.jeannedarc-figeac.fr\/college-lycee\/la-guerre-dindependance-de-lalgerie-nest-plus-une-guerre-oubliee\/","title":{"rendered":"La Guerre d&rsquo;ind\u00e9pendance de l&rsquo;Alg\u00e9rie n&rsquo;est plus une \u00ab\u00a0guerre oubli\u00e9e\u00a0\u00bb."},"content":{"rendered":"\n<figure class=\"wp-block-image size-medium\"><a href=\"https:\/\/i0.wp.com\/www.jeannedarc-figeac.fr\/college-lycee\/wp-content\/uploads\/sites\/5\/2026\/04\/IMG_5848-scaled.jpeg?ssl=1\"><img data-recalc-dims=\"1\" loading=\"lazy\" decoding=\"async\" width=\"300\" height=\"225\" src=\"https:\/\/i0.wp.com\/www.jeannedarc-figeac.fr\/college-lycee\/wp-content\/uploads\/sites\/5\/2026\/04\/IMG_5848-300x225.jpeg?resize=300%2C225&#038;ssl=1\" alt=\"\" class=\"wp-image-6279\" \/><\/a><\/figure>\n\n\n\n<p>En parall\u00e8le du cours d&rsquo;histoire qui approche le conflit complexe de d\u00e9colonisation de l&rsquo;Alg\u00e9rie dans le contexte de Guerre Froide, les \u00e9l\u00e8ves de Terminale HGGSP (Histoire-g\u00e9ographie, g\u00e9opolitique et sciences politiques) en ont abord\u00e9 l&rsquo;enjeu m\u00e9moriel et politique gr\u00e2ce \u00e0 une rencontre riche avec 2 Anciens Combattants, membres de la FNACA, Michel Larguille et Roger Raffy. Pendant deux heures, les anciens soldats, aujourd&rsquo;hui retrait\u00e9s actifs dans le Figeacois, ont expliqu\u00e9 leur parcours en Alg\u00e9rie entre 1957 et 1962, l&rsquo;un appel\u00e9, l&rsquo;autre engag\u00e9 volontaire, l&rsquo;un pr\u00e8s de Tlemcen et l&rsquo;autre dans l&rsquo;Alg\u00e9rois : leurs \u00e9changes, leurs apprentissages et leurs traumatismes, sans langue de bois, et avec des photographies personnelles donnant corps \u00e0 leur v\u00e9cu. Puis les questions se sont orient\u00e9es sur le traitement historiographique de ce conflit, \u00ab\u00a0op\u00e9ration de pacification\u00a0\u00bb, \u00ab\u00a0maintien de l&rsquo;ordre\u00a0\u00bb, avant d&rsquo;\u00eatre reconnu \u00ab\u00a0guerre\u00a0\u00bb par un vote de l&rsquo;Assembl\u00e9e Nationale en 1999. Ils expliquent aux lyc\u00e9ens, le d\u00e9calage entre leur v\u00e9cu et ce qu&rsquo;on en disait dans la presse, ou \u00e0 l&rsquo;\u00e9cole, apr\u00e8s leur retour et encore aujourd&rsquo;hui, le sentiment d&rsquo;incompr\u00e9hension, de ne pas prendre \u00e0 leur juste valeur l&rsquo;engagement de toute une g\u00e9n\u00e9ration marqu\u00e9e \u00e0 vie. L&rsquo;enjeu politique devient palpable : on \u00e9voque les relations diplomatiques perturb\u00e9es entre Alg\u00e9rie et France, et le sentiment d&rsquo;inachev\u00e9, le go\u00fbt amer d&rsquo;une rencontre manqu\u00e9e. Une le\u00e7on concr\u00e8te de g\u00e9opolitique \u00e0 multiples \u00e9chelles.La Guerre d&rsquo;ind\u00e9pendance de l&rsquo;Alg\u00e9rie n&rsquo;est plus une \u00ab\u00a0guerre oubli\u00e9e\u00a0\u00bb.<\/p>\n","protected":false},"excerpt":{"rendered":"<p>En parall\u00e8le du cours d&rsquo;histoire qui approche le conflit complexe de d\u00e9colonisation de l&rsquo;Alg\u00e9rie dans le contexte de Guerre Froide, les \u00e9l\u00e8ves de Terminale HGGSP (Histoire-g\u00e9ographie, g\u00e9opolitique et sciences politiques) en ont abord\u00e9 l&rsquo;enjeu m\u00e9moriel et politique gr\u00e2ce \u00e0 une rencontre riche avec 2 Anciens Combattants, membres de la FNACA, Michel Larguille et Roger Raffy. [&hellip;]<\/p>\n","protected":false},"author":12,"featured_media":0,"comment_status":"closed","ping_status":"open","sticky":false,"template":"","format":"standard","meta":{"_et_pb_use_builder":"off","_et_pb_old_content":"","_et_gb_content_width":"","_jetpack_newsletter_access":"","_jetpack_dont_email_post_to_subs":false,"_jetpack_newsletter_tier_id":0,"_jetpack_memberships_contains_paywalled_content":false,"iawp_total_views":0,"_jetpack_memberships_contains_paid_content":false,"footnotes":""},"categories":[28],"tags":[],"class_list":["post-6278","post","type-post","status-publish","format-standard","hentry","category-actus"],"yoast_head":"<!-- This site is optimized with the Yoast SEO plugin v26.0 - https:\/\/yoast.com\/wordpress\/plugins\/seo\/ -->\n<title>La Guerre d&#039;ind\u00e9pendance de l&#039;Alg\u00e9rie n&#039;est plus une &quot;guerre oubli\u00e9e&quot;.<\/title>\n<meta name=\"description\" content=\"En parall\u00e8le du cours d&#039;histoire qui approche le conflit complexe de d\u00e9colonisation de l&#039;Alg\u00e9rie dans le contexte de Guerre Froide, les \u00e9l\u00e8ves de\" \/>\n<meta name=\"robots\" content=\"index, follow, max-snippet:-1, max-image-preview:large, max-video-preview:-1\" \/>\n<link rel=\"canonical\" href=\"http:\/\/www.jeannedarc-figeac.fr\/college-lycee\/la-guerre-dindependance-de-lalgerie-nest-plus-une-guerre-oubliee\/\" \/>\n<meta property=\"og:locale\" content=\"fr_FR\" \/>\n<meta property=\"og:type\" content=\"article\" \/>\n<meta property=\"og:title\" content=\"La Guerre d&#039;ind\u00e9pendance de l&#039;Alg\u00e9rie n&#039;est plus une &quot;guerre oubli\u00e9e&quot;.\" \/>\n<meta property=\"og:description\" content=\"En parall\u00e8le du cours d&#039;histoire qui approche le conflit complexe de d\u00e9colonisation de l&#039;Alg\u00e9rie dans le contexte de Guerre Froide, les \u00e9l\u00e8ves de\" \/>\n<meta property=\"og:url\" content=\"http:\/\/www.jeannedarc-figeac.fr\/college-lycee\/la-guerre-dindependance-de-lalgerie-nest-plus-une-guerre-oubliee\/\" \/>\n<meta property=\"og:site_name\" content=\"Coll\u00e8ge et Lyc\u00e9e Jeanne d&#039;Arc\" \/>\n<meta property=\"article:published_time\" content=\"2026-04-23T07:53:15+00:00\" \/>\n<meta property=\"article:modified_time\" content=\"2026-04-23T08:05:54+00:00\" \/>\n<meta property=\"og:image\" content=\"https:\/\/www.jeannedarc-figeac.fr\/college-lycee\/wp-content\/uploads\/sites\/5\/2026\/04\/IMG_5848-300x225.jpeg\" \/>\n<meta name=\"author\" content=\"le secr\u00e9tariat\" \/>\n<script type=\"application\/ld+json\" class=\"yoast-schema-graph\">{\"@context\":\"https:\/\/schema.org\",\"@graph\":[{\"@type\":\"WebPage\",\"@id\":\"http:\/\/www.jeannedarc-figeac.fr\/college-lycee\/la-guerre-dindependance-de-lalgerie-nest-plus-une-guerre-oubliee\/\",\"url\":\"http:\/\/www.jeannedarc-figeac.fr\/college-lycee\/la-guerre-dindependance-de-lalgerie-nest-plus-une-guerre-oubliee\/\",\"name\":\"La Guerre d'ind\u00e9pendance de l'Alg\u00e9rie n'est plus une \\\"guerre oubli\u00e9e\\\".\",\"isPartOf\":{\"@id\":\"https:\/\/www.jeannedarc-figeac.fr\/college-lycee\/#website\"},\"primaryImageOfPage\":{\"@id\":\"http:\/\/www.jeannedarc-figeac.fr\/college-lycee\/la-guerre-dindependance-de-lalgerie-nest-plus-une-guerre-oubliee\/#primaryimage\"},\"image\":{\"@id\":\"http:\/\/www.jeannedarc-figeac.fr\/college-lycee\/la-guerre-dindependance-de-lalgerie-nest-plus-une-guerre-oubliee\/#primaryimage\"},\"thumbnailUrl\":\"https:\/\/www.jeannedarc-figeac.fr\/college-lycee\/wp-content\/uploads\/sites\/5\/2026\/04\/IMG_5848-300x225.jpeg\",\"datePublished\":\"2026-04-23T07:53:15+00:00\",\"dateModified\":\"2026-04-23T08:05:54+00:00\",\"author\":{\"@id\":\"https:\/\/www.jeannedarc-figeac.fr\/college-lycee\/#\/schema\/person\/29e5764f28e895dc8bf41d4468f99154\"},\"description\":\"En parall\u00e8le du cours d'histoire qui approche le conflit complexe de d\u00e9colonisation de l'Alg\u00e9rie dans le contexte de Guerre Froide, les \u00e9l\u00e8ves de\",\"breadcrumb\":{\"@id\":\"http:\/\/www.jeannedarc-figeac.fr\/college-lycee\/la-guerre-dindependance-de-lalgerie-nest-plus-une-guerre-oubliee\/#breadcrumb\"},\"inLanguage\":\"fr-FR\",\"potentialAction\":[{\"@type\":\"ReadAction\",\"target\":[\"http:\/\/www.jeannedarc-figeac.fr\/college-lycee\/la-guerre-dindependance-de-lalgerie-nest-plus-une-guerre-oubliee\/\"]}]},{\"@type\":\"ImageObject\",\"inLanguage\":\"fr-FR\",\"@id\":\"http:\/\/www.jeannedarc-figeac.fr\/college-lycee\/la-guerre-dindependance-de-lalgerie-nest-plus-une-guerre-oubliee\/#primaryimage\",\"url\":\"https:\/\/www.jeannedarc-figeac.fr\/college-lycee\/wp-content\/uploads\/sites\/5\/2026\/04\/IMG_5848-300x225.jpeg\",\"contentUrl\":\"https:\/\/www.jeannedarc-figeac.fr\/college-lycee\/wp-content\/uploads\/sites\/5\/2026\/04\/IMG_5848-300x225.jpeg\"},{\"@type\":\"BreadcrumbList\",\"@id\":\"http:\/\/www.jeannedarc-figeac.fr\/college-lycee\/la-guerre-dindependance-de-lalgerie-nest-plus-une-guerre-oubliee\/#breadcrumb\",\"itemListElement\":[{\"@type\":\"ListItem\",\"position\":1,\"name\":\"Accueil\",\"item\":\"https:\/\/www.jeannedarc-figeac.fr\/college-lycee\/\"},{\"@type\":\"ListItem\",\"position\":2,\"name\":\"Actus\",\"item\":\"http:\/\/www.jeannedarc-figeac.fr\/college-lycee\/cat\/actus\/\"},{\"@type\":\"ListItem\",\"position\":3,\"name\":\"La Guerre d&rsquo;ind\u00e9pendance de l&rsquo;Alg\u00e9rie n&rsquo;est plus une \u00ab\u00a0guerre oubli\u00e9e\u00a0\u00bb.\"}]},{\"@type\":\"WebSite\",\"@id\":\"https:\/\/www.jeannedarc-figeac.fr\/college-lycee\/#website\",\"url\":\"https:\/\/www.jeannedarc-figeac.fr\/college-lycee\/\",\"name\":\"Coll\u00e8ge et Lyc\u00e9e Jeanne d&#039;Arc\",\"description\":\"Jeanne d&#039;Arc Figeac\",\"potentialAction\":[{\"@type\":\"SearchAction\",\"target\":{\"@type\":\"EntryPoint\",\"urlTemplate\":\"https:\/\/www.jeannedarc-figeac.fr\/college-lycee\/?s={search_term_string}\"},\"query-input\":{\"@type\":\"PropertyValueSpecification\",\"valueRequired\":true,\"valueName\":\"search_term_string\"}}],\"inLanguage\":\"fr-FR\"},{\"@type\":\"Person\",\"@id\":\"https:\/\/www.jeannedarc-figeac.fr\/college-lycee\/#\/schema\/person\/29e5764f28e895dc8bf41d4468f99154\",\"name\":\"le secr\u00e9tariat\",\"image\":{\"@type\":\"ImageObject\",\"inLanguage\":\"fr-FR\",\"@id\":\"https:\/\/www.jeannedarc-figeac.fr\/college-lycee\/#\/schema\/person\/image\/\",\"url\":\"https:\/\/www.jeannedarc-figeac.fr\/college-lycee\/wp-content\/litespeed\/avatar\/5\/b7e8da60f53ba4adc9e9e66d91d84580.jpg?ver=1777548714\",\"contentUrl\":\"https:\/\/www.jeannedarc-figeac.fr\/college-lycee\/wp-content\/litespeed\/avatar\/5\/b7e8da60f53ba4adc9e9e66d91d84580.jpg?ver=1777548714\",\"caption\":\"le secr\u00e9tariat\"},\"url\":\"https:\/\/www.jeannedarc-figeac.fr\/college-lycee\/author\/arlette\/\"}]}<\/script>\n<!-- \/ Yoast SEO plugin. -->","yoast_head_json":{"title":"La Guerre d'ind\u00e9pendance de l'Alg\u00e9rie n'est plus une \"guerre oubli\u00e9e\".","description":"En parall\u00e8le du cours d'histoire qui approche le conflit complexe de d\u00e9colonisation de l'Alg\u00e9rie dans le contexte de Guerre Froide, les \u00e9l\u00e8ves de","robots":{"index":"index","follow":"follow","max-snippet":"max-snippet:-1","max-image-preview":"max-image-preview:large","max-video-preview":"max-video-preview:-1"},"canonical":"http:\/\/www.jeannedarc-figeac.fr\/college-lycee\/la-guerre-dindependance-de-lalgerie-nest-plus-une-guerre-oubliee\/","og_locale":"fr_FR","og_type":"article","og_title":"La Guerre d'ind\u00e9pendance de l'Alg\u00e9rie n'est plus une \"guerre oubli\u00e9e\".","og_description":"En parall\u00e8le du cours d'histoire qui approche le conflit complexe de d\u00e9colonisation de l'Alg\u00e9rie dans le contexte de Guerre Froide, les \u00e9l\u00e8ves de","og_url":"http:\/\/www.jeannedarc-figeac.fr\/college-lycee\/la-guerre-dindependance-de-lalgerie-nest-plus-une-guerre-oubliee\/","og_site_name":"Coll\u00e8ge et Lyc\u00e9e Jeanne d&#039;Arc","article_published_time":"2026-04-23T07:53:15+00:00","article_modified_time":"2026-04-23T08:05:54+00:00","og_image":[{"url":"https:\/\/www.jeannedarc-figeac.fr\/college-lycee\/wp-content\/uploads\/sites\/5\/2026\/04\/IMG_5848-300x225.jpeg","type":"","width":"","height":""}],"author":"le secr\u00e9tariat","schema":{"@context":"https:\/\/schema.org","@graph":[{"@type":"WebPage","@id":"http:\/\/www.jeannedarc-figeac.fr\/college-lycee\/la-guerre-dindependance-de-lalgerie-nest-plus-une-guerre-oubliee\/","url":"http:\/\/www.jeannedarc-figeac.fr\/college-lycee\/la-guerre-dindependance-de-lalgerie-nest-plus-une-guerre-oubliee\/","name":"La Guerre d'ind\u00e9pendance de l'Alg\u00e9rie n'est plus une \"guerre oubli\u00e9e\".","isPartOf":{"@id":"https:\/\/www.jeannedarc-figeac.fr\/college-lycee\/#website"},"primaryImageOfPage":{"@id":"http:\/\/www.jeannedarc-figeac.fr\/college-lycee\/la-guerre-dindependance-de-lalgerie-nest-plus-une-guerre-oubliee\/#primaryimage"},"image":{"@id":"http:\/\/www.jeannedarc-figeac.fr\/college-lycee\/la-guerre-dindependance-de-lalgerie-nest-plus-une-guerre-oubliee\/#primaryimage"},"thumbnailUrl":"https:\/\/www.jeannedarc-figeac.fr\/college-lycee\/wp-content\/uploads\/sites\/5\/2026\/04\/IMG_5848-300x225.jpeg","datePublished":"2026-04-23T07:53:15+00:00","dateModified":"2026-04-23T08:05:54+00:00","author":{"@id":"https:\/\/www.jeannedarc-figeac.fr\/college-lycee\/#\/schema\/person\/29e5764f28e895dc8bf41d4468f99154"},"description":"En parall\u00e8le du cours d'histoire qui approche le conflit complexe de d\u00e9colonisation de l'Alg\u00e9rie dans le contexte de Guerre Froide, les \u00e9l\u00e8ves de","breadcrumb":{"@id":"http:\/\/www.jeannedarc-figeac.fr\/college-lycee\/la-guerre-dindependance-de-lalgerie-nest-plus-une-guerre-oubliee\/#breadcrumb"},"inLanguage":"fr-FR","potentialAction":[{"@type":"ReadAction","target":["http:\/\/www.jeannedarc-figeac.fr\/college-lycee\/la-guerre-dindependance-de-lalgerie-nest-plus-une-guerre-oubliee\/"]}]},{"@type":"ImageObject","inLanguage":"fr-FR","@id":"http:\/\/www.jeannedarc-figeac.fr\/college-lycee\/la-guerre-dindependance-de-lalgerie-nest-plus-une-guerre-oubliee\/#primaryimage","url":"https:\/\/www.jeannedarc-figeac.fr\/college-lycee\/wp-content\/uploads\/sites\/5\/2026\/04\/IMG_5848-300x225.jpeg","contentUrl":"https:\/\/www.jeannedarc-figeac.fr\/college-lycee\/wp-content\/uploads\/sites\/5\/2026\/04\/IMG_5848-300x225.jpeg"},{"@type":"BreadcrumbList","@id":"http:\/\/www.jeannedarc-figeac.fr\/college-lycee\/la-guerre-dindependance-de-lalgerie-nest-plus-une-guerre-oubliee\/#breadcrumb","itemListElement":[{"@type":"ListItem","position":1,"name":"Accueil","item":"https:\/\/www.jeannedarc-figeac.fr\/college-lycee\/"},{"@type":"ListItem","position":2,"name":"Actus","item":"http:\/\/www.jeannedarc-figeac.fr\/college-lycee\/cat\/actus\/"},{"@type":"ListItem","position":3,"name":"La Guerre d&rsquo;ind\u00e9pendance de l&rsquo;Alg\u00e9rie n&rsquo;est plus une \u00ab\u00a0guerre oubli\u00e9e\u00a0\u00bb."}]},{"@type":"WebSite","@id":"https:\/\/www.jeannedarc-figeac.fr\/college-lycee\/#website","url":"https:\/\/www.jeannedarc-figeac.fr\/college-lycee\/","name":"Coll\u00e8ge et Lyc\u00e9e Jeanne d&#039;Arc","description":"Jeanne d&#039;Arc Figeac","potentialAction":[{"@type":"SearchAction","target":{"@type":"EntryPoint","urlTemplate":"https:\/\/www.jeannedarc-figeac.fr\/college-lycee\/?s={search_term_string}"},"query-input":{"@type":"PropertyValueSpecification","valueRequired":true,"valueName":"search_term_string"}}],"inLanguage":"fr-FR"},{"@type":"Person","@id":"https:\/\/www.jeannedarc-figeac.fr\/college-lycee\/#\/schema\/person\/29e5764f28e895dc8bf41d4468f99154","name":"le secr\u00e9tariat","image":{"@type":"ImageObject","inLanguage":"fr-FR","@id":"https:\/\/www.jeannedarc-figeac.fr\/college-lycee\/#\/schema\/person\/image\/","url":"https:\/\/www.jeannedarc-figeac.fr\/college-lycee\/wp-content\/litespeed\/avatar\/5\/b7e8da60f53ba4adc9e9e66d91d84580.jpg?ver=1777548714","contentUrl":"https:\/\/www.jeannedarc-figeac.fr\/college-lycee\/wp-content\/litespeed\/avatar\/5\/b7e8da60f53ba4adc9e9e66d91d84580.jpg?ver=1777548714","caption":"le secr\u00e9tariat"},"url":"https:\/\/www.jeannedarc-figeac.fr\/college-lycee\/author\/arlette\/"}]}},"jetpack_featured_media_url":"","jetpack_sharing_enabled":true,"jetpack_shortlink":"https:\/\/wp.me\/p5Qyb6-1Dg","_links":{"self":[{"href":"https:\/\/www.jeannedarc-figeac.fr\/college-lycee\/wp-json\/wp\/v2\/posts\/6278","targetHints":{"allow":["GET"]}}],"collection":[{"href":"https:\/\/www.jeannedarc-figeac.fr\/college-lycee\/wp-json\/wp\/v2\/posts"}],"about":[{"href":"https:\/\/www.jeannedarc-figeac.fr\/college-lycee\/wp-json\/wp\/v2\/types\/post"}],"author":[{"embeddable":true,"href":"https:\/\/www.jeannedarc-figeac.fr\/college-lycee\/wp-json\/wp\/v2\/users\/12"}],"replies":[{"embeddable":true,"href":"https:\/\/www.jeannedarc-figeac.fr\/college-lycee\/wp-json\/wp\/v2\/comments?post=6278"}],"version-history":[{"count":2,"href":"https:\/\/www.jeannedarc-figeac.fr\/college-lycee\/wp-json\/wp\/v2\/posts\/6278\/revisions"}],"predecessor-version":[{"id":6284,"href":"https:\/\/www.jeannedarc-figeac.fr\/college-lycee\/wp-json\/wp\/v2\/posts\/6278\/revisions\/6284"}],"wp:attachment":[{"href":"https:\/\/www.jeannedarc-figeac.fr\/college-lycee\/wp-json\/wp\/v2\/media?parent=6278"}],"wp:term":[{"taxonomy":"category","embeddable":true,"href":"https:\/\/www.jeannedarc-figeac.fr\/college-lycee\/wp-json\/wp\/v2\/categories?post=6278"},{"taxonomy":"post_tag","embeddable":true,"href":"https:\/\/www.jeannedarc-figeac.fr\/college-lycee\/wp-json\/wp\/v2\/tags?post=6278"}],"curies":[{"name":"wp","href":"https:\/\/api.w.org\/{rel}","templated":true}]}}