{"id":6273,"date":"2026-04-23T07:45:55","date_gmt":"2026-04-23T07:45:55","guid":{"rendered":"https:\/\/www.jeannedarc-figeac.fr\/college-lycee\/?p=6273"},"modified":"2026-04-23T07:46:06","modified_gmt":"2026-04-23T07:46:06","slug":"un-bel-echange-franco-espagnol-pour-les-eleves-de-3e-et-2e","status":"publish","type":"post","link":"https:\/\/www.jeannedarc-figeac.fr\/college-lycee\/un-bel-echange-franco-espagnol-pour-les-eleves-de-3e-et-2e\/","title":{"rendered":"Un bel \u00e9change franco-espagnol pour les \u00e9l\u00e8ves de 3e et 2e"},"content":{"rendered":"\n<figure class=\"wp-block-image size-medium\"><a href=\"https:\/\/i0.wp.com\/www.jeannedarc-figeac.fr\/college-lycee\/wp-content\/uploads\/sites\/5\/2026\/04\/20260323_145746-scaled.jpg?ssl=1\"><img data-recalc-dims=\"1\" loading=\"lazy\" decoding=\"async\" width=\"300\" height=\"225\" src=\"https:\/\/i0.wp.com\/www.jeannedarc-figeac.fr\/college-lycee\/wp-content\/uploads\/sites\/5\/2026\/04\/20260323_145746-300x225.jpg?resize=300%2C225&#038;ssl=1\" alt=\"\" class=\"wp-image-6274\" \/><\/a><\/figure>\n\n\n\n<p>Les \u00e9l\u00e8ves de 3e et de seconde de l\u2019\u00e9tablissement Jeanne d\u2019Arc de Figeac ont r\u00e9cemment v\u00e9cu une exp\u00e9rience riche en d\u00e9couvertes dans le cadre d\u2019un \u00e9change scolaire avec leurs correspondants de Berlanga, en Estr\u00e9madure (Espagne). Arriv\u00e9s le jeudi 19 mars, les \u00e9l\u00e8ves espagnols ont \u00e9t\u00e9 chaleureusement accueillis par les familles figeacoises, qu\u2019il convient de remercier vivement pour leur implication et leur g\u00e9n\u00e9rosit\u00e9. Jusqu\u2019au jeudi 26 mars, ces jeunes ont partag\u00e9 le quotidien de leurs correspondants, entre immersion scolaire et d\u00e9couvertes culturelles. Au programme de cette semaine : la visite de Figeac, permettant aux \u00e9l\u00e8ves de mieux conna\u00eetre la ville et son patrimoine, mais aussi un week-end en famille, moment privil\u00e9gi\u00e9 pour d\u00e9couvrir les coutumes locales, les paysages de la r\u00e9gion et la gastronomie fran\u00e7aise. Les \u00e9l\u00e8ves ont \u00e9galement eu l\u2019occasion de partir \u00e0 la d\u00e9couverte de Toulouse lors d\u2019une visite guid\u00e9e avec leurs correspondants. Ils y ont explor\u00e9 les principaux monuments de la \u00ab Ville rose \u00bb. Ils ont \u00e9galement d\u00e9couvert le Lot avec la visite de Rocamadour et de Gramat au programme. Les \u00e9l\u00e8ves espagnols ont assist\u00e9 \u00e0 des cours au sein de l\u2019\u00e9tablissement, d\u00e9couvrant ainsi les diff\u00e9rences mais aussi les similitudes entre les syst\u00e8mes scolaires fran\u00e7ais et espagnol. Malgr\u00e9 une m\u00e9t\u00e9o fra\u00eeche, le soleil \u00e9tait au rendez-vous, contribuant \u00e0 la r\u00e9ussite de cet \u00e9change plac\u00e9 sous le signe de la convivialit\u00e9 et du partage. Tous les participants gardent un excellent souvenir de cette semaine. L\u2019aventure se poursuivra \u00e0 la fin du mois de mai, lorsque les \u00e9l\u00e8ves fran\u00e7ais se rendront \u00e0 leur tour \u00e0 Berlanga pour retrouver leurs correspondants et prolonger cette belle exp\u00e9rience europ\u00e9enne.<\/p>\n","protected":false},"excerpt":{"rendered":"<p>Les \u00e9l\u00e8ves de 3e et de seconde de l\u2019\u00e9tablissement Jeanne d\u2019Arc de Figeac ont r\u00e9cemment v\u00e9cu une exp\u00e9rience riche en d\u00e9couvertes dans le cadre d\u2019un \u00e9change scolaire avec leurs correspondants de Berlanga, en Estr\u00e9madure (Espagne). Arriv\u00e9s le jeudi 19 mars, les \u00e9l\u00e8ves espagnols ont \u00e9t\u00e9 chaleureusement accueillis par les familles figeacoises, qu\u2019il convient de remercier [&hellip;]<\/p>\n","protected":false},"author":12,"featured_media":0,"comment_status":"closed","ping_status":"open","sticky":false,"template":"","format":"standard","meta":{"_et_pb_use_builder":"off","_et_pb_old_content":"","_et_gb_content_width":"","_jetpack_newsletter_access":"","_jetpack_dont_email_post_to_subs":false,"_jetpack_newsletter_tier_id":0,"_jetpack_memberships_contains_paywalled_content":false,"iawp_total_views":1,"_jetpack_memberships_contains_paid_content":false,"footnotes":""},"categories":[28],"tags":[],"class_list":["post-6273","post","type-post","status-publish","format-standard","hentry","category-actus"],"yoast_head":"<!-- This site is optimized with the Yoast SEO plugin v26.0 - https:\/\/yoast.com\/wordpress\/plugins\/seo\/ -->\n<title>Un bel \u00e9change franco-espagnol pour les \u00e9l\u00e8ves de 3e et 2e<\/title>\n<meta name=\"description\" content=\"Les \u00e9l\u00e8ves de 3e et de seconde de l\u2019\u00e9tablissement Jeanne d\u2019Arc de Figeac ont r\u00e9cemment v\u00e9cu une exp\u00e9rience riche en d\u00e9couvertes dans le cadre d\u2019un \u00e9change\" \/>\n<meta name=\"robots\" content=\"index, follow, max-snippet:-1, max-image-preview:large, max-video-preview:-1\" \/>\n<link rel=\"canonical\" href=\"http:\/\/www.jeannedarc-figeac.fr\/college-lycee\/un-bel-echange-franco-espagnol-pour-les-eleves-de-3e-et-2e\/\" \/>\n<meta property=\"og:locale\" content=\"fr_FR\" \/>\n<meta property=\"og:type\" content=\"article\" \/>\n<meta property=\"og:title\" content=\"Un bel \u00e9change franco-espagnol pour les \u00e9l\u00e8ves de 3e et 2e\" \/>\n<meta property=\"og:description\" content=\"Les \u00e9l\u00e8ves de 3e et de seconde de l\u2019\u00e9tablissement Jeanne d\u2019Arc de Figeac ont r\u00e9cemment v\u00e9cu une exp\u00e9rience riche en d\u00e9couvertes dans le cadre d\u2019un \u00e9change\" \/>\n<meta property=\"og:url\" content=\"http:\/\/www.jeannedarc-figeac.fr\/college-lycee\/un-bel-echange-franco-espagnol-pour-les-eleves-de-3e-et-2e\/\" \/>\n<meta property=\"og:site_name\" content=\"Coll\u00e8ge et Lyc\u00e9e Jeanne d&#039;Arc\" \/>\n<meta property=\"article:published_time\" content=\"2026-04-23T07:45:55+00:00\" \/>\n<meta property=\"article:modified_time\" content=\"2026-04-23T07:46:06+00:00\" \/>\n<meta property=\"og:image\" content=\"https:\/\/www.jeannedarc-figeac.fr\/college-lycee\/wp-content\/uploads\/sites\/5\/2026\/04\/20260323_145746-300x225.jpg\" \/>\n<meta name=\"author\" content=\"le secr\u00e9tariat\" \/>\n<script type=\"application\/ld+json\" class=\"yoast-schema-graph\">{\"@context\":\"https:\/\/schema.org\",\"@graph\":[{\"@type\":\"WebPage\",\"@id\":\"http:\/\/www.jeannedarc-figeac.fr\/college-lycee\/un-bel-echange-franco-espagnol-pour-les-eleves-de-3e-et-2e\/\",\"url\":\"http:\/\/www.jeannedarc-figeac.fr\/college-lycee\/un-bel-echange-franco-espagnol-pour-les-eleves-de-3e-et-2e\/\",\"name\":\"Un bel \u00e9change franco-espagnol pour les \u00e9l\u00e8ves de 3e et 2e\",\"isPartOf\":{\"@id\":\"https:\/\/www.jeannedarc-figeac.fr\/college-lycee\/#website\"},\"primaryImageOfPage\":{\"@id\":\"http:\/\/www.jeannedarc-figeac.fr\/college-lycee\/un-bel-echange-franco-espagnol-pour-les-eleves-de-3e-et-2e\/#primaryimage\"},\"image\":{\"@id\":\"http:\/\/www.jeannedarc-figeac.fr\/college-lycee\/un-bel-echange-franco-espagnol-pour-les-eleves-de-3e-et-2e\/#primaryimage\"},\"thumbnailUrl\":\"https:\/\/www.jeannedarc-figeac.fr\/college-lycee\/wp-content\/uploads\/sites\/5\/2026\/04\/20260323_145746-300x225.jpg\",\"datePublished\":\"2026-04-23T07:45:55+00:00\",\"dateModified\":\"2026-04-23T07:46:06+00:00\",\"author\":{\"@id\":\"https:\/\/www.jeannedarc-figeac.fr\/college-lycee\/#\/schema\/person\/29e5764f28e895dc8bf41d4468f99154\"},\"description\":\"Les \u00e9l\u00e8ves de 3e et de seconde de l\u2019\u00e9tablissement Jeanne d\u2019Arc de Figeac ont r\u00e9cemment v\u00e9cu une exp\u00e9rience riche en d\u00e9couvertes dans le cadre d\u2019un \u00e9change\",\"breadcrumb\":{\"@id\":\"http:\/\/www.jeannedarc-figeac.fr\/college-lycee\/un-bel-echange-franco-espagnol-pour-les-eleves-de-3e-et-2e\/#breadcrumb\"},\"inLanguage\":\"fr-FR\",\"potentialAction\":[{\"@type\":\"ReadAction\",\"target\":[\"http:\/\/www.jeannedarc-figeac.fr\/college-lycee\/un-bel-echange-franco-espagnol-pour-les-eleves-de-3e-et-2e\/\"]}]},{\"@type\":\"ImageObject\",\"inLanguage\":\"fr-FR\",\"@id\":\"http:\/\/www.jeannedarc-figeac.fr\/college-lycee\/un-bel-echange-franco-espagnol-pour-les-eleves-de-3e-et-2e\/#primaryimage\",\"url\":\"https:\/\/www.jeannedarc-figeac.fr\/college-lycee\/wp-content\/uploads\/sites\/5\/2026\/04\/20260323_145746-300x225.jpg\",\"contentUrl\":\"https:\/\/www.jeannedarc-figeac.fr\/college-lycee\/wp-content\/uploads\/sites\/5\/2026\/04\/20260323_145746-300x225.jpg\"},{\"@type\":\"BreadcrumbList\",\"@id\":\"http:\/\/www.jeannedarc-figeac.fr\/college-lycee\/un-bel-echange-franco-espagnol-pour-les-eleves-de-3e-et-2e\/#breadcrumb\",\"itemListElement\":[{\"@type\":\"ListItem\",\"position\":1,\"name\":\"Accueil\",\"item\":\"https:\/\/www.jeannedarc-figeac.fr\/college-lycee\/\"},{\"@type\":\"ListItem\",\"position\":2,\"name\":\"Actus\",\"item\":\"http:\/\/www.jeannedarc-figeac.fr\/college-lycee\/cat\/actus\/\"},{\"@type\":\"ListItem\",\"position\":3,\"name\":\"Un bel \u00e9change franco-espagnol pour les \u00e9l\u00e8ves de 3e et 2e\"}]},{\"@type\":\"WebSite\",\"@id\":\"https:\/\/www.jeannedarc-figeac.fr\/college-lycee\/#website\",\"url\":\"https:\/\/www.jeannedarc-figeac.fr\/college-lycee\/\",\"name\":\"Coll\u00e8ge et Lyc\u00e9e Jeanne d&#039;Arc\",\"description\":\"Jeanne d&#039;Arc Figeac\",\"potentialAction\":[{\"@type\":\"SearchAction\",\"target\":{\"@type\":\"EntryPoint\",\"urlTemplate\":\"https:\/\/www.jeannedarc-figeac.fr\/college-lycee\/?s={search_term_string}\"},\"query-input\":{\"@type\":\"PropertyValueSpecification\",\"valueRequired\":true,\"valueName\":\"search_term_string\"}}],\"inLanguage\":\"fr-FR\"},{\"@type\":\"Person\",\"@id\":\"https:\/\/www.jeannedarc-figeac.fr\/college-lycee\/#\/schema\/person\/29e5764f28e895dc8bf41d4468f99154\",\"name\":\"le secr\u00e9tariat\",\"image\":{\"@type\":\"ImageObject\",\"inLanguage\":\"fr-FR\",\"@id\":\"https:\/\/www.jeannedarc-figeac.fr\/college-lycee\/#\/schema\/person\/image\/\",\"url\":\"https:\/\/www.jeannedarc-figeac.fr\/college-lycee\/wp-content\/litespeed\/avatar\/5\/b7e8da60f53ba4adc9e9e66d91d84580.jpg?ver=1776943645\",\"contentUrl\":\"https:\/\/www.jeannedarc-figeac.fr\/college-lycee\/wp-content\/litespeed\/avatar\/5\/b7e8da60f53ba4adc9e9e66d91d84580.jpg?ver=1776943645\",\"caption\":\"le secr\u00e9tariat\"},\"url\":\"https:\/\/www.jeannedarc-figeac.fr\/college-lycee\/author\/arlette\/\"}]}<\/script>\n<!-- \/ Yoast SEO plugin. -->","yoast_head_json":{"title":"Un bel \u00e9change franco-espagnol pour les \u00e9l\u00e8ves de 3e et 2e","description":"Les \u00e9l\u00e8ves de 3e et de seconde de l\u2019\u00e9tablissement Jeanne d\u2019Arc de Figeac ont r\u00e9cemment v\u00e9cu une exp\u00e9rience riche en d\u00e9couvertes dans le cadre d\u2019un \u00e9change","robots":{"index":"index","follow":"follow","max-snippet":"max-snippet:-1","max-image-preview":"max-image-preview:large","max-video-preview":"max-video-preview:-1"},"canonical":"http:\/\/www.jeannedarc-figeac.fr\/college-lycee\/un-bel-echange-franco-espagnol-pour-les-eleves-de-3e-et-2e\/","og_locale":"fr_FR","og_type":"article","og_title":"Un bel \u00e9change franco-espagnol pour les \u00e9l\u00e8ves de 3e et 2e","og_description":"Les \u00e9l\u00e8ves de 3e et de seconde de l\u2019\u00e9tablissement Jeanne d\u2019Arc de Figeac ont r\u00e9cemment v\u00e9cu une exp\u00e9rience riche en d\u00e9couvertes dans le cadre d\u2019un \u00e9change","og_url":"http:\/\/www.jeannedarc-figeac.fr\/college-lycee\/un-bel-echange-franco-espagnol-pour-les-eleves-de-3e-et-2e\/","og_site_name":"Coll\u00e8ge et Lyc\u00e9e Jeanne d&#039;Arc","article_published_time":"2026-04-23T07:45:55+00:00","article_modified_time":"2026-04-23T07:46:06+00:00","og_image":[{"url":"https:\/\/www.jeannedarc-figeac.fr\/college-lycee\/wp-content\/uploads\/sites\/5\/2026\/04\/20260323_145746-300x225.jpg","type":"","width":"","height":""}],"author":"le secr\u00e9tariat","schema":{"@context":"https:\/\/schema.org","@graph":[{"@type":"WebPage","@id":"http:\/\/www.jeannedarc-figeac.fr\/college-lycee\/un-bel-echange-franco-espagnol-pour-les-eleves-de-3e-et-2e\/","url":"http:\/\/www.jeannedarc-figeac.fr\/college-lycee\/un-bel-echange-franco-espagnol-pour-les-eleves-de-3e-et-2e\/","name":"Un bel \u00e9change franco-espagnol pour les \u00e9l\u00e8ves de 3e et 2e","isPartOf":{"@id":"https:\/\/www.jeannedarc-figeac.fr\/college-lycee\/#website"},"primaryImageOfPage":{"@id":"http:\/\/www.jeannedarc-figeac.fr\/college-lycee\/un-bel-echange-franco-espagnol-pour-les-eleves-de-3e-et-2e\/#primaryimage"},"image":{"@id":"http:\/\/www.jeannedarc-figeac.fr\/college-lycee\/un-bel-echange-franco-espagnol-pour-les-eleves-de-3e-et-2e\/#primaryimage"},"thumbnailUrl":"https:\/\/www.jeannedarc-figeac.fr\/college-lycee\/wp-content\/uploads\/sites\/5\/2026\/04\/20260323_145746-300x225.jpg","datePublished":"2026-04-23T07:45:55+00:00","dateModified":"2026-04-23T07:46:06+00:00","author":{"@id":"https:\/\/www.jeannedarc-figeac.fr\/college-lycee\/#\/schema\/person\/29e5764f28e895dc8bf41d4468f99154"},"description":"Les \u00e9l\u00e8ves de 3e et de seconde de l\u2019\u00e9tablissement Jeanne d\u2019Arc de Figeac ont r\u00e9cemment v\u00e9cu une exp\u00e9rience riche en d\u00e9couvertes dans le cadre d\u2019un \u00e9change","breadcrumb":{"@id":"http:\/\/www.jeannedarc-figeac.fr\/college-lycee\/un-bel-echange-franco-espagnol-pour-les-eleves-de-3e-et-2e\/#breadcrumb"},"inLanguage":"fr-FR","potentialAction":[{"@type":"ReadAction","target":["http:\/\/www.jeannedarc-figeac.fr\/college-lycee\/un-bel-echange-franco-espagnol-pour-les-eleves-de-3e-et-2e\/"]}]},{"@type":"ImageObject","inLanguage":"fr-FR","@id":"http:\/\/www.jeannedarc-figeac.fr\/college-lycee\/un-bel-echange-franco-espagnol-pour-les-eleves-de-3e-et-2e\/#primaryimage","url":"https:\/\/www.jeannedarc-figeac.fr\/college-lycee\/wp-content\/uploads\/sites\/5\/2026\/04\/20260323_145746-300x225.jpg","contentUrl":"https:\/\/www.jeannedarc-figeac.fr\/college-lycee\/wp-content\/uploads\/sites\/5\/2026\/04\/20260323_145746-300x225.jpg"},{"@type":"BreadcrumbList","@id":"http:\/\/www.jeannedarc-figeac.fr\/college-lycee\/un-bel-echange-franco-espagnol-pour-les-eleves-de-3e-et-2e\/#breadcrumb","itemListElement":[{"@type":"ListItem","position":1,"name":"Accueil","item":"https:\/\/www.jeannedarc-figeac.fr\/college-lycee\/"},{"@type":"ListItem","position":2,"name":"Actus","item":"http:\/\/www.jeannedarc-figeac.fr\/college-lycee\/cat\/actus\/"},{"@type":"ListItem","position":3,"name":"Un bel \u00e9change franco-espagnol pour les \u00e9l\u00e8ves de 3e et 2e"}]},{"@type":"WebSite","@id":"https:\/\/www.jeannedarc-figeac.fr\/college-lycee\/#website","url":"https:\/\/www.jeannedarc-figeac.fr\/college-lycee\/","name":"Coll\u00e8ge et Lyc\u00e9e Jeanne d&#039;Arc","description":"Jeanne d&#039;Arc Figeac","potentialAction":[{"@type":"SearchAction","target":{"@type":"EntryPoint","urlTemplate":"https:\/\/www.jeannedarc-figeac.fr\/college-lycee\/?s={search_term_string}"},"query-input":{"@type":"PropertyValueSpecification","valueRequired":true,"valueName":"search_term_string"}}],"inLanguage":"fr-FR"},{"@type":"Person","@id":"https:\/\/www.jeannedarc-figeac.fr\/college-lycee\/#\/schema\/person\/29e5764f28e895dc8bf41d4468f99154","name":"le secr\u00e9tariat","image":{"@type":"ImageObject","inLanguage":"fr-FR","@id":"https:\/\/www.jeannedarc-figeac.fr\/college-lycee\/#\/schema\/person\/image\/","url":"https:\/\/www.jeannedarc-figeac.fr\/college-lycee\/wp-content\/litespeed\/avatar\/5\/b7e8da60f53ba4adc9e9e66d91d84580.jpg?ver=1776943645","contentUrl":"https:\/\/www.jeannedarc-figeac.fr\/college-lycee\/wp-content\/litespeed\/avatar\/5\/b7e8da60f53ba4adc9e9e66d91d84580.jpg?ver=1776943645","caption":"le secr\u00e9tariat"},"url":"https:\/\/www.jeannedarc-figeac.fr\/college-lycee\/author\/arlette\/"}]}},"jetpack_featured_media_url":"","jetpack_sharing_enabled":true,"jetpack_shortlink":"https:\/\/wp.me\/p5Qyb6-1Db","_links":{"self":[{"href":"https:\/\/www.jeannedarc-figeac.fr\/college-lycee\/wp-json\/wp\/v2\/posts\/6273","targetHints":{"allow":["GET"]}}],"collection":[{"href":"https:\/\/www.jeannedarc-figeac.fr\/college-lycee\/wp-json\/wp\/v2\/posts"}],"about":[{"href":"https:\/\/www.jeannedarc-figeac.fr\/college-lycee\/wp-json\/wp\/v2\/types\/post"}],"author":[{"embeddable":true,"href":"https:\/\/www.jeannedarc-figeac.fr\/college-lycee\/wp-json\/wp\/v2\/users\/12"}],"replies":[{"embeddable":true,"href":"https:\/\/www.jeannedarc-figeac.fr\/college-lycee\/wp-json\/wp\/v2\/comments?post=6273"}],"version-history":[{"count":1,"href":"https:\/\/www.jeannedarc-figeac.fr\/college-lycee\/wp-json\/wp\/v2\/posts\/6273\/revisions"}],"predecessor-version":[{"id":6275,"href":"https:\/\/www.jeannedarc-figeac.fr\/college-lycee\/wp-json\/wp\/v2\/posts\/6273\/revisions\/6275"}],"wp:attachment":[{"href":"https:\/\/www.jeannedarc-figeac.fr\/college-lycee\/wp-json\/wp\/v2\/media?parent=6273"}],"wp:term":[{"taxonomy":"category","embeddable":true,"href":"https:\/\/www.jeannedarc-figeac.fr\/college-lycee\/wp-json\/wp\/v2\/categories?post=6273"},{"taxonomy":"post_tag","embeddable":true,"href":"https:\/\/www.jeannedarc-figeac.fr\/college-lycee\/wp-json\/wp\/v2\/tags?post=6273"}],"curies":[{"name":"wp","href":"https:\/\/api.w.org\/{rel}","templated":true}]}}