{"id":6268,"date":"2026-02-26T10:43:16","date_gmt":"2026-02-26T10:43:16","guid":{"rendered":"https:\/\/www.jeannedarc-figeac.fr\/college-lycee\/?p=6268"},"modified":"2026-02-26T10:43:22","modified_gmt":"2026-02-26T10:43:22","slug":"la-classe-dhistoire-hors-les-murs","status":"publish","type":"post","link":"https:\/\/www.jeannedarc-figeac.fr\/college-lycee\/la-classe-dhistoire-hors-les-murs\/","title":{"rendered":"La classe d&rsquo;histoire hors-les-murs."},"content":{"rendered":"\n<figure class=\"wp-block-image size-medium\"><a href=\"https:\/\/i0.wp.com\/www.jeannedarc-figeac.fr\/college-lycee\/wp-content\/uploads\/sites\/5\/2026\/02\/Screenshot_20260219-113232_GLOB.jpg?ssl=1\"><img data-recalc-dims=\"1\" loading=\"lazy\" decoding=\"async\" width=\"300\" height=\"195\" src=\"https:\/\/i0.wp.com\/www.jeannedarc-figeac.fr\/college-lycee\/wp-content\/uploads\/sites\/5\/2026\/02\/Screenshot_20260219-113232_GLOB-300x195.jpg?resize=300%2C195&#038;ssl=1\" alt=\"\" class=\"wp-image-6269\" \/><\/a><\/figure>\n\n\n\n<p>64 \u00e9l\u00e8ves du niveau Premi\u00e8re, du lyc\u00e9e g\u00e9n\u00e9ral, technologique et professionnel, sont partis sur les traces de leur programme d&rsquo;histoire \u00e0 Paris, de la R\u00e9volution fran\u00e7aise aux ann\u00e9es 1920, en passant par 2 Empires et 3 R\u00e9publiques&#8230; Ainsi, pendant une semaine, un parcours riche de visites a permis de donner vie aux documents \u00e9tudi\u00e9s en classe, dans leur manuel scolaire : par exemple la D\u00e9claration des Droits de l&rsquo;Homme et du Citoyen au Mus\u00e9e Carnavalet, le Tribunal r\u00e9volutionnaire \u00e0 la Conciergerie, la <em>Libert\u00e9 guidant le Peuple <\/em>pour la R\u00e9volution de 1830 et les Salons de Napol\u00e9on III au Louvre, les caricatures de l&rsquo;Affaire Dreyfus au Mus\u00e9e de l&rsquo;Arm\u00e9e aux Invalides, le discours de Lamartine devant l&rsquo;H\u00f4tel de Ville en 1848 ou encore le geste politique de la construction du Sacr\u00e9-Coeur sur la butte Montmartre apr\u00e8s la Commune depuis 1871&#8230; Aussi, une visite guid\u00e9e du Paris haussmannien a permis de d\u00e9couvrir les grands magasins, et de prendre de la hauteur depuis les toits avec une vue extraordinaire sur la Ville-Lumi\u00e8re. L&rsquo;apprentissage des valeurs de la R\u00e9publique et de ses institutions s&rsquo;est surtout fait par la visite du Panth\u00e9on, et de l&rsquo;exposition concernant Robert Badinter et l&rsquo;Etat de droit, puis le groupe a \u00e9t\u00e9 accueilli par le d\u00e9put\u00e9 M. Proen\u00e7a \u00e0 l&rsquo;Assembl\u00e9e Nationale dans le Palais Bourbon, et par le s\u00e9nateur M. Daubet au S\u00e9nat dans le Palais du Luxembourg, assistant m\u00eame aux d\u00e9bats de la session parlementaire dans l&rsquo;h\u00e9micycle. Au coeur des institutions r\u00e9publicaines, dans les biblioth\u00e8ques et archives feutr\u00e9es, si des vocations se sont peut-\u00eatre r\u00e9v\u00e9l\u00e9es, un engagement citoyen s&rsquo;est affirm\u00e9 pour tous. La participation \u00e0 la c\u00e9r\u00e9monie du ravivage de la flamme sur la tombe du Soldat Inconnu sous l&rsquo;Arc de Triomphe, en pr\u00e9sence de Mme Ruffo, la Ministre d\u00e9l\u00e9gu\u00e9e aux Anciens Combattants, en a \u00e9t\u00e9 le point d&rsquo;orgue. Dans la bonne humeur, et avec des temps libres sur la place du Tertre, aux Champs-Elys\u00e9es ou Rue de Rivoli, ce voyage d&rsquo;\u00e9tudes hors des murs de la classe, fait de l&rsquo;histoire, une mati\u00e8re vivante, et un parcours civique dynamique. Tous sont d\u00e9j\u00e0 pr\u00eats \u00e0 repartir !<\/p>\n","protected":false},"excerpt":{"rendered":"<p>64 \u00e9l\u00e8ves du niveau Premi\u00e8re, du lyc\u00e9e g\u00e9n\u00e9ral, technologique et professionnel, sont partis sur les traces de leur programme d&rsquo;histoire \u00e0 Paris, de la R\u00e9volution fran\u00e7aise aux ann\u00e9es 1920, en passant par 2 Empires et 3 R\u00e9publiques&#8230; Ainsi, pendant une semaine, un parcours riche de visites a permis de donner vie aux documents \u00e9tudi\u00e9s en [&hellip;]<\/p>\n","protected":false},"author":12,"featured_media":0,"comment_status":"closed","ping_status":"open","sticky":false,"template":"","format":"standard","meta":{"_et_pb_use_builder":"off","_et_pb_old_content":"","_et_gb_content_width":"","_jetpack_newsletter_access":"","_jetpack_dont_email_post_to_subs":false,"_jetpack_newsletter_tier_id":0,"_jetpack_memberships_contains_paywalled_content":false,"iawp_total_views":0,"_jetpack_memberships_contains_paid_content":false,"footnotes":""},"categories":[28],"tags":[],"class_list":["post-6268","post","type-post","status-publish","format-standard","hentry","category-actus"],"yoast_head":"<!-- This site is optimized with the Yoast SEO plugin v26.0 - https:\/\/yoast.com\/wordpress\/plugins\/seo\/ -->\n<title>La classe d&#039;histoire hors-les-murs.<\/title>\n<meta name=\"description\" content=\"64 \u00e9l\u00e8ves du niveau Premi\u00e8re, du lyc\u00e9e g\u00e9n\u00e9ral, technologique et professionnel, sont partis sur les traces de leur programme d&#039;histoire \u00e0 Paris, de la\" \/>\n<meta name=\"robots\" content=\"index, follow, max-snippet:-1, max-image-preview:large, max-video-preview:-1\" \/>\n<link rel=\"canonical\" href=\"http:\/\/www.jeannedarc-figeac.fr\/college-lycee\/la-classe-dhistoire-hors-les-murs\/\" \/>\n<meta property=\"og:locale\" content=\"fr_FR\" \/>\n<meta property=\"og:type\" content=\"article\" \/>\n<meta property=\"og:title\" content=\"La classe d&#039;histoire hors-les-murs.\" \/>\n<meta property=\"og:description\" content=\"64 \u00e9l\u00e8ves du niveau Premi\u00e8re, du lyc\u00e9e g\u00e9n\u00e9ral, technologique et professionnel, sont partis sur les traces de leur programme d&#039;histoire \u00e0 Paris, de la\" \/>\n<meta property=\"og:url\" content=\"http:\/\/www.jeannedarc-figeac.fr\/college-lycee\/la-classe-dhistoire-hors-les-murs\/\" \/>\n<meta property=\"og:site_name\" content=\"Coll\u00e8ge et Lyc\u00e9e Jeanne d&#039;Arc\" \/>\n<meta property=\"article:published_time\" content=\"2026-02-26T10:43:16+00:00\" \/>\n<meta property=\"article:modified_time\" content=\"2026-02-26T10:43:22+00:00\" \/>\n<meta property=\"og:image\" content=\"https:\/\/www.jeannedarc-figeac.fr\/college-lycee\/wp-content\/uploads\/sites\/5\/2026\/02\/Screenshot_20260219-113232_GLOB-300x195.jpg\" \/>\n<meta name=\"author\" content=\"le secr\u00e9tariat\" \/>\n<script type=\"application\/ld+json\" class=\"yoast-schema-graph\">{\"@context\":\"https:\/\/schema.org\",\"@graph\":[{\"@type\":\"WebPage\",\"@id\":\"http:\/\/www.jeannedarc-figeac.fr\/college-lycee\/la-classe-dhistoire-hors-les-murs\/\",\"url\":\"http:\/\/www.jeannedarc-figeac.fr\/college-lycee\/la-classe-dhistoire-hors-les-murs\/\",\"name\":\"La classe d'histoire hors-les-murs.\",\"isPartOf\":{\"@id\":\"https:\/\/www.jeannedarc-figeac.fr\/college-lycee\/#website\"},\"primaryImageOfPage\":{\"@id\":\"http:\/\/www.jeannedarc-figeac.fr\/college-lycee\/la-classe-dhistoire-hors-les-murs\/#primaryimage\"},\"image\":{\"@id\":\"http:\/\/www.jeannedarc-figeac.fr\/college-lycee\/la-classe-dhistoire-hors-les-murs\/#primaryimage\"},\"thumbnailUrl\":\"https:\/\/www.jeannedarc-figeac.fr\/college-lycee\/wp-content\/uploads\/sites\/5\/2026\/02\/Screenshot_20260219-113232_GLOB-300x195.jpg\",\"datePublished\":\"2026-02-26T10:43:16+00:00\",\"dateModified\":\"2026-02-26T10:43:22+00:00\",\"author\":{\"@id\":\"https:\/\/www.jeannedarc-figeac.fr\/college-lycee\/#\/schema\/person\/29e5764f28e895dc8bf41d4468f99154\"},\"description\":\"64 \u00e9l\u00e8ves du niveau Premi\u00e8re, du lyc\u00e9e g\u00e9n\u00e9ral, technologique et professionnel, sont partis sur les traces de leur programme d'histoire \u00e0 Paris, de la\",\"breadcrumb\":{\"@id\":\"http:\/\/www.jeannedarc-figeac.fr\/college-lycee\/la-classe-dhistoire-hors-les-murs\/#breadcrumb\"},\"inLanguage\":\"fr-FR\",\"potentialAction\":[{\"@type\":\"ReadAction\",\"target\":[\"http:\/\/www.jeannedarc-figeac.fr\/college-lycee\/la-classe-dhistoire-hors-les-murs\/\"]}]},{\"@type\":\"ImageObject\",\"inLanguage\":\"fr-FR\",\"@id\":\"http:\/\/www.jeannedarc-figeac.fr\/college-lycee\/la-classe-dhistoire-hors-les-murs\/#primaryimage\",\"url\":\"https:\/\/www.jeannedarc-figeac.fr\/college-lycee\/wp-content\/uploads\/sites\/5\/2026\/02\/Screenshot_20260219-113232_GLOB-300x195.jpg\",\"contentUrl\":\"https:\/\/www.jeannedarc-figeac.fr\/college-lycee\/wp-content\/uploads\/sites\/5\/2026\/02\/Screenshot_20260219-113232_GLOB-300x195.jpg\"},{\"@type\":\"BreadcrumbList\",\"@id\":\"http:\/\/www.jeannedarc-figeac.fr\/college-lycee\/la-classe-dhistoire-hors-les-murs\/#breadcrumb\",\"itemListElement\":[{\"@type\":\"ListItem\",\"position\":1,\"name\":\"Accueil\",\"item\":\"https:\/\/www.jeannedarc-figeac.fr\/college-lycee\/\"},{\"@type\":\"ListItem\",\"position\":2,\"name\":\"Actus\",\"item\":\"http:\/\/www.jeannedarc-figeac.fr\/college-lycee\/cat\/actus\/\"},{\"@type\":\"ListItem\",\"position\":3,\"name\":\"La classe d&rsquo;histoire hors-les-murs.\"}]},{\"@type\":\"WebSite\",\"@id\":\"https:\/\/www.jeannedarc-figeac.fr\/college-lycee\/#website\",\"url\":\"https:\/\/www.jeannedarc-figeac.fr\/college-lycee\/\",\"name\":\"Coll\u00e8ge et Lyc\u00e9e Jeanne d&#039;Arc\",\"description\":\"Jeanne d&#039;Arc Figeac\",\"potentialAction\":[{\"@type\":\"SearchAction\",\"target\":{\"@type\":\"EntryPoint\",\"urlTemplate\":\"https:\/\/www.jeannedarc-figeac.fr\/college-lycee\/?s={search_term_string}\"},\"query-input\":{\"@type\":\"PropertyValueSpecification\",\"valueRequired\":true,\"valueName\":\"search_term_string\"}}],\"inLanguage\":\"fr-FR\"},{\"@type\":\"Person\",\"@id\":\"https:\/\/www.jeannedarc-figeac.fr\/college-lycee\/#\/schema\/person\/29e5764f28e895dc8bf41d4468f99154\",\"name\":\"le secr\u00e9tariat\",\"image\":{\"@type\":\"ImageObject\",\"inLanguage\":\"fr-FR\",\"@id\":\"https:\/\/www.jeannedarc-figeac.fr\/college-lycee\/#\/schema\/person\/image\/\",\"url\":\"https:\/\/www.jeannedarc-figeac.fr\/college-lycee\/wp-content\/litespeed\/avatar\/5\/b7e8da60f53ba4adc9e9e66d91d84580.jpg?ver=1777548714\",\"contentUrl\":\"https:\/\/www.jeannedarc-figeac.fr\/college-lycee\/wp-content\/litespeed\/avatar\/5\/b7e8da60f53ba4adc9e9e66d91d84580.jpg?ver=1777548714\",\"caption\":\"le secr\u00e9tariat\"},\"url\":\"https:\/\/www.jeannedarc-figeac.fr\/college-lycee\/author\/arlette\/\"}]}<\/script>\n<!-- \/ Yoast SEO plugin. -->","yoast_head_json":{"title":"La classe d'histoire hors-les-murs.","description":"64 \u00e9l\u00e8ves du niveau Premi\u00e8re, du lyc\u00e9e g\u00e9n\u00e9ral, technologique et professionnel, sont partis sur les traces de leur programme d'histoire \u00e0 Paris, de la","robots":{"index":"index","follow":"follow","max-snippet":"max-snippet:-1","max-image-preview":"max-image-preview:large","max-video-preview":"max-video-preview:-1"},"canonical":"http:\/\/www.jeannedarc-figeac.fr\/college-lycee\/la-classe-dhistoire-hors-les-murs\/","og_locale":"fr_FR","og_type":"article","og_title":"La classe d'histoire hors-les-murs.","og_description":"64 \u00e9l\u00e8ves du niveau Premi\u00e8re, du lyc\u00e9e g\u00e9n\u00e9ral, technologique et professionnel, sont partis sur les traces de leur programme d'histoire \u00e0 Paris, de la","og_url":"http:\/\/www.jeannedarc-figeac.fr\/college-lycee\/la-classe-dhistoire-hors-les-murs\/","og_site_name":"Coll\u00e8ge et Lyc\u00e9e Jeanne d&#039;Arc","article_published_time":"2026-02-26T10:43:16+00:00","article_modified_time":"2026-02-26T10:43:22+00:00","og_image":[{"url":"https:\/\/www.jeannedarc-figeac.fr\/college-lycee\/wp-content\/uploads\/sites\/5\/2026\/02\/Screenshot_20260219-113232_GLOB-300x195.jpg","type":"","width":"","height":""}],"author":"le secr\u00e9tariat","schema":{"@context":"https:\/\/schema.org","@graph":[{"@type":"WebPage","@id":"http:\/\/www.jeannedarc-figeac.fr\/college-lycee\/la-classe-dhistoire-hors-les-murs\/","url":"http:\/\/www.jeannedarc-figeac.fr\/college-lycee\/la-classe-dhistoire-hors-les-murs\/","name":"La classe d'histoire hors-les-murs.","isPartOf":{"@id":"https:\/\/www.jeannedarc-figeac.fr\/college-lycee\/#website"},"primaryImageOfPage":{"@id":"http:\/\/www.jeannedarc-figeac.fr\/college-lycee\/la-classe-dhistoire-hors-les-murs\/#primaryimage"},"image":{"@id":"http:\/\/www.jeannedarc-figeac.fr\/college-lycee\/la-classe-dhistoire-hors-les-murs\/#primaryimage"},"thumbnailUrl":"https:\/\/www.jeannedarc-figeac.fr\/college-lycee\/wp-content\/uploads\/sites\/5\/2026\/02\/Screenshot_20260219-113232_GLOB-300x195.jpg","datePublished":"2026-02-26T10:43:16+00:00","dateModified":"2026-02-26T10:43:22+00:00","author":{"@id":"https:\/\/www.jeannedarc-figeac.fr\/college-lycee\/#\/schema\/person\/29e5764f28e895dc8bf41d4468f99154"},"description":"64 \u00e9l\u00e8ves du niveau Premi\u00e8re, du lyc\u00e9e g\u00e9n\u00e9ral, technologique et professionnel, sont partis sur les traces de leur programme d'histoire \u00e0 Paris, de la","breadcrumb":{"@id":"http:\/\/www.jeannedarc-figeac.fr\/college-lycee\/la-classe-dhistoire-hors-les-murs\/#breadcrumb"},"inLanguage":"fr-FR","potentialAction":[{"@type":"ReadAction","target":["http:\/\/www.jeannedarc-figeac.fr\/college-lycee\/la-classe-dhistoire-hors-les-murs\/"]}]},{"@type":"ImageObject","inLanguage":"fr-FR","@id":"http:\/\/www.jeannedarc-figeac.fr\/college-lycee\/la-classe-dhistoire-hors-les-murs\/#primaryimage","url":"https:\/\/www.jeannedarc-figeac.fr\/college-lycee\/wp-content\/uploads\/sites\/5\/2026\/02\/Screenshot_20260219-113232_GLOB-300x195.jpg","contentUrl":"https:\/\/www.jeannedarc-figeac.fr\/college-lycee\/wp-content\/uploads\/sites\/5\/2026\/02\/Screenshot_20260219-113232_GLOB-300x195.jpg"},{"@type":"BreadcrumbList","@id":"http:\/\/www.jeannedarc-figeac.fr\/college-lycee\/la-classe-dhistoire-hors-les-murs\/#breadcrumb","itemListElement":[{"@type":"ListItem","position":1,"name":"Accueil","item":"https:\/\/www.jeannedarc-figeac.fr\/college-lycee\/"},{"@type":"ListItem","position":2,"name":"Actus","item":"http:\/\/www.jeannedarc-figeac.fr\/college-lycee\/cat\/actus\/"},{"@type":"ListItem","position":3,"name":"La classe d&rsquo;histoire hors-les-murs."}]},{"@type":"WebSite","@id":"https:\/\/www.jeannedarc-figeac.fr\/college-lycee\/#website","url":"https:\/\/www.jeannedarc-figeac.fr\/college-lycee\/","name":"Coll\u00e8ge et Lyc\u00e9e Jeanne d&#039;Arc","description":"Jeanne d&#039;Arc Figeac","potentialAction":[{"@type":"SearchAction","target":{"@type":"EntryPoint","urlTemplate":"https:\/\/www.jeannedarc-figeac.fr\/college-lycee\/?s={search_term_string}"},"query-input":{"@type":"PropertyValueSpecification","valueRequired":true,"valueName":"search_term_string"}}],"inLanguage":"fr-FR"},{"@type":"Person","@id":"https:\/\/www.jeannedarc-figeac.fr\/college-lycee\/#\/schema\/person\/29e5764f28e895dc8bf41d4468f99154","name":"le secr\u00e9tariat","image":{"@type":"ImageObject","inLanguage":"fr-FR","@id":"https:\/\/www.jeannedarc-figeac.fr\/college-lycee\/#\/schema\/person\/image\/","url":"https:\/\/www.jeannedarc-figeac.fr\/college-lycee\/wp-content\/litespeed\/avatar\/5\/b7e8da60f53ba4adc9e9e66d91d84580.jpg?ver=1777548714","contentUrl":"https:\/\/www.jeannedarc-figeac.fr\/college-lycee\/wp-content\/litespeed\/avatar\/5\/b7e8da60f53ba4adc9e9e66d91d84580.jpg?ver=1777548714","caption":"le secr\u00e9tariat"},"url":"https:\/\/www.jeannedarc-figeac.fr\/college-lycee\/author\/arlette\/"}]}},"jetpack_featured_media_url":"","jetpack_sharing_enabled":true,"jetpack_shortlink":"https:\/\/wp.me\/p5Qyb6-1D6","_links":{"self":[{"href":"https:\/\/www.jeannedarc-figeac.fr\/college-lycee\/wp-json\/wp\/v2\/posts\/6268","targetHints":{"allow":["GET"]}}],"collection":[{"href":"https:\/\/www.jeannedarc-figeac.fr\/college-lycee\/wp-json\/wp\/v2\/posts"}],"about":[{"href":"https:\/\/www.jeannedarc-figeac.fr\/college-lycee\/wp-json\/wp\/v2\/types\/post"}],"author":[{"embeddable":true,"href":"https:\/\/www.jeannedarc-figeac.fr\/college-lycee\/wp-json\/wp\/v2\/users\/12"}],"replies":[{"embeddable":true,"href":"https:\/\/www.jeannedarc-figeac.fr\/college-lycee\/wp-json\/wp\/v2\/comments?post=6268"}],"version-history":[{"count":1,"href":"https:\/\/www.jeannedarc-figeac.fr\/college-lycee\/wp-json\/wp\/v2\/posts\/6268\/revisions"}],"predecessor-version":[{"id":6270,"href":"https:\/\/www.jeannedarc-figeac.fr\/college-lycee\/wp-json\/wp\/v2\/posts\/6268\/revisions\/6270"}],"wp:attachment":[{"href":"https:\/\/www.jeannedarc-figeac.fr\/college-lycee\/wp-json\/wp\/v2\/media?parent=6268"}],"wp:term":[{"taxonomy":"category","embeddable":true,"href":"https:\/\/www.jeannedarc-figeac.fr\/college-lycee\/wp-json\/wp\/v2\/categories?post=6268"},{"taxonomy":"post_tag","embeddable":true,"href":"https:\/\/www.jeannedarc-figeac.fr\/college-lycee\/wp-json\/wp\/v2\/tags?post=6268"}],"curies":[{"name":"wp","href":"https:\/\/api.w.org\/{rel}","templated":true}]}}