{"id":6264,"date":"2026-02-26T10:40:20","date_gmt":"2026-02-26T10:40:20","guid":{"rendered":"https:\/\/www.jeannedarc-figeac.fr\/college-lycee\/?p=6264"},"modified":"2026-02-26T10:40:28","modified_gmt":"2026-02-26T10:40:28","slug":"sejour-decouverte-de-rome-pour-les-eleves-de-2de","status":"publish","type":"post","link":"https:\/\/www.jeannedarc-figeac.fr\/college-lycee\/sejour-decouverte-de-rome-pour-les-eleves-de-2de\/","title":{"rendered":"S\u00e9jour d\u00e9couverte de Rome pour les \u00e9l\u00e8ves de 2de"},"content":{"rendered":"\n<figure class=\"wp-block-image size-medium\"><a href=\"https:\/\/i0.wp.com\/www.jeannedarc-figeac.fr\/college-lycee\/wp-content\/uploads\/sites\/5\/2026\/02\/Photo-groupe-Colisee-scaled.jpg?ssl=1\"><img data-recalc-dims=\"1\" loading=\"lazy\" decoding=\"async\" width=\"300\" height=\"229\" src=\"https:\/\/i0.wp.com\/www.jeannedarc-figeac.fr\/college-lycee\/wp-content\/uploads\/sites\/5\/2026\/02\/Photo-groupe-Colisee-300x229.jpg?resize=300%2C229&#038;ssl=1\" alt=\"\" class=\"wp-image-6265\" \/><\/a><\/figure>\n\n\n\n<p>Pendant la semaine du 15 au 20 f\u00e9vrier 2026, les \u00e9l\u00e8ves de Seconde du lyc\u00e9e Jeanne d\u2019Arc ont mis le cap sur Rome. Le s\u00e9jour a d\u00e9but\u00e9 au Vatican, avec la visite des mus\u00e9es, de la chapelle Sixtine et de la basilique Saint-Pierre, dont la beaut\u00e9 a suscit\u00e9 l\u2019\u00e9merveillement. Ils sont ensuite partis \u00e0 la d\u00e9couverte des sites embl\u00e9matiques&nbsp;de la capitale italienne : le Panth\u00e9on, la piazza Navona, la fontaine de Trevi, le Vittoriano\u2026 Cette d\u00e9ambulation leur a permis de s\u2019impr\u00e9gner de l\u2019atmosph\u00e8re unique de la Ville \u00e9ternelle. Le voyage s\u2019est poursuivi \u00e0 Tivoli, o\u00f9 les \u00e9l\u00e8ves ont admir\u00e9 la villa Adriana et la villa d\u2019Este (toutes deux inscrites au Patrimoine mondial de l\u2019UNESCO), avant de d\u00e9couvrir l\u2019ancien port de Rome (Ostia Antica) ainsi que les chefs-d\u2019\u0153uvre de la Renaissance expos\u00e9s \u00e0 la galerie Borgh\u00e8se. Enfin, le s\u00e9jour s\u2019est achev\u00e9 par l\u2019exploration des grands sites de la Rome antique : thermes de Caracalla, Forum romain, Palatin et Colis\u00e9e. Rome aura \u00e9t\u00e9 pour eux une salle de classe \u00e0 ciel ouvert&nbsp;!<\/p>\n","protected":false},"excerpt":{"rendered":"<p>Pendant la semaine du 15 au 20 f\u00e9vrier 2026, les \u00e9l\u00e8ves de Seconde du lyc\u00e9e Jeanne d\u2019Arc ont mis le cap sur Rome. Le s\u00e9jour a d\u00e9but\u00e9 au Vatican, avec la visite des mus\u00e9es, de la chapelle Sixtine et de la basilique Saint-Pierre, dont la beaut\u00e9 a suscit\u00e9 l\u2019\u00e9merveillement. Ils sont ensuite partis \u00e0 la [&hellip;]<\/p>\n","protected":false},"author":12,"featured_media":0,"comment_status":"closed","ping_status":"open","sticky":false,"template":"","format":"standard","meta":{"_et_pb_use_builder":"off","_et_pb_old_content":"","_et_gb_content_width":"","_jetpack_newsletter_access":"","_jetpack_dont_email_post_to_subs":false,"_jetpack_newsletter_tier_id":0,"_jetpack_memberships_contains_paywalled_content":false,"iawp_total_views":0,"_jetpack_memberships_contains_paid_content":false,"footnotes":""},"categories":[28],"tags":[],"class_list":["post-6264","post","type-post","status-publish","format-standard","hentry","category-actus"],"yoast_head":"<!-- This site is optimized with the Yoast SEO plugin v26.0 - https:\/\/yoast.com\/wordpress\/plugins\/seo\/ -->\n<title>S\u00e9jour d\u00e9couverte de Rome pour les \u00e9l\u00e8ves de 2de<\/title>\n<meta name=\"description\" content=\"Pendant la semaine du 15 au 20 f\u00e9vrier 2026, les \u00e9l\u00e8ves de Seconde du lyc\u00e9e Jeanne d\u2019Arc ont mis le cap sur Rome. Le s\u00e9jour a d\u00e9but\u00e9 au Vatican, avec la\" \/>\n<meta name=\"robots\" content=\"index, follow, max-snippet:-1, max-image-preview:large, max-video-preview:-1\" \/>\n<link rel=\"canonical\" href=\"https:\/\/www.jeannedarc-figeac.fr\/college-lycee\/sejour-decouverte-de-rome-pour-les-eleves-de-2de\/\" \/>\n<meta property=\"og:locale\" content=\"fr_FR\" \/>\n<meta property=\"og:type\" content=\"article\" \/>\n<meta property=\"og:title\" content=\"S\u00e9jour d\u00e9couverte de Rome pour les \u00e9l\u00e8ves de 2de\" \/>\n<meta property=\"og:description\" content=\"Pendant la semaine du 15 au 20 f\u00e9vrier 2026, les \u00e9l\u00e8ves de Seconde du lyc\u00e9e Jeanne d\u2019Arc ont mis le cap sur Rome. Le s\u00e9jour a d\u00e9but\u00e9 au Vatican, avec la\" \/>\n<meta property=\"og:url\" content=\"https:\/\/www.jeannedarc-figeac.fr\/college-lycee\/sejour-decouverte-de-rome-pour-les-eleves-de-2de\/\" \/>\n<meta property=\"og:site_name\" content=\"Coll\u00e8ge et Lyc\u00e9e Jeanne d&#039;Arc\" \/>\n<meta property=\"article:published_time\" content=\"2026-02-26T10:40:20+00:00\" \/>\n<meta property=\"article:modified_time\" content=\"2026-02-26T10:40:28+00:00\" \/>\n<meta property=\"og:image\" content=\"https:\/\/www.jeannedarc-figeac.fr\/college-lycee\/wp-content\/uploads\/sites\/5\/2026\/02\/Photo-groupe-Colisee-300x229.jpg\" \/>\n<meta name=\"author\" content=\"le secr\u00e9tariat\" \/>\n<script type=\"application\/ld+json\" class=\"yoast-schema-graph\">{\"@context\":\"https:\/\/schema.org\",\"@graph\":[{\"@type\":\"WebPage\",\"@id\":\"https:\/\/www.jeannedarc-figeac.fr\/college-lycee\/sejour-decouverte-de-rome-pour-les-eleves-de-2de\/\",\"url\":\"https:\/\/www.jeannedarc-figeac.fr\/college-lycee\/sejour-decouverte-de-rome-pour-les-eleves-de-2de\/\",\"name\":\"S\u00e9jour d\u00e9couverte de Rome pour les \u00e9l\u00e8ves de 2de\",\"isPartOf\":{\"@id\":\"https:\/\/www.jeannedarc-figeac.fr\/college-lycee\/#website\"},\"primaryImageOfPage\":{\"@id\":\"https:\/\/www.jeannedarc-figeac.fr\/college-lycee\/sejour-decouverte-de-rome-pour-les-eleves-de-2de\/#primaryimage\"},\"image\":{\"@id\":\"https:\/\/www.jeannedarc-figeac.fr\/college-lycee\/sejour-decouverte-de-rome-pour-les-eleves-de-2de\/#primaryimage\"},\"thumbnailUrl\":\"https:\/\/www.jeannedarc-figeac.fr\/college-lycee\/wp-content\/uploads\/sites\/5\/2026\/02\/Photo-groupe-Colisee-300x229.jpg\",\"datePublished\":\"2026-02-26T10:40:20+00:00\",\"dateModified\":\"2026-02-26T10:40:28+00:00\",\"author\":{\"@id\":\"https:\/\/www.jeannedarc-figeac.fr\/college-lycee\/#\/schema\/person\/29e5764f28e895dc8bf41d4468f99154\"},\"description\":\"Pendant la semaine du 15 au 20 f\u00e9vrier 2026, les \u00e9l\u00e8ves de Seconde du lyc\u00e9e Jeanne d\u2019Arc ont mis le cap sur Rome. Le s\u00e9jour a d\u00e9but\u00e9 au Vatican, avec la\",\"breadcrumb\":{\"@id\":\"https:\/\/www.jeannedarc-figeac.fr\/college-lycee\/sejour-decouverte-de-rome-pour-les-eleves-de-2de\/#breadcrumb\"},\"inLanguage\":\"fr-FR\",\"potentialAction\":[{\"@type\":\"ReadAction\",\"target\":[\"https:\/\/www.jeannedarc-figeac.fr\/college-lycee\/sejour-decouverte-de-rome-pour-les-eleves-de-2de\/\"]}]},{\"@type\":\"ImageObject\",\"inLanguage\":\"fr-FR\",\"@id\":\"https:\/\/www.jeannedarc-figeac.fr\/college-lycee\/sejour-decouverte-de-rome-pour-les-eleves-de-2de\/#primaryimage\",\"url\":\"https:\/\/www.jeannedarc-figeac.fr\/college-lycee\/wp-content\/uploads\/sites\/5\/2026\/02\/Photo-groupe-Colisee-300x229.jpg\",\"contentUrl\":\"https:\/\/www.jeannedarc-figeac.fr\/college-lycee\/wp-content\/uploads\/sites\/5\/2026\/02\/Photo-groupe-Colisee-300x229.jpg\"},{\"@type\":\"BreadcrumbList\",\"@id\":\"https:\/\/www.jeannedarc-figeac.fr\/college-lycee\/sejour-decouverte-de-rome-pour-les-eleves-de-2de\/#breadcrumb\",\"itemListElement\":[{\"@type\":\"ListItem\",\"position\":1,\"name\":\"Accueil\",\"item\":\"https:\/\/www.jeannedarc-figeac.fr\/college-lycee\/\"},{\"@type\":\"ListItem\",\"position\":2,\"name\":\"Actus\",\"item\":\"http:\/\/www.jeannedarc-figeac.fr\/college-lycee\/cat\/actus\/\"},{\"@type\":\"ListItem\",\"position\":3,\"name\":\"S\u00e9jour d\u00e9couverte de Rome pour les \u00e9l\u00e8ves de 2de\"}]},{\"@type\":\"WebSite\",\"@id\":\"https:\/\/www.jeannedarc-figeac.fr\/college-lycee\/#website\",\"url\":\"https:\/\/www.jeannedarc-figeac.fr\/college-lycee\/\",\"name\":\"Coll\u00e8ge et Lyc\u00e9e Jeanne d&#039;Arc\",\"description\":\"Jeanne d&#039;Arc Figeac\",\"potentialAction\":[{\"@type\":\"SearchAction\",\"target\":{\"@type\":\"EntryPoint\",\"urlTemplate\":\"https:\/\/www.jeannedarc-figeac.fr\/college-lycee\/?s={search_term_string}\"},\"query-input\":{\"@type\":\"PropertyValueSpecification\",\"valueRequired\":true,\"valueName\":\"search_term_string\"}}],\"inLanguage\":\"fr-FR\"},{\"@type\":\"Person\",\"@id\":\"https:\/\/www.jeannedarc-figeac.fr\/college-lycee\/#\/schema\/person\/29e5764f28e895dc8bf41d4468f99154\",\"name\":\"le secr\u00e9tariat\",\"image\":{\"@type\":\"ImageObject\",\"inLanguage\":\"fr-FR\",\"@id\":\"https:\/\/www.jeannedarc-figeac.fr\/college-lycee\/#\/schema\/person\/image\/\",\"url\":\"https:\/\/www.jeannedarc-figeac.fr\/college-lycee\/wp-content\/litespeed\/avatar\/5\/b7e8da60f53ba4adc9e9e66d91d84580.jpg?ver=1777548714\",\"contentUrl\":\"https:\/\/www.jeannedarc-figeac.fr\/college-lycee\/wp-content\/litespeed\/avatar\/5\/b7e8da60f53ba4adc9e9e66d91d84580.jpg?ver=1777548714\",\"caption\":\"le secr\u00e9tariat\"},\"url\":\"https:\/\/www.jeannedarc-figeac.fr\/college-lycee\/author\/arlette\/\"}]}<\/script>\n<!-- \/ Yoast SEO plugin. -->","yoast_head_json":{"title":"S\u00e9jour d\u00e9couverte de Rome pour les \u00e9l\u00e8ves de 2de","description":"Pendant la semaine du 15 au 20 f\u00e9vrier 2026, les \u00e9l\u00e8ves de Seconde du lyc\u00e9e Jeanne d\u2019Arc ont mis le cap sur Rome. Le s\u00e9jour a d\u00e9but\u00e9 au Vatican, avec la","robots":{"index":"index","follow":"follow","max-snippet":"max-snippet:-1","max-image-preview":"max-image-preview:large","max-video-preview":"max-video-preview:-1"},"canonical":"https:\/\/www.jeannedarc-figeac.fr\/college-lycee\/sejour-decouverte-de-rome-pour-les-eleves-de-2de\/","og_locale":"fr_FR","og_type":"article","og_title":"S\u00e9jour d\u00e9couverte de Rome pour les \u00e9l\u00e8ves de 2de","og_description":"Pendant la semaine du 15 au 20 f\u00e9vrier 2026, les \u00e9l\u00e8ves de Seconde du lyc\u00e9e Jeanne d\u2019Arc ont mis le cap sur Rome. Le s\u00e9jour a d\u00e9but\u00e9 au Vatican, avec la","og_url":"https:\/\/www.jeannedarc-figeac.fr\/college-lycee\/sejour-decouverte-de-rome-pour-les-eleves-de-2de\/","og_site_name":"Coll\u00e8ge et Lyc\u00e9e Jeanne d&#039;Arc","article_published_time":"2026-02-26T10:40:20+00:00","article_modified_time":"2026-02-26T10:40:28+00:00","og_image":[{"url":"https:\/\/www.jeannedarc-figeac.fr\/college-lycee\/wp-content\/uploads\/sites\/5\/2026\/02\/Photo-groupe-Colisee-300x229.jpg","type":"","width":"","height":""}],"author":"le secr\u00e9tariat","schema":{"@context":"https:\/\/schema.org","@graph":[{"@type":"WebPage","@id":"https:\/\/www.jeannedarc-figeac.fr\/college-lycee\/sejour-decouverte-de-rome-pour-les-eleves-de-2de\/","url":"https:\/\/www.jeannedarc-figeac.fr\/college-lycee\/sejour-decouverte-de-rome-pour-les-eleves-de-2de\/","name":"S\u00e9jour d\u00e9couverte de Rome pour les \u00e9l\u00e8ves de 2de","isPartOf":{"@id":"https:\/\/www.jeannedarc-figeac.fr\/college-lycee\/#website"},"primaryImageOfPage":{"@id":"https:\/\/www.jeannedarc-figeac.fr\/college-lycee\/sejour-decouverte-de-rome-pour-les-eleves-de-2de\/#primaryimage"},"image":{"@id":"https:\/\/www.jeannedarc-figeac.fr\/college-lycee\/sejour-decouverte-de-rome-pour-les-eleves-de-2de\/#primaryimage"},"thumbnailUrl":"https:\/\/www.jeannedarc-figeac.fr\/college-lycee\/wp-content\/uploads\/sites\/5\/2026\/02\/Photo-groupe-Colisee-300x229.jpg","datePublished":"2026-02-26T10:40:20+00:00","dateModified":"2026-02-26T10:40:28+00:00","author":{"@id":"https:\/\/www.jeannedarc-figeac.fr\/college-lycee\/#\/schema\/person\/29e5764f28e895dc8bf41d4468f99154"},"description":"Pendant la semaine du 15 au 20 f\u00e9vrier 2026, les \u00e9l\u00e8ves de Seconde du lyc\u00e9e Jeanne d\u2019Arc ont mis le cap sur Rome. Le s\u00e9jour a d\u00e9but\u00e9 au Vatican, avec la","breadcrumb":{"@id":"https:\/\/www.jeannedarc-figeac.fr\/college-lycee\/sejour-decouverte-de-rome-pour-les-eleves-de-2de\/#breadcrumb"},"inLanguage":"fr-FR","potentialAction":[{"@type":"ReadAction","target":["https:\/\/www.jeannedarc-figeac.fr\/college-lycee\/sejour-decouverte-de-rome-pour-les-eleves-de-2de\/"]}]},{"@type":"ImageObject","inLanguage":"fr-FR","@id":"https:\/\/www.jeannedarc-figeac.fr\/college-lycee\/sejour-decouverte-de-rome-pour-les-eleves-de-2de\/#primaryimage","url":"https:\/\/www.jeannedarc-figeac.fr\/college-lycee\/wp-content\/uploads\/sites\/5\/2026\/02\/Photo-groupe-Colisee-300x229.jpg","contentUrl":"https:\/\/www.jeannedarc-figeac.fr\/college-lycee\/wp-content\/uploads\/sites\/5\/2026\/02\/Photo-groupe-Colisee-300x229.jpg"},{"@type":"BreadcrumbList","@id":"https:\/\/www.jeannedarc-figeac.fr\/college-lycee\/sejour-decouverte-de-rome-pour-les-eleves-de-2de\/#breadcrumb","itemListElement":[{"@type":"ListItem","position":1,"name":"Accueil","item":"https:\/\/www.jeannedarc-figeac.fr\/college-lycee\/"},{"@type":"ListItem","position":2,"name":"Actus","item":"http:\/\/www.jeannedarc-figeac.fr\/college-lycee\/cat\/actus\/"},{"@type":"ListItem","position":3,"name":"S\u00e9jour d\u00e9couverte de Rome pour les \u00e9l\u00e8ves de 2de"}]},{"@type":"WebSite","@id":"https:\/\/www.jeannedarc-figeac.fr\/college-lycee\/#website","url":"https:\/\/www.jeannedarc-figeac.fr\/college-lycee\/","name":"Coll\u00e8ge et Lyc\u00e9e Jeanne d&#039;Arc","description":"Jeanne d&#039;Arc Figeac","potentialAction":[{"@type":"SearchAction","target":{"@type":"EntryPoint","urlTemplate":"https:\/\/www.jeannedarc-figeac.fr\/college-lycee\/?s={search_term_string}"},"query-input":{"@type":"PropertyValueSpecification","valueRequired":true,"valueName":"search_term_string"}}],"inLanguage":"fr-FR"},{"@type":"Person","@id":"https:\/\/www.jeannedarc-figeac.fr\/college-lycee\/#\/schema\/person\/29e5764f28e895dc8bf41d4468f99154","name":"le secr\u00e9tariat","image":{"@type":"ImageObject","inLanguage":"fr-FR","@id":"https:\/\/www.jeannedarc-figeac.fr\/college-lycee\/#\/schema\/person\/image\/","url":"https:\/\/www.jeannedarc-figeac.fr\/college-lycee\/wp-content\/litespeed\/avatar\/5\/b7e8da60f53ba4adc9e9e66d91d84580.jpg?ver=1777548714","contentUrl":"https:\/\/www.jeannedarc-figeac.fr\/college-lycee\/wp-content\/litespeed\/avatar\/5\/b7e8da60f53ba4adc9e9e66d91d84580.jpg?ver=1777548714","caption":"le secr\u00e9tariat"},"url":"https:\/\/www.jeannedarc-figeac.fr\/college-lycee\/author\/arlette\/"}]}},"jetpack_featured_media_url":"","jetpack_sharing_enabled":true,"jetpack_shortlink":"https:\/\/wp.me\/p5Qyb6-1D2","_links":{"self":[{"href":"https:\/\/www.jeannedarc-figeac.fr\/college-lycee\/wp-json\/wp\/v2\/posts\/6264","targetHints":{"allow":["GET"]}}],"collection":[{"href":"https:\/\/www.jeannedarc-figeac.fr\/college-lycee\/wp-json\/wp\/v2\/posts"}],"about":[{"href":"https:\/\/www.jeannedarc-figeac.fr\/college-lycee\/wp-json\/wp\/v2\/types\/post"}],"author":[{"embeddable":true,"href":"https:\/\/www.jeannedarc-figeac.fr\/college-lycee\/wp-json\/wp\/v2\/users\/12"}],"replies":[{"embeddable":true,"href":"https:\/\/www.jeannedarc-figeac.fr\/college-lycee\/wp-json\/wp\/v2\/comments?post=6264"}],"version-history":[{"count":1,"href":"https:\/\/www.jeannedarc-figeac.fr\/college-lycee\/wp-json\/wp\/v2\/posts\/6264\/revisions"}],"predecessor-version":[{"id":6266,"href":"https:\/\/www.jeannedarc-figeac.fr\/college-lycee\/wp-json\/wp\/v2\/posts\/6264\/revisions\/6266"}],"wp:attachment":[{"href":"https:\/\/www.jeannedarc-figeac.fr\/college-lycee\/wp-json\/wp\/v2\/media?parent=6264"}],"wp:term":[{"taxonomy":"category","embeddable":true,"href":"https:\/\/www.jeannedarc-figeac.fr\/college-lycee\/wp-json\/wp\/v2\/categories?post=6264"},{"taxonomy":"post_tag","embeddable":true,"href":"https:\/\/www.jeannedarc-figeac.fr\/college-lycee\/wp-json\/wp\/v2\/tags?post=6264"}],"curies":[{"name":"wp","href":"https:\/\/api.w.org\/{rel}","templated":true}]}}