{"id":6261,"date":"2026-02-26T10:34:45","date_gmt":"2026-02-26T10:34:45","guid":{"rendered":"https:\/\/www.jeannedarc-figeac.fr\/college-lycee\/?p=6261"},"modified":"2026-02-26T10:34:50","modified_gmt":"2026-02-26T10:34:50","slug":"les-terminales-st2s-approfondissent-leurs-connaissances-des-dispositifs-dacces-aux-soins","status":"publish","type":"post","link":"https:\/\/www.jeannedarc-figeac.fr\/college-lycee\/les-terminales-st2s-approfondissent-leurs-connaissances-des-dispositifs-dacces-aux-soins\/","title":{"rendered":"Les Terminales ST2S approfondissent leurs connaissances des dispositifs d&rsquo;acc\u00e8s aux soins"},"content":{"rendered":"\n<h1 class=\"wp-block-heading\"><\/h1>\n\n\n\n<p id=\"block-394e2d7c-4c89-42f8-be35-b0c7369a58cf\"><\/p>\n\n\n\n<p id=\"block-394e2d7c-4c89-42f8-be35-b0c7369a58cf\"><\/p>\n\n\n\n<figure class=\"wp-block-image size-medium\"><a href=\"https:\/\/i0.wp.com\/www.jeannedarc-figeac.fr\/college-lycee\/wp-content\/uploads\/sites\/5\/2026\/02\/20260212_093034-scaled.jpg?ssl=1\"><img data-recalc-dims=\"1\" loading=\"lazy\" decoding=\"async\" width=\"300\" height=\"225\" src=\"https:\/\/i0.wp.com\/www.jeannedarc-figeac.fr\/college-lycee\/wp-content\/uploads\/sites\/5\/2026\/02\/20260212_093034-300x225.jpg?resize=300%2C225&#038;ssl=1\" alt=\"\" class=\"wp-image-6262\" \/><\/a><\/figure>\n\n\n\n<p>Pour illustrer les cours de STSS, les terminales ST2S du Lyc\u00e9e Jeanne d\u2019Arc de Figeac, ont re\u00e7u Mmes BONNET et CASAS, infirmi\u00e8re et assistante de service social qui oeuvrent \u00e0 la PASS. La PASS est la Permanence d\u2019Acc\u00e8s aux Soins de Sant\u00e9, un service du Centre Hospitalier de Figeac qui permet l\u2019acc\u00e8s aux soins pour les plus pr\u00e9caires. L\u2019objectif est de garantir l\u2019acc\u00e8s \u00e0 des soins et aux droits pour des personnes vuln\u00e9rables\u00a0: sans domicile, migrantes ou souffrantes d\u2019addiction notamment. La PASS travaille en \u00e9troit partenariat avec les diff\u00e9rents services du Centre Hospitalier ce qui permet l\u2019acc\u00e8s \u00e0 un large plateau technique mais aussi avec des associations telles que France Addiction, le CEIIS et la CJC sur la th\u00e9matique des addictions mais aussi avec le Trait d\u2019union, service du CIAS du Grand Figeac. Apr\u00e8s avoir pr\u00e9sent\u00e9 le public et ses besoins, les intervenantes ont soumis aux \u00e9l\u00e8ves trois situations et ont d\u00e9taill\u00e9 ensuite la r\u00e9ponse apport\u00e9e par la PASS\u00a0: besoin d\u2019acc\u00e8s \u00e0 des examens de sant\u00e9 dans le cadre d\u2019une grossesse, besoin d\u2019\u00eatre orient\u00e9 vers les services du Conseil D\u00e9partemental pour \u00e9purer une dette locative, besoin d\u2019aide pour ouvrir des droits \u00e0 la protection sociale\u2026 Les professionnelles ont surtout insist\u00e9 sur la difficult\u00e9 pour le public de demander de l\u2019aide par peur du jugement notamment et sur une nouvelle approche dans le travail social qui tend plus vers l\u2019aller vers. Une intervention tr\u00e8s int\u00e9ressante et dynamique qui aura permis de mettre en lumi\u00e8re un dispositif d\u2019acc\u00e8s aux soins pour les plus d\u00e9munis de fa\u00e7on plus concr\u00e8te. La s\u00e9rie ST2S Sciences et Technologies de la Sant\u00e9 et du Social permet une poursuite d\u2019\u00e9tude vers les m\u00e9tiers du champ sanitaire et social.<\/p>\n","protected":false},"excerpt":{"rendered":"<p>Pour illustrer les cours de STSS, les terminales ST2S du Lyc\u00e9e Jeanne d\u2019Arc de Figeac, ont re\u00e7u Mmes BONNET et CASAS, infirmi\u00e8re et assistante de service social qui oeuvrent \u00e0 la PASS. La PASS est la Permanence d\u2019Acc\u00e8s aux Soins de Sant\u00e9, un service du Centre Hospitalier de Figeac qui permet l\u2019acc\u00e8s aux soins pour [&hellip;]<\/p>\n","protected":false},"author":12,"featured_media":0,"comment_status":"closed","ping_status":"open","sticky":false,"template":"","format":"standard","meta":{"_et_pb_use_builder":"off","_et_pb_old_content":"","_et_gb_content_width":"","_jetpack_newsletter_access":"","_jetpack_dont_email_post_to_subs":false,"_jetpack_newsletter_tier_id":0,"_jetpack_memberships_contains_paywalled_content":false,"iawp_total_views":0,"_jetpack_memberships_contains_paid_content":false,"footnotes":""},"categories":[28],"tags":[],"class_list":["post-6261","post","type-post","status-publish","format-standard","hentry","category-actus"],"yoast_head":"<!-- This site is optimized with the Yoast SEO plugin v26.0 - https:\/\/yoast.com\/wordpress\/plugins\/seo\/ -->\n<title>Les Terminales ST2S approfondissent leurs connaissances des dispositifs d&#039;acc\u00e8s aux soins<\/title>\n<meta name=\"description\" content=\"Pour illustrer les cours de STSS, les terminales ST2S du Lyc\u00e9e Jeanne d\u2019Arc de Figeac, ont re\u00e7u Mmes BONNET et CASAS, infirmi\u00e8re et assistante de service\" \/>\n<meta name=\"robots\" content=\"index, follow, max-snippet:-1, max-image-preview:large, max-video-preview:-1\" \/>\n<link rel=\"canonical\" href=\"http:\/\/www.jeannedarc-figeac.fr\/college-lycee\/les-terminales-st2s-approfondissent-leurs-connaissances-des-dispositifs-dacces-aux-soins\/\" \/>\n<meta property=\"og:locale\" content=\"fr_FR\" \/>\n<meta property=\"og:type\" content=\"article\" \/>\n<meta property=\"og:title\" content=\"Les Terminales ST2S approfondissent leurs connaissances des dispositifs d&#039;acc\u00e8s aux soins\" \/>\n<meta property=\"og:description\" content=\"Pour illustrer les cours de STSS, les terminales ST2S du Lyc\u00e9e Jeanne d\u2019Arc de Figeac, ont re\u00e7u Mmes BONNET et CASAS, infirmi\u00e8re et assistante de service\" \/>\n<meta property=\"og:url\" content=\"http:\/\/www.jeannedarc-figeac.fr\/college-lycee\/les-terminales-st2s-approfondissent-leurs-connaissances-des-dispositifs-dacces-aux-soins\/\" \/>\n<meta property=\"og:site_name\" content=\"Coll\u00e8ge et Lyc\u00e9e Jeanne d&#039;Arc\" \/>\n<meta property=\"article:published_time\" content=\"2026-02-26T10:34:45+00:00\" \/>\n<meta property=\"article:modified_time\" content=\"2026-02-26T10:34:50+00:00\" \/>\n<meta property=\"og:image\" content=\"https:\/\/www.jeannedarc-figeac.fr\/college-lycee\/wp-content\/uploads\/sites\/5\/2026\/02\/20260212_093034-300x225.jpg\" \/>\n<meta name=\"author\" content=\"le secr\u00e9tariat\" \/>\n<script type=\"application\/ld+json\" class=\"yoast-schema-graph\">{\"@context\":\"https:\/\/schema.org\",\"@graph\":[{\"@type\":\"WebPage\",\"@id\":\"http:\/\/www.jeannedarc-figeac.fr\/college-lycee\/les-terminales-st2s-approfondissent-leurs-connaissances-des-dispositifs-dacces-aux-soins\/\",\"url\":\"http:\/\/www.jeannedarc-figeac.fr\/college-lycee\/les-terminales-st2s-approfondissent-leurs-connaissances-des-dispositifs-dacces-aux-soins\/\",\"name\":\"Les Terminales ST2S approfondissent leurs connaissances des dispositifs d'acc\u00e8s aux soins\",\"isPartOf\":{\"@id\":\"https:\/\/www.jeannedarc-figeac.fr\/college-lycee\/#website\"},\"primaryImageOfPage\":{\"@id\":\"http:\/\/www.jeannedarc-figeac.fr\/college-lycee\/les-terminales-st2s-approfondissent-leurs-connaissances-des-dispositifs-dacces-aux-soins\/#primaryimage\"},\"image\":{\"@id\":\"http:\/\/www.jeannedarc-figeac.fr\/college-lycee\/les-terminales-st2s-approfondissent-leurs-connaissances-des-dispositifs-dacces-aux-soins\/#primaryimage\"},\"thumbnailUrl\":\"https:\/\/www.jeannedarc-figeac.fr\/college-lycee\/wp-content\/uploads\/sites\/5\/2026\/02\/20260212_093034-300x225.jpg\",\"datePublished\":\"2026-02-26T10:34:45+00:00\",\"dateModified\":\"2026-02-26T10:34:50+00:00\",\"author\":{\"@id\":\"https:\/\/www.jeannedarc-figeac.fr\/college-lycee\/#\/schema\/person\/29e5764f28e895dc8bf41d4468f99154\"},\"description\":\"Pour illustrer les cours de STSS, les terminales ST2S du Lyc\u00e9e Jeanne d\u2019Arc de Figeac, ont re\u00e7u Mmes BONNET et CASAS, infirmi\u00e8re et assistante de service\",\"breadcrumb\":{\"@id\":\"http:\/\/www.jeannedarc-figeac.fr\/college-lycee\/les-terminales-st2s-approfondissent-leurs-connaissances-des-dispositifs-dacces-aux-soins\/#breadcrumb\"},\"inLanguage\":\"fr-FR\",\"potentialAction\":[{\"@type\":\"ReadAction\",\"target\":[\"http:\/\/www.jeannedarc-figeac.fr\/college-lycee\/les-terminales-st2s-approfondissent-leurs-connaissances-des-dispositifs-dacces-aux-soins\/\"]}]},{\"@type\":\"ImageObject\",\"inLanguage\":\"fr-FR\",\"@id\":\"http:\/\/www.jeannedarc-figeac.fr\/college-lycee\/les-terminales-st2s-approfondissent-leurs-connaissances-des-dispositifs-dacces-aux-soins\/#primaryimage\",\"url\":\"https:\/\/www.jeannedarc-figeac.fr\/college-lycee\/wp-content\/uploads\/sites\/5\/2026\/02\/20260212_093034-300x225.jpg\",\"contentUrl\":\"https:\/\/www.jeannedarc-figeac.fr\/college-lycee\/wp-content\/uploads\/sites\/5\/2026\/02\/20260212_093034-300x225.jpg\"},{\"@type\":\"BreadcrumbList\",\"@id\":\"http:\/\/www.jeannedarc-figeac.fr\/college-lycee\/les-terminales-st2s-approfondissent-leurs-connaissances-des-dispositifs-dacces-aux-soins\/#breadcrumb\",\"itemListElement\":[{\"@type\":\"ListItem\",\"position\":1,\"name\":\"Accueil\",\"item\":\"https:\/\/www.jeannedarc-figeac.fr\/college-lycee\/\"},{\"@type\":\"ListItem\",\"position\":2,\"name\":\"Actus\",\"item\":\"http:\/\/www.jeannedarc-figeac.fr\/college-lycee\/cat\/actus\/\"},{\"@type\":\"ListItem\",\"position\":3,\"name\":\"Les Terminales ST2S approfondissent leurs connaissances des dispositifs d&rsquo;acc\u00e8s aux soins\"}]},{\"@type\":\"WebSite\",\"@id\":\"https:\/\/www.jeannedarc-figeac.fr\/college-lycee\/#website\",\"url\":\"https:\/\/www.jeannedarc-figeac.fr\/college-lycee\/\",\"name\":\"Coll\u00e8ge et Lyc\u00e9e Jeanne d&#039;Arc\",\"description\":\"Jeanne d&#039;Arc Figeac\",\"potentialAction\":[{\"@type\":\"SearchAction\",\"target\":{\"@type\":\"EntryPoint\",\"urlTemplate\":\"https:\/\/www.jeannedarc-figeac.fr\/college-lycee\/?s={search_term_string}\"},\"query-input\":{\"@type\":\"PropertyValueSpecification\",\"valueRequired\":true,\"valueName\":\"search_term_string\"}}],\"inLanguage\":\"fr-FR\"},{\"@type\":\"Person\",\"@id\":\"https:\/\/www.jeannedarc-figeac.fr\/college-lycee\/#\/schema\/person\/29e5764f28e895dc8bf41d4468f99154\",\"name\":\"le secr\u00e9tariat\",\"image\":{\"@type\":\"ImageObject\",\"inLanguage\":\"fr-FR\",\"@id\":\"https:\/\/www.jeannedarc-figeac.fr\/college-lycee\/#\/schema\/person\/image\/\",\"url\":\"https:\/\/www.jeannedarc-figeac.fr\/college-lycee\/wp-content\/litespeed\/avatar\/5\/b7e8da60f53ba4adc9e9e66d91d84580.jpg?ver=1777548714\",\"contentUrl\":\"https:\/\/www.jeannedarc-figeac.fr\/college-lycee\/wp-content\/litespeed\/avatar\/5\/b7e8da60f53ba4adc9e9e66d91d84580.jpg?ver=1777548714\",\"caption\":\"le secr\u00e9tariat\"},\"url\":\"https:\/\/www.jeannedarc-figeac.fr\/college-lycee\/author\/arlette\/\"}]}<\/script>\n<!-- \/ Yoast SEO plugin. -->","yoast_head_json":{"title":"Les Terminales ST2S approfondissent leurs connaissances des dispositifs d'acc\u00e8s aux soins","description":"Pour illustrer les cours de STSS, les terminales ST2S du Lyc\u00e9e Jeanne d\u2019Arc de Figeac, ont re\u00e7u Mmes BONNET et CASAS, infirmi\u00e8re et assistante de service","robots":{"index":"index","follow":"follow","max-snippet":"max-snippet:-1","max-image-preview":"max-image-preview:large","max-video-preview":"max-video-preview:-1"},"canonical":"http:\/\/www.jeannedarc-figeac.fr\/college-lycee\/les-terminales-st2s-approfondissent-leurs-connaissances-des-dispositifs-dacces-aux-soins\/","og_locale":"fr_FR","og_type":"article","og_title":"Les Terminales ST2S approfondissent leurs connaissances des dispositifs d'acc\u00e8s aux soins","og_description":"Pour illustrer les cours de STSS, les terminales ST2S du Lyc\u00e9e Jeanne d\u2019Arc de Figeac, ont re\u00e7u Mmes BONNET et CASAS, infirmi\u00e8re et assistante de service","og_url":"http:\/\/www.jeannedarc-figeac.fr\/college-lycee\/les-terminales-st2s-approfondissent-leurs-connaissances-des-dispositifs-dacces-aux-soins\/","og_site_name":"Coll\u00e8ge et Lyc\u00e9e Jeanne d&#039;Arc","article_published_time":"2026-02-26T10:34:45+00:00","article_modified_time":"2026-02-26T10:34:50+00:00","og_image":[{"url":"https:\/\/www.jeannedarc-figeac.fr\/college-lycee\/wp-content\/uploads\/sites\/5\/2026\/02\/20260212_093034-300x225.jpg","type":"","width":"","height":""}],"author":"le secr\u00e9tariat","schema":{"@context":"https:\/\/schema.org","@graph":[{"@type":"WebPage","@id":"http:\/\/www.jeannedarc-figeac.fr\/college-lycee\/les-terminales-st2s-approfondissent-leurs-connaissances-des-dispositifs-dacces-aux-soins\/","url":"http:\/\/www.jeannedarc-figeac.fr\/college-lycee\/les-terminales-st2s-approfondissent-leurs-connaissances-des-dispositifs-dacces-aux-soins\/","name":"Les Terminales ST2S approfondissent leurs connaissances des dispositifs d'acc\u00e8s aux soins","isPartOf":{"@id":"https:\/\/www.jeannedarc-figeac.fr\/college-lycee\/#website"},"primaryImageOfPage":{"@id":"http:\/\/www.jeannedarc-figeac.fr\/college-lycee\/les-terminales-st2s-approfondissent-leurs-connaissances-des-dispositifs-dacces-aux-soins\/#primaryimage"},"image":{"@id":"http:\/\/www.jeannedarc-figeac.fr\/college-lycee\/les-terminales-st2s-approfondissent-leurs-connaissances-des-dispositifs-dacces-aux-soins\/#primaryimage"},"thumbnailUrl":"https:\/\/www.jeannedarc-figeac.fr\/college-lycee\/wp-content\/uploads\/sites\/5\/2026\/02\/20260212_093034-300x225.jpg","datePublished":"2026-02-26T10:34:45+00:00","dateModified":"2026-02-26T10:34:50+00:00","author":{"@id":"https:\/\/www.jeannedarc-figeac.fr\/college-lycee\/#\/schema\/person\/29e5764f28e895dc8bf41d4468f99154"},"description":"Pour illustrer les cours de STSS, les terminales ST2S du Lyc\u00e9e Jeanne d\u2019Arc de Figeac, ont re\u00e7u Mmes BONNET et CASAS, infirmi\u00e8re et assistante de service","breadcrumb":{"@id":"http:\/\/www.jeannedarc-figeac.fr\/college-lycee\/les-terminales-st2s-approfondissent-leurs-connaissances-des-dispositifs-dacces-aux-soins\/#breadcrumb"},"inLanguage":"fr-FR","potentialAction":[{"@type":"ReadAction","target":["http:\/\/www.jeannedarc-figeac.fr\/college-lycee\/les-terminales-st2s-approfondissent-leurs-connaissances-des-dispositifs-dacces-aux-soins\/"]}]},{"@type":"ImageObject","inLanguage":"fr-FR","@id":"http:\/\/www.jeannedarc-figeac.fr\/college-lycee\/les-terminales-st2s-approfondissent-leurs-connaissances-des-dispositifs-dacces-aux-soins\/#primaryimage","url":"https:\/\/www.jeannedarc-figeac.fr\/college-lycee\/wp-content\/uploads\/sites\/5\/2026\/02\/20260212_093034-300x225.jpg","contentUrl":"https:\/\/www.jeannedarc-figeac.fr\/college-lycee\/wp-content\/uploads\/sites\/5\/2026\/02\/20260212_093034-300x225.jpg"},{"@type":"BreadcrumbList","@id":"http:\/\/www.jeannedarc-figeac.fr\/college-lycee\/les-terminales-st2s-approfondissent-leurs-connaissances-des-dispositifs-dacces-aux-soins\/#breadcrumb","itemListElement":[{"@type":"ListItem","position":1,"name":"Accueil","item":"https:\/\/www.jeannedarc-figeac.fr\/college-lycee\/"},{"@type":"ListItem","position":2,"name":"Actus","item":"http:\/\/www.jeannedarc-figeac.fr\/college-lycee\/cat\/actus\/"},{"@type":"ListItem","position":3,"name":"Les Terminales ST2S approfondissent leurs connaissances des dispositifs d&rsquo;acc\u00e8s aux soins"}]},{"@type":"WebSite","@id":"https:\/\/www.jeannedarc-figeac.fr\/college-lycee\/#website","url":"https:\/\/www.jeannedarc-figeac.fr\/college-lycee\/","name":"Coll\u00e8ge et Lyc\u00e9e Jeanne d&#039;Arc","description":"Jeanne d&#039;Arc Figeac","potentialAction":[{"@type":"SearchAction","target":{"@type":"EntryPoint","urlTemplate":"https:\/\/www.jeannedarc-figeac.fr\/college-lycee\/?s={search_term_string}"},"query-input":{"@type":"PropertyValueSpecification","valueRequired":true,"valueName":"search_term_string"}}],"inLanguage":"fr-FR"},{"@type":"Person","@id":"https:\/\/www.jeannedarc-figeac.fr\/college-lycee\/#\/schema\/person\/29e5764f28e895dc8bf41d4468f99154","name":"le secr\u00e9tariat","image":{"@type":"ImageObject","inLanguage":"fr-FR","@id":"https:\/\/www.jeannedarc-figeac.fr\/college-lycee\/#\/schema\/person\/image\/","url":"https:\/\/www.jeannedarc-figeac.fr\/college-lycee\/wp-content\/litespeed\/avatar\/5\/b7e8da60f53ba4adc9e9e66d91d84580.jpg?ver=1777548714","contentUrl":"https:\/\/www.jeannedarc-figeac.fr\/college-lycee\/wp-content\/litespeed\/avatar\/5\/b7e8da60f53ba4adc9e9e66d91d84580.jpg?ver=1777548714","caption":"le secr\u00e9tariat"},"url":"https:\/\/www.jeannedarc-figeac.fr\/college-lycee\/author\/arlette\/"}]}},"jetpack_featured_media_url":"","jetpack_sharing_enabled":true,"jetpack_shortlink":"https:\/\/wp.me\/p5Qyb6-1CZ","_links":{"self":[{"href":"https:\/\/www.jeannedarc-figeac.fr\/college-lycee\/wp-json\/wp\/v2\/posts\/6261","targetHints":{"allow":["GET"]}}],"collection":[{"href":"https:\/\/www.jeannedarc-figeac.fr\/college-lycee\/wp-json\/wp\/v2\/posts"}],"about":[{"href":"https:\/\/www.jeannedarc-figeac.fr\/college-lycee\/wp-json\/wp\/v2\/types\/post"}],"author":[{"embeddable":true,"href":"https:\/\/www.jeannedarc-figeac.fr\/college-lycee\/wp-json\/wp\/v2\/users\/12"}],"replies":[{"embeddable":true,"href":"https:\/\/www.jeannedarc-figeac.fr\/college-lycee\/wp-json\/wp\/v2\/comments?post=6261"}],"version-history":[{"count":1,"href":"https:\/\/www.jeannedarc-figeac.fr\/college-lycee\/wp-json\/wp\/v2\/posts\/6261\/revisions"}],"predecessor-version":[{"id":6263,"href":"https:\/\/www.jeannedarc-figeac.fr\/college-lycee\/wp-json\/wp\/v2\/posts\/6261\/revisions\/6263"}],"wp:attachment":[{"href":"https:\/\/www.jeannedarc-figeac.fr\/college-lycee\/wp-json\/wp\/v2\/media?parent=6261"}],"wp:term":[{"taxonomy":"category","embeddable":true,"href":"https:\/\/www.jeannedarc-figeac.fr\/college-lycee\/wp-json\/wp\/v2\/categories?post=6261"},{"taxonomy":"post_tag","embeddable":true,"href":"https:\/\/www.jeannedarc-figeac.fr\/college-lycee\/wp-json\/wp\/v2\/tags?post=6261"}],"curies":[{"name":"wp","href":"https:\/\/api.w.org\/{rel}","templated":true}]}}