{"id":6211,"date":"2026-01-07T09:58:46","date_gmt":"2026-01-07T09:58:46","guid":{"rendered":"https:\/\/www.jeannedarc-figeac.fr\/college-lycee\/?p=6211"},"modified":"2026-01-07T09:58:53","modified_gmt":"2026-01-07T09:58:53","slug":"beau-succes-du-forum-des-metiers-sanitaires-et-sociaux","status":"publish","type":"post","link":"https:\/\/www.jeannedarc-figeac.fr\/college-lycee\/beau-succes-du-forum-des-metiers-sanitaires-et-sociaux\/","title":{"rendered":"Beau succ\u00e8s du Forum des m\u00e9tiers sanitaires et sociaux"},"content":{"rendered":"\n<figure class=\"wp-block-image size-medium\"><a href=\"https:\/\/i0.wp.com\/www.jeannedarc-figeac.fr\/college-lycee\/wp-content\/uploads\/sites\/5\/2026\/01\/1765708208861-scaled.jpeg?ssl=1\"><img data-recalc-dims=\"1\" loading=\"lazy\" decoding=\"async\" width=\"300\" height=\"225\" src=\"https:\/\/i0.wp.com\/www.jeannedarc-figeac.fr\/college-lycee\/wp-content\/uploads\/sites\/5\/2026\/01\/1765708208861-300x225.jpeg?resize=300%2C225&#038;ssl=1\" alt=\"\" class=\"wp-image-6212\" \/><\/a><\/figure>\n\n\n\n<p>Pour sa 5\u00e8me \u00e9dition le forum des m\u00e9tiers sanitaires et sociaux a connu un franc succ\u00e8s vendredi 12 d\u00e9cembre. Ce n\u2019est pas moins de 40 professionnels qui se sont d\u00e9plac\u00e9s, un record, pour pr\u00e9senter leur m\u00e9tier, leur parcours. Particularit\u00e9 de ces personnes ce sont tous des anciens \u00e9l\u00e8ves du lyc\u00e9e Jeanne d\u2019Arc\u00a0: Bac technologique ST2S ou Bac professionnel ASSP (voire BEP CSS). Cette ann\u00e9e pr\u00e8s de 150 \u00e9l\u00e8ves de 3<sup>\u00e8me<\/sup>, de 1\u00e8res et Terminales g\u00e9n\u00e9rales technologiques et professionnelles ont pu participer activement au forum. Ainsi ils ont pu d\u00e9couvrir des parcours de formation pouvant leur permettre de se projeter dans l\u2019avenir. Les \u00e9l\u00e8ves ont pu rencontrer des \u00e9ducateurs sp\u00e9cialis\u00e9s, des conseillers en \u00e9conomie sociale et familiale, une psychologue, des auxiliaires de pu\u00e9riculture ou encore des infirmi\u00e8res aux parcours vari\u00e9s, des aides-soignants mais aussi une di\u00e9t\u00e9ticienne, des opticiennes\u2026 et bien d\u2019autres encore. L\u2019objectif est atteint. Donner un panorama assez large des professions du secteur sanitaire et social accessibles apr\u00e8s un bac professionnel ASSP, un bac technologique ST2S ou un bac g\u00e9n\u00e9ral. Un tr\u00e8s grand merci aux professionnels qui ont donn\u00e9 de leur temps pour faire partager leur passion et permettre aux \u00e9l\u00e8ves d\u2019envisager au mieux leur choix d\u2019orientation. Pour conclure l\u2019apr\u00e8s-midi tout le monde a pu se r\u00e9unir autour d\u2019un petit verre de l\u2019amiti\u00e9 afin d\u2019\u00e9changer avec d\u2019anciens camarades de classe.<\/p>\n","protected":false},"excerpt":{"rendered":"<p>Pour sa 5\u00e8me \u00e9dition le forum des m\u00e9tiers sanitaires et sociaux a connu un franc succ\u00e8s vendredi 12 d\u00e9cembre. Ce n\u2019est pas moins de 40 professionnels qui se sont d\u00e9plac\u00e9s, un record, pour pr\u00e9senter leur m\u00e9tier, leur parcours. Particularit\u00e9 de ces personnes ce sont tous des anciens \u00e9l\u00e8ves du lyc\u00e9e Jeanne d\u2019Arc\u00a0: Bac technologique ST2S [&hellip;]<\/p>\n","protected":false},"author":12,"featured_media":0,"comment_status":"closed","ping_status":"open","sticky":false,"template":"","format":"standard","meta":{"_et_pb_use_builder":"off","_et_pb_old_content":"","_et_gb_content_width":"","_jetpack_newsletter_access":"","_jetpack_dont_email_post_to_subs":false,"_jetpack_newsletter_tier_id":0,"_jetpack_memberships_contains_paywalled_content":false,"iawp_total_views":0,"_jetpack_memberships_contains_paid_content":false,"footnotes":""},"categories":[28],"tags":[],"class_list":["post-6211","post","type-post","status-publish","format-standard","hentry","category-actus"],"yoast_head":"<!-- This site is optimized with the Yoast SEO plugin v26.0 - https:\/\/yoast.com\/wordpress\/plugins\/seo\/ -->\n<title>Beau succ\u00e8s du Forum des m\u00e9tiers sanitaires et sociaux<\/title>\n<meta name=\"description\" content=\"Pour sa 5\u00e8me \u00e9dition le forum des m\u00e9tiers sanitaires et sociaux a connu un franc succ\u00e8s vendredi 12 d\u00e9cembre. Ce n\u2019est pas moins de 40 professionnels qui\" \/>\n<meta name=\"robots\" content=\"index, follow, max-snippet:-1, max-image-preview:large, max-video-preview:-1\" \/>\n<link rel=\"canonical\" href=\"http:\/\/www.jeannedarc-figeac.fr\/college-lycee\/beau-succes-du-forum-des-metiers-sanitaires-et-sociaux\/\" \/>\n<meta property=\"og:locale\" content=\"fr_FR\" \/>\n<meta property=\"og:type\" content=\"article\" \/>\n<meta property=\"og:title\" content=\"Beau succ\u00e8s du Forum des m\u00e9tiers sanitaires et sociaux\" \/>\n<meta property=\"og:description\" content=\"Pour sa 5\u00e8me \u00e9dition le forum des m\u00e9tiers sanitaires et sociaux a connu un franc succ\u00e8s vendredi 12 d\u00e9cembre. Ce n\u2019est pas moins de 40 professionnels qui\" \/>\n<meta property=\"og:url\" content=\"http:\/\/www.jeannedarc-figeac.fr\/college-lycee\/beau-succes-du-forum-des-metiers-sanitaires-et-sociaux\/\" \/>\n<meta property=\"og:site_name\" content=\"Coll\u00e8ge et Lyc\u00e9e Jeanne d&#039;Arc\" \/>\n<meta property=\"article:published_time\" content=\"2026-01-07T09:58:46+00:00\" \/>\n<meta property=\"article:modified_time\" content=\"2026-01-07T09:58:53+00:00\" \/>\n<meta property=\"og:image\" content=\"https:\/\/www.jeannedarc-figeac.fr\/college-lycee\/wp-content\/uploads\/sites\/5\/2026\/01\/1765708208861-300x225.jpeg\" \/>\n<meta name=\"author\" content=\"le secr\u00e9tariat\" \/>\n<script type=\"application\/ld+json\" class=\"yoast-schema-graph\">{\"@context\":\"https:\/\/schema.org\",\"@graph\":[{\"@type\":\"WebPage\",\"@id\":\"http:\/\/www.jeannedarc-figeac.fr\/college-lycee\/beau-succes-du-forum-des-metiers-sanitaires-et-sociaux\/\",\"url\":\"http:\/\/www.jeannedarc-figeac.fr\/college-lycee\/beau-succes-du-forum-des-metiers-sanitaires-et-sociaux\/\",\"name\":\"Beau succ\u00e8s du Forum des m\u00e9tiers sanitaires et sociaux\",\"isPartOf\":{\"@id\":\"https:\/\/www.jeannedarc-figeac.fr\/college-lycee\/#website\"},\"primaryImageOfPage\":{\"@id\":\"http:\/\/www.jeannedarc-figeac.fr\/college-lycee\/beau-succes-du-forum-des-metiers-sanitaires-et-sociaux\/#primaryimage\"},\"image\":{\"@id\":\"http:\/\/www.jeannedarc-figeac.fr\/college-lycee\/beau-succes-du-forum-des-metiers-sanitaires-et-sociaux\/#primaryimage\"},\"thumbnailUrl\":\"https:\/\/www.jeannedarc-figeac.fr\/college-lycee\/wp-content\/uploads\/sites\/5\/2026\/01\/1765708208861-300x225.jpeg\",\"datePublished\":\"2026-01-07T09:58:46+00:00\",\"dateModified\":\"2026-01-07T09:58:53+00:00\",\"author\":{\"@id\":\"https:\/\/www.jeannedarc-figeac.fr\/college-lycee\/#\/schema\/person\/29e5764f28e895dc8bf41d4468f99154\"},\"description\":\"Pour sa 5\u00e8me \u00e9dition le forum des m\u00e9tiers sanitaires et sociaux a connu un franc succ\u00e8s vendredi 12 d\u00e9cembre. Ce n\u2019est pas moins de 40 professionnels qui\",\"breadcrumb\":{\"@id\":\"http:\/\/www.jeannedarc-figeac.fr\/college-lycee\/beau-succes-du-forum-des-metiers-sanitaires-et-sociaux\/#breadcrumb\"},\"inLanguage\":\"fr-FR\",\"potentialAction\":[{\"@type\":\"ReadAction\",\"target\":[\"http:\/\/www.jeannedarc-figeac.fr\/college-lycee\/beau-succes-du-forum-des-metiers-sanitaires-et-sociaux\/\"]}]},{\"@type\":\"ImageObject\",\"inLanguage\":\"fr-FR\",\"@id\":\"http:\/\/www.jeannedarc-figeac.fr\/college-lycee\/beau-succes-du-forum-des-metiers-sanitaires-et-sociaux\/#primaryimage\",\"url\":\"https:\/\/www.jeannedarc-figeac.fr\/college-lycee\/wp-content\/uploads\/sites\/5\/2026\/01\/1765708208861-300x225.jpeg\",\"contentUrl\":\"https:\/\/www.jeannedarc-figeac.fr\/college-lycee\/wp-content\/uploads\/sites\/5\/2026\/01\/1765708208861-300x225.jpeg\"},{\"@type\":\"BreadcrumbList\",\"@id\":\"http:\/\/www.jeannedarc-figeac.fr\/college-lycee\/beau-succes-du-forum-des-metiers-sanitaires-et-sociaux\/#breadcrumb\",\"itemListElement\":[{\"@type\":\"ListItem\",\"position\":1,\"name\":\"Accueil\",\"item\":\"https:\/\/www.jeannedarc-figeac.fr\/college-lycee\/\"},{\"@type\":\"ListItem\",\"position\":2,\"name\":\"Actus\",\"item\":\"http:\/\/www.jeannedarc-figeac.fr\/college-lycee\/cat\/actus\/\"},{\"@type\":\"ListItem\",\"position\":3,\"name\":\"Beau succ\u00e8s du Forum des m\u00e9tiers sanitaires et sociaux\"}]},{\"@type\":\"WebSite\",\"@id\":\"https:\/\/www.jeannedarc-figeac.fr\/college-lycee\/#website\",\"url\":\"https:\/\/www.jeannedarc-figeac.fr\/college-lycee\/\",\"name\":\"Coll\u00e8ge et Lyc\u00e9e Jeanne d&#039;Arc\",\"description\":\"Jeanne d&#039;Arc Figeac\",\"potentialAction\":[{\"@type\":\"SearchAction\",\"target\":{\"@type\":\"EntryPoint\",\"urlTemplate\":\"https:\/\/www.jeannedarc-figeac.fr\/college-lycee\/?s={search_term_string}\"},\"query-input\":{\"@type\":\"PropertyValueSpecification\",\"valueRequired\":true,\"valueName\":\"search_term_string\"}}],\"inLanguage\":\"fr-FR\"},{\"@type\":\"Person\",\"@id\":\"https:\/\/www.jeannedarc-figeac.fr\/college-lycee\/#\/schema\/person\/29e5764f28e895dc8bf41d4468f99154\",\"name\":\"le secr\u00e9tariat\",\"image\":{\"@type\":\"ImageObject\",\"inLanguage\":\"fr-FR\",\"@id\":\"https:\/\/www.jeannedarc-figeac.fr\/college-lycee\/#\/schema\/person\/image\/\",\"url\":\"https:\/\/www.jeannedarc-figeac.fr\/college-lycee\/wp-content\/litespeed\/avatar\/5\/b7e8da60f53ba4adc9e9e66d91d84580.jpg?ver=1776943645\",\"contentUrl\":\"https:\/\/www.jeannedarc-figeac.fr\/college-lycee\/wp-content\/litespeed\/avatar\/5\/b7e8da60f53ba4adc9e9e66d91d84580.jpg?ver=1776943645\",\"caption\":\"le secr\u00e9tariat\"},\"url\":\"https:\/\/www.jeannedarc-figeac.fr\/college-lycee\/author\/arlette\/\"}]}<\/script>\n<!-- \/ Yoast SEO plugin. -->","yoast_head_json":{"title":"Beau succ\u00e8s du Forum des m\u00e9tiers sanitaires et sociaux","description":"Pour sa 5\u00e8me \u00e9dition le forum des m\u00e9tiers sanitaires et sociaux a connu un franc succ\u00e8s vendredi 12 d\u00e9cembre. Ce n\u2019est pas moins de 40 professionnels qui","robots":{"index":"index","follow":"follow","max-snippet":"max-snippet:-1","max-image-preview":"max-image-preview:large","max-video-preview":"max-video-preview:-1"},"canonical":"http:\/\/www.jeannedarc-figeac.fr\/college-lycee\/beau-succes-du-forum-des-metiers-sanitaires-et-sociaux\/","og_locale":"fr_FR","og_type":"article","og_title":"Beau succ\u00e8s du Forum des m\u00e9tiers sanitaires et sociaux","og_description":"Pour sa 5\u00e8me \u00e9dition le forum des m\u00e9tiers sanitaires et sociaux a connu un franc succ\u00e8s vendredi 12 d\u00e9cembre. Ce n\u2019est pas moins de 40 professionnels qui","og_url":"http:\/\/www.jeannedarc-figeac.fr\/college-lycee\/beau-succes-du-forum-des-metiers-sanitaires-et-sociaux\/","og_site_name":"Coll\u00e8ge et Lyc\u00e9e Jeanne d&#039;Arc","article_published_time":"2026-01-07T09:58:46+00:00","article_modified_time":"2026-01-07T09:58:53+00:00","og_image":[{"url":"https:\/\/www.jeannedarc-figeac.fr\/college-lycee\/wp-content\/uploads\/sites\/5\/2026\/01\/1765708208861-300x225.jpeg","type":"","width":"","height":""}],"author":"le secr\u00e9tariat","schema":{"@context":"https:\/\/schema.org","@graph":[{"@type":"WebPage","@id":"http:\/\/www.jeannedarc-figeac.fr\/college-lycee\/beau-succes-du-forum-des-metiers-sanitaires-et-sociaux\/","url":"http:\/\/www.jeannedarc-figeac.fr\/college-lycee\/beau-succes-du-forum-des-metiers-sanitaires-et-sociaux\/","name":"Beau succ\u00e8s du Forum des m\u00e9tiers sanitaires et sociaux","isPartOf":{"@id":"https:\/\/www.jeannedarc-figeac.fr\/college-lycee\/#website"},"primaryImageOfPage":{"@id":"http:\/\/www.jeannedarc-figeac.fr\/college-lycee\/beau-succes-du-forum-des-metiers-sanitaires-et-sociaux\/#primaryimage"},"image":{"@id":"http:\/\/www.jeannedarc-figeac.fr\/college-lycee\/beau-succes-du-forum-des-metiers-sanitaires-et-sociaux\/#primaryimage"},"thumbnailUrl":"https:\/\/www.jeannedarc-figeac.fr\/college-lycee\/wp-content\/uploads\/sites\/5\/2026\/01\/1765708208861-300x225.jpeg","datePublished":"2026-01-07T09:58:46+00:00","dateModified":"2026-01-07T09:58:53+00:00","author":{"@id":"https:\/\/www.jeannedarc-figeac.fr\/college-lycee\/#\/schema\/person\/29e5764f28e895dc8bf41d4468f99154"},"description":"Pour sa 5\u00e8me \u00e9dition le forum des m\u00e9tiers sanitaires et sociaux a connu un franc succ\u00e8s vendredi 12 d\u00e9cembre. Ce n\u2019est pas moins de 40 professionnels qui","breadcrumb":{"@id":"http:\/\/www.jeannedarc-figeac.fr\/college-lycee\/beau-succes-du-forum-des-metiers-sanitaires-et-sociaux\/#breadcrumb"},"inLanguage":"fr-FR","potentialAction":[{"@type":"ReadAction","target":["http:\/\/www.jeannedarc-figeac.fr\/college-lycee\/beau-succes-du-forum-des-metiers-sanitaires-et-sociaux\/"]}]},{"@type":"ImageObject","inLanguage":"fr-FR","@id":"http:\/\/www.jeannedarc-figeac.fr\/college-lycee\/beau-succes-du-forum-des-metiers-sanitaires-et-sociaux\/#primaryimage","url":"https:\/\/www.jeannedarc-figeac.fr\/college-lycee\/wp-content\/uploads\/sites\/5\/2026\/01\/1765708208861-300x225.jpeg","contentUrl":"https:\/\/www.jeannedarc-figeac.fr\/college-lycee\/wp-content\/uploads\/sites\/5\/2026\/01\/1765708208861-300x225.jpeg"},{"@type":"BreadcrumbList","@id":"http:\/\/www.jeannedarc-figeac.fr\/college-lycee\/beau-succes-du-forum-des-metiers-sanitaires-et-sociaux\/#breadcrumb","itemListElement":[{"@type":"ListItem","position":1,"name":"Accueil","item":"https:\/\/www.jeannedarc-figeac.fr\/college-lycee\/"},{"@type":"ListItem","position":2,"name":"Actus","item":"http:\/\/www.jeannedarc-figeac.fr\/college-lycee\/cat\/actus\/"},{"@type":"ListItem","position":3,"name":"Beau succ\u00e8s du Forum des m\u00e9tiers sanitaires et sociaux"}]},{"@type":"WebSite","@id":"https:\/\/www.jeannedarc-figeac.fr\/college-lycee\/#website","url":"https:\/\/www.jeannedarc-figeac.fr\/college-lycee\/","name":"Coll\u00e8ge et Lyc\u00e9e Jeanne d&#039;Arc","description":"Jeanne d&#039;Arc Figeac","potentialAction":[{"@type":"SearchAction","target":{"@type":"EntryPoint","urlTemplate":"https:\/\/www.jeannedarc-figeac.fr\/college-lycee\/?s={search_term_string}"},"query-input":{"@type":"PropertyValueSpecification","valueRequired":true,"valueName":"search_term_string"}}],"inLanguage":"fr-FR"},{"@type":"Person","@id":"https:\/\/www.jeannedarc-figeac.fr\/college-lycee\/#\/schema\/person\/29e5764f28e895dc8bf41d4468f99154","name":"le secr\u00e9tariat","image":{"@type":"ImageObject","inLanguage":"fr-FR","@id":"https:\/\/www.jeannedarc-figeac.fr\/college-lycee\/#\/schema\/person\/image\/","url":"https:\/\/www.jeannedarc-figeac.fr\/college-lycee\/wp-content\/litespeed\/avatar\/5\/b7e8da60f53ba4adc9e9e66d91d84580.jpg?ver=1776943645","contentUrl":"https:\/\/www.jeannedarc-figeac.fr\/college-lycee\/wp-content\/litespeed\/avatar\/5\/b7e8da60f53ba4adc9e9e66d91d84580.jpg?ver=1776943645","caption":"le secr\u00e9tariat"},"url":"https:\/\/www.jeannedarc-figeac.fr\/college-lycee\/author\/arlette\/"}]}},"jetpack_featured_media_url":"","jetpack_sharing_enabled":true,"jetpack_shortlink":"https:\/\/wp.me\/p5Qyb6-1Cb","_links":{"self":[{"href":"https:\/\/www.jeannedarc-figeac.fr\/college-lycee\/wp-json\/wp\/v2\/posts\/6211","targetHints":{"allow":["GET"]}}],"collection":[{"href":"https:\/\/www.jeannedarc-figeac.fr\/college-lycee\/wp-json\/wp\/v2\/posts"}],"about":[{"href":"https:\/\/www.jeannedarc-figeac.fr\/college-lycee\/wp-json\/wp\/v2\/types\/post"}],"author":[{"embeddable":true,"href":"https:\/\/www.jeannedarc-figeac.fr\/college-lycee\/wp-json\/wp\/v2\/users\/12"}],"replies":[{"embeddable":true,"href":"https:\/\/www.jeannedarc-figeac.fr\/college-lycee\/wp-json\/wp\/v2\/comments?post=6211"}],"version-history":[{"count":1,"href":"https:\/\/www.jeannedarc-figeac.fr\/college-lycee\/wp-json\/wp\/v2\/posts\/6211\/revisions"}],"predecessor-version":[{"id":6213,"href":"https:\/\/www.jeannedarc-figeac.fr\/college-lycee\/wp-json\/wp\/v2\/posts\/6211\/revisions\/6213"}],"wp:attachment":[{"href":"https:\/\/www.jeannedarc-figeac.fr\/college-lycee\/wp-json\/wp\/v2\/media?parent=6211"}],"wp:term":[{"taxonomy":"category","embeddable":true,"href":"https:\/\/www.jeannedarc-figeac.fr\/college-lycee\/wp-json\/wp\/v2\/categories?post=6211"},{"taxonomy":"post_tag","embeddable":true,"href":"https:\/\/www.jeannedarc-figeac.fr\/college-lycee\/wp-json\/wp\/v2\/tags?post=6211"}],"curies":[{"name":"wp","href":"https:\/\/api.w.org\/{rel}","templated":true}]}}