{"id":6207,"date":"2026-01-07T09:53:28","date_gmt":"2026-01-07T09:53:28","guid":{"rendered":"https:\/\/www.jeannedarc-figeac.fr\/college-lycee\/?p=6207"},"modified":"2026-01-07T09:53:34","modified_gmt":"2026-01-07T09:53:34","slug":"ceremonie-de-remise-des-diplomes-une-nouvelle-generation-de-laureats-celebree-a-lastrolabe-de-figeac","status":"publish","type":"post","link":"https:\/\/www.jeannedarc-figeac.fr\/college-lycee\/ceremonie-de-remise-des-diplomes-une-nouvelle-generation-de-laureats-celebree-a-lastrolabe-de-figeac\/","title":{"rendered":"C\u00e9r\u00e9monie de remise des dipl\u00f4mes : une nouvelle g\u00e9n\u00e9ration de laur\u00e9ats c\u00e9l\u00e9br\u00e9e \u00e0 l\u2019Astrolabe de Figeac"},"content":{"rendered":"\n<figure class=\"wp-block-image size-medium\"><a href=\"https:\/\/i0.wp.com\/www.jeannedarc-figeac.fr\/college-lycee\/wp-content\/uploads\/sites\/5\/2026\/01\/1764669437348-scaled.jpeg?ssl=1\"><img data-recalc-dims=\"1\" loading=\"lazy\" decoding=\"async\" width=\"300\" height=\"225\" src=\"https:\/\/i0.wp.com\/www.jeannedarc-figeac.fr\/college-lycee\/wp-content\/uploads\/sites\/5\/2026\/01\/1764669437348-300x225.jpeg?resize=300%2C225&#038;ssl=1\" alt=\"\" class=\"wp-image-6208\" \/><\/a><\/figure>\n\n\n\n<p>Samedi 29 novembre, l\u2019Astrolabe a r\u00e9sonn\u00e9 d\u2019applaudissements et d\u2019\u00e9motions \u00e0 l\u2019occasion de la c\u00e9r\u00e9monie officielle de remise des dipl\u00f4mes organis\u00e9e par le lyc\u00e9e Jeanne d&rsquo;Arc. \u00c9l\u00e8ves, familles, enseignants et AESH \u00e9taient r\u00e9unis pour c\u00e9l\u00e9brer les r\u00e9ussites des jeunes dipl\u00f4m\u00e9s du DNB, du CAP AAGA, du CAP AEPE en alternance, du bac professionnel ASSP, du bac ST2S et du bac g\u00e9n\u00e9ral. D\u00e8s l\u2019ouverture, la direction a salu\u00e9 \u00ab l\u2019engagement, la pers\u00e9v\u00e9rance et la solidarit\u00e9 qui ont marqu\u00e9 la scolarit\u00e9 de cette promotion \u00bb. L\u2019\u00e9v\u00e9nement, d\u00e9sormais incontournable dans la vie de l\u2019\u00e9tablissement, met \u00e0 l\u2019honneur le travail fourni par les \u00e9l\u00e8ves durant ces ann\u00e9es d\u2019\u00e9tudes parfois exigeantes. Les jeunes dipl\u00f4m\u00e9s ont d\u00e9fil\u00e9 sur sc\u00e8ne sous les applaudissements d\u2019un public venu nombreux.\u00a0 La c\u00e9r\u00e9monie s\u2019est conclue par un ap\u00e9ritif convivial, permettant aux familles et aux \u00e9quipes p\u00e9dagogiques d\u2019\u00e9changer autour des parcours et des ambitions futures de ces dipl\u00f4m\u00e9s. Beaucoup poursuivront leurs \u00e9tudes, d\u2019autres entreront directement dans la vie professionnelle, tous anim\u00e9s par la m\u00eame fiert\u00e9 d\u2019avoir franchi une \u00e9tape essentielle. Cette matin\u00e9e \u00e0 l\u2019Astrolabe restera pour chacun un souvenir marquant, symbolisant la r\u00e9ussite et l\u2019entr\u00e9e dans de nouveaux projets.<\/p>\n","protected":false},"excerpt":{"rendered":"<p>Samedi 29 novembre, l\u2019Astrolabe a r\u00e9sonn\u00e9 d\u2019applaudissements et d\u2019\u00e9motions \u00e0 l\u2019occasion de la c\u00e9r\u00e9monie officielle de remise des dipl\u00f4mes organis\u00e9e par le lyc\u00e9e Jeanne d&rsquo;Arc. \u00c9l\u00e8ves, familles, enseignants et AESH \u00e9taient r\u00e9unis pour c\u00e9l\u00e9brer les r\u00e9ussites des jeunes dipl\u00f4m\u00e9s du DNB, du CAP AAGA, du CAP AEPE en alternance, du bac professionnel ASSP, du bac [&hellip;]<\/p>\n","protected":false},"author":12,"featured_media":0,"comment_status":"closed","ping_status":"open","sticky":false,"template":"","format":"standard","meta":{"_et_pb_use_builder":"off","_et_pb_old_content":"","_et_gb_content_width":"","_jetpack_newsletter_access":"","_jetpack_dont_email_post_to_subs":false,"_jetpack_newsletter_tier_id":0,"_jetpack_memberships_contains_paywalled_content":false,"iawp_total_views":0,"_jetpack_memberships_contains_paid_content":false,"footnotes":""},"categories":[28],"tags":[],"class_list":["post-6207","post","type-post","status-publish","format-standard","hentry","category-actus"],"yoast_head":"<!-- This site is optimized with the Yoast SEO plugin v26.0 - https:\/\/yoast.com\/wordpress\/plugins\/seo\/ -->\n<title>C\u00e9r\u00e9monie de remise des dipl\u00f4mes : une nouvelle g\u00e9n\u00e9ration de laur\u00e9ats c\u00e9l\u00e9br\u00e9e \u00e0 l\u2019Astrolabe de Figeac<\/title>\n<meta name=\"description\" content=\"Samedi 29 novembre, l\u2019Astrolabe a r\u00e9sonn\u00e9 d\u2019applaudissements et d\u2019\u00e9motions \u00e0 l\u2019occasion de la c\u00e9r\u00e9monie officielle de remise des dipl\u00f4mes organis\u00e9e par le\" \/>\n<meta name=\"robots\" content=\"index, follow, max-snippet:-1, max-image-preview:large, max-video-preview:-1\" \/>\n<link rel=\"canonical\" href=\"http:\/\/www.jeannedarc-figeac.fr\/college-lycee\/ceremonie-de-remise-des-diplomes-une-nouvelle-generation-de-laureats-celebree-a-lastrolabe-de-figeac\/\" \/>\n<meta property=\"og:locale\" content=\"fr_FR\" \/>\n<meta property=\"og:type\" content=\"article\" \/>\n<meta property=\"og:title\" content=\"C\u00e9r\u00e9monie de remise des dipl\u00f4mes : une nouvelle g\u00e9n\u00e9ration de laur\u00e9ats c\u00e9l\u00e9br\u00e9e \u00e0 l\u2019Astrolabe de Figeac\" \/>\n<meta property=\"og:description\" content=\"Samedi 29 novembre, l\u2019Astrolabe a r\u00e9sonn\u00e9 d\u2019applaudissements et d\u2019\u00e9motions \u00e0 l\u2019occasion de la c\u00e9r\u00e9monie officielle de remise des dipl\u00f4mes organis\u00e9e par le\" \/>\n<meta property=\"og:url\" content=\"http:\/\/www.jeannedarc-figeac.fr\/college-lycee\/ceremonie-de-remise-des-diplomes-une-nouvelle-generation-de-laureats-celebree-a-lastrolabe-de-figeac\/\" \/>\n<meta property=\"og:site_name\" content=\"Coll\u00e8ge et Lyc\u00e9e Jeanne d&#039;Arc\" \/>\n<meta property=\"article:published_time\" content=\"2026-01-07T09:53:28+00:00\" \/>\n<meta property=\"article:modified_time\" content=\"2026-01-07T09:53:34+00:00\" \/>\n<meta property=\"og:image\" content=\"https:\/\/www.jeannedarc-figeac.fr\/college-lycee\/wp-content\/uploads\/sites\/5\/2026\/01\/1764669437348-300x225.jpeg\" \/>\n<meta name=\"author\" content=\"le secr\u00e9tariat\" \/>\n<script type=\"application\/ld+json\" class=\"yoast-schema-graph\">{\"@context\":\"https:\/\/schema.org\",\"@graph\":[{\"@type\":\"WebPage\",\"@id\":\"http:\/\/www.jeannedarc-figeac.fr\/college-lycee\/ceremonie-de-remise-des-diplomes-une-nouvelle-generation-de-laureats-celebree-a-lastrolabe-de-figeac\/\",\"url\":\"http:\/\/www.jeannedarc-figeac.fr\/college-lycee\/ceremonie-de-remise-des-diplomes-une-nouvelle-generation-de-laureats-celebree-a-lastrolabe-de-figeac\/\",\"name\":\"C\u00e9r\u00e9monie de remise des dipl\u00f4mes : une nouvelle g\u00e9n\u00e9ration de laur\u00e9ats c\u00e9l\u00e9br\u00e9e \u00e0 l\u2019Astrolabe de Figeac\",\"isPartOf\":{\"@id\":\"https:\/\/www.jeannedarc-figeac.fr\/college-lycee\/#website\"},\"primaryImageOfPage\":{\"@id\":\"http:\/\/www.jeannedarc-figeac.fr\/college-lycee\/ceremonie-de-remise-des-diplomes-une-nouvelle-generation-de-laureats-celebree-a-lastrolabe-de-figeac\/#primaryimage\"},\"image\":{\"@id\":\"http:\/\/www.jeannedarc-figeac.fr\/college-lycee\/ceremonie-de-remise-des-diplomes-une-nouvelle-generation-de-laureats-celebree-a-lastrolabe-de-figeac\/#primaryimage\"},\"thumbnailUrl\":\"https:\/\/www.jeannedarc-figeac.fr\/college-lycee\/wp-content\/uploads\/sites\/5\/2026\/01\/1764669437348-300x225.jpeg\",\"datePublished\":\"2026-01-07T09:53:28+00:00\",\"dateModified\":\"2026-01-07T09:53:34+00:00\",\"author\":{\"@id\":\"https:\/\/www.jeannedarc-figeac.fr\/college-lycee\/#\/schema\/person\/29e5764f28e895dc8bf41d4468f99154\"},\"description\":\"Samedi 29 novembre, l\u2019Astrolabe a r\u00e9sonn\u00e9 d\u2019applaudissements et d\u2019\u00e9motions \u00e0 l\u2019occasion de la c\u00e9r\u00e9monie officielle de remise des dipl\u00f4mes organis\u00e9e par le\",\"breadcrumb\":{\"@id\":\"http:\/\/www.jeannedarc-figeac.fr\/college-lycee\/ceremonie-de-remise-des-diplomes-une-nouvelle-generation-de-laureats-celebree-a-lastrolabe-de-figeac\/#breadcrumb\"},\"inLanguage\":\"fr-FR\",\"potentialAction\":[{\"@type\":\"ReadAction\",\"target\":[\"http:\/\/www.jeannedarc-figeac.fr\/college-lycee\/ceremonie-de-remise-des-diplomes-une-nouvelle-generation-de-laureats-celebree-a-lastrolabe-de-figeac\/\"]}]},{\"@type\":\"ImageObject\",\"inLanguage\":\"fr-FR\",\"@id\":\"http:\/\/www.jeannedarc-figeac.fr\/college-lycee\/ceremonie-de-remise-des-diplomes-une-nouvelle-generation-de-laureats-celebree-a-lastrolabe-de-figeac\/#primaryimage\",\"url\":\"https:\/\/www.jeannedarc-figeac.fr\/college-lycee\/wp-content\/uploads\/sites\/5\/2026\/01\/1764669437348-300x225.jpeg\",\"contentUrl\":\"https:\/\/www.jeannedarc-figeac.fr\/college-lycee\/wp-content\/uploads\/sites\/5\/2026\/01\/1764669437348-300x225.jpeg\"},{\"@type\":\"BreadcrumbList\",\"@id\":\"http:\/\/www.jeannedarc-figeac.fr\/college-lycee\/ceremonie-de-remise-des-diplomes-une-nouvelle-generation-de-laureats-celebree-a-lastrolabe-de-figeac\/#breadcrumb\",\"itemListElement\":[{\"@type\":\"ListItem\",\"position\":1,\"name\":\"Accueil\",\"item\":\"https:\/\/www.jeannedarc-figeac.fr\/college-lycee\/\"},{\"@type\":\"ListItem\",\"position\":2,\"name\":\"Actus\",\"item\":\"http:\/\/www.jeannedarc-figeac.fr\/college-lycee\/cat\/actus\/\"},{\"@type\":\"ListItem\",\"position\":3,\"name\":\"C\u00e9r\u00e9monie de remise des dipl\u00f4mes : une nouvelle g\u00e9n\u00e9ration de laur\u00e9ats c\u00e9l\u00e9br\u00e9e \u00e0 l\u2019Astrolabe de Figeac\"}]},{\"@type\":\"WebSite\",\"@id\":\"https:\/\/www.jeannedarc-figeac.fr\/college-lycee\/#website\",\"url\":\"https:\/\/www.jeannedarc-figeac.fr\/college-lycee\/\",\"name\":\"Coll\u00e8ge et Lyc\u00e9e Jeanne d&#039;Arc\",\"description\":\"Jeanne d&#039;Arc Figeac\",\"potentialAction\":[{\"@type\":\"SearchAction\",\"target\":{\"@type\":\"EntryPoint\",\"urlTemplate\":\"https:\/\/www.jeannedarc-figeac.fr\/college-lycee\/?s={search_term_string}\"},\"query-input\":{\"@type\":\"PropertyValueSpecification\",\"valueRequired\":true,\"valueName\":\"search_term_string\"}}],\"inLanguage\":\"fr-FR\"},{\"@type\":\"Person\",\"@id\":\"https:\/\/www.jeannedarc-figeac.fr\/college-lycee\/#\/schema\/person\/29e5764f28e895dc8bf41d4468f99154\",\"name\":\"le secr\u00e9tariat\",\"image\":{\"@type\":\"ImageObject\",\"inLanguage\":\"fr-FR\",\"@id\":\"https:\/\/www.jeannedarc-figeac.fr\/college-lycee\/#\/schema\/person\/image\/\",\"url\":\"https:\/\/www.jeannedarc-figeac.fr\/college-lycee\/wp-content\/litespeed\/avatar\/5\/b7e8da60f53ba4adc9e9e66d91d84580.jpg?ver=1777548714\",\"contentUrl\":\"https:\/\/www.jeannedarc-figeac.fr\/college-lycee\/wp-content\/litespeed\/avatar\/5\/b7e8da60f53ba4adc9e9e66d91d84580.jpg?ver=1777548714\",\"caption\":\"le secr\u00e9tariat\"},\"url\":\"https:\/\/www.jeannedarc-figeac.fr\/college-lycee\/author\/arlette\/\"}]}<\/script>\n<!-- \/ Yoast SEO plugin. -->","yoast_head_json":{"title":"C\u00e9r\u00e9monie de remise des dipl\u00f4mes : une nouvelle g\u00e9n\u00e9ration de laur\u00e9ats c\u00e9l\u00e9br\u00e9e \u00e0 l\u2019Astrolabe de Figeac","description":"Samedi 29 novembre, l\u2019Astrolabe a r\u00e9sonn\u00e9 d\u2019applaudissements et d\u2019\u00e9motions \u00e0 l\u2019occasion de la c\u00e9r\u00e9monie officielle de remise des dipl\u00f4mes organis\u00e9e par le","robots":{"index":"index","follow":"follow","max-snippet":"max-snippet:-1","max-image-preview":"max-image-preview:large","max-video-preview":"max-video-preview:-1"},"canonical":"http:\/\/www.jeannedarc-figeac.fr\/college-lycee\/ceremonie-de-remise-des-diplomes-une-nouvelle-generation-de-laureats-celebree-a-lastrolabe-de-figeac\/","og_locale":"fr_FR","og_type":"article","og_title":"C\u00e9r\u00e9monie de remise des dipl\u00f4mes : une nouvelle g\u00e9n\u00e9ration de laur\u00e9ats c\u00e9l\u00e9br\u00e9e \u00e0 l\u2019Astrolabe de Figeac","og_description":"Samedi 29 novembre, l\u2019Astrolabe a r\u00e9sonn\u00e9 d\u2019applaudissements et d\u2019\u00e9motions \u00e0 l\u2019occasion de la c\u00e9r\u00e9monie officielle de remise des dipl\u00f4mes organis\u00e9e par le","og_url":"http:\/\/www.jeannedarc-figeac.fr\/college-lycee\/ceremonie-de-remise-des-diplomes-une-nouvelle-generation-de-laureats-celebree-a-lastrolabe-de-figeac\/","og_site_name":"Coll\u00e8ge et Lyc\u00e9e Jeanne d&#039;Arc","article_published_time":"2026-01-07T09:53:28+00:00","article_modified_time":"2026-01-07T09:53:34+00:00","og_image":[{"url":"https:\/\/www.jeannedarc-figeac.fr\/college-lycee\/wp-content\/uploads\/sites\/5\/2026\/01\/1764669437348-300x225.jpeg","type":"","width":"","height":""}],"author":"le secr\u00e9tariat","schema":{"@context":"https:\/\/schema.org","@graph":[{"@type":"WebPage","@id":"http:\/\/www.jeannedarc-figeac.fr\/college-lycee\/ceremonie-de-remise-des-diplomes-une-nouvelle-generation-de-laureats-celebree-a-lastrolabe-de-figeac\/","url":"http:\/\/www.jeannedarc-figeac.fr\/college-lycee\/ceremonie-de-remise-des-diplomes-une-nouvelle-generation-de-laureats-celebree-a-lastrolabe-de-figeac\/","name":"C\u00e9r\u00e9monie de remise des dipl\u00f4mes : une nouvelle g\u00e9n\u00e9ration de laur\u00e9ats c\u00e9l\u00e9br\u00e9e \u00e0 l\u2019Astrolabe de Figeac","isPartOf":{"@id":"https:\/\/www.jeannedarc-figeac.fr\/college-lycee\/#website"},"primaryImageOfPage":{"@id":"http:\/\/www.jeannedarc-figeac.fr\/college-lycee\/ceremonie-de-remise-des-diplomes-une-nouvelle-generation-de-laureats-celebree-a-lastrolabe-de-figeac\/#primaryimage"},"image":{"@id":"http:\/\/www.jeannedarc-figeac.fr\/college-lycee\/ceremonie-de-remise-des-diplomes-une-nouvelle-generation-de-laureats-celebree-a-lastrolabe-de-figeac\/#primaryimage"},"thumbnailUrl":"https:\/\/www.jeannedarc-figeac.fr\/college-lycee\/wp-content\/uploads\/sites\/5\/2026\/01\/1764669437348-300x225.jpeg","datePublished":"2026-01-07T09:53:28+00:00","dateModified":"2026-01-07T09:53:34+00:00","author":{"@id":"https:\/\/www.jeannedarc-figeac.fr\/college-lycee\/#\/schema\/person\/29e5764f28e895dc8bf41d4468f99154"},"description":"Samedi 29 novembre, l\u2019Astrolabe a r\u00e9sonn\u00e9 d\u2019applaudissements et d\u2019\u00e9motions \u00e0 l\u2019occasion de la c\u00e9r\u00e9monie officielle de remise des dipl\u00f4mes organis\u00e9e par le","breadcrumb":{"@id":"http:\/\/www.jeannedarc-figeac.fr\/college-lycee\/ceremonie-de-remise-des-diplomes-une-nouvelle-generation-de-laureats-celebree-a-lastrolabe-de-figeac\/#breadcrumb"},"inLanguage":"fr-FR","potentialAction":[{"@type":"ReadAction","target":["http:\/\/www.jeannedarc-figeac.fr\/college-lycee\/ceremonie-de-remise-des-diplomes-une-nouvelle-generation-de-laureats-celebree-a-lastrolabe-de-figeac\/"]}]},{"@type":"ImageObject","inLanguage":"fr-FR","@id":"http:\/\/www.jeannedarc-figeac.fr\/college-lycee\/ceremonie-de-remise-des-diplomes-une-nouvelle-generation-de-laureats-celebree-a-lastrolabe-de-figeac\/#primaryimage","url":"https:\/\/www.jeannedarc-figeac.fr\/college-lycee\/wp-content\/uploads\/sites\/5\/2026\/01\/1764669437348-300x225.jpeg","contentUrl":"https:\/\/www.jeannedarc-figeac.fr\/college-lycee\/wp-content\/uploads\/sites\/5\/2026\/01\/1764669437348-300x225.jpeg"},{"@type":"BreadcrumbList","@id":"http:\/\/www.jeannedarc-figeac.fr\/college-lycee\/ceremonie-de-remise-des-diplomes-une-nouvelle-generation-de-laureats-celebree-a-lastrolabe-de-figeac\/#breadcrumb","itemListElement":[{"@type":"ListItem","position":1,"name":"Accueil","item":"https:\/\/www.jeannedarc-figeac.fr\/college-lycee\/"},{"@type":"ListItem","position":2,"name":"Actus","item":"http:\/\/www.jeannedarc-figeac.fr\/college-lycee\/cat\/actus\/"},{"@type":"ListItem","position":3,"name":"C\u00e9r\u00e9monie de remise des dipl\u00f4mes : une nouvelle g\u00e9n\u00e9ration de laur\u00e9ats c\u00e9l\u00e9br\u00e9e \u00e0 l\u2019Astrolabe de Figeac"}]},{"@type":"WebSite","@id":"https:\/\/www.jeannedarc-figeac.fr\/college-lycee\/#website","url":"https:\/\/www.jeannedarc-figeac.fr\/college-lycee\/","name":"Coll\u00e8ge et Lyc\u00e9e Jeanne d&#039;Arc","description":"Jeanne d&#039;Arc Figeac","potentialAction":[{"@type":"SearchAction","target":{"@type":"EntryPoint","urlTemplate":"https:\/\/www.jeannedarc-figeac.fr\/college-lycee\/?s={search_term_string}"},"query-input":{"@type":"PropertyValueSpecification","valueRequired":true,"valueName":"search_term_string"}}],"inLanguage":"fr-FR"},{"@type":"Person","@id":"https:\/\/www.jeannedarc-figeac.fr\/college-lycee\/#\/schema\/person\/29e5764f28e895dc8bf41d4468f99154","name":"le secr\u00e9tariat","image":{"@type":"ImageObject","inLanguage":"fr-FR","@id":"https:\/\/www.jeannedarc-figeac.fr\/college-lycee\/#\/schema\/person\/image\/","url":"https:\/\/www.jeannedarc-figeac.fr\/college-lycee\/wp-content\/litespeed\/avatar\/5\/b7e8da60f53ba4adc9e9e66d91d84580.jpg?ver=1777548714","contentUrl":"https:\/\/www.jeannedarc-figeac.fr\/college-lycee\/wp-content\/litespeed\/avatar\/5\/b7e8da60f53ba4adc9e9e66d91d84580.jpg?ver=1777548714","caption":"le secr\u00e9tariat"},"url":"https:\/\/www.jeannedarc-figeac.fr\/college-lycee\/author\/arlette\/"}]}},"jetpack_featured_media_url":"","jetpack_sharing_enabled":true,"jetpack_shortlink":"https:\/\/wp.me\/p5Qyb6-1C7","_links":{"self":[{"href":"https:\/\/www.jeannedarc-figeac.fr\/college-lycee\/wp-json\/wp\/v2\/posts\/6207","targetHints":{"allow":["GET"]}}],"collection":[{"href":"https:\/\/www.jeannedarc-figeac.fr\/college-lycee\/wp-json\/wp\/v2\/posts"}],"about":[{"href":"https:\/\/www.jeannedarc-figeac.fr\/college-lycee\/wp-json\/wp\/v2\/types\/post"}],"author":[{"embeddable":true,"href":"https:\/\/www.jeannedarc-figeac.fr\/college-lycee\/wp-json\/wp\/v2\/users\/12"}],"replies":[{"embeddable":true,"href":"https:\/\/www.jeannedarc-figeac.fr\/college-lycee\/wp-json\/wp\/v2\/comments?post=6207"}],"version-history":[{"count":1,"href":"https:\/\/www.jeannedarc-figeac.fr\/college-lycee\/wp-json\/wp\/v2\/posts\/6207\/revisions"}],"predecessor-version":[{"id":6209,"href":"https:\/\/www.jeannedarc-figeac.fr\/college-lycee\/wp-json\/wp\/v2\/posts\/6207\/revisions\/6209"}],"wp:attachment":[{"href":"https:\/\/www.jeannedarc-figeac.fr\/college-lycee\/wp-json\/wp\/v2\/media?parent=6207"}],"wp:term":[{"taxonomy":"category","embeddable":true,"href":"https:\/\/www.jeannedarc-figeac.fr\/college-lycee\/wp-json\/wp\/v2\/categories?post=6207"},{"taxonomy":"post_tag","embeddable":true,"href":"https:\/\/www.jeannedarc-figeac.fr\/college-lycee\/wp-json\/wp\/v2\/tags?post=6207"}],"curies":[{"name":"wp","href":"https:\/\/api.w.org\/{rel}","templated":true}]}}