{"id":6204,"date":"2026-01-07T09:42:13","date_gmt":"2026-01-07T09:42:13","guid":{"rendered":"https:\/\/www.jeannedarc-figeac.fr\/college-lycee\/?p=6204"},"modified":"2026-01-07T09:42:18","modified_gmt":"2026-01-07T09:42:18","slug":"octobre-rose-a-jeanne-darc","status":"publish","type":"post","link":"https:\/\/www.jeannedarc-figeac.fr\/college-lycee\/octobre-rose-a-jeanne-darc\/","title":{"rendered":"Octobre rose \u00e0 Jeanne d&rsquo;Arc"},"content":{"rendered":"\n<figure class=\"wp-block-image size-medium\"><a href=\"https:\/\/i0.wp.com\/www.jeannedarc-figeac.fr\/college-lycee\/wp-content\/uploads\/sites\/5\/2026\/01\/1764153102643-scaled.jpeg?ssl=1\"><img data-recalc-dims=\"1\" loading=\"lazy\" decoding=\"async\" width=\"300\" height=\"139\" src=\"https:\/\/i0.wp.com\/www.jeannedarc-figeac.fr\/college-lycee\/wp-content\/uploads\/sites\/5\/2026\/01\/1764153102643-300x139.jpeg?resize=300%2C139&#038;ssl=1\" alt=\"\" class=\"wp-image-6205\" \/><\/a><\/figure>\n\n\n\n<p>L\u2019ensemble de la communaut\u00e9 de l\u2019\u00e9tablissement scolaire Jeanne d\u2019Arc est fier de vous annoncer que\u00a0la mobilisation des \u00e9l\u00e8ves de Jeanne d\u2019Arc pour octobre Rose, cette ann\u00e9e 2025, a \u00e9t\u00e9 record. Nous avons remis un ch\u00e8que de 460 euros \u00e0 l\u2019association figeacoise de la lutte contre le cancer. Merci \u00e0 l\u2019\u00e9quipe du Conseil de Vie Coll\u00e9gienne qui compte une vingtaine de coll\u00e9giens de rendre cet \u00e9v\u00e8nement possible tous les ans. Les jeunes coll\u00e9giens se sont investis tous les jeudis d\u2019octobre pendant la pause d\u00e9jeuner en vendant des petites douceurs d\u00e9licieuses (cr\u00eapes, p\u00e2tisseries&#8230;) mais aussi des rubans, colliers, bracelets, boucles d\u2019oreille\u2026confectionn\u00e9s de leurs mains. Des tee shirts rose ont aussi \u00e9t\u00e9 cr\u00e9\u00e9s et vendus pour l\u2019occasion. Les jeudis d\u2019octobre \u00e0 Jeanne d\u2019Arc ont \u00e9t\u00e9 color\u00e9s de rose et de nombreux \u00e9l\u00e8ves et adultes ont montr\u00e9 leur soutien \u00e0 la cause en s\u2019habillant de rose. Merci aux p\u00e2tissier(e)s, Merci aux artistes, Merci \u00e0 tous d\u2019avoir donn\u00e9 de votre temps, un peu d\u2019argent, ou bien seulement de l\u2019int\u00e9r\u00eat pour cette mobilisation\u00a0!!! <strong>Un bel \u00e9lan de SOLIDARIT\u00c9 qui fait du bien\u00a0!<\/strong><\/p>\n","protected":false},"excerpt":{"rendered":"<p>L\u2019ensemble de la communaut\u00e9 de l\u2019\u00e9tablissement scolaire Jeanne d\u2019Arc est fier de vous annoncer que\u00a0la mobilisation des \u00e9l\u00e8ves de Jeanne d\u2019Arc pour octobre Rose, cette ann\u00e9e 2025, a \u00e9t\u00e9 record. Nous avons remis un ch\u00e8que de 460 euros \u00e0 l\u2019association figeacoise de la lutte contre le cancer. Merci \u00e0 l\u2019\u00e9quipe du Conseil de Vie Coll\u00e9gienne [&hellip;]<\/p>\n","protected":false},"author":12,"featured_media":0,"comment_status":"closed","ping_status":"open","sticky":false,"template":"","format":"standard","meta":{"_et_pb_use_builder":"off","_et_pb_old_content":"","_et_gb_content_width":"","_jetpack_newsletter_access":"","_jetpack_dont_email_post_to_subs":false,"_jetpack_newsletter_tier_id":0,"_jetpack_memberships_contains_paywalled_content":false,"iawp_total_views":0,"_jetpack_memberships_contains_paid_content":false,"footnotes":""},"categories":[28],"tags":[],"class_list":["post-6204","post","type-post","status-publish","format-standard","hentry","category-actus"],"yoast_head":"<!-- This site is optimized with the Yoast SEO plugin v26.0 - https:\/\/yoast.com\/wordpress\/plugins\/seo\/ -->\n<title>Octobre rose \u00e0 Jeanne d&#039;Arc<\/title>\n<meta name=\"description\" content=\"L\u2019ensemble de la communaut\u00e9 de l\u2019\u00e9tablissement scolaire Jeanne d\u2019Arc est fier de vous annoncer que\u00a0la mobilisation des \u00e9l\u00e8ves de Jeanne d\u2019Arc pour octobre\" \/>\n<meta name=\"robots\" content=\"index, follow, max-snippet:-1, max-image-preview:large, max-video-preview:-1\" \/>\n<link rel=\"canonical\" href=\"http:\/\/www.jeannedarc-figeac.fr\/college-lycee\/octobre-rose-a-jeanne-darc\/\" \/>\n<meta property=\"og:locale\" content=\"fr_FR\" \/>\n<meta property=\"og:type\" content=\"article\" \/>\n<meta property=\"og:title\" content=\"Octobre rose \u00e0 Jeanne d&#039;Arc\" \/>\n<meta property=\"og:description\" content=\"L\u2019ensemble de la communaut\u00e9 de l\u2019\u00e9tablissement scolaire Jeanne d\u2019Arc est fier de vous annoncer que\u00a0la mobilisation des \u00e9l\u00e8ves de Jeanne d\u2019Arc pour octobre\" \/>\n<meta property=\"og:url\" content=\"http:\/\/www.jeannedarc-figeac.fr\/college-lycee\/octobre-rose-a-jeanne-darc\/\" \/>\n<meta property=\"og:site_name\" content=\"Coll\u00e8ge et Lyc\u00e9e Jeanne d&#039;Arc\" \/>\n<meta property=\"article:published_time\" content=\"2026-01-07T09:42:13+00:00\" \/>\n<meta property=\"article:modified_time\" content=\"2026-01-07T09:42:18+00:00\" \/>\n<meta property=\"og:image\" content=\"https:\/\/www.jeannedarc-figeac.fr\/college-lycee\/wp-content\/uploads\/sites\/5\/2026\/01\/1764153102643-300x139.jpeg\" \/>\n<meta name=\"author\" content=\"le secr\u00e9tariat\" \/>\n<script type=\"application\/ld+json\" class=\"yoast-schema-graph\">{\"@context\":\"https:\/\/schema.org\",\"@graph\":[{\"@type\":\"WebPage\",\"@id\":\"http:\/\/www.jeannedarc-figeac.fr\/college-lycee\/octobre-rose-a-jeanne-darc\/\",\"url\":\"http:\/\/www.jeannedarc-figeac.fr\/college-lycee\/octobre-rose-a-jeanne-darc\/\",\"name\":\"Octobre rose \u00e0 Jeanne d'Arc\",\"isPartOf\":{\"@id\":\"https:\/\/www.jeannedarc-figeac.fr\/college-lycee\/#website\"},\"primaryImageOfPage\":{\"@id\":\"http:\/\/www.jeannedarc-figeac.fr\/college-lycee\/octobre-rose-a-jeanne-darc\/#primaryimage\"},\"image\":{\"@id\":\"http:\/\/www.jeannedarc-figeac.fr\/college-lycee\/octobre-rose-a-jeanne-darc\/#primaryimage\"},\"thumbnailUrl\":\"https:\/\/www.jeannedarc-figeac.fr\/college-lycee\/wp-content\/uploads\/sites\/5\/2026\/01\/1764153102643-300x139.jpeg\",\"datePublished\":\"2026-01-07T09:42:13+00:00\",\"dateModified\":\"2026-01-07T09:42:18+00:00\",\"author\":{\"@id\":\"https:\/\/www.jeannedarc-figeac.fr\/college-lycee\/#\/schema\/person\/29e5764f28e895dc8bf41d4468f99154\"},\"description\":\"L\u2019ensemble de la communaut\u00e9 de l\u2019\u00e9tablissement scolaire Jeanne d\u2019Arc est fier de vous annoncer que\u00a0la mobilisation des \u00e9l\u00e8ves de Jeanne d\u2019Arc pour octobre\",\"breadcrumb\":{\"@id\":\"http:\/\/www.jeannedarc-figeac.fr\/college-lycee\/octobre-rose-a-jeanne-darc\/#breadcrumb\"},\"inLanguage\":\"fr-FR\",\"potentialAction\":[{\"@type\":\"ReadAction\",\"target\":[\"http:\/\/www.jeannedarc-figeac.fr\/college-lycee\/octobre-rose-a-jeanne-darc\/\"]}]},{\"@type\":\"ImageObject\",\"inLanguage\":\"fr-FR\",\"@id\":\"http:\/\/www.jeannedarc-figeac.fr\/college-lycee\/octobre-rose-a-jeanne-darc\/#primaryimage\",\"url\":\"https:\/\/www.jeannedarc-figeac.fr\/college-lycee\/wp-content\/uploads\/sites\/5\/2026\/01\/1764153102643-300x139.jpeg\",\"contentUrl\":\"https:\/\/www.jeannedarc-figeac.fr\/college-lycee\/wp-content\/uploads\/sites\/5\/2026\/01\/1764153102643-300x139.jpeg\"},{\"@type\":\"BreadcrumbList\",\"@id\":\"http:\/\/www.jeannedarc-figeac.fr\/college-lycee\/octobre-rose-a-jeanne-darc\/#breadcrumb\",\"itemListElement\":[{\"@type\":\"ListItem\",\"position\":1,\"name\":\"Accueil\",\"item\":\"https:\/\/www.jeannedarc-figeac.fr\/college-lycee\/\"},{\"@type\":\"ListItem\",\"position\":2,\"name\":\"Actus\",\"item\":\"http:\/\/www.jeannedarc-figeac.fr\/college-lycee\/cat\/actus\/\"},{\"@type\":\"ListItem\",\"position\":3,\"name\":\"Octobre rose \u00e0 Jeanne d&rsquo;Arc\"}]},{\"@type\":\"WebSite\",\"@id\":\"https:\/\/www.jeannedarc-figeac.fr\/college-lycee\/#website\",\"url\":\"https:\/\/www.jeannedarc-figeac.fr\/college-lycee\/\",\"name\":\"Coll\u00e8ge et Lyc\u00e9e Jeanne d&#039;Arc\",\"description\":\"Jeanne d&#039;Arc Figeac\",\"potentialAction\":[{\"@type\":\"SearchAction\",\"target\":{\"@type\":\"EntryPoint\",\"urlTemplate\":\"https:\/\/www.jeannedarc-figeac.fr\/college-lycee\/?s={search_term_string}\"},\"query-input\":{\"@type\":\"PropertyValueSpecification\",\"valueRequired\":true,\"valueName\":\"search_term_string\"}}],\"inLanguage\":\"fr-FR\"},{\"@type\":\"Person\",\"@id\":\"https:\/\/www.jeannedarc-figeac.fr\/college-lycee\/#\/schema\/person\/29e5764f28e895dc8bf41d4468f99154\",\"name\":\"le secr\u00e9tariat\",\"image\":{\"@type\":\"ImageObject\",\"inLanguage\":\"fr-FR\",\"@id\":\"https:\/\/www.jeannedarc-figeac.fr\/college-lycee\/#\/schema\/person\/image\/\",\"url\":\"https:\/\/www.jeannedarc-figeac.fr\/college-lycee\/wp-content\/litespeed\/avatar\/5\/b7e8da60f53ba4adc9e9e66d91d84580.jpg?ver=1777548714\",\"contentUrl\":\"https:\/\/www.jeannedarc-figeac.fr\/college-lycee\/wp-content\/litespeed\/avatar\/5\/b7e8da60f53ba4adc9e9e66d91d84580.jpg?ver=1777548714\",\"caption\":\"le secr\u00e9tariat\"},\"url\":\"https:\/\/www.jeannedarc-figeac.fr\/college-lycee\/author\/arlette\/\"}]}<\/script>\n<!-- \/ Yoast SEO plugin. -->","yoast_head_json":{"title":"Octobre rose \u00e0 Jeanne d'Arc","description":"L\u2019ensemble de la communaut\u00e9 de l\u2019\u00e9tablissement scolaire Jeanne d\u2019Arc est fier de vous annoncer que\u00a0la mobilisation des \u00e9l\u00e8ves de Jeanne d\u2019Arc pour octobre","robots":{"index":"index","follow":"follow","max-snippet":"max-snippet:-1","max-image-preview":"max-image-preview:large","max-video-preview":"max-video-preview:-1"},"canonical":"http:\/\/www.jeannedarc-figeac.fr\/college-lycee\/octobre-rose-a-jeanne-darc\/","og_locale":"fr_FR","og_type":"article","og_title":"Octobre rose \u00e0 Jeanne d'Arc","og_description":"L\u2019ensemble de la communaut\u00e9 de l\u2019\u00e9tablissement scolaire Jeanne d\u2019Arc est fier de vous annoncer que\u00a0la mobilisation des \u00e9l\u00e8ves de Jeanne d\u2019Arc pour octobre","og_url":"http:\/\/www.jeannedarc-figeac.fr\/college-lycee\/octobre-rose-a-jeanne-darc\/","og_site_name":"Coll\u00e8ge et Lyc\u00e9e Jeanne d&#039;Arc","article_published_time":"2026-01-07T09:42:13+00:00","article_modified_time":"2026-01-07T09:42:18+00:00","og_image":[{"url":"https:\/\/www.jeannedarc-figeac.fr\/college-lycee\/wp-content\/uploads\/sites\/5\/2026\/01\/1764153102643-300x139.jpeg","type":"","width":"","height":""}],"author":"le secr\u00e9tariat","schema":{"@context":"https:\/\/schema.org","@graph":[{"@type":"WebPage","@id":"http:\/\/www.jeannedarc-figeac.fr\/college-lycee\/octobre-rose-a-jeanne-darc\/","url":"http:\/\/www.jeannedarc-figeac.fr\/college-lycee\/octobre-rose-a-jeanne-darc\/","name":"Octobre rose \u00e0 Jeanne d'Arc","isPartOf":{"@id":"https:\/\/www.jeannedarc-figeac.fr\/college-lycee\/#website"},"primaryImageOfPage":{"@id":"http:\/\/www.jeannedarc-figeac.fr\/college-lycee\/octobre-rose-a-jeanne-darc\/#primaryimage"},"image":{"@id":"http:\/\/www.jeannedarc-figeac.fr\/college-lycee\/octobre-rose-a-jeanne-darc\/#primaryimage"},"thumbnailUrl":"https:\/\/www.jeannedarc-figeac.fr\/college-lycee\/wp-content\/uploads\/sites\/5\/2026\/01\/1764153102643-300x139.jpeg","datePublished":"2026-01-07T09:42:13+00:00","dateModified":"2026-01-07T09:42:18+00:00","author":{"@id":"https:\/\/www.jeannedarc-figeac.fr\/college-lycee\/#\/schema\/person\/29e5764f28e895dc8bf41d4468f99154"},"description":"L\u2019ensemble de la communaut\u00e9 de l\u2019\u00e9tablissement scolaire Jeanne d\u2019Arc est fier de vous annoncer que\u00a0la mobilisation des \u00e9l\u00e8ves de Jeanne d\u2019Arc pour octobre","breadcrumb":{"@id":"http:\/\/www.jeannedarc-figeac.fr\/college-lycee\/octobre-rose-a-jeanne-darc\/#breadcrumb"},"inLanguage":"fr-FR","potentialAction":[{"@type":"ReadAction","target":["http:\/\/www.jeannedarc-figeac.fr\/college-lycee\/octobre-rose-a-jeanne-darc\/"]}]},{"@type":"ImageObject","inLanguage":"fr-FR","@id":"http:\/\/www.jeannedarc-figeac.fr\/college-lycee\/octobre-rose-a-jeanne-darc\/#primaryimage","url":"https:\/\/www.jeannedarc-figeac.fr\/college-lycee\/wp-content\/uploads\/sites\/5\/2026\/01\/1764153102643-300x139.jpeg","contentUrl":"https:\/\/www.jeannedarc-figeac.fr\/college-lycee\/wp-content\/uploads\/sites\/5\/2026\/01\/1764153102643-300x139.jpeg"},{"@type":"BreadcrumbList","@id":"http:\/\/www.jeannedarc-figeac.fr\/college-lycee\/octobre-rose-a-jeanne-darc\/#breadcrumb","itemListElement":[{"@type":"ListItem","position":1,"name":"Accueil","item":"https:\/\/www.jeannedarc-figeac.fr\/college-lycee\/"},{"@type":"ListItem","position":2,"name":"Actus","item":"http:\/\/www.jeannedarc-figeac.fr\/college-lycee\/cat\/actus\/"},{"@type":"ListItem","position":3,"name":"Octobre rose \u00e0 Jeanne d&rsquo;Arc"}]},{"@type":"WebSite","@id":"https:\/\/www.jeannedarc-figeac.fr\/college-lycee\/#website","url":"https:\/\/www.jeannedarc-figeac.fr\/college-lycee\/","name":"Coll\u00e8ge et Lyc\u00e9e Jeanne d&#039;Arc","description":"Jeanne d&#039;Arc Figeac","potentialAction":[{"@type":"SearchAction","target":{"@type":"EntryPoint","urlTemplate":"https:\/\/www.jeannedarc-figeac.fr\/college-lycee\/?s={search_term_string}"},"query-input":{"@type":"PropertyValueSpecification","valueRequired":true,"valueName":"search_term_string"}}],"inLanguage":"fr-FR"},{"@type":"Person","@id":"https:\/\/www.jeannedarc-figeac.fr\/college-lycee\/#\/schema\/person\/29e5764f28e895dc8bf41d4468f99154","name":"le secr\u00e9tariat","image":{"@type":"ImageObject","inLanguage":"fr-FR","@id":"https:\/\/www.jeannedarc-figeac.fr\/college-lycee\/#\/schema\/person\/image\/","url":"https:\/\/www.jeannedarc-figeac.fr\/college-lycee\/wp-content\/litespeed\/avatar\/5\/b7e8da60f53ba4adc9e9e66d91d84580.jpg?ver=1777548714","contentUrl":"https:\/\/www.jeannedarc-figeac.fr\/college-lycee\/wp-content\/litespeed\/avatar\/5\/b7e8da60f53ba4adc9e9e66d91d84580.jpg?ver=1777548714","caption":"le secr\u00e9tariat"},"url":"https:\/\/www.jeannedarc-figeac.fr\/college-lycee\/author\/arlette\/"}]}},"jetpack_featured_media_url":"","jetpack_sharing_enabled":true,"jetpack_shortlink":"https:\/\/wp.me\/p5Qyb6-1C4","_links":{"self":[{"href":"https:\/\/www.jeannedarc-figeac.fr\/college-lycee\/wp-json\/wp\/v2\/posts\/6204","targetHints":{"allow":["GET"]}}],"collection":[{"href":"https:\/\/www.jeannedarc-figeac.fr\/college-lycee\/wp-json\/wp\/v2\/posts"}],"about":[{"href":"https:\/\/www.jeannedarc-figeac.fr\/college-lycee\/wp-json\/wp\/v2\/types\/post"}],"author":[{"embeddable":true,"href":"https:\/\/www.jeannedarc-figeac.fr\/college-lycee\/wp-json\/wp\/v2\/users\/12"}],"replies":[{"embeddable":true,"href":"https:\/\/www.jeannedarc-figeac.fr\/college-lycee\/wp-json\/wp\/v2\/comments?post=6204"}],"version-history":[{"count":1,"href":"https:\/\/www.jeannedarc-figeac.fr\/college-lycee\/wp-json\/wp\/v2\/posts\/6204\/revisions"}],"predecessor-version":[{"id":6206,"href":"https:\/\/www.jeannedarc-figeac.fr\/college-lycee\/wp-json\/wp\/v2\/posts\/6204\/revisions\/6206"}],"wp:attachment":[{"href":"https:\/\/www.jeannedarc-figeac.fr\/college-lycee\/wp-json\/wp\/v2\/media?parent=6204"}],"wp:term":[{"taxonomy":"category","embeddable":true,"href":"https:\/\/www.jeannedarc-figeac.fr\/college-lycee\/wp-json\/wp\/v2\/categories?post=6204"},{"taxonomy":"post_tag","embeddable":true,"href":"https:\/\/www.jeannedarc-figeac.fr\/college-lycee\/wp-json\/wp\/v2\/tags?post=6204"}],"curies":[{"name":"wp","href":"https:\/\/api.w.org\/{rel}","templated":true}]}}