{"id":6088,"date":"2025-05-05T15:00:26","date_gmt":"2025-05-05T15:00:26","guid":{"rendered":"http:\/\/www.jeannedarc-figeac.fr\/college-lycee\/?p=6088"},"modified":"2025-05-05T15:00:29","modified_gmt":"2025-05-05T15:00:29","slug":"une-semaine-dechange-pour-les-eleves-de-jeanne-darc-de-figeac-et-de-berlanga-en-extremadure","status":"publish","type":"post","link":"https:\/\/www.jeannedarc-figeac.fr\/college-lycee\/une-semaine-dechange-pour-les-eleves-de-jeanne-darc-de-figeac-et-de-berlanga-en-extremadure\/","title":{"rendered":"Une semaine d&rsquo;\u00e9change pour les \u00e9l\u00e8ves de Jeanne d&rsquo;Arc de Figeac et de Berlanga en Extr\u00e9madure."},"content":{"rendered":"\n<p>Pour la 8\u00e8me fois, du 2 avril au 10 avril, les \u00e9l\u00e8ves de 3\u00e8me et de 2de du Coll\u00e8ge et Lyc\u00e9e Jeanne d&rsquo;Arc ont accueilli leurs correspondants espagnols du centre Cuatro Villa de Berlanga. La semaine a \u00e9t\u00e9 riche sur le plan culturel, historique et relationnel. Ils ont partag\u00e9 le quotidien des familles fran\u00e7aises, ont d\u00e9couvert la r\u00e9gion qui est tr\u00e8s diff\u00e9rente de leur autonomie. Assister aux cours leur a permis de d\u00e9couvrir le syst\u00e8me scolaire fran\u00e7ais. Au programme des visites dans le Lot, celles du mus\u00e9e Champollion, de Figeac, du chemin de halage \u00e0 Saint-Cirq-Lapopie, du gouffre de Padirac et de Rocamadour. Ils ont visit\u00e9 la ferme Dournes de Capdenac Le Haut et ont d\u00e9gust\u00e9 des fromages au lait de ch\u00e8vres. De beaux moments de convivialit\u00e9 ont \u00e9t\u00e9 partag\u00e9s lors de la soir\u00e9e franco-espagnole et autour d&rsquo;une partie de bowling. Au mois de mai les fran\u00e7ais vont se rendre en Extr\u00e9madure o\u00f9 ils seront accueillis dans les familles espagnoles et d\u00e9couvriront \u00e0 leur tour d&rsquo;autres paysages et coutumes.\u00a0<\/p>\n\n\n\n<div class=\"wp-block-media-text is-stacked-on-mobile\"><figure class=\"wp-block-media-text__media\"><img data-recalc-dims=\"1\" loading=\"lazy\" decoding=\"async\" width=\"1080\" height=\"810\" src=\"https:\/\/i0.wp.com\/www.jeannedarc-figeac.fr\/college-lycee\/wp-content\/uploads\/sites\/5\/2025\/05\/20250404_110622-scaled.jpg?resize=1080%2C810\" alt=\"\" class=\"wp-image-6089 size-full\" srcset=\"http:\/\/www.jeannedarc-figeac.fr\/college-lycee\/wp-content\/uploads\/sites\/5\/2025\/05\/20250404_110622-scaled.jpg 2880w, http:\/\/www.jeannedarc-figeac.fr\/college-lycee\/wp-content\/uploads\/sites\/5\/2025\/05\/20250404_110622-1280x960.jpg 1280w, http:\/\/www.jeannedarc-figeac.fr\/college-lycee\/wp-content\/uploads\/sites\/5\/2025\/05\/20250404_110622-980x735.jpg 980w, http:\/\/www.jeannedarc-figeac.fr\/college-lycee\/wp-content\/uploads\/sites\/5\/2025\/05\/20250404_110622-480x360.jpg 480w\" sizes=\"(min-width: 0px) and (max-width: 480px) 480px, (min-width: 481px) and (max-width: 980px) 980px, (min-width: 981px) and (max-width: 1280px) 1280px, (min-width: 1281px) 2880px, 100vw\" \/><\/figure><div class=\"wp-block-media-text__content\">\n<p><\/p>\n<\/div><\/div>\n","protected":false},"excerpt":{"rendered":"<p>Pour la 8\u00e8me fois, du 2 avril au 10 avril, les \u00e9l\u00e8ves de 3\u00e8me et de 2de du Coll\u00e8ge et Lyc\u00e9e Jeanne d&rsquo;Arc ont accueilli leurs correspondants espagnols du centre Cuatro Villa de Berlanga. La semaine a \u00e9t\u00e9 riche sur le plan culturel, historique et relationnel. Ils ont partag\u00e9 le quotidien des familles fran\u00e7aises, ont [&hellip;]<\/p>\n","protected":false},"author":12,"featured_media":0,"comment_status":"closed","ping_status":"open","sticky":false,"template":"","format":"standard","meta":{"_et_pb_use_builder":"off","_et_pb_old_content":"","_et_gb_content_width":"","_jetpack_newsletter_access":"","_jetpack_dont_email_post_to_subs":false,"_jetpack_newsletter_tier_id":0,"_jetpack_memberships_contains_paywalled_content":false,"iawp_total_views":1,"_jetpack_memberships_contains_paid_content":false,"footnotes":""},"categories":[28],"tags":[],"class_list":["post-6088","post","type-post","status-publish","format-standard","hentry","category-actus"],"yoast_head":"<!-- This site is optimized with the Yoast SEO plugin v26.0 - https:\/\/yoast.com\/wordpress\/plugins\/seo\/ -->\n<title>Une semaine d&#039;\u00e9change pour les \u00e9l\u00e8ves de Jeanne d&#039;Arc de Figeac et de Berlanga en Extr\u00e9madure.<\/title>\n<meta name=\"description\" content=\"Pour la 8\u00e8me fois, du 2 avril au 10 avril, les \u00e9l\u00e8ves de 3\u00e8me et de 2de du Coll\u00e8ge et Lyc\u00e9e Jeanne d&#039;Arc ont accueilli leurs correspondants espagnols du\" \/>\n<meta name=\"robots\" content=\"index, follow, max-snippet:-1, max-image-preview:large, max-video-preview:-1\" \/>\n<link rel=\"canonical\" href=\"http:\/\/www.jeannedarc-figeac.fr\/college-lycee\/une-semaine-dechange-pour-les-eleves-de-jeanne-darc-de-figeac-et-de-berlanga-en-extremadure\/\" \/>\n<meta property=\"og:locale\" content=\"fr_FR\" \/>\n<meta property=\"og:type\" content=\"article\" \/>\n<meta property=\"og:title\" content=\"Une semaine d&#039;\u00e9change pour les \u00e9l\u00e8ves de Jeanne d&#039;Arc de Figeac et de Berlanga en Extr\u00e9madure.\" \/>\n<meta property=\"og:description\" content=\"Pour la 8\u00e8me fois, du 2 avril au 10 avril, les \u00e9l\u00e8ves de 3\u00e8me et de 2de du Coll\u00e8ge et Lyc\u00e9e Jeanne d&#039;Arc ont accueilli leurs correspondants espagnols du\" \/>\n<meta property=\"og:url\" content=\"http:\/\/www.jeannedarc-figeac.fr\/college-lycee\/une-semaine-dechange-pour-les-eleves-de-jeanne-darc-de-figeac-et-de-berlanga-en-extremadure\/\" \/>\n<meta property=\"og:site_name\" content=\"Coll\u00e8ge et Lyc\u00e9e Jeanne d&#039;Arc\" \/>\n<meta property=\"article:published_time\" content=\"2025-05-05T15:00:26+00:00\" \/>\n<meta property=\"article:modified_time\" content=\"2025-05-05T15:00:29+00:00\" \/>\n<meta property=\"og:image\" content=\"http:\/\/www.jeannedarc-figeac.fr\/college-lycee\/wp-content\/uploads\/sites\/5\/2025\/05\/20250404_110622-scaled.jpg\" \/>\n<meta name=\"author\" content=\"le secr\u00e9tariat\" \/>\n<script type=\"application\/ld+json\" class=\"yoast-schema-graph\">{\"@context\":\"https:\/\/schema.org\",\"@graph\":[{\"@type\":\"WebPage\",\"@id\":\"http:\/\/www.jeannedarc-figeac.fr\/college-lycee\/une-semaine-dechange-pour-les-eleves-de-jeanne-darc-de-figeac-et-de-berlanga-en-extremadure\/\",\"url\":\"http:\/\/www.jeannedarc-figeac.fr\/college-lycee\/une-semaine-dechange-pour-les-eleves-de-jeanne-darc-de-figeac-et-de-berlanga-en-extremadure\/\",\"name\":\"Une semaine d'\u00e9change pour les \u00e9l\u00e8ves de Jeanne d'Arc de Figeac et de Berlanga en Extr\u00e9madure.\",\"isPartOf\":{\"@id\":\"https:\/\/www.jeannedarc-figeac.fr\/college-lycee\/#website\"},\"primaryImageOfPage\":{\"@id\":\"http:\/\/www.jeannedarc-figeac.fr\/college-lycee\/une-semaine-dechange-pour-les-eleves-de-jeanne-darc-de-figeac-et-de-berlanga-en-extremadure\/#primaryimage\"},\"image\":{\"@id\":\"http:\/\/www.jeannedarc-figeac.fr\/college-lycee\/une-semaine-dechange-pour-les-eleves-de-jeanne-darc-de-figeac-et-de-berlanga-en-extremadure\/#primaryimage\"},\"thumbnailUrl\":\"http:\/\/www.jeannedarc-figeac.fr\/college-lycee\/wp-content\/uploads\/sites\/5\/2025\/05\/20250404_110622-scaled.jpg\",\"datePublished\":\"2025-05-05T15:00:26+00:00\",\"dateModified\":\"2025-05-05T15:00:29+00:00\",\"author\":{\"@id\":\"https:\/\/www.jeannedarc-figeac.fr\/college-lycee\/#\/schema\/person\/29e5764f28e895dc8bf41d4468f99154\"},\"description\":\"Pour la 8\u00e8me fois, du 2 avril au 10 avril, les \u00e9l\u00e8ves de 3\u00e8me et de 2de du Coll\u00e8ge et Lyc\u00e9e Jeanne d'Arc ont accueilli leurs correspondants espagnols du\",\"breadcrumb\":{\"@id\":\"http:\/\/www.jeannedarc-figeac.fr\/college-lycee\/une-semaine-dechange-pour-les-eleves-de-jeanne-darc-de-figeac-et-de-berlanga-en-extremadure\/#breadcrumb\"},\"inLanguage\":\"fr-FR\",\"potentialAction\":[{\"@type\":\"ReadAction\",\"target\":[\"http:\/\/www.jeannedarc-figeac.fr\/college-lycee\/une-semaine-dechange-pour-les-eleves-de-jeanne-darc-de-figeac-et-de-berlanga-en-extremadure\/\"]}]},{\"@type\":\"ImageObject\",\"inLanguage\":\"fr-FR\",\"@id\":\"http:\/\/www.jeannedarc-figeac.fr\/college-lycee\/une-semaine-dechange-pour-les-eleves-de-jeanne-darc-de-figeac-et-de-berlanga-en-extremadure\/#primaryimage\",\"url\":\"https:\/\/i0.wp.com\/www.jeannedarc-figeac.fr\/college-lycee\/wp-content\/uploads\/sites\/5\/2025\/05\/20250404_110622-scaled.jpg?fit=2880%2C2160&ssl=1\",\"contentUrl\":\"https:\/\/i0.wp.com\/www.jeannedarc-figeac.fr\/college-lycee\/wp-content\/uploads\/sites\/5\/2025\/05\/20250404_110622-scaled.jpg?fit=2880%2C2160&ssl=1\",\"width\":2880,\"height\":2160},{\"@type\":\"BreadcrumbList\",\"@id\":\"http:\/\/www.jeannedarc-figeac.fr\/college-lycee\/une-semaine-dechange-pour-les-eleves-de-jeanne-darc-de-figeac-et-de-berlanga-en-extremadure\/#breadcrumb\",\"itemListElement\":[{\"@type\":\"ListItem\",\"position\":1,\"name\":\"Accueil\",\"item\":\"https:\/\/www.jeannedarc-figeac.fr\/college-lycee\/\"},{\"@type\":\"ListItem\",\"position\":2,\"name\":\"Actus\",\"item\":\"http:\/\/www.jeannedarc-figeac.fr\/college-lycee\/cat\/actus\/\"},{\"@type\":\"ListItem\",\"position\":3,\"name\":\"Une semaine d&rsquo;\u00e9change pour les \u00e9l\u00e8ves de Jeanne d&rsquo;Arc de Figeac et de Berlanga en Extr\u00e9madure.\"}]},{\"@type\":\"WebSite\",\"@id\":\"https:\/\/www.jeannedarc-figeac.fr\/college-lycee\/#website\",\"url\":\"https:\/\/www.jeannedarc-figeac.fr\/college-lycee\/\",\"name\":\"Coll\u00e8ge et Lyc\u00e9e Jeanne d&#039;Arc\",\"description\":\"Jeanne d&#039;Arc Figeac\",\"potentialAction\":[{\"@type\":\"SearchAction\",\"target\":{\"@type\":\"EntryPoint\",\"urlTemplate\":\"https:\/\/www.jeannedarc-figeac.fr\/college-lycee\/?s={search_term_string}\"},\"query-input\":{\"@type\":\"PropertyValueSpecification\",\"valueRequired\":true,\"valueName\":\"search_term_string\"}}],\"inLanguage\":\"fr-FR\"},{\"@type\":\"Person\",\"@id\":\"https:\/\/www.jeannedarc-figeac.fr\/college-lycee\/#\/schema\/person\/29e5764f28e895dc8bf41d4468f99154\",\"name\":\"le secr\u00e9tariat\",\"image\":{\"@type\":\"ImageObject\",\"inLanguage\":\"fr-FR\",\"@id\":\"https:\/\/www.jeannedarc-figeac.fr\/college-lycee\/#\/schema\/person\/image\/\",\"url\":\"https:\/\/www.jeannedarc-figeac.fr\/college-lycee\/wp-content\/litespeed\/avatar\/5\/b7e8da60f53ba4adc9e9e66d91d84580.jpg?ver=1776943645\",\"contentUrl\":\"https:\/\/www.jeannedarc-figeac.fr\/college-lycee\/wp-content\/litespeed\/avatar\/5\/b7e8da60f53ba4adc9e9e66d91d84580.jpg?ver=1776943645\",\"caption\":\"le secr\u00e9tariat\"},\"url\":\"https:\/\/www.jeannedarc-figeac.fr\/college-lycee\/author\/arlette\/\"}]}<\/script>\n<!-- \/ Yoast SEO plugin. -->","yoast_head_json":{"title":"Une semaine d'\u00e9change pour les \u00e9l\u00e8ves de Jeanne d'Arc de Figeac et de Berlanga en Extr\u00e9madure.","description":"Pour la 8\u00e8me fois, du 2 avril au 10 avril, les \u00e9l\u00e8ves de 3\u00e8me et de 2de du Coll\u00e8ge et Lyc\u00e9e Jeanne d'Arc ont accueilli leurs correspondants espagnols du","robots":{"index":"index","follow":"follow","max-snippet":"max-snippet:-1","max-image-preview":"max-image-preview:large","max-video-preview":"max-video-preview:-1"},"canonical":"http:\/\/www.jeannedarc-figeac.fr\/college-lycee\/une-semaine-dechange-pour-les-eleves-de-jeanne-darc-de-figeac-et-de-berlanga-en-extremadure\/","og_locale":"fr_FR","og_type":"article","og_title":"Une semaine d'\u00e9change pour les \u00e9l\u00e8ves de Jeanne d'Arc de Figeac et de Berlanga en Extr\u00e9madure.","og_description":"Pour la 8\u00e8me fois, du 2 avril au 10 avril, les \u00e9l\u00e8ves de 3\u00e8me et de 2de du Coll\u00e8ge et Lyc\u00e9e Jeanne d'Arc ont accueilli leurs correspondants espagnols du","og_url":"http:\/\/www.jeannedarc-figeac.fr\/college-lycee\/une-semaine-dechange-pour-les-eleves-de-jeanne-darc-de-figeac-et-de-berlanga-en-extremadure\/","og_site_name":"Coll\u00e8ge et Lyc\u00e9e Jeanne d&#039;Arc","article_published_time":"2025-05-05T15:00:26+00:00","article_modified_time":"2025-05-05T15:00:29+00:00","og_image":[{"url":"http:\/\/www.jeannedarc-figeac.fr\/college-lycee\/wp-content\/uploads\/sites\/5\/2025\/05\/20250404_110622-scaled.jpg","type":"","width":"","height":""}],"author":"le secr\u00e9tariat","schema":{"@context":"https:\/\/schema.org","@graph":[{"@type":"WebPage","@id":"http:\/\/www.jeannedarc-figeac.fr\/college-lycee\/une-semaine-dechange-pour-les-eleves-de-jeanne-darc-de-figeac-et-de-berlanga-en-extremadure\/","url":"http:\/\/www.jeannedarc-figeac.fr\/college-lycee\/une-semaine-dechange-pour-les-eleves-de-jeanne-darc-de-figeac-et-de-berlanga-en-extremadure\/","name":"Une semaine d'\u00e9change pour les \u00e9l\u00e8ves de Jeanne d'Arc de Figeac et de Berlanga en Extr\u00e9madure.","isPartOf":{"@id":"https:\/\/www.jeannedarc-figeac.fr\/college-lycee\/#website"},"primaryImageOfPage":{"@id":"http:\/\/www.jeannedarc-figeac.fr\/college-lycee\/une-semaine-dechange-pour-les-eleves-de-jeanne-darc-de-figeac-et-de-berlanga-en-extremadure\/#primaryimage"},"image":{"@id":"http:\/\/www.jeannedarc-figeac.fr\/college-lycee\/une-semaine-dechange-pour-les-eleves-de-jeanne-darc-de-figeac-et-de-berlanga-en-extremadure\/#primaryimage"},"thumbnailUrl":"http:\/\/www.jeannedarc-figeac.fr\/college-lycee\/wp-content\/uploads\/sites\/5\/2025\/05\/20250404_110622-scaled.jpg","datePublished":"2025-05-05T15:00:26+00:00","dateModified":"2025-05-05T15:00:29+00:00","author":{"@id":"https:\/\/www.jeannedarc-figeac.fr\/college-lycee\/#\/schema\/person\/29e5764f28e895dc8bf41d4468f99154"},"description":"Pour la 8\u00e8me fois, du 2 avril au 10 avril, les \u00e9l\u00e8ves de 3\u00e8me et de 2de du Coll\u00e8ge et Lyc\u00e9e Jeanne d'Arc ont accueilli leurs correspondants espagnols du","breadcrumb":{"@id":"http:\/\/www.jeannedarc-figeac.fr\/college-lycee\/une-semaine-dechange-pour-les-eleves-de-jeanne-darc-de-figeac-et-de-berlanga-en-extremadure\/#breadcrumb"},"inLanguage":"fr-FR","potentialAction":[{"@type":"ReadAction","target":["http:\/\/www.jeannedarc-figeac.fr\/college-lycee\/une-semaine-dechange-pour-les-eleves-de-jeanne-darc-de-figeac-et-de-berlanga-en-extremadure\/"]}]},{"@type":"ImageObject","inLanguage":"fr-FR","@id":"http:\/\/www.jeannedarc-figeac.fr\/college-lycee\/une-semaine-dechange-pour-les-eleves-de-jeanne-darc-de-figeac-et-de-berlanga-en-extremadure\/#primaryimage","url":"https:\/\/i0.wp.com\/www.jeannedarc-figeac.fr\/college-lycee\/wp-content\/uploads\/sites\/5\/2025\/05\/20250404_110622-scaled.jpg?fit=2880%2C2160&ssl=1","contentUrl":"https:\/\/i0.wp.com\/www.jeannedarc-figeac.fr\/college-lycee\/wp-content\/uploads\/sites\/5\/2025\/05\/20250404_110622-scaled.jpg?fit=2880%2C2160&ssl=1","width":2880,"height":2160},{"@type":"BreadcrumbList","@id":"http:\/\/www.jeannedarc-figeac.fr\/college-lycee\/une-semaine-dechange-pour-les-eleves-de-jeanne-darc-de-figeac-et-de-berlanga-en-extremadure\/#breadcrumb","itemListElement":[{"@type":"ListItem","position":1,"name":"Accueil","item":"https:\/\/www.jeannedarc-figeac.fr\/college-lycee\/"},{"@type":"ListItem","position":2,"name":"Actus","item":"http:\/\/www.jeannedarc-figeac.fr\/college-lycee\/cat\/actus\/"},{"@type":"ListItem","position":3,"name":"Une semaine d&rsquo;\u00e9change pour les \u00e9l\u00e8ves de Jeanne d&rsquo;Arc de Figeac et de Berlanga en Extr\u00e9madure."}]},{"@type":"WebSite","@id":"https:\/\/www.jeannedarc-figeac.fr\/college-lycee\/#website","url":"https:\/\/www.jeannedarc-figeac.fr\/college-lycee\/","name":"Coll\u00e8ge et Lyc\u00e9e Jeanne d&#039;Arc","description":"Jeanne d&#039;Arc Figeac","potentialAction":[{"@type":"SearchAction","target":{"@type":"EntryPoint","urlTemplate":"https:\/\/www.jeannedarc-figeac.fr\/college-lycee\/?s={search_term_string}"},"query-input":{"@type":"PropertyValueSpecification","valueRequired":true,"valueName":"search_term_string"}}],"inLanguage":"fr-FR"},{"@type":"Person","@id":"https:\/\/www.jeannedarc-figeac.fr\/college-lycee\/#\/schema\/person\/29e5764f28e895dc8bf41d4468f99154","name":"le secr\u00e9tariat","image":{"@type":"ImageObject","inLanguage":"fr-FR","@id":"https:\/\/www.jeannedarc-figeac.fr\/college-lycee\/#\/schema\/person\/image\/","url":"https:\/\/www.jeannedarc-figeac.fr\/college-lycee\/wp-content\/litespeed\/avatar\/5\/b7e8da60f53ba4adc9e9e66d91d84580.jpg?ver=1776943645","contentUrl":"https:\/\/www.jeannedarc-figeac.fr\/college-lycee\/wp-content\/litespeed\/avatar\/5\/b7e8da60f53ba4adc9e9e66d91d84580.jpg?ver=1776943645","caption":"le secr\u00e9tariat"},"url":"https:\/\/www.jeannedarc-figeac.fr\/college-lycee\/author\/arlette\/"}]}},"jetpack_featured_media_url":"","jetpack_sharing_enabled":true,"jetpack_shortlink":"https:\/\/wp.me\/p5Qyb6-1Ac","_links":{"self":[{"href":"https:\/\/www.jeannedarc-figeac.fr\/college-lycee\/wp-json\/wp\/v2\/posts\/6088","targetHints":{"allow":["GET"]}}],"collection":[{"href":"https:\/\/www.jeannedarc-figeac.fr\/college-lycee\/wp-json\/wp\/v2\/posts"}],"about":[{"href":"https:\/\/www.jeannedarc-figeac.fr\/college-lycee\/wp-json\/wp\/v2\/types\/post"}],"author":[{"embeddable":true,"href":"https:\/\/www.jeannedarc-figeac.fr\/college-lycee\/wp-json\/wp\/v2\/users\/12"}],"replies":[{"embeddable":true,"href":"https:\/\/www.jeannedarc-figeac.fr\/college-lycee\/wp-json\/wp\/v2\/comments?post=6088"}],"version-history":[{"count":1,"href":"https:\/\/www.jeannedarc-figeac.fr\/college-lycee\/wp-json\/wp\/v2\/posts\/6088\/revisions"}],"predecessor-version":[{"id":6091,"href":"https:\/\/www.jeannedarc-figeac.fr\/college-lycee\/wp-json\/wp\/v2\/posts\/6088\/revisions\/6091"}],"wp:attachment":[{"href":"https:\/\/www.jeannedarc-figeac.fr\/college-lycee\/wp-json\/wp\/v2\/media?parent=6088"}],"wp:term":[{"taxonomy":"category","embeddable":true,"href":"https:\/\/www.jeannedarc-figeac.fr\/college-lycee\/wp-json\/wp\/v2\/categories?post=6088"},{"taxonomy":"post_tag","embeddable":true,"href":"https:\/\/www.jeannedarc-figeac.fr\/college-lycee\/wp-json\/wp\/v2\/tags?post=6088"}],"curies":[{"name":"wp","href":"https:\/\/api.w.org\/{rel}","templated":true}]}}