{"id":6025,"date":"2025-02-20T16:10:51","date_gmt":"2025-02-20T16:10:51","guid":{"rendered":"http:\/\/www.jeannedarc-figeac.fr\/college-lycee\/?p=6025"},"modified":"2025-02-20T16:10:56","modified_gmt":"2025-02-20T16:10:56","slug":"les-eleves-st2s-orientation-senegal-et-enquete","status":"publish","type":"post","link":"https:\/\/www.jeannedarc-figeac.fr\/college-lycee\/les-eleves-st2s-orientation-senegal-et-enquete\/","title":{"rendered":"Les \u00e9l\u00e8ves ST2S\u00a0: orientation, S\u00e9n\u00e9gal et enqu\u00eate"},"content":{"rendered":"\n<figure class=\"wp-block-image size-large\"><a href=\"https:\/\/i0.wp.com\/www.jeannedarc-figeac.fr\/college-lycee\/wp-content\/uploads\/sites\/5\/2025\/02\/IMG_20250128_082034-2-scaled.jpg\"><img data-recalc-dims=\"1\" loading=\"lazy\" decoding=\"async\" width=\"771\" height=\"1024\" src=\"https:\/\/i0.wp.com\/www.jeannedarc-figeac.fr\/college-lycee\/wp-content\/uploads\/sites\/5\/2025\/02\/IMG_20250128_082034-2.jpg?resize=771%2C1024\" alt=\"\" class=\"wp-image-6026\" style=\"aspect-ratio:3\/2;object-fit:cover\" \/><\/a><\/figure>\n\n\n\n<p>Au mois de janvier, les \u00e9l\u00e8ves de Terminale ST2S (sciences et technologie de la sant\u00e9 et du social) s\u2019appr\u00eatent \u00e0 finaliser leur orientation dans le cadre du portail Parcoursup. Apr\u00e8s avoir re\u00e7u de nombreux professionnels tout au long du cycle terminal, ils ont bu b\u00e9n\u00e9ficier de l\u2019intervention de trois enseignants de l\u2019IUT de Figeac, venus pr\u00e9senter le BUT Carri\u00e8res sociales. Les terminales ST2S auront ainsi compl\u00e9t\u00e9 leur connaissance sur les fili\u00e8res possibles apr\u00e8s le bac ST2S\u00a0; ainsi les domaines du sport, de l\u2019animation, du soin et du travail social notamment peuvent pr\u00e9senter de nombreux int\u00e9r\u00eats pour eux. Parall\u00e8lement certains \u00e9l\u00e8ves de Premi\u00e8re ST2S accompagn\u00e9s des Terminales ASSP (accompagnement soins et service \u00e0 la personne) se sont envol\u00e9s pour le S\u00e9n\u00e9gal\u00a0; ils r\u00e9alisent un stage humanitaire dans diff\u00e9rents dispensaires en Casamance. Cette immersion est cette ann\u00e9e l\u2019occasion de r\u00e9aliser une enqu\u00eate aupr\u00e8s de lyc\u00e9ens, \u00e0 la fois au S\u00e9n\u00e9gal et en France, afin de mieux cerner les caract\u00e9ristiques de cette tranche d\u2019\u00e2ge. Cette \u00e9tude permet aux Premi\u00e8res ST2S de mettre en pratique les enseignements de M\u00e9thodologie appliqu\u00e9e au secteur sanitaire et social.<\/p>\n","protected":false},"excerpt":{"rendered":"<p>Au mois de janvier, les \u00e9l\u00e8ves de Terminale ST2S (sciences et technologie de la sant\u00e9 et du social) s\u2019appr\u00eatent \u00e0 finaliser leur orientation dans le cadre du portail Parcoursup. Apr\u00e8s avoir re\u00e7u de nombreux professionnels tout au long du cycle terminal, ils ont bu b\u00e9n\u00e9ficier de l\u2019intervention de trois enseignants de l\u2019IUT de Figeac, venus [&hellip;]<\/p>\n","protected":false},"author":12,"featured_media":0,"comment_status":"closed","ping_status":"open","sticky":false,"template":"","format":"standard","meta":{"_et_pb_use_builder":"off","_et_pb_old_content":"","_et_gb_content_width":"","_jetpack_newsletter_access":"","_jetpack_dont_email_post_to_subs":false,"_jetpack_newsletter_tier_id":0,"_jetpack_memberships_contains_paywalled_content":false,"iawp_total_views":0,"_jetpack_memberships_contains_paid_content":false,"footnotes":""},"categories":[28],"tags":[],"class_list":["post-6025","post","type-post","status-publish","format-standard","hentry","category-actus"],"yoast_head":"<!-- This site is optimized with the Yoast SEO plugin v26.0 - https:\/\/yoast.com\/wordpress\/plugins\/seo\/ -->\n<title>Les \u00e9l\u00e8ves ST2S\u00a0: orientation, S\u00e9n\u00e9gal et enqu\u00eate<\/title>\n<meta name=\"description\" content=\"Au mois de janvier, les \u00e9l\u00e8ves de Terminale ST2S (sciences et technologie de la sant\u00e9 et du social) s\u2019appr\u00eatent \u00e0 finaliser leur orientation dans le cadre\" \/>\n<meta name=\"robots\" content=\"index, follow, max-snippet:-1, max-image-preview:large, max-video-preview:-1\" \/>\n<link rel=\"canonical\" href=\"https:\/\/www.jeannedarc-figeac.fr\/college-lycee\/les-eleves-st2s-orientation-senegal-et-enquete\/\" \/>\n<meta property=\"og:locale\" content=\"fr_FR\" \/>\n<meta property=\"og:type\" content=\"article\" \/>\n<meta property=\"og:title\" content=\"Les \u00e9l\u00e8ves ST2S\u00a0: orientation, S\u00e9n\u00e9gal et enqu\u00eate\" \/>\n<meta property=\"og:description\" content=\"Au mois de janvier, les \u00e9l\u00e8ves de Terminale ST2S (sciences et technologie de la sant\u00e9 et du social) s\u2019appr\u00eatent \u00e0 finaliser leur orientation dans le cadre\" \/>\n<meta property=\"og:url\" content=\"https:\/\/www.jeannedarc-figeac.fr\/college-lycee\/les-eleves-st2s-orientation-senegal-et-enquete\/\" \/>\n<meta property=\"og:site_name\" content=\"Coll\u00e8ge et Lyc\u00e9e Jeanne d&#039;Arc\" \/>\n<meta property=\"article:published_time\" content=\"2025-02-20T16:10:51+00:00\" \/>\n<meta property=\"article:modified_time\" content=\"2025-02-20T16:10:56+00:00\" \/>\n<meta property=\"og:image\" content=\"http:\/\/www.jeannedarc-figeac.fr\/college-lycee\/wp-content\/uploads\/sites\/5\/2025\/02\/IMG_20250128_082034-2-771x1024.jpg\" \/>\n<meta name=\"author\" content=\"le secr\u00e9tariat\" \/>\n<script type=\"application\/ld+json\" class=\"yoast-schema-graph\">{\"@context\":\"https:\/\/schema.org\",\"@graph\":[{\"@type\":\"WebPage\",\"@id\":\"https:\/\/www.jeannedarc-figeac.fr\/college-lycee\/les-eleves-st2s-orientation-senegal-et-enquete\/\",\"url\":\"https:\/\/www.jeannedarc-figeac.fr\/college-lycee\/les-eleves-st2s-orientation-senegal-et-enquete\/\",\"name\":\"Les \u00e9l\u00e8ves ST2S\u00a0: orientation, S\u00e9n\u00e9gal et enqu\u00eate\",\"isPartOf\":{\"@id\":\"https:\/\/www.jeannedarc-figeac.fr\/college-lycee\/#website\"},\"primaryImageOfPage\":{\"@id\":\"https:\/\/www.jeannedarc-figeac.fr\/college-lycee\/les-eleves-st2s-orientation-senegal-et-enquete\/#primaryimage\"},\"image\":{\"@id\":\"https:\/\/www.jeannedarc-figeac.fr\/college-lycee\/les-eleves-st2s-orientation-senegal-et-enquete\/#primaryimage\"},\"thumbnailUrl\":\"http:\/\/www.jeannedarc-figeac.fr\/college-lycee\/wp-content\/uploads\/sites\/5\/2025\/02\/IMG_20250128_082034-2-771x1024.jpg\",\"datePublished\":\"2025-02-20T16:10:51+00:00\",\"dateModified\":\"2025-02-20T16:10:56+00:00\",\"author\":{\"@id\":\"https:\/\/www.jeannedarc-figeac.fr\/college-lycee\/#\/schema\/person\/29e5764f28e895dc8bf41d4468f99154\"},\"description\":\"Au mois de janvier, les \u00e9l\u00e8ves de Terminale ST2S (sciences et technologie de la sant\u00e9 et du social) s\u2019appr\u00eatent \u00e0 finaliser leur orientation dans le cadre\",\"breadcrumb\":{\"@id\":\"https:\/\/www.jeannedarc-figeac.fr\/college-lycee\/les-eleves-st2s-orientation-senegal-et-enquete\/#breadcrumb\"},\"inLanguage\":\"fr-FR\",\"potentialAction\":[{\"@type\":\"ReadAction\",\"target\":[\"https:\/\/www.jeannedarc-figeac.fr\/college-lycee\/les-eleves-st2s-orientation-senegal-et-enquete\/\"]}]},{\"@type\":\"ImageObject\",\"inLanguage\":\"fr-FR\",\"@id\":\"https:\/\/www.jeannedarc-figeac.fr\/college-lycee\/les-eleves-st2s-orientation-senegal-et-enquete\/#primaryimage\",\"url\":\"https:\/\/i0.wp.com\/www.jeannedarc-figeac.fr\/college-lycee\/wp-content\/uploads\/sites\/5\/2025\/02\/IMG_20250128_082034-2-scaled.jpg?fit=2168%2C2880&ssl=1\",\"contentUrl\":\"https:\/\/i0.wp.com\/www.jeannedarc-figeac.fr\/college-lycee\/wp-content\/uploads\/sites\/5\/2025\/02\/IMG_20250128_082034-2-scaled.jpg?fit=2168%2C2880&ssl=1\",\"width\":2168,\"height\":2880},{\"@type\":\"BreadcrumbList\",\"@id\":\"https:\/\/www.jeannedarc-figeac.fr\/college-lycee\/les-eleves-st2s-orientation-senegal-et-enquete\/#breadcrumb\",\"itemListElement\":[{\"@type\":\"ListItem\",\"position\":1,\"name\":\"Accueil\",\"item\":\"https:\/\/www.jeannedarc-figeac.fr\/college-lycee\/\"},{\"@type\":\"ListItem\",\"position\":2,\"name\":\"Actus\",\"item\":\"http:\/\/www.jeannedarc-figeac.fr\/college-lycee\/cat\/actus\/\"},{\"@type\":\"ListItem\",\"position\":3,\"name\":\"Les \u00e9l\u00e8ves ST2S\u00a0: orientation, S\u00e9n\u00e9gal et enqu\u00eate\"}]},{\"@type\":\"WebSite\",\"@id\":\"https:\/\/www.jeannedarc-figeac.fr\/college-lycee\/#website\",\"url\":\"https:\/\/www.jeannedarc-figeac.fr\/college-lycee\/\",\"name\":\"Coll\u00e8ge et Lyc\u00e9e Jeanne d&#039;Arc\",\"description\":\"Jeanne d&#039;Arc Figeac\",\"potentialAction\":[{\"@type\":\"SearchAction\",\"target\":{\"@type\":\"EntryPoint\",\"urlTemplate\":\"https:\/\/www.jeannedarc-figeac.fr\/college-lycee\/?s={search_term_string}\"},\"query-input\":{\"@type\":\"PropertyValueSpecification\",\"valueRequired\":true,\"valueName\":\"search_term_string\"}}],\"inLanguage\":\"fr-FR\"},{\"@type\":\"Person\",\"@id\":\"https:\/\/www.jeannedarc-figeac.fr\/college-lycee\/#\/schema\/person\/29e5764f28e895dc8bf41d4468f99154\",\"name\":\"le secr\u00e9tariat\",\"image\":{\"@type\":\"ImageObject\",\"inLanguage\":\"fr-FR\",\"@id\":\"https:\/\/www.jeannedarc-figeac.fr\/college-lycee\/#\/schema\/person\/image\/\",\"url\":\"https:\/\/www.jeannedarc-figeac.fr\/college-lycee\/wp-content\/litespeed\/avatar\/5\/b7e8da60f53ba4adc9e9e66d91d84580.jpg?ver=1776943645\",\"contentUrl\":\"https:\/\/www.jeannedarc-figeac.fr\/college-lycee\/wp-content\/litespeed\/avatar\/5\/b7e8da60f53ba4adc9e9e66d91d84580.jpg?ver=1776943645\",\"caption\":\"le secr\u00e9tariat\"},\"url\":\"https:\/\/www.jeannedarc-figeac.fr\/college-lycee\/author\/arlette\/\"}]}<\/script>\n<!-- \/ Yoast SEO plugin. -->","yoast_head_json":{"title":"Les \u00e9l\u00e8ves ST2S\u00a0: orientation, S\u00e9n\u00e9gal et enqu\u00eate","description":"Au mois de janvier, les \u00e9l\u00e8ves de Terminale ST2S (sciences et technologie de la sant\u00e9 et du social) s\u2019appr\u00eatent \u00e0 finaliser leur orientation dans le cadre","robots":{"index":"index","follow":"follow","max-snippet":"max-snippet:-1","max-image-preview":"max-image-preview:large","max-video-preview":"max-video-preview:-1"},"canonical":"https:\/\/www.jeannedarc-figeac.fr\/college-lycee\/les-eleves-st2s-orientation-senegal-et-enquete\/","og_locale":"fr_FR","og_type":"article","og_title":"Les \u00e9l\u00e8ves ST2S\u00a0: orientation, S\u00e9n\u00e9gal et enqu\u00eate","og_description":"Au mois de janvier, les \u00e9l\u00e8ves de Terminale ST2S (sciences et technologie de la sant\u00e9 et du social) s\u2019appr\u00eatent \u00e0 finaliser leur orientation dans le cadre","og_url":"https:\/\/www.jeannedarc-figeac.fr\/college-lycee\/les-eleves-st2s-orientation-senegal-et-enquete\/","og_site_name":"Coll\u00e8ge et Lyc\u00e9e Jeanne d&#039;Arc","article_published_time":"2025-02-20T16:10:51+00:00","article_modified_time":"2025-02-20T16:10:56+00:00","og_image":[{"url":"http:\/\/www.jeannedarc-figeac.fr\/college-lycee\/wp-content\/uploads\/sites\/5\/2025\/02\/IMG_20250128_082034-2-771x1024.jpg","type":"","width":"","height":""}],"author":"le secr\u00e9tariat","schema":{"@context":"https:\/\/schema.org","@graph":[{"@type":"WebPage","@id":"https:\/\/www.jeannedarc-figeac.fr\/college-lycee\/les-eleves-st2s-orientation-senegal-et-enquete\/","url":"https:\/\/www.jeannedarc-figeac.fr\/college-lycee\/les-eleves-st2s-orientation-senegal-et-enquete\/","name":"Les \u00e9l\u00e8ves ST2S\u00a0: orientation, S\u00e9n\u00e9gal et enqu\u00eate","isPartOf":{"@id":"https:\/\/www.jeannedarc-figeac.fr\/college-lycee\/#website"},"primaryImageOfPage":{"@id":"https:\/\/www.jeannedarc-figeac.fr\/college-lycee\/les-eleves-st2s-orientation-senegal-et-enquete\/#primaryimage"},"image":{"@id":"https:\/\/www.jeannedarc-figeac.fr\/college-lycee\/les-eleves-st2s-orientation-senegal-et-enquete\/#primaryimage"},"thumbnailUrl":"http:\/\/www.jeannedarc-figeac.fr\/college-lycee\/wp-content\/uploads\/sites\/5\/2025\/02\/IMG_20250128_082034-2-771x1024.jpg","datePublished":"2025-02-20T16:10:51+00:00","dateModified":"2025-02-20T16:10:56+00:00","author":{"@id":"https:\/\/www.jeannedarc-figeac.fr\/college-lycee\/#\/schema\/person\/29e5764f28e895dc8bf41d4468f99154"},"description":"Au mois de janvier, les \u00e9l\u00e8ves de Terminale ST2S (sciences et technologie de la sant\u00e9 et du social) s\u2019appr\u00eatent \u00e0 finaliser leur orientation dans le cadre","breadcrumb":{"@id":"https:\/\/www.jeannedarc-figeac.fr\/college-lycee\/les-eleves-st2s-orientation-senegal-et-enquete\/#breadcrumb"},"inLanguage":"fr-FR","potentialAction":[{"@type":"ReadAction","target":["https:\/\/www.jeannedarc-figeac.fr\/college-lycee\/les-eleves-st2s-orientation-senegal-et-enquete\/"]}]},{"@type":"ImageObject","inLanguage":"fr-FR","@id":"https:\/\/www.jeannedarc-figeac.fr\/college-lycee\/les-eleves-st2s-orientation-senegal-et-enquete\/#primaryimage","url":"https:\/\/i0.wp.com\/www.jeannedarc-figeac.fr\/college-lycee\/wp-content\/uploads\/sites\/5\/2025\/02\/IMG_20250128_082034-2-scaled.jpg?fit=2168%2C2880&ssl=1","contentUrl":"https:\/\/i0.wp.com\/www.jeannedarc-figeac.fr\/college-lycee\/wp-content\/uploads\/sites\/5\/2025\/02\/IMG_20250128_082034-2-scaled.jpg?fit=2168%2C2880&ssl=1","width":2168,"height":2880},{"@type":"BreadcrumbList","@id":"https:\/\/www.jeannedarc-figeac.fr\/college-lycee\/les-eleves-st2s-orientation-senegal-et-enquete\/#breadcrumb","itemListElement":[{"@type":"ListItem","position":1,"name":"Accueil","item":"https:\/\/www.jeannedarc-figeac.fr\/college-lycee\/"},{"@type":"ListItem","position":2,"name":"Actus","item":"http:\/\/www.jeannedarc-figeac.fr\/college-lycee\/cat\/actus\/"},{"@type":"ListItem","position":3,"name":"Les \u00e9l\u00e8ves ST2S\u00a0: orientation, S\u00e9n\u00e9gal et enqu\u00eate"}]},{"@type":"WebSite","@id":"https:\/\/www.jeannedarc-figeac.fr\/college-lycee\/#website","url":"https:\/\/www.jeannedarc-figeac.fr\/college-lycee\/","name":"Coll\u00e8ge et Lyc\u00e9e Jeanne d&#039;Arc","description":"Jeanne d&#039;Arc Figeac","potentialAction":[{"@type":"SearchAction","target":{"@type":"EntryPoint","urlTemplate":"https:\/\/www.jeannedarc-figeac.fr\/college-lycee\/?s={search_term_string}"},"query-input":{"@type":"PropertyValueSpecification","valueRequired":true,"valueName":"search_term_string"}}],"inLanguage":"fr-FR"},{"@type":"Person","@id":"https:\/\/www.jeannedarc-figeac.fr\/college-lycee\/#\/schema\/person\/29e5764f28e895dc8bf41d4468f99154","name":"le secr\u00e9tariat","image":{"@type":"ImageObject","inLanguage":"fr-FR","@id":"https:\/\/www.jeannedarc-figeac.fr\/college-lycee\/#\/schema\/person\/image\/","url":"https:\/\/www.jeannedarc-figeac.fr\/college-lycee\/wp-content\/litespeed\/avatar\/5\/b7e8da60f53ba4adc9e9e66d91d84580.jpg?ver=1776943645","contentUrl":"https:\/\/www.jeannedarc-figeac.fr\/college-lycee\/wp-content\/litespeed\/avatar\/5\/b7e8da60f53ba4adc9e9e66d91d84580.jpg?ver=1776943645","caption":"le secr\u00e9tariat"},"url":"https:\/\/www.jeannedarc-figeac.fr\/college-lycee\/author\/arlette\/"}]}},"jetpack_featured_media_url":"","jetpack_sharing_enabled":true,"jetpack_shortlink":"https:\/\/wp.me\/p5Qyb6-1zb","_links":{"self":[{"href":"https:\/\/www.jeannedarc-figeac.fr\/college-lycee\/wp-json\/wp\/v2\/posts\/6025","targetHints":{"allow":["GET"]}}],"collection":[{"href":"https:\/\/www.jeannedarc-figeac.fr\/college-lycee\/wp-json\/wp\/v2\/posts"}],"about":[{"href":"https:\/\/www.jeannedarc-figeac.fr\/college-lycee\/wp-json\/wp\/v2\/types\/post"}],"author":[{"embeddable":true,"href":"https:\/\/www.jeannedarc-figeac.fr\/college-lycee\/wp-json\/wp\/v2\/users\/12"}],"replies":[{"embeddable":true,"href":"https:\/\/www.jeannedarc-figeac.fr\/college-lycee\/wp-json\/wp\/v2\/comments?post=6025"}],"version-history":[{"count":1,"href":"https:\/\/www.jeannedarc-figeac.fr\/college-lycee\/wp-json\/wp\/v2\/posts\/6025\/revisions"}],"predecessor-version":[{"id":6027,"href":"https:\/\/www.jeannedarc-figeac.fr\/college-lycee\/wp-json\/wp\/v2\/posts\/6025\/revisions\/6027"}],"wp:attachment":[{"href":"https:\/\/www.jeannedarc-figeac.fr\/college-lycee\/wp-json\/wp\/v2\/media?parent=6025"}],"wp:term":[{"taxonomy":"category","embeddable":true,"href":"https:\/\/www.jeannedarc-figeac.fr\/college-lycee\/wp-json\/wp\/v2\/categories?post=6025"},{"taxonomy":"post_tag","embeddable":true,"href":"https:\/\/www.jeannedarc-figeac.fr\/college-lycee\/wp-json\/wp\/v2\/tags?post=6025"}],"curies":[{"name":"wp","href":"https:\/\/api.w.org\/{rel}","templated":true}]}}