{"id":6022,"date":"2025-02-20T16:04:43","date_gmt":"2025-02-20T16:04:43","guid":{"rendered":"http:\/\/www.jeannedarc-figeac.fr\/college-lycee\/?p=6022"},"modified":"2025-02-20T16:04:47","modified_gmt":"2025-02-20T16:04:47","slug":"les-ateliers-eip-toujours-en-pleine-effervescence","status":"publish","type":"post","link":"https:\/\/www.jeannedarc-figeac.fr\/college-lycee\/les-ateliers-eip-toujours-en-pleine-effervescence\/","title":{"rendered":"Les ateliers EIP toujours en pleine effervescence!"},"content":{"rendered":"\n<p><\/p>\n\n\n\n<figure class=\"wp-block-image size-large\"><a href=\"https:\/\/i0.wp.com\/www.jeannedarc-figeac.fr\/college-lycee\/wp-content\/uploads\/sites\/5\/2025\/02\/IMG_20250109_164634-scaled.jpg\"><img data-recalc-dims=\"1\" loading=\"lazy\" decoding=\"async\" width=\"1024\" height=\"771\" src=\"https:\/\/i0.wp.com\/www.jeannedarc-figeac.fr\/college-lycee\/wp-content\/uploads\/sites\/5\/2025\/02\/IMG_20250109_164634.jpg?resize=1024%2C771\" alt=\"\" class=\"wp-image-6023\" style=\"aspect-ratio:3\/2;object-fit:cover\" srcset=\"http:\/\/www.jeannedarc-figeac.fr\/college-lycee\/wp-content\/uploads\/sites\/5\/2025\/02\/IMG_20250109_164634-980x738.jpg 980w, http:\/\/www.jeannedarc-figeac.fr\/college-lycee\/wp-content\/uploads\/sites\/5\/2025\/02\/IMG_20250109_164634-480x361.jpg 480w\" sizes=\"(min-width: 0px) and (max-width: 480px) 480px, (min-width: 481px) and (max-width: 980px) 980px, (min-width: 981px) 1024px, 100vw\" \/><\/a><\/figure>\n\n\n\n<p>Avec ce mois de janvier est arriv\u00e9 le temps de la restitution des ateliers EIP (\u00e9l\u00e8ves intellectuellement pr\u00e9coces) du 1<sup>er<\/sup> semestre pour les coll\u00e9giens du dispositif. L\u2019atelier chinois a \u00e9t\u00e9 le cadre de premiers apprentissages pour \u00eatre capable de se pr\u00e9senter, de chanter et de s\u2019exercer \u00e0 la calligraphie. Le yoga est toujours propice \u00e0 la gestion de ses angoisses par une recherche de ses sensations et un temps de centrage sur soi. Pour le cin\u00e9ma audiovisuel, les \u00e9l\u00e8ves ont invent\u00e9 un sc\u00e9nario et mis en \u0153uvre un tournage pour aboutir \u00e0 une production \u00ab\u00a0Golden fish\u00a0\u00bb o\u00f9 le traditionnel poisson d\u2019avril conf\u00e8re bienveillance et gentillesse \u00e0 tous ceux qui le portent. Merci aux \u00e9l\u00e8ves et aux professeurs du coll\u00e8ge qui se sont pr\u00eat\u00e9s au jeu pour ce tournage. L\u2019atelier litt\u00e9raire a fait la part belle \u00e0 l\u2019improvisation\u00a0; les \u00e9l\u00e8ves se sont exerc\u00e9s \u00e0 manier les mots au travers de plusieurs activit\u00e9s. Mots tir\u00e9s au sort, d\u00e9but de phrases, mise en situation ont \u00e9t\u00e9 autant d\u2019occasion pour faire jouer \u00e0 plein leur imagination. En sciences, nos petits curieux se sont pench\u00e9s sur la vie et l\u2019\u0153uvre de scientifiques peu ou mal connus, math\u00e9maticien, informaticien, botaniste, astrophysicien, primatologue\u2026 \u00a0Stephen Hawkings, Claude et Lydia Bourguignon, Dian Fossey, Ernest Rutherford, Paul Dirac ou encore Agn\u00e8s Arber. Enfin apr\u00e8s quelques soucis techniques, l\u2019atelier techno, dont l\u2019objectif a \u00e9t\u00e9 de r\u00e9aliser des fus\u00e9es \u00e0 eau, a tent\u00e9 un lancement \u2026. peu concluant encore\u2026 mais la pers\u00e9v\u00e9rance sera payante\u00a0!<\/p>\n","protected":false},"excerpt":{"rendered":"<p>Avec ce mois de janvier est arriv\u00e9 le temps de la restitution des ateliers EIP (\u00e9l\u00e8ves intellectuellement pr\u00e9coces) du 1er semestre pour les coll\u00e9giens du dispositif. L\u2019atelier chinois a \u00e9t\u00e9 le cadre de premiers apprentissages pour \u00eatre capable de se pr\u00e9senter, de chanter et de s\u2019exercer \u00e0 la calligraphie. Le yoga est toujours propice \u00e0 [&hellip;]<\/p>\n","protected":false},"author":12,"featured_media":0,"comment_status":"closed","ping_status":"open","sticky":false,"template":"","format":"standard","meta":{"_et_pb_use_builder":"off","_et_pb_old_content":"","_et_gb_content_width":"","_jetpack_newsletter_access":"","_jetpack_dont_email_post_to_subs":false,"_jetpack_newsletter_tier_id":0,"_jetpack_memberships_contains_paywalled_content":false,"iawp_total_views":3,"_jetpack_memberships_contains_paid_content":false,"footnotes":""},"categories":[28],"tags":[],"class_list":["post-6022","post","type-post","status-publish","format-standard","hentry","category-actus"],"yoast_head":"<!-- This site is optimized with the Yoast SEO plugin v26.0 - https:\/\/yoast.com\/wordpress\/plugins\/seo\/ -->\n<title>Les ateliers EIP toujours en pleine effervescence!<\/title>\n<meta name=\"description\" content=\"Avec ce mois de janvier est arriv\u00e9 le temps de la restitution des ateliers EIP (\u00e9l\u00e8ves intellectuellement pr\u00e9coces) du 1er semestre pour les coll\u00e9giens du\" \/>\n<meta name=\"robots\" content=\"index, follow, max-snippet:-1, max-image-preview:large, max-video-preview:-1\" \/>\n<link rel=\"canonical\" href=\"http:\/\/www.jeannedarc-figeac.fr\/college-lycee\/les-ateliers-eip-toujours-en-pleine-effervescence\/\" \/>\n<meta property=\"og:locale\" content=\"fr_FR\" \/>\n<meta property=\"og:type\" content=\"article\" \/>\n<meta property=\"og:title\" content=\"Les ateliers EIP toujours en pleine effervescence!\" \/>\n<meta property=\"og:description\" content=\"Avec ce mois de janvier est arriv\u00e9 le temps de la restitution des ateliers EIP (\u00e9l\u00e8ves intellectuellement pr\u00e9coces) du 1er semestre pour les coll\u00e9giens du\" \/>\n<meta property=\"og:url\" content=\"http:\/\/www.jeannedarc-figeac.fr\/college-lycee\/les-ateliers-eip-toujours-en-pleine-effervescence\/\" \/>\n<meta property=\"og:site_name\" content=\"Coll\u00e8ge et Lyc\u00e9e Jeanne d&#039;Arc\" \/>\n<meta property=\"article:published_time\" content=\"2025-02-20T16:04:43+00:00\" \/>\n<meta property=\"article:modified_time\" content=\"2025-02-20T16:04:47+00:00\" \/>\n<meta property=\"og:image\" content=\"http:\/\/www.jeannedarc-figeac.fr\/college-lycee\/wp-content\/uploads\/sites\/5\/2025\/02\/IMG_20250109_164634-1024x771.jpg\" \/>\n<meta name=\"author\" content=\"le secr\u00e9tariat\" \/>\n<script type=\"application\/ld+json\" class=\"yoast-schema-graph\">{\"@context\":\"https:\/\/schema.org\",\"@graph\":[{\"@type\":\"WebPage\",\"@id\":\"http:\/\/www.jeannedarc-figeac.fr\/college-lycee\/les-ateliers-eip-toujours-en-pleine-effervescence\/\",\"url\":\"http:\/\/www.jeannedarc-figeac.fr\/college-lycee\/les-ateliers-eip-toujours-en-pleine-effervescence\/\",\"name\":\"Les ateliers EIP toujours en pleine effervescence!\",\"isPartOf\":{\"@id\":\"https:\/\/www.jeannedarc-figeac.fr\/college-lycee\/#website\"},\"primaryImageOfPage\":{\"@id\":\"http:\/\/www.jeannedarc-figeac.fr\/college-lycee\/les-ateliers-eip-toujours-en-pleine-effervescence\/#primaryimage\"},\"image\":{\"@id\":\"http:\/\/www.jeannedarc-figeac.fr\/college-lycee\/les-ateliers-eip-toujours-en-pleine-effervescence\/#primaryimage\"},\"thumbnailUrl\":\"http:\/\/www.jeannedarc-figeac.fr\/college-lycee\/wp-content\/uploads\/sites\/5\/2025\/02\/IMG_20250109_164634-1024x771.jpg\",\"datePublished\":\"2025-02-20T16:04:43+00:00\",\"dateModified\":\"2025-02-20T16:04:47+00:00\",\"author\":{\"@id\":\"https:\/\/www.jeannedarc-figeac.fr\/college-lycee\/#\/schema\/person\/29e5764f28e895dc8bf41d4468f99154\"},\"description\":\"Avec ce mois de janvier est arriv\u00e9 le temps de la restitution des ateliers EIP (\u00e9l\u00e8ves intellectuellement pr\u00e9coces) du 1er semestre pour les coll\u00e9giens du\",\"breadcrumb\":{\"@id\":\"http:\/\/www.jeannedarc-figeac.fr\/college-lycee\/les-ateliers-eip-toujours-en-pleine-effervescence\/#breadcrumb\"},\"inLanguage\":\"fr-FR\",\"potentialAction\":[{\"@type\":\"ReadAction\",\"target\":[\"http:\/\/www.jeannedarc-figeac.fr\/college-lycee\/les-ateliers-eip-toujours-en-pleine-effervescence\/\"]}]},{\"@type\":\"ImageObject\",\"inLanguage\":\"fr-FR\",\"@id\":\"http:\/\/www.jeannedarc-figeac.fr\/college-lycee\/les-ateliers-eip-toujours-en-pleine-effervescence\/#primaryimage\",\"url\":\"https:\/\/i0.wp.com\/www.jeannedarc-figeac.fr\/college-lycee\/wp-content\/uploads\/sites\/5\/2025\/02\/IMG_20250109_164634-scaled.jpg?fit=2880%2C2168&ssl=1\",\"contentUrl\":\"https:\/\/i0.wp.com\/www.jeannedarc-figeac.fr\/college-lycee\/wp-content\/uploads\/sites\/5\/2025\/02\/IMG_20250109_164634-scaled.jpg?fit=2880%2C2168&ssl=1\",\"width\":2880,\"height\":2168},{\"@type\":\"BreadcrumbList\",\"@id\":\"http:\/\/www.jeannedarc-figeac.fr\/college-lycee\/les-ateliers-eip-toujours-en-pleine-effervescence\/#breadcrumb\",\"itemListElement\":[{\"@type\":\"ListItem\",\"position\":1,\"name\":\"Accueil\",\"item\":\"https:\/\/www.jeannedarc-figeac.fr\/college-lycee\/\"},{\"@type\":\"ListItem\",\"position\":2,\"name\":\"Actus\",\"item\":\"http:\/\/www.jeannedarc-figeac.fr\/college-lycee\/cat\/actus\/\"},{\"@type\":\"ListItem\",\"position\":3,\"name\":\"Les ateliers EIP toujours en pleine effervescence!\"}]},{\"@type\":\"WebSite\",\"@id\":\"https:\/\/www.jeannedarc-figeac.fr\/college-lycee\/#website\",\"url\":\"https:\/\/www.jeannedarc-figeac.fr\/college-lycee\/\",\"name\":\"Coll\u00e8ge et Lyc\u00e9e Jeanne d&#039;Arc\",\"description\":\"Jeanne d&#039;Arc Figeac\",\"potentialAction\":[{\"@type\":\"SearchAction\",\"target\":{\"@type\":\"EntryPoint\",\"urlTemplate\":\"https:\/\/www.jeannedarc-figeac.fr\/college-lycee\/?s={search_term_string}\"},\"query-input\":{\"@type\":\"PropertyValueSpecification\",\"valueRequired\":true,\"valueName\":\"search_term_string\"}}],\"inLanguage\":\"fr-FR\"},{\"@type\":\"Person\",\"@id\":\"https:\/\/www.jeannedarc-figeac.fr\/college-lycee\/#\/schema\/person\/29e5764f28e895dc8bf41d4468f99154\",\"name\":\"le secr\u00e9tariat\",\"image\":{\"@type\":\"ImageObject\",\"inLanguage\":\"fr-FR\",\"@id\":\"https:\/\/www.jeannedarc-figeac.fr\/college-lycee\/#\/schema\/person\/image\/\",\"url\":\"https:\/\/www.jeannedarc-figeac.fr\/college-lycee\/wp-content\/litespeed\/avatar\/5\/b7e8da60f53ba4adc9e9e66d91d84580.jpg?ver=1777548714\",\"contentUrl\":\"https:\/\/www.jeannedarc-figeac.fr\/college-lycee\/wp-content\/litespeed\/avatar\/5\/b7e8da60f53ba4adc9e9e66d91d84580.jpg?ver=1777548714\",\"caption\":\"le secr\u00e9tariat\"},\"url\":\"https:\/\/www.jeannedarc-figeac.fr\/college-lycee\/author\/arlette\/\"}]}<\/script>\n<!-- \/ Yoast SEO plugin. -->","yoast_head_json":{"title":"Les ateliers EIP toujours en pleine effervescence!","description":"Avec ce mois de janvier est arriv\u00e9 le temps de la restitution des ateliers EIP (\u00e9l\u00e8ves intellectuellement pr\u00e9coces) du 1er semestre pour les coll\u00e9giens du","robots":{"index":"index","follow":"follow","max-snippet":"max-snippet:-1","max-image-preview":"max-image-preview:large","max-video-preview":"max-video-preview:-1"},"canonical":"http:\/\/www.jeannedarc-figeac.fr\/college-lycee\/les-ateliers-eip-toujours-en-pleine-effervescence\/","og_locale":"fr_FR","og_type":"article","og_title":"Les ateliers EIP toujours en pleine effervescence!","og_description":"Avec ce mois de janvier est arriv\u00e9 le temps de la restitution des ateliers EIP (\u00e9l\u00e8ves intellectuellement pr\u00e9coces) du 1er semestre pour les coll\u00e9giens du","og_url":"http:\/\/www.jeannedarc-figeac.fr\/college-lycee\/les-ateliers-eip-toujours-en-pleine-effervescence\/","og_site_name":"Coll\u00e8ge et Lyc\u00e9e Jeanne d&#039;Arc","article_published_time":"2025-02-20T16:04:43+00:00","article_modified_time":"2025-02-20T16:04:47+00:00","og_image":[{"url":"http:\/\/www.jeannedarc-figeac.fr\/college-lycee\/wp-content\/uploads\/sites\/5\/2025\/02\/IMG_20250109_164634-1024x771.jpg","type":"","width":"","height":""}],"author":"le secr\u00e9tariat","schema":{"@context":"https:\/\/schema.org","@graph":[{"@type":"WebPage","@id":"http:\/\/www.jeannedarc-figeac.fr\/college-lycee\/les-ateliers-eip-toujours-en-pleine-effervescence\/","url":"http:\/\/www.jeannedarc-figeac.fr\/college-lycee\/les-ateliers-eip-toujours-en-pleine-effervescence\/","name":"Les ateliers EIP toujours en pleine effervescence!","isPartOf":{"@id":"https:\/\/www.jeannedarc-figeac.fr\/college-lycee\/#website"},"primaryImageOfPage":{"@id":"http:\/\/www.jeannedarc-figeac.fr\/college-lycee\/les-ateliers-eip-toujours-en-pleine-effervescence\/#primaryimage"},"image":{"@id":"http:\/\/www.jeannedarc-figeac.fr\/college-lycee\/les-ateliers-eip-toujours-en-pleine-effervescence\/#primaryimage"},"thumbnailUrl":"http:\/\/www.jeannedarc-figeac.fr\/college-lycee\/wp-content\/uploads\/sites\/5\/2025\/02\/IMG_20250109_164634-1024x771.jpg","datePublished":"2025-02-20T16:04:43+00:00","dateModified":"2025-02-20T16:04:47+00:00","author":{"@id":"https:\/\/www.jeannedarc-figeac.fr\/college-lycee\/#\/schema\/person\/29e5764f28e895dc8bf41d4468f99154"},"description":"Avec ce mois de janvier est arriv\u00e9 le temps de la restitution des ateliers EIP (\u00e9l\u00e8ves intellectuellement pr\u00e9coces) du 1er semestre pour les coll\u00e9giens du","breadcrumb":{"@id":"http:\/\/www.jeannedarc-figeac.fr\/college-lycee\/les-ateliers-eip-toujours-en-pleine-effervescence\/#breadcrumb"},"inLanguage":"fr-FR","potentialAction":[{"@type":"ReadAction","target":["http:\/\/www.jeannedarc-figeac.fr\/college-lycee\/les-ateliers-eip-toujours-en-pleine-effervescence\/"]}]},{"@type":"ImageObject","inLanguage":"fr-FR","@id":"http:\/\/www.jeannedarc-figeac.fr\/college-lycee\/les-ateliers-eip-toujours-en-pleine-effervescence\/#primaryimage","url":"https:\/\/i0.wp.com\/www.jeannedarc-figeac.fr\/college-lycee\/wp-content\/uploads\/sites\/5\/2025\/02\/IMG_20250109_164634-scaled.jpg?fit=2880%2C2168&ssl=1","contentUrl":"https:\/\/i0.wp.com\/www.jeannedarc-figeac.fr\/college-lycee\/wp-content\/uploads\/sites\/5\/2025\/02\/IMG_20250109_164634-scaled.jpg?fit=2880%2C2168&ssl=1","width":2880,"height":2168},{"@type":"BreadcrumbList","@id":"http:\/\/www.jeannedarc-figeac.fr\/college-lycee\/les-ateliers-eip-toujours-en-pleine-effervescence\/#breadcrumb","itemListElement":[{"@type":"ListItem","position":1,"name":"Accueil","item":"https:\/\/www.jeannedarc-figeac.fr\/college-lycee\/"},{"@type":"ListItem","position":2,"name":"Actus","item":"http:\/\/www.jeannedarc-figeac.fr\/college-lycee\/cat\/actus\/"},{"@type":"ListItem","position":3,"name":"Les ateliers EIP toujours en pleine effervescence!"}]},{"@type":"WebSite","@id":"https:\/\/www.jeannedarc-figeac.fr\/college-lycee\/#website","url":"https:\/\/www.jeannedarc-figeac.fr\/college-lycee\/","name":"Coll\u00e8ge et Lyc\u00e9e Jeanne d&#039;Arc","description":"Jeanne d&#039;Arc Figeac","potentialAction":[{"@type":"SearchAction","target":{"@type":"EntryPoint","urlTemplate":"https:\/\/www.jeannedarc-figeac.fr\/college-lycee\/?s={search_term_string}"},"query-input":{"@type":"PropertyValueSpecification","valueRequired":true,"valueName":"search_term_string"}}],"inLanguage":"fr-FR"},{"@type":"Person","@id":"https:\/\/www.jeannedarc-figeac.fr\/college-lycee\/#\/schema\/person\/29e5764f28e895dc8bf41d4468f99154","name":"le secr\u00e9tariat","image":{"@type":"ImageObject","inLanguage":"fr-FR","@id":"https:\/\/www.jeannedarc-figeac.fr\/college-lycee\/#\/schema\/person\/image\/","url":"https:\/\/www.jeannedarc-figeac.fr\/college-lycee\/wp-content\/litespeed\/avatar\/5\/b7e8da60f53ba4adc9e9e66d91d84580.jpg?ver=1777548714","contentUrl":"https:\/\/www.jeannedarc-figeac.fr\/college-lycee\/wp-content\/litespeed\/avatar\/5\/b7e8da60f53ba4adc9e9e66d91d84580.jpg?ver=1777548714","caption":"le secr\u00e9tariat"},"url":"https:\/\/www.jeannedarc-figeac.fr\/college-lycee\/author\/arlette\/"}]}},"jetpack_featured_media_url":"","jetpack_sharing_enabled":true,"jetpack_shortlink":"https:\/\/wp.me\/p5Qyb6-1z8","_links":{"self":[{"href":"https:\/\/www.jeannedarc-figeac.fr\/college-lycee\/wp-json\/wp\/v2\/posts\/6022","targetHints":{"allow":["GET"]}}],"collection":[{"href":"https:\/\/www.jeannedarc-figeac.fr\/college-lycee\/wp-json\/wp\/v2\/posts"}],"about":[{"href":"https:\/\/www.jeannedarc-figeac.fr\/college-lycee\/wp-json\/wp\/v2\/types\/post"}],"author":[{"embeddable":true,"href":"https:\/\/www.jeannedarc-figeac.fr\/college-lycee\/wp-json\/wp\/v2\/users\/12"}],"replies":[{"embeddable":true,"href":"https:\/\/www.jeannedarc-figeac.fr\/college-lycee\/wp-json\/wp\/v2\/comments?post=6022"}],"version-history":[{"count":1,"href":"https:\/\/www.jeannedarc-figeac.fr\/college-lycee\/wp-json\/wp\/v2\/posts\/6022\/revisions"}],"predecessor-version":[{"id":6024,"href":"https:\/\/www.jeannedarc-figeac.fr\/college-lycee\/wp-json\/wp\/v2\/posts\/6022\/revisions\/6024"}],"wp:attachment":[{"href":"https:\/\/www.jeannedarc-figeac.fr\/college-lycee\/wp-json\/wp\/v2\/media?parent=6022"}],"wp:term":[{"taxonomy":"category","embeddable":true,"href":"https:\/\/www.jeannedarc-figeac.fr\/college-lycee\/wp-json\/wp\/v2\/categories?post=6022"},{"taxonomy":"post_tag","embeddable":true,"href":"https:\/\/www.jeannedarc-figeac.fr\/college-lycee\/wp-json\/wp\/v2\/tags?post=6022"}],"curies":[{"name":"wp","href":"https:\/\/api.w.org\/{rel}","templated":true}]}}