{"id":5869,"date":"2024-12-12T10:30:47","date_gmt":"2024-12-12T10:30:47","guid":{"rendered":"http:\/\/www.jeannedarc-figeac.fr\/college-lycee\/?p=5869"},"modified":"2024-12-12T10:30:52","modified_gmt":"2024-12-12T10:30:52","slug":"a-la-decouverte-des-metiers","status":"publish","type":"post","link":"https:\/\/www.jeannedarc-figeac.fr\/college-lycee\/a-la-decouverte-des-metiers\/","title":{"rendered":"A la d\u00e9couverte des m\u00e9tiers"},"content":{"rendered":"\n<p><\/p>\n\n\n\n<figure class=\"wp-block-image size-medium\"><a href=\"https:\/\/i0.wp.com\/www.jeannedarc-figeac.fr\/college-lycee\/wp-content\/uploads\/sites\/5\/2024\/12\/Caroline-3.jpeg\"><img data-recalc-dims=\"1\" loading=\"lazy\" decoding=\"async\" width=\"300\" height=\"225\" src=\"https:\/\/i0.wp.com\/www.jeannedarc-figeac.fr\/college-lycee\/wp-content\/uploads\/sites\/5\/2024\/12\/Caroline-3.jpeg?resize=300%2C225\" alt=\"\" class=\"wp-image-5870\" \/><\/a><\/figure>\n\n\n\n<p>Cette ann\u00e9e, les \u00e9l\u00e8ves de CAP AAGA premi\u00e8re ann\u00e9e, se sont lanc\u00e9s dans un projet afin de d\u00e9couvrir les m\u00e9tiers qui nous entourent. Ils ont travaill\u00e9 sur l&rsquo;interview avec leur&nbsp;professeur de fran\u00e7ais Mme Manh\u00e8s, et le coordonateur Ulis Lyc\u00e9e, M.&nbsp; Bonnefis.&nbsp;Ensuite ils se sont&nbsp; transform\u00e9s en animateurs radio afin d&rsquo;interviewer un maximum de professions diff\u00e9rentes. Merci \u00e0 Radio Pr\u00e9sence pour son accueil incroyable et sa confiance !&nbsp;Ils ont d\u00e9j\u00e0 interview\u00e9 Vincent (cuisinier en collectivit\u00e9) Caroline (professeur documentaliste) et B\u00e9atrice (\u00c9ducatrice). Les interviews ont lieu un vendredi sur deux, une \u00e0 13h45 et l&rsquo;autre \u00e0 14h45.<\/p>\n","protected":false},"excerpt":{"rendered":"<p>Cette ann\u00e9e, les \u00e9l\u00e8ves de CAP AAGA premi\u00e8re ann\u00e9e, se sont lanc\u00e9s dans un projet afin de d\u00e9couvrir les m\u00e9tiers qui nous entourent. Ils ont travaill\u00e9 sur l&rsquo;interview avec leur&nbsp;professeur de fran\u00e7ais Mme Manh\u00e8s, et le coordonateur Ulis Lyc\u00e9e, M.&nbsp; Bonnefis.&nbsp;Ensuite ils se sont&nbsp; transform\u00e9s en animateurs radio afin d&rsquo;interviewer un maximum de professions diff\u00e9rentes. [&hellip;]<\/p>\n","protected":false},"author":12,"featured_media":0,"comment_status":"closed","ping_status":"open","sticky":false,"template":"","format":"standard","meta":{"_et_pb_use_builder":"off","_et_pb_old_content":"","_et_gb_content_width":"","_jetpack_newsletter_access":"","_jetpack_dont_email_post_to_subs":false,"_jetpack_newsletter_tier_id":0,"_jetpack_memberships_contains_paywalled_content":false,"iawp_total_views":0,"_jetpack_memberships_contains_paid_content":false,"footnotes":""},"categories":[28],"tags":[],"class_list":["post-5869","post","type-post","status-publish","format-standard","hentry","category-actus"],"yoast_head":"<!-- This site is optimized with the Yoast SEO plugin v26.0 - https:\/\/yoast.com\/wordpress\/plugins\/seo\/ -->\n<title>A la d\u00e9couverte des m\u00e9tiers<\/title>\n<meta name=\"description\" content=\"Cette ann\u00e9e, les \u00e9l\u00e8ves de CAP AAGA premi\u00e8re ann\u00e9e, se sont lanc\u00e9s dans un projet afin de d\u00e9couvrir les m\u00e9tiers qui nous entourent. Ils ont travaill\u00e9 sur\" \/>\n<meta name=\"robots\" content=\"index, follow, max-snippet:-1, max-image-preview:large, max-video-preview:-1\" \/>\n<link rel=\"canonical\" href=\"http:\/\/www.jeannedarc-figeac.fr\/college-lycee\/a-la-decouverte-des-metiers\/\" \/>\n<meta property=\"og:locale\" content=\"fr_FR\" \/>\n<meta property=\"og:type\" content=\"article\" \/>\n<meta property=\"og:title\" content=\"A la d\u00e9couverte des m\u00e9tiers\" \/>\n<meta property=\"og:description\" content=\"Cette ann\u00e9e, les \u00e9l\u00e8ves de CAP AAGA premi\u00e8re ann\u00e9e, se sont lanc\u00e9s dans un projet afin de d\u00e9couvrir les m\u00e9tiers qui nous entourent. Ils ont travaill\u00e9 sur\" \/>\n<meta property=\"og:url\" content=\"http:\/\/www.jeannedarc-figeac.fr\/college-lycee\/a-la-decouverte-des-metiers\/\" \/>\n<meta property=\"og:site_name\" content=\"Coll\u00e8ge et Lyc\u00e9e Jeanne d&#039;Arc\" \/>\n<meta property=\"article:published_time\" content=\"2024-12-12T10:30:47+00:00\" \/>\n<meta property=\"article:modified_time\" content=\"2024-12-12T10:30:52+00:00\" \/>\n<meta property=\"og:image\" content=\"http:\/\/www.jeannedarc-figeac.fr\/college-lycee\/wp-content\/uploads\/sites\/5\/2024\/12\/Caroline-3-300x225.jpeg\" \/>\n<meta name=\"author\" content=\"le secr\u00e9tariat\" \/>\n<script type=\"application\/ld+json\" class=\"yoast-schema-graph\">{\"@context\":\"https:\/\/schema.org\",\"@graph\":[{\"@type\":\"WebPage\",\"@id\":\"http:\/\/www.jeannedarc-figeac.fr\/college-lycee\/a-la-decouverte-des-metiers\/\",\"url\":\"http:\/\/www.jeannedarc-figeac.fr\/college-lycee\/a-la-decouverte-des-metiers\/\",\"name\":\"A la d\u00e9couverte des m\u00e9tiers\",\"isPartOf\":{\"@id\":\"https:\/\/www.jeannedarc-figeac.fr\/college-lycee\/#website\"},\"primaryImageOfPage\":{\"@id\":\"http:\/\/www.jeannedarc-figeac.fr\/college-lycee\/a-la-decouverte-des-metiers\/#primaryimage\"},\"image\":{\"@id\":\"http:\/\/www.jeannedarc-figeac.fr\/college-lycee\/a-la-decouverte-des-metiers\/#primaryimage\"},\"thumbnailUrl\":\"http:\/\/www.jeannedarc-figeac.fr\/college-lycee\/wp-content\/uploads\/sites\/5\/2024\/12\/Caroline-3-300x225.jpeg\",\"datePublished\":\"2024-12-12T10:30:47+00:00\",\"dateModified\":\"2024-12-12T10:30:52+00:00\",\"author\":{\"@id\":\"https:\/\/www.jeannedarc-figeac.fr\/college-lycee\/#\/schema\/person\/29e5764f28e895dc8bf41d4468f99154\"},\"description\":\"Cette ann\u00e9e, les \u00e9l\u00e8ves de CAP AAGA premi\u00e8re ann\u00e9e, se sont lanc\u00e9s dans un projet afin de d\u00e9couvrir les m\u00e9tiers qui nous entourent. Ils ont travaill\u00e9 sur\",\"breadcrumb\":{\"@id\":\"http:\/\/www.jeannedarc-figeac.fr\/college-lycee\/a-la-decouverte-des-metiers\/#breadcrumb\"},\"inLanguage\":\"fr-FR\",\"potentialAction\":[{\"@type\":\"ReadAction\",\"target\":[\"http:\/\/www.jeannedarc-figeac.fr\/college-lycee\/a-la-decouverte-des-metiers\/\"]}]},{\"@type\":\"ImageObject\",\"inLanguage\":\"fr-FR\",\"@id\":\"http:\/\/www.jeannedarc-figeac.fr\/college-lycee\/a-la-decouverte-des-metiers\/#primaryimage\",\"url\":\"http:\/\/www.jeannedarc-figeac.fr\/college-lycee\/wp-content\/uploads\/sites\/5\/2024\/12\/Caroline-3-300x225.jpeg\",\"contentUrl\":\"http:\/\/www.jeannedarc-figeac.fr\/college-lycee\/wp-content\/uploads\/sites\/5\/2024\/12\/Caroline-3-300x225.jpeg\"},{\"@type\":\"BreadcrumbList\",\"@id\":\"http:\/\/www.jeannedarc-figeac.fr\/college-lycee\/a-la-decouverte-des-metiers\/#breadcrumb\",\"itemListElement\":[{\"@type\":\"ListItem\",\"position\":1,\"name\":\"Accueil\",\"item\":\"https:\/\/www.jeannedarc-figeac.fr\/college-lycee\/\"},{\"@type\":\"ListItem\",\"position\":2,\"name\":\"Actus\",\"item\":\"http:\/\/www.jeannedarc-figeac.fr\/college-lycee\/cat\/actus\/\"},{\"@type\":\"ListItem\",\"position\":3,\"name\":\"A la d\u00e9couverte des m\u00e9tiers\"}]},{\"@type\":\"WebSite\",\"@id\":\"https:\/\/www.jeannedarc-figeac.fr\/college-lycee\/#website\",\"url\":\"https:\/\/www.jeannedarc-figeac.fr\/college-lycee\/\",\"name\":\"Coll\u00e8ge et Lyc\u00e9e Jeanne d&#039;Arc\",\"description\":\"Jeanne d&#039;Arc Figeac\",\"potentialAction\":[{\"@type\":\"SearchAction\",\"target\":{\"@type\":\"EntryPoint\",\"urlTemplate\":\"https:\/\/www.jeannedarc-figeac.fr\/college-lycee\/?s={search_term_string}\"},\"query-input\":{\"@type\":\"PropertyValueSpecification\",\"valueRequired\":true,\"valueName\":\"search_term_string\"}}],\"inLanguage\":\"fr-FR\"},{\"@type\":\"Person\",\"@id\":\"https:\/\/www.jeannedarc-figeac.fr\/college-lycee\/#\/schema\/person\/29e5764f28e895dc8bf41d4468f99154\",\"name\":\"le secr\u00e9tariat\",\"image\":{\"@type\":\"ImageObject\",\"inLanguage\":\"fr-FR\",\"@id\":\"https:\/\/www.jeannedarc-figeac.fr\/college-lycee\/#\/schema\/person\/image\/\",\"url\":\"https:\/\/www.jeannedarc-figeac.fr\/college-lycee\/wp-content\/litespeed\/avatar\/5\/b7e8da60f53ba4adc9e9e66d91d84580.jpg?ver=1776943645\",\"contentUrl\":\"https:\/\/www.jeannedarc-figeac.fr\/college-lycee\/wp-content\/litespeed\/avatar\/5\/b7e8da60f53ba4adc9e9e66d91d84580.jpg?ver=1776943645\",\"caption\":\"le secr\u00e9tariat\"},\"url\":\"https:\/\/www.jeannedarc-figeac.fr\/college-lycee\/author\/arlette\/\"}]}<\/script>\n<!-- \/ Yoast SEO plugin. -->","yoast_head_json":{"title":"A la d\u00e9couverte des m\u00e9tiers","description":"Cette ann\u00e9e, les \u00e9l\u00e8ves de CAP AAGA premi\u00e8re ann\u00e9e, se sont lanc\u00e9s dans un projet afin de d\u00e9couvrir les m\u00e9tiers qui nous entourent. Ils ont travaill\u00e9 sur","robots":{"index":"index","follow":"follow","max-snippet":"max-snippet:-1","max-image-preview":"max-image-preview:large","max-video-preview":"max-video-preview:-1"},"canonical":"http:\/\/www.jeannedarc-figeac.fr\/college-lycee\/a-la-decouverte-des-metiers\/","og_locale":"fr_FR","og_type":"article","og_title":"A la d\u00e9couverte des m\u00e9tiers","og_description":"Cette ann\u00e9e, les \u00e9l\u00e8ves de CAP AAGA premi\u00e8re ann\u00e9e, se sont lanc\u00e9s dans un projet afin de d\u00e9couvrir les m\u00e9tiers qui nous entourent. Ils ont travaill\u00e9 sur","og_url":"http:\/\/www.jeannedarc-figeac.fr\/college-lycee\/a-la-decouverte-des-metiers\/","og_site_name":"Coll\u00e8ge et Lyc\u00e9e Jeanne d&#039;Arc","article_published_time":"2024-12-12T10:30:47+00:00","article_modified_time":"2024-12-12T10:30:52+00:00","og_image":[{"url":"http:\/\/www.jeannedarc-figeac.fr\/college-lycee\/wp-content\/uploads\/sites\/5\/2024\/12\/Caroline-3-300x225.jpeg","type":"","width":"","height":""}],"author":"le secr\u00e9tariat","schema":{"@context":"https:\/\/schema.org","@graph":[{"@type":"WebPage","@id":"http:\/\/www.jeannedarc-figeac.fr\/college-lycee\/a-la-decouverte-des-metiers\/","url":"http:\/\/www.jeannedarc-figeac.fr\/college-lycee\/a-la-decouverte-des-metiers\/","name":"A la d\u00e9couverte des m\u00e9tiers","isPartOf":{"@id":"https:\/\/www.jeannedarc-figeac.fr\/college-lycee\/#website"},"primaryImageOfPage":{"@id":"http:\/\/www.jeannedarc-figeac.fr\/college-lycee\/a-la-decouverte-des-metiers\/#primaryimage"},"image":{"@id":"http:\/\/www.jeannedarc-figeac.fr\/college-lycee\/a-la-decouverte-des-metiers\/#primaryimage"},"thumbnailUrl":"http:\/\/www.jeannedarc-figeac.fr\/college-lycee\/wp-content\/uploads\/sites\/5\/2024\/12\/Caroline-3-300x225.jpeg","datePublished":"2024-12-12T10:30:47+00:00","dateModified":"2024-12-12T10:30:52+00:00","author":{"@id":"https:\/\/www.jeannedarc-figeac.fr\/college-lycee\/#\/schema\/person\/29e5764f28e895dc8bf41d4468f99154"},"description":"Cette ann\u00e9e, les \u00e9l\u00e8ves de CAP AAGA premi\u00e8re ann\u00e9e, se sont lanc\u00e9s dans un projet afin de d\u00e9couvrir les m\u00e9tiers qui nous entourent. Ils ont travaill\u00e9 sur","breadcrumb":{"@id":"http:\/\/www.jeannedarc-figeac.fr\/college-lycee\/a-la-decouverte-des-metiers\/#breadcrumb"},"inLanguage":"fr-FR","potentialAction":[{"@type":"ReadAction","target":["http:\/\/www.jeannedarc-figeac.fr\/college-lycee\/a-la-decouverte-des-metiers\/"]}]},{"@type":"ImageObject","inLanguage":"fr-FR","@id":"http:\/\/www.jeannedarc-figeac.fr\/college-lycee\/a-la-decouverte-des-metiers\/#primaryimage","url":"http:\/\/www.jeannedarc-figeac.fr\/college-lycee\/wp-content\/uploads\/sites\/5\/2024\/12\/Caroline-3-300x225.jpeg","contentUrl":"http:\/\/www.jeannedarc-figeac.fr\/college-lycee\/wp-content\/uploads\/sites\/5\/2024\/12\/Caroline-3-300x225.jpeg"},{"@type":"BreadcrumbList","@id":"http:\/\/www.jeannedarc-figeac.fr\/college-lycee\/a-la-decouverte-des-metiers\/#breadcrumb","itemListElement":[{"@type":"ListItem","position":1,"name":"Accueil","item":"https:\/\/www.jeannedarc-figeac.fr\/college-lycee\/"},{"@type":"ListItem","position":2,"name":"Actus","item":"http:\/\/www.jeannedarc-figeac.fr\/college-lycee\/cat\/actus\/"},{"@type":"ListItem","position":3,"name":"A la d\u00e9couverte des m\u00e9tiers"}]},{"@type":"WebSite","@id":"https:\/\/www.jeannedarc-figeac.fr\/college-lycee\/#website","url":"https:\/\/www.jeannedarc-figeac.fr\/college-lycee\/","name":"Coll\u00e8ge et Lyc\u00e9e Jeanne d&#039;Arc","description":"Jeanne d&#039;Arc Figeac","potentialAction":[{"@type":"SearchAction","target":{"@type":"EntryPoint","urlTemplate":"https:\/\/www.jeannedarc-figeac.fr\/college-lycee\/?s={search_term_string}"},"query-input":{"@type":"PropertyValueSpecification","valueRequired":true,"valueName":"search_term_string"}}],"inLanguage":"fr-FR"},{"@type":"Person","@id":"https:\/\/www.jeannedarc-figeac.fr\/college-lycee\/#\/schema\/person\/29e5764f28e895dc8bf41d4468f99154","name":"le secr\u00e9tariat","image":{"@type":"ImageObject","inLanguage":"fr-FR","@id":"https:\/\/www.jeannedarc-figeac.fr\/college-lycee\/#\/schema\/person\/image\/","url":"https:\/\/www.jeannedarc-figeac.fr\/college-lycee\/wp-content\/litespeed\/avatar\/5\/b7e8da60f53ba4adc9e9e66d91d84580.jpg?ver=1776943645","contentUrl":"https:\/\/www.jeannedarc-figeac.fr\/college-lycee\/wp-content\/litespeed\/avatar\/5\/b7e8da60f53ba4adc9e9e66d91d84580.jpg?ver=1776943645","caption":"le secr\u00e9tariat"},"url":"https:\/\/www.jeannedarc-figeac.fr\/college-lycee\/author\/arlette\/"}]}},"jetpack_featured_media_url":"","jetpack_sharing_enabled":true,"jetpack_shortlink":"https:\/\/wp.me\/p5Qyb6-1wF","_links":{"self":[{"href":"https:\/\/www.jeannedarc-figeac.fr\/college-lycee\/wp-json\/wp\/v2\/posts\/5869","targetHints":{"allow":["GET"]}}],"collection":[{"href":"https:\/\/www.jeannedarc-figeac.fr\/college-lycee\/wp-json\/wp\/v2\/posts"}],"about":[{"href":"https:\/\/www.jeannedarc-figeac.fr\/college-lycee\/wp-json\/wp\/v2\/types\/post"}],"author":[{"embeddable":true,"href":"https:\/\/www.jeannedarc-figeac.fr\/college-lycee\/wp-json\/wp\/v2\/users\/12"}],"replies":[{"embeddable":true,"href":"https:\/\/www.jeannedarc-figeac.fr\/college-lycee\/wp-json\/wp\/v2\/comments?post=5869"}],"version-history":[{"count":1,"href":"https:\/\/www.jeannedarc-figeac.fr\/college-lycee\/wp-json\/wp\/v2\/posts\/5869\/revisions"}],"predecessor-version":[{"id":5871,"href":"https:\/\/www.jeannedarc-figeac.fr\/college-lycee\/wp-json\/wp\/v2\/posts\/5869\/revisions\/5871"}],"wp:attachment":[{"href":"https:\/\/www.jeannedarc-figeac.fr\/college-lycee\/wp-json\/wp\/v2\/media?parent=5869"}],"wp:term":[{"taxonomy":"category","embeddable":true,"href":"https:\/\/www.jeannedarc-figeac.fr\/college-lycee\/wp-json\/wp\/v2\/categories?post=5869"},{"taxonomy":"post_tag","embeddable":true,"href":"https:\/\/www.jeannedarc-figeac.fr\/college-lycee\/wp-json\/wp\/v2\/tags?post=5869"}],"curies":[{"name":"wp","href":"https:\/\/api.w.org\/{rel}","templated":true}]}}