{"id":5865,"date":"2024-12-12T10:28:25","date_gmt":"2024-12-12T10:28:25","guid":{"rendered":"http:\/\/www.jeannedarc-figeac.fr\/college-lycee\/?p=5865"},"modified":"2024-12-12T10:28:28","modified_gmt":"2024-12-12T10:28:28","slug":"les-eleves-de-seconde-au-futuroscope","status":"publish","type":"post","link":"https:\/\/www.jeannedarc-figeac.fr\/college-lycee\/les-eleves-de-seconde-au-futuroscope\/","title":{"rendered":"Les \u00e9l\u00e8ves de Seconde au Futuroscope !"},"content":{"rendered":"\n<p><\/p>\n\n\n\n<figure class=\"wp-block-image size-medium\"><a href=\"https:\/\/i0.wp.com\/www.jeannedarc-figeac.fr\/college-lycee\/wp-content\/uploads\/sites\/5\/2024\/12\/futuroscope-scaled.jpeg\"><img data-recalc-dims=\"1\" loading=\"lazy\" decoding=\"async\" width=\"300\" height=\"225\" src=\"https:\/\/i0.wp.com\/www.jeannedarc-figeac.fr\/college-lycee\/wp-content\/uploads\/sites\/5\/2024\/12\/futuroscope.jpeg?resize=300%2C225\" alt=\"\" class=\"wp-image-5867\" \/><\/a><\/figure>\n\n\n\n<p>Apr\u00e8s 5 heures de voyage, les voil\u00e0 arriv\u00e9s au Futuroscope ! Chacun a choisi de vivre tour \u00e0 tour diff\u00e9rentes aventures : chasser les tornades, voler au pays des Minimoys, d\u00e9couvrir la Vienne ou le monde, danser avec les robots\u2026 La journ\u00e9e s\u2019est termin\u00e9e par un spectacle f\u00e9erique et quelque peu arros\u00e9 !\u00a0Le lendemain matin, les aventures ont continu\u00e9 dans la bonne humeur g\u00e9n\u00e9rale. 2 belles journ\u00e9es de coh\u00e9sion.<\/p>\n","protected":false},"excerpt":{"rendered":"<p>Apr\u00e8s 5 heures de voyage, les voil\u00e0 arriv\u00e9s au Futuroscope ! Chacun a choisi de vivre tour \u00e0 tour diff\u00e9rentes aventures : chasser les tornades, voler au pays des Minimoys, d\u00e9couvrir la Vienne ou le monde, danser avec les robots\u2026 La journ\u00e9e s\u2019est termin\u00e9e par un spectacle f\u00e9erique et quelque peu arros\u00e9 !\u00a0Le lendemain matin, [&hellip;]<\/p>\n","protected":false},"author":12,"featured_media":0,"comment_status":"closed","ping_status":"open","sticky":false,"template":"","format":"standard","meta":{"_et_pb_use_builder":"off","_et_pb_old_content":"","_et_gb_content_width":"","_jetpack_newsletter_access":"","_jetpack_dont_email_post_to_subs":false,"_jetpack_newsletter_tier_id":0,"_jetpack_memberships_contains_paywalled_content":false,"iawp_total_views":0,"_jetpack_memberships_contains_paid_content":false,"footnotes":""},"categories":[28],"tags":[],"class_list":["post-5865","post","type-post","status-publish","format-standard","hentry","category-actus"],"yoast_head":"<!-- This site is optimized with the Yoast SEO plugin v26.0 - https:\/\/yoast.com\/wordpress\/plugins\/seo\/ -->\n<title>Les \u00e9l\u00e8ves de Seconde au Futuroscope !<\/title>\n<meta name=\"description\" content=\"Apr\u00e8s 5 heures de voyage, les voil\u00e0 arriv\u00e9s au Futuroscope ! Chacun a choisi de vivre tour \u00e0 tour diff\u00e9rentes aventures : chasser les tornades, voler au\" \/>\n<meta name=\"robots\" content=\"index, follow, max-snippet:-1, max-image-preview:large, max-video-preview:-1\" \/>\n<link rel=\"canonical\" href=\"http:\/\/www.jeannedarc-figeac.fr\/college-lycee\/les-eleves-de-seconde-au-futuroscope\/\" \/>\n<meta property=\"og:locale\" content=\"fr_FR\" \/>\n<meta property=\"og:type\" content=\"article\" \/>\n<meta property=\"og:title\" content=\"Les \u00e9l\u00e8ves de Seconde au Futuroscope !\" \/>\n<meta property=\"og:description\" content=\"Apr\u00e8s 5 heures de voyage, les voil\u00e0 arriv\u00e9s au Futuroscope ! Chacun a choisi de vivre tour \u00e0 tour diff\u00e9rentes aventures : chasser les tornades, voler au\" \/>\n<meta property=\"og:url\" content=\"http:\/\/www.jeannedarc-figeac.fr\/college-lycee\/les-eleves-de-seconde-au-futuroscope\/\" \/>\n<meta property=\"og:site_name\" content=\"Coll\u00e8ge et Lyc\u00e9e Jeanne d&#039;Arc\" \/>\n<meta property=\"article:published_time\" content=\"2024-12-12T10:28:25+00:00\" \/>\n<meta property=\"article:modified_time\" content=\"2024-12-12T10:28:28+00:00\" \/>\n<meta property=\"og:image\" content=\"http:\/\/www.jeannedarc-figeac.fr\/college-lycee\/wp-content\/uploads\/sites\/5\/2024\/12\/futuroscope-300x225.jpeg\" \/>\n<meta name=\"author\" content=\"le secr\u00e9tariat\" \/>\n<script type=\"application\/ld+json\" class=\"yoast-schema-graph\">{\"@context\":\"https:\/\/schema.org\",\"@graph\":[{\"@type\":\"WebPage\",\"@id\":\"http:\/\/www.jeannedarc-figeac.fr\/college-lycee\/les-eleves-de-seconde-au-futuroscope\/\",\"url\":\"http:\/\/www.jeannedarc-figeac.fr\/college-lycee\/les-eleves-de-seconde-au-futuroscope\/\",\"name\":\"Les \u00e9l\u00e8ves de Seconde au Futuroscope !\",\"isPartOf\":{\"@id\":\"https:\/\/www.jeannedarc-figeac.fr\/college-lycee\/#website\"},\"primaryImageOfPage\":{\"@id\":\"http:\/\/www.jeannedarc-figeac.fr\/college-lycee\/les-eleves-de-seconde-au-futuroscope\/#primaryimage\"},\"image\":{\"@id\":\"http:\/\/www.jeannedarc-figeac.fr\/college-lycee\/les-eleves-de-seconde-au-futuroscope\/#primaryimage\"},\"thumbnailUrl\":\"http:\/\/www.jeannedarc-figeac.fr\/college-lycee\/wp-content\/uploads\/sites\/5\/2024\/12\/futuroscope-300x225.jpeg\",\"datePublished\":\"2024-12-12T10:28:25+00:00\",\"dateModified\":\"2024-12-12T10:28:28+00:00\",\"author\":{\"@id\":\"https:\/\/www.jeannedarc-figeac.fr\/college-lycee\/#\/schema\/person\/29e5764f28e895dc8bf41d4468f99154\"},\"description\":\"Apr\u00e8s 5 heures de voyage, les voil\u00e0 arriv\u00e9s au Futuroscope ! Chacun a choisi de vivre tour \u00e0 tour diff\u00e9rentes aventures : chasser les tornades, voler au\",\"breadcrumb\":{\"@id\":\"http:\/\/www.jeannedarc-figeac.fr\/college-lycee\/les-eleves-de-seconde-au-futuroscope\/#breadcrumb\"},\"inLanguage\":\"fr-FR\",\"potentialAction\":[{\"@type\":\"ReadAction\",\"target\":[\"http:\/\/www.jeannedarc-figeac.fr\/college-lycee\/les-eleves-de-seconde-au-futuroscope\/\"]}]},{\"@type\":\"ImageObject\",\"inLanguage\":\"fr-FR\",\"@id\":\"http:\/\/www.jeannedarc-figeac.fr\/college-lycee\/les-eleves-de-seconde-au-futuroscope\/#primaryimage\",\"url\":\"http:\/\/www.jeannedarc-figeac.fr\/college-lycee\/wp-content\/uploads\/sites\/5\/2024\/12\/futuroscope-300x225.jpeg\",\"contentUrl\":\"http:\/\/www.jeannedarc-figeac.fr\/college-lycee\/wp-content\/uploads\/sites\/5\/2024\/12\/futuroscope-300x225.jpeg\"},{\"@type\":\"BreadcrumbList\",\"@id\":\"http:\/\/www.jeannedarc-figeac.fr\/college-lycee\/les-eleves-de-seconde-au-futuroscope\/#breadcrumb\",\"itemListElement\":[{\"@type\":\"ListItem\",\"position\":1,\"name\":\"Accueil\",\"item\":\"https:\/\/www.jeannedarc-figeac.fr\/college-lycee\/\"},{\"@type\":\"ListItem\",\"position\":2,\"name\":\"Actus\",\"item\":\"http:\/\/www.jeannedarc-figeac.fr\/college-lycee\/cat\/actus\/\"},{\"@type\":\"ListItem\",\"position\":3,\"name\":\"Les \u00e9l\u00e8ves de Seconde au Futuroscope !\"}]},{\"@type\":\"WebSite\",\"@id\":\"https:\/\/www.jeannedarc-figeac.fr\/college-lycee\/#website\",\"url\":\"https:\/\/www.jeannedarc-figeac.fr\/college-lycee\/\",\"name\":\"Coll\u00e8ge et Lyc\u00e9e Jeanne d&#039;Arc\",\"description\":\"Jeanne d&#039;Arc Figeac\",\"potentialAction\":[{\"@type\":\"SearchAction\",\"target\":{\"@type\":\"EntryPoint\",\"urlTemplate\":\"https:\/\/www.jeannedarc-figeac.fr\/college-lycee\/?s={search_term_string}\"},\"query-input\":{\"@type\":\"PropertyValueSpecification\",\"valueRequired\":true,\"valueName\":\"search_term_string\"}}],\"inLanguage\":\"fr-FR\"},{\"@type\":\"Person\",\"@id\":\"https:\/\/www.jeannedarc-figeac.fr\/college-lycee\/#\/schema\/person\/29e5764f28e895dc8bf41d4468f99154\",\"name\":\"le secr\u00e9tariat\",\"image\":{\"@type\":\"ImageObject\",\"inLanguage\":\"fr-FR\",\"@id\":\"https:\/\/www.jeannedarc-figeac.fr\/college-lycee\/#\/schema\/person\/image\/\",\"url\":\"https:\/\/www.jeannedarc-figeac.fr\/college-lycee\/wp-content\/litespeed\/avatar\/5\/b7e8da60f53ba4adc9e9e66d91d84580.jpg?ver=1777548714\",\"contentUrl\":\"https:\/\/www.jeannedarc-figeac.fr\/college-lycee\/wp-content\/litespeed\/avatar\/5\/b7e8da60f53ba4adc9e9e66d91d84580.jpg?ver=1777548714\",\"caption\":\"le secr\u00e9tariat\"},\"url\":\"https:\/\/www.jeannedarc-figeac.fr\/college-lycee\/author\/arlette\/\"}]}<\/script>\n<!-- \/ Yoast SEO plugin. -->","yoast_head_json":{"title":"Les \u00e9l\u00e8ves de Seconde au Futuroscope !","description":"Apr\u00e8s 5 heures de voyage, les voil\u00e0 arriv\u00e9s au Futuroscope ! Chacun a choisi de vivre tour \u00e0 tour diff\u00e9rentes aventures : chasser les tornades, voler au","robots":{"index":"index","follow":"follow","max-snippet":"max-snippet:-1","max-image-preview":"max-image-preview:large","max-video-preview":"max-video-preview:-1"},"canonical":"http:\/\/www.jeannedarc-figeac.fr\/college-lycee\/les-eleves-de-seconde-au-futuroscope\/","og_locale":"fr_FR","og_type":"article","og_title":"Les \u00e9l\u00e8ves de Seconde au Futuroscope !","og_description":"Apr\u00e8s 5 heures de voyage, les voil\u00e0 arriv\u00e9s au Futuroscope ! Chacun a choisi de vivre tour \u00e0 tour diff\u00e9rentes aventures : chasser les tornades, voler au","og_url":"http:\/\/www.jeannedarc-figeac.fr\/college-lycee\/les-eleves-de-seconde-au-futuroscope\/","og_site_name":"Coll\u00e8ge et Lyc\u00e9e Jeanne d&#039;Arc","article_published_time":"2024-12-12T10:28:25+00:00","article_modified_time":"2024-12-12T10:28:28+00:00","og_image":[{"url":"http:\/\/www.jeannedarc-figeac.fr\/college-lycee\/wp-content\/uploads\/sites\/5\/2024\/12\/futuroscope-300x225.jpeg","type":"","width":"","height":""}],"author":"le secr\u00e9tariat","schema":{"@context":"https:\/\/schema.org","@graph":[{"@type":"WebPage","@id":"http:\/\/www.jeannedarc-figeac.fr\/college-lycee\/les-eleves-de-seconde-au-futuroscope\/","url":"http:\/\/www.jeannedarc-figeac.fr\/college-lycee\/les-eleves-de-seconde-au-futuroscope\/","name":"Les \u00e9l\u00e8ves de Seconde au Futuroscope !","isPartOf":{"@id":"https:\/\/www.jeannedarc-figeac.fr\/college-lycee\/#website"},"primaryImageOfPage":{"@id":"http:\/\/www.jeannedarc-figeac.fr\/college-lycee\/les-eleves-de-seconde-au-futuroscope\/#primaryimage"},"image":{"@id":"http:\/\/www.jeannedarc-figeac.fr\/college-lycee\/les-eleves-de-seconde-au-futuroscope\/#primaryimage"},"thumbnailUrl":"http:\/\/www.jeannedarc-figeac.fr\/college-lycee\/wp-content\/uploads\/sites\/5\/2024\/12\/futuroscope-300x225.jpeg","datePublished":"2024-12-12T10:28:25+00:00","dateModified":"2024-12-12T10:28:28+00:00","author":{"@id":"https:\/\/www.jeannedarc-figeac.fr\/college-lycee\/#\/schema\/person\/29e5764f28e895dc8bf41d4468f99154"},"description":"Apr\u00e8s 5 heures de voyage, les voil\u00e0 arriv\u00e9s au Futuroscope ! Chacun a choisi de vivre tour \u00e0 tour diff\u00e9rentes aventures : chasser les tornades, voler au","breadcrumb":{"@id":"http:\/\/www.jeannedarc-figeac.fr\/college-lycee\/les-eleves-de-seconde-au-futuroscope\/#breadcrumb"},"inLanguage":"fr-FR","potentialAction":[{"@type":"ReadAction","target":["http:\/\/www.jeannedarc-figeac.fr\/college-lycee\/les-eleves-de-seconde-au-futuroscope\/"]}]},{"@type":"ImageObject","inLanguage":"fr-FR","@id":"http:\/\/www.jeannedarc-figeac.fr\/college-lycee\/les-eleves-de-seconde-au-futuroscope\/#primaryimage","url":"http:\/\/www.jeannedarc-figeac.fr\/college-lycee\/wp-content\/uploads\/sites\/5\/2024\/12\/futuroscope-300x225.jpeg","contentUrl":"http:\/\/www.jeannedarc-figeac.fr\/college-lycee\/wp-content\/uploads\/sites\/5\/2024\/12\/futuroscope-300x225.jpeg"},{"@type":"BreadcrumbList","@id":"http:\/\/www.jeannedarc-figeac.fr\/college-lycee\/les-eleves-de-seconde-au-futuroscope\/#breadcrumb","itemListElement":[{"@type":"ListItem","position":1,"name":"Accueil","item":"https:\/\/www.jeannedarc-figeac.fr\/college-lycee\/"},{"@type":"ListItem","position":2,"name":"Actus","item":"http:\/\/www.jeannedarc-figeac.fr\/college-lycee\/cat\/actus\/"},{"@type":"ListItem","position":3,"name":"Les \u00e9l\u00e8ves de Seconde au Futuroscope !"}]},{"@type":"WebSite","@id":"https:\/\/www.jeannedarc-figeac.fr\/college-lycee\/#website","url":"https:\/\/www.jeannedarc-figeac.fr\/college-lycee\/","name":"Coll\u00e8ge et Lyc\u00e9e Jeanne d&#039;Arc","description":"Jeanne d&#039;Arc Figeac","potentialAction":[{"@type":"SearchAction","target":{"@type":"EntryPoint","urlTemplate":"https:\/\/www.jeannedarc-figeac.fr\/college-lycee\/?s={search_term_string}"},"query-input":{"@type":"PropertyValueSpecification","valueRequired":true,"valueName":"search_term_string"}}],"inLanguage":"fr-FR"},{"@type":"Person","@id":"https:\/\/www.jeannedarc-figeac.fr\/college-lycee\/#\/schema\/person\/29e5764f28e895dc8bf41d4468f99154","name":"le secr\u00e9tariat","image":{"@type":"ImageObject","inLanguage":"fr-FR","@id":"https:\/\/www.jeannedarc-figeac.fr\/college-lycee\/#\/schema\/person\/image\/","url":"https:\/\/www.jeannedarc-figeac.fr\/college-lycee\/wp-content\/litespeed\/avatar\/5\/b7e8da60f53ba4adc9e9e66d91d84580.jpg?ver=1777548714","contentUrl":"https:\/\/www.jeannedarc-figeac.fr\/college-lycee\/wp-content\/litespeed\/avatar\/5\/b7e8da60f53ba4adc9e9e66d91d84580.jpg?ver=1777548714","caption":"le secr\u00e9tariat"},"url":"https:\/\/www.jeannedarc-figeac.fr\/college-lycee\/author\/arlette\/"}]}},"jetpack_featured_media_url":"","jetpack_sharing_enabled":true,"jetpack_shortlink":"https:\/\/wp.me\/p5Qyb6-1wB","_links":{"self":[{"href":"https:\/\/www.jeannedarc-figeac.fr\/college-lycee\/wp-json\/wp\/v2\/posts\/5865","targetHints":{"allow":["GET"]}}],"collection":[{"href":"https:\/\/www.jeannedarc-figeac.fr\/college-lycee\/wp-json\/wp\/v2\/posts"}],"about":[{"href":"https:\/\/www.jeannedarc-figeac.fr\/college-lycee\/wp-json\/wp\/v2\/types\/post"}],"author":[{"embeddable":true,"href":"https:\/\/www.jeannedarc-figeac.fr\/college-lycee\/wp-json\/wp\/v2\/users\/12"}],"replies":[{"embeddable":true,"href":"https:\/\/www.jeannedarc-figeac.fr\/college-lycee\/wp-json\/wp\/v2\/comments?post=5865"}],"version-history":[{"count":1,"href":"https:\/\/www.jeannedarc-figeac.fr\/college-lycee\/wp-json\/wp\/v2\/posts\/5865\/revisions"}],"predecessor-version":[{"id":5868,"href":"https:\/\/www.jeannedarc-figeac.fr\/college-lycee\/wp-json\/wp\/v2\/posts\/5865\/revisions\/5868"}],"wp:attachment":[{"href":"https:\/\/www.jeannedarc-figeac.fr\/college-lycee\/wp-json\/wp\/v2\/media?parent=5865"}],"wp:term":[{"taxonomy":"category","embeddable":true,"href":"https:\/\/www.jeannedarc-figeac.fr\/college-lycee\/wp-json\/wp\/v2\/categories?post=5865"},{"taxonomy":"post_tag","embeddable":true,"href":"https:\/\/www.jeannedarc-figeac.fr\/college-lycee\/wp-json\/wp\/v2\/tags?post=5865"}],"curies":[{"name":"wp","href":"https:\/\/api.w.org\/{rel}","templated":true}]}}