{"id":5472,"date":"2024-04-11T08:16:23","date_gmt":"2024-04-11T08:16:23","guid":{"rendered":"http:\/\/www.jeannedarc-figeac.fr\/college-lycee\/?p=5472"},"modified":"2024-04-11T08:16:25","modified_gmt":"2024-04-11T08:16:25","slug":"concours-deloquence-2024","status":"publish","type":"post","link":"https:\/\/www.jeannedarc-figeac.fr\/college-lycee\/concours-deloquence-2024\/","title":{"rendered":"Concours d&rsquo;\u00e9loquence 2024"},"content":{"rendered":"\n<figure class=\"wp-block-image size-medium\"><a href=\"https:\/\/i0.wp.com\/www.jeannedarc-figeac.fr\/college-lycee\/wp-content\/uploads\/sites\/5\/2024\/04\/20240402_101504-1-scaled.jpg\"><img data-recalc-dims=\"1\" loading=\"lazy\" decoding=\"async\" width=\"300\" height=\"139\" src=\"https:\/\/i0.wp.com\/www.jeannedarc-figeac.fr\/college-lycee\/wp-content\/uploads\/sites\/5\/2024\/04\/20240402_101504-1.jpg?resize=300%2C139\" alt=\"\" class=\"wp-image-5473\" \/><\/a><\/figure>\n\n\n\n<p>Mardi 2 avril, dans une ambiance de d\u00e9bat et de rh\u00e9torique a eu lieu le concours d\u2019\u00e9loquence organis\u00e9 par le Lions Club de Figeac et accueilli cette ann\u00e9e \u00e0 la sous-pr\u00e9fecture de Figeac par la Sous-Pr\u00e9f\u00e8te Anne-C\u00e9cile Vialle. Ce concours, qui a r\u00e9uni les coll\u00e9giens de Masbou et Jeanne d\u2019Arc ainsi que les lyc\u00e9ens de Champollion et Jeanne d\u2019Arc, a donn\u00e9 lieu \u00e0 des joutes verbales passionnantes et des performances tr\u00e8s convaincantes. Ces jeunes ont fait montre d\u2019une grande \u00e9loquence, d\u00e9ployant leurs talents avec assurance et finesse. Leurs discours, pleins de sensibilit\u00e9, de r\u00e9flexion et de maturit\u00e9, ont captiv\u00e9 le public et les juges, r\u00e9v\u00e9lant ainsi les futurs orateurs de demain. Les sujets abord\u00e9s allant des questions sociales \u00e0 des enjeux environnementaux, empruntant m\u00eame \u00e0 la philosophie pour les lyc\u00e9ens, ont t\u00e9moign\u00e9 de leur engagement envers des causes qui leur tiennent \u00e0 c\u0153ur ainsi que de leur capacit\u00e9 \u00e0 d\u00e9fendre leurs id\u00e9es avec conviction. Au terme de cette comp\u00e9tition acharn\u00e9e, les juges ont eu la difficile t\u00e2che de d\u00e9signer les laur\u00e9ats de chaque cat\u00e9gorie. Mais au-del\u00e0 des vainqueurs, c\u2019est l\u2019ensemble des participants qui m\u00e9rite d\u2019\u00eatre f\u00e9licit\u00e9 pour leur courage, leur implication et leur travail. Ce concours d\u2019\u00e9loquence, a non seulement mis en lumi\u00e8re les jeunes talents de Figeac, mais il a \u00e9galement offert aux \u00e9l\u00e8ves une occasion exceptionnelle de s\u2019exprimer, de se d\u00e9passer et de grandir en tant qu\u2019orateurs et citoyens. Un grand bravo \u00e0 tous les laur\u00e9ats et aux gagnants de chaque cat\u00e9gorie.<\/p>\n","protected":false},"excerpt":{"rendered":"<p>Mardi 2 avril, dans une ambiance de d\u00e9bat et de rh\u00e9torique a eu lieu le concours d\u2019\u00e9loquence organis\u00e9 par le Lions Club de Figeac et accueilli cette ann\u00e9e \u00e0 la sous-pr\u00e9fecture de Figeac par la Sous-Pr\u00e9f\u00e8te Anne-C\u00e9cile Vialle. Ce concours, qui a r\u00e9uni les coll\u00e9giens de Masbou et Jeanne d\u2019Arc ainsi que les lyc\u00e9ens de [&hellip;]<\/p>\n","protected":false},"author":12,"featured_media":0,"comment_status":"closed","ping_status":"open","sticky":false,"template":"","format":"standard","meta":{"_et_pb_use_builder":"off","_et_pb_old_content":"","_et_gb_content_width":"","_jetpack_newsletter_access":"","_jetpack_dont_email_post_to_subs":false,"_jetpack_newsletter_tier_id":0,"_jetpack_memberships_contains_paywalled_content":false,"iawp_total_views":2,"_jetpack_memberships_contains_paid_content":false,"footnotes":""},"categories":[28],"tags":[],"class_list":["post-5472","post","type-post","status-publish","format-standard","hentry","category-actus"],"yoast_head":"<!-- This site is optimized with the Yoast SEO plugin v26.0 - https:\/\/yoast.com\/wordpress\/plugins\/seo\/ -->\n<title>Concours d&#039;\u00e9loquence 2024<\/title>\n<meta name=\"description\" content=\"Mardi 2 avril, dans une ambiance de d\u00e9bat et de rh\u00e9torique a eu lieu le concours d\u2019\u00e9loquence organis\u00e9 par le Lions Club de Figeac et accueilli cette ann\u00e9e\" \/>\n<meta name=\"robots\" content=\"index, follow, max-snippet:-1, max-image-preview:large, max-video-preview:-1\" \/>\n<link rel=\"canonical\" href=\"http:\/\/www.jeannedarc-figeac.fr\/college-lycee\/concours-deloquence-2024\/\" \/>\n<meta property=\"og:locale\" content=\"fr_FR\" \/>\n<meta property=\"og:type\" content=\"article\" \/>\n<meta property=\"og:title\" content=\"Concours d&#039;\u00e9loquence 2024\" \/>\n<meta property=\"og:description\" content=\"Mardi 2 avril, dans une ambiance de d\u00e9bat et de rh\u00e9torique a eu lieu le concours d\u2019\u00e9loquence organis\u00e9 par le Lions Club de Figeac et accueilli cette ann\u00e9e\" \/>\n<meta property=\"og:url\" content=\"http:\/\/www.jeannedarc-figeac.fr\/college-lycee\/concours-deloquence-2024\/\" \/>\n<meta property=\"og:site_name\" content=\"Coll\u00e8ge et Lyc\u00e9e Jeanne d&#039;Arc\" \/>\n<meta property=\"article:published_time\" content=\"2024-04-11T08:16:23+00:00\" \/>\n<meta property=\"article:modified_time\" content=\"2024-04-11T08:16:25+00:00\" \/>\n<meta property=\"og:image\" content=\"http:\/\/www.jeannedarc-figeac.fr\/college-lycee\/wp-content\/uploads\/sites\/5\/2024\/04\/20240402_101504-1-300x139.jpg\" \/>\n<meta name=\"author\" content=\"le secr\u00e9tariat\" \/>\n<script type=\"application\/ld+json\" class=\"yoast-schema-graph\">{\"@context\":\"https:\/\/schema.org\",\"@graph\":[{\"@type\":\"WebPage\",\"@id\":\"http:\/\/www.jeannedarc-figeac.fr\/college-lycee\/concours-deloquence-2024\/\",\"url\":\"http:\/\/www.jeannedarc-figeac.fr\/college-lycee\/concours-deloquence-2024\/\",\"name\":\"Concours d'\u00e9loquence 2024\",\"isPartOf\":{\"@id\":\"https:\/\/www.jeannedarc-figeac.fr\/college-lycee\/#website\"},\"primaryImageOfPage\":{\"@id\":\"http:\/\/www.jeannedarc-figeac.fr\/college-lycee\/concours-deloquence-2024\/#primaryimage\"},\"image\":{\"@id\":\"http:\/\/www.jeannedarc-figeac.fr\/college-lycee\/concours-deloquence-2024\/#primaryimage\"},\"thumbnailUrl\":\"http:\/\/www.jeannedarc-figeac.fr\/college-lycee\/wp-content\/uploads\/sites\/5\/2024\/04\/20240402_101504-1-300x139.jpg\",\"datePublished\":\"2024-04-11T08:16:23+00:00\",\"dateModified\":\"2024-04-11T08:16:25+00:00\",\"author\":{\"@id\":\"https:\/\/www.jeannedarc-figeac.fr\/college-lycee\/#\/schema\/person\/29e5764f28e895dc8bf41d4468f99154\"},\"description\":\"Mardi 2 avril, dans une ambiance de d\u00e9bat et de rh\u00e9torique a eu lieu le concours d\u2019\u00e9loquence organis\u00e9 par le Lions Club de Figeac et accueilli cette ann\u00e9e\",\"breadcrumb\":{\"@id\":\"http:\/\/www.jeannedarc-figeac.fr\/college-lycee\/concours-deloquence-2024\/#breadcrumb\"},\"inLanguage\":\"fr-FR\",\"potentialAction\":[{\"@type\":\"ReadAction\",\"target\":[\"http:\/\/www.jeannedarc-figeac.fr\/college-lycee\/concours-deloquence-2024\/\"]}]},{\"@type\":\"ImageObject\",\"inLanguage\":\"fr-FR\",\"@id\":\"http:\/\/www.jeannedarc-figeac.fr\/college-lycee\/concours-deloquence-2024\/#primaryimage\",\"url\":\"https:\/\/i0.wp.com\/www.jeannedarc-figeac.fr\/college-lycee\/wp-content\/uploads\/sites\/5\/2024\/04\/20240402_101504-1-scaled.jpg?fit=2880%2C1330&ssl=1\",\"contentUrl\":\"https:\/\/i0.wp.com\/www.jeannedarc-figeac.fr\/college-lycee\/wp-content\/uploads\/sites\/5\/2024\/04\/20240402_101504-1-scaled.jpg?fit=2880%2C1330&ssl=1\",\"width\":2880,\"height\":1330},{\"@type\":\"BreadcrumbList\",\"@id\":\"http:\/\/www.jeannedarc-figeac.fr\/college-lycee\/concours-deloquence-2024\/#breadcrumb\",\"itemListElement\":[{\"@type\":\"ListItem\",\"position\":1,\"name\":\"Accueil\",\"item\":\"https:\/\/www.jeannedarc-figeac.fr\/college-lycee\/\"},{\"@type\":\"ListItem\",\"position\":2,\"name\":\"Actus\",\"item\":\"http:\/\/www.jeannedarc-figeac.fr\/college-lycee\/cat\/actus\/\"},{\"@type\":\"ListItem\",\"position\":3,\"name\":\"Concours d&rsquo;\u00e9loquence 2024\"}]},{\"@type\":\"WebSite\",\"@id\":\"https:\/\/www.jeannedarc-figeac.fr\/college-lycee\/#website\",\"url\":\"https:\/\/www.jeannedarc-figeac.fr\/college-lycee\/\",\"name\":\"Coll\u00e8ge et Lyc\u00e9e Jeanne d&#039;Arc\",\"description\":\"Jeanne d&#039;Arc Figeac\",\"potentialAction\":[{\"@type\":\"SearchAction\",\"target\":{\"@type\":\"EntryPoint\",\"urlTemplate\":\"https:\/\/www.jeannedarc-figeac.fr\/college-lycee\/?s={search_term_string}\"},\"query-input\":{\"@type\":\"PropertyValueSpecification\",\"valueRequired\":true,\"valueName\":\"search_term_string\"}}],\"inLanguage\":\"fr-FR\"},{\"@type\":\"Person\",\"@id\":\"https:\/\/www.jeannedarc-figeac.fr\/college-lycee\/#\/schema\/person\/29e5764f28e895dc8bf41d4468f99154\",\"name\":\"le secr\u00e9tariat\",\"image\":{\"@type\":\"ImageObject\",\"inLanguage\":\"fr-FR\",\"@id\":\"https:\/\/www.jeannedarc-figeac.fr\/college-lycee\/#\/schema\/person\/image\/\",\"url\":\"https:\/\/www.jeannedarc-figeac.fr\/college-lycee\/wp-content\/litespeed\/avatar\/5\/b7e8da60f53ba4adc9e9e66d91d84580.jpg?ver=1777548714\",\"contentUrl\":\"https:\/\/www.jeannedarc-figeac.fr\/college-lycee\/wp-content\/litespeed\/avatar\/5\/b7e8da60f53ba4adc9e9e66d91d84580.jpg?ver=1777548714\",\"caption\":\"le secr\u00e9tariat\"},\"url\":\"https:\/\/www.jeannedarc-figeac.fr\/college-lycee\/author\/arlette\/\"}]}<\/script>\n<!-- \/ Yoast SEO plugin. -->","yoast_head_json":{"title":"Concours d'\u00e9loquence 2024","description":"Mardi 2 avril, dans une ambiance de d\u00e9bat et de rh\u00e9torique a eu lieu le concours d\u2019\u00e9loquence organis\u00e9 par le Lions Club de Figeac et accueilli cette ann\u00e9e","robots":{"index":"index","follow":"follow","max-snippet":"max-snippet:-1","max-image-preview":"max-image-preview:large","max-video-preview":"max-video-preview:-1"},"canonical":"http:\/\/www.jeannedarc-figeac.fr\/college-lycee\/concours-deloquence-2024\/","og_locale":"fr_FR","og_type":"article","og_title":"Concours d'\u00e9loquence 2024","og_description":"Mardi 2 avril, dans une ambiance de d\u00e9bat et de rh\u00e9torique a eu lieu le concours d\u2019\u00e9loquence organis\u00e9 par le Lions Club de Figeac et accueilli cette ann\u00e9e","og_url":"http:\/\/www.jeannedarc-figeac.fr\/college-lycee\/concours-deloquence-2024\/","og_site_name":"Coll\u00e8ge et Lyc\u00e9e Jeanne d&#039;Arc","article_published_time":"2024-04-11T08:16:23+00:00","article_modified_time":"2024-04-11T08:16:25+00:00","og_image":[{"url":"http:\/\/www.jeannedarc-figeac.fr\/college-lycee\/wp-content\/uploads\/sites\/5\/2024\/04\/20240402_101504-1-300x139.jpg","type":"","width":"","height":""}],"author":"le secr\u00e9tariat","schema":{"@context":"https:\/\/schema.org","@graph":[{"@type":"WebPage","@id":"http:\/\/www.jeannedarc-figeac.fr\/college-lycee\/concours-deloquence-2024\/","url":"http:\/\/www.jeannedarc-figeac.fr\/college-lycee\/concours-deloquence-2024\/","name":"Concours d'\u00e9loquence 2024","isPartOf":{"@id":"https:\/\/www.jeannedarc-figeac.fr\/college-lycee\/#website"},"primaryImageOfPage":{"@id":"http:\/\/www.jeannedarc-figeac.fr\/college-lycee\/concours-deloquence-2024\/#primaryimage"},"image":{"@id":"http:\/\/www.jeannedarc-figeac.fr\/college-lycee\/concours-deloquence-2024\/#primaryimage"},"thumbnailUrl":"http:\/\/www.jeannedarc-figeac.fr\/college-lycee\/wp-content\/uploads\/sites\/5\/2024\/04\/20240402_101504-1-300x139.jpg","datePublished":"2024-04-11T08:16:23+00:00","dateModified":"2024-04-11T08:16:25+00:00","author":{"@id":"https:\/\/www.jeannedarc-figeac.fr\/college-lycee\/#\/schema\/person\/29e5764f28e895dc8bf41d4468f99154"},"description":"Mardi 2 avril, dans une ambiance de d\u00e9bat et de rh\u00e9torique a eu lieu le concours d\u2019\u00e9loquence organis\u00e9 par le Lions Club de Figeac et accueilli cette ann\u00e9e","breadcrumb":{"@id":"http:\/\/www.jeannedarc-figeac.fr\/college-lycee\/concours-deloquence-2024\/#breadcrumb"},"inLanguage":"fr-FR","potentialAction":[{"@type":"ReadAction","target":["http:\/\/www.jeannedarc-figeac.fr\/college-lycee\/concours-deloquence-2024\/"]}]},{"@type":"ImageObject","inLanguage":"fr-FR","@id":"http:\/\/www.jeannedarc-figeac.fr\/college-lycee\/concours-deloquence-2024\/#primaryimage","url":"https:\/\/i0.wp.com\/www.jeannedarc-figeac.fr\/college-lycee\/wp-content\/uploads\/sites\/5\/2024\/04\/20240402_101504-1-scaled.jpg?fit=2880%2C1330&ssl=1","contentUrl":"https:\/\/i0.wp.com\/www.jeannedarc-figeac.fr\/college-lycee\/wp-content\/uploads\/sites\/5\/2024\/04\/20240402_101504-1-scaled.jpg?fit=2880%2C1330&ssl=1","width":2880,"height":1330},{"@type":"BreadcrumbList","@id":"http:\/\/www.jeannedarc-figeac.fr\/college-lycee\/concours-deloquence-2024\/#breadcrumb","itemListElement":[{"@type":"ListItem","position":1,"name":"Accueil","item":"https:\/\/www.jeannedarc-figeac.fr\/college-lycee\/"},{"@type":"ListItem","position":2,"name":"Actus","item":"http:\/\/www.jeannedarc-figeac.fr\/college-lycee\/cat\/actus\/"},{"@type":"ListItem","position":3,"name":"Concours d&rsquo;\u00e9loquence 2024"}]},{"@type":"WebSite","@id":"https:\/\/www.jeannedarc-figeac.fr\/college-lycee\/#website","url":"https:\/\/www.jeannedarc-figeac.fr\/college-lycee\/","name":"Coll\u00e8ge et Lyc\u00e9e Jeanne d&#039;Arc","description":"Jeanne d&#039;Arc Figeac","potentialAction":[{"@type":"SearchAction","target":{"@type":"EntryPoint","urlTemplate":"https:\/\/www.jeannedarc-figeac.fr\/college-lycee\/?s={search_term_string}"},"query-input":{"@type":"PropertyValueSpecification","valueRequired":true,"valueName":"search_term_string"}}],"inLanguage":"fr-FR"},{"@type":"Person","@id":"https:\/\/www.jeannedarc-figeac.fr\/college-lycee\/#\/schema\/person\/29e5764f28e895dc8bf41d4468f99154","name":"le secr\u00e9tariat","image":{"@type":"ImageObject","inLanguage":"fr-FR","@id":"https:\/\/www.jeannedarc-figeac.fr\/college-lycee\/#\/schema\/person\/image\/","url":"https:\/\/www.jeannedarc-figeac.fr\/college-lycee\/wp-content\/litespeed\/avatar\/5\/b7e8da60f53ba4adc9e9e66d91d84580.jpg?ver=1777548714","contentUrl":"https:\/\/www.jeannedarc-figeac.fr\/college-lycee\/wp-content\/litespeed\/avatar\/5\/b7e8da60f53ba4adc9e9e66d91d84580.jpg?ver=1777548714","caption":"le secr\u00e9tariat"},"url":"https:\/\/www.jeannedarc-figeac.fr\/college-lycee\/author\/arlette\/"}]}},"jetpack_featured_media_url":"","jetpack_sharing_enabled":true,"jetpack_shortlink":"https:\/\/wp.me\/p5Qyb6-1qg","_links":{"self":[{"href":"https:\/\/www.jeannedarc-figeac.fr\/college-lycee\/wp-json\/wp\/v2\/posts\/5472","targetHints":{"allow":["GET"]}}],"collection":[{"href":"https:\/\/www.jeannedarc-figeac.fr\/college-lycee\/wp-json\/wp\/v2\/posts"}],"about":[{"href":"https:\/\/www.jeannedarc-figeac.fr\/college-lycee\/wp-json\/wp\/v2\/types\/post"}],"author":[{"embeddable":true,"href":"https:\/\/www.jeannedarc-figeac.fr\/college-lycee\/wp-json\/wp\/v2\/users\/12"}],"replies":[{"embeddable":true,"href":"https:\/\/www.jeannedarc-figeac.fr\/college-lycee\/wp-json\/wp\/v2\/comments?post=5472"}],"version-history":[{"count":1,"href":"https:\/\/www.jeannedarc-figeac.fr\/college-lycee\/wp-json\/wp\/v2\/posts\/5472\/revisions"}],"predecessor-version":[{"id":5474,"href":"https:\/\/www.jeannedarc-figeac.fr\/college-lycee\/wp-json\/wp\/v2\/posts\/5472\/revisions\/5474"}],"wp:attachment":[{"href":"https:\/\/www.jeannedarc-figeac.fr\/college-lycee\/wp-json\/wp\/v2\/media?parent=5472"}],"wp:term":[{"taxonomy":"category","embeddable":true,"href":"https:\/\/www.jeannedarc-figeac.fr\/college-lycee\/wp-json\/wp\/v2\/categories?post=5472"},{"taxonomy":"post_tag","embeddable":true,"href":"https:\/\/www.jeannedarc-figeac.fr\/college-lycee\/wp-json\/wp\/v2\/tags?post=5472"}],"curies":[{"name":"wp","href":"https:\/\/api.w.org\/{rel}","templated":true}]}}