{"id":5325,"date":"2024-02-07T08:52:38","date_gmt":"2024-02-07T08:52:38","guid":{"rendered":"http:\/\/www.jeannedarc-figeac.fr\/college-lycee\/?p=5325"},"modified":"2024-05-29T09:12:57","modified_gmt":"2024-05-29T09:12:57","slug":"5325-2","status":"publish","type":"post","link":"https:\/\/www.jeannedarc-figeac.fr\/college-lycee\/5325-2\/","title":{"rendered":"JD&rsquo;Actus &#8211; le journal des lyc\u00e9ens de JDA"},"content":{"rendered":"<p>[et_pb_section fb_built=\u00a0\u00bb1&Prime; _builder_version=\u00a0\u00bb4.20.2&Prime; _module_preset=\u00a0\u00bbdefault\u00a0\u00bb global_colors_info=\u00a0\u00bb{}\u00a0\u00bb][et_pb_row _builder_version=\u00a0\u00bb4.22.2&Prime; _module_preset=\u00a0\u00bbdefault\u00a0\u00bb link_option_url_new_window=\u00a0\u00bbon\u00a0\u00bb global_colors_info=\u00a0\u00bb{}\u00a0\u00bb][et_pb_column type=\u00a0\u00bb4_4&Prime; _builder_version=\u00a0\u00bb4.20.2&Prime; _module_preset=\u00a0\u00bbdefault\u00a0\u00bb global_colors_info=\u00a0\u00bb{}\u00a0\u00bb][et_pb_text _builder_version=\u00a0\u00bb4.22.2&Prime; _module_preset=\u00a0\u00bbdefault\u00a0\u00bb text_font=\u00a0\u00bbABeeZee||||||||\u00a0\u00bb background_color=\u00a0\u00bbRGBA(255,255,255,0)\u00a0\u00bb global_colors_info=\u00a0\u00bb{}\u00a0\u00bb]Les classes de 1\u00e8res ont travaill\u00e9, dans le cadre de l&rsquo;enseignement de sp\u00e9cialit\u00e9 HGGSP, sur la publication d&rsquo;un journal des lyc\u00e9ens : le \u00ab\u00a0JD&rsquo;Actus, la vie des lyc\u00e9ens, l&rsquo;avis des lyc\u00e9ens\u00a0\u00bb.<\/p>\n<blockquote>\n<p style=\"text-align: left;\"><em>Nous sommes de jeunes adultes en devenir : le lyc\u00e9e Jeanne d\u2019Arc vise \u00e0 apprendre \u00e0<\/em><br \/><em>s\u2019exprimer pour exister dans la soci\u00e9t\u00e9 et dans le monde. D\u00e9velopper de telles<\/em><br \/><em>comp\u00e9tences, \u00e0 l\u2019\u00e9crit comme \u00e0 l\u2019oral, peut aussi passer par la naissance d\u2019un journal<\/em><br \/><em>des lyc\u00e9ens ; l\u2019enseignement de sp\u00e9cialit\u00e9 HGGSP offre l\u2019opportunit\u00e9 de nous y<\/em><br \/><em>essayer. Nous vous esp\u00e9rons donc nombreux \u00e0 nous lire, et \u00e0 nous rejoindre pour,<\/em><br \/><em>non pas changer le monde, mais am\u00e9liorer la vie lyc\u00e9enne \u00e0 JDA !<\/em><\/p>\n<\/blockquote>\n<p>T\u00e9l\u00e9chargez le <strong>JD&rsquo;Actus n\u00b01<\/strong> en cliquant sur l&rsquo;image ci-dessous. Bonne lecture !!!<\/p>\n<p>[\/et_pb_text][et_pb_text admin_label=\u00a0\u00bbTrvx_1eres_HGGSP_JDACTUS\u00a0\u00bb _builder_version=\u00a0\u00bb4.22.2&Prime; _dynamic_attributes=\u00a0\u00bblink_option_url\u00a0\u00bb _module_preset=\u00a0\u00bbdefault\u00a0\u00bb text_text_color=\u00a0\u00bb#E09900&Prime; background_color=\u00a0\u00bb#000000&Prime; link_option_url=\u00a0\u00bb@ET-DC@eyJkeW5hbWljIjp0cnVlLCJjb250ZW50IjoicG9zdF9saW5rX3VybF9hdHRhY2htZW50Iiwic2V0dGluZ3MiOnsicG9zdF9pZCI6IjUzMjgifX0=@\u00a0\u00bb link_option_url_new_window=\u00a0\u00bbon\u00a0\u00bb box_shadow_style=\u00a0\u00bbpreset1&Prime; global_colors_info=\u00a0\u00bb{}\u00a0\u00bb]<\/p>\n<p style=\"text-align: center;\"><span style=\"color: #ffcc00;\"><strong><a href=\"http:\/\/www.jeannedarc-figeac.fr\/college-lycee\/wp-content\/uploads\/sites\/5\/2024\/02\/JD_Actus_n1.pdf\"><img data-recalc-dims=\"1\" loading=\"lazy\" decoding=\"async\" src=\"https:\/\/i0.wp.com\/www.jeannedarc-figeac.fr\/college-lycee\/wp-content\/uploads\/sites\/5\/2024\/02\/JD_Actus_n1-01.jpg?resize=335%2C434\" width=\"335\" height=\"434\" alt=\"\" class=\"wp-image-5331 alignnone size-medium\" \/><\/a><\/strong><\/span><\/p>\n<p>[\/et_pb_text][\/et_pb_column][\/et_pb_row][\/et_pb_section]<\/p>\n","protected":false},"excerpt":{"rendered":"<p>Le n\u00b01 du journal des lyc\u00e9ens<br \/>\nLa vie des lyc\u00e9ens, l&rsquo;avis des lyc\u00e9ens<\/p>\n","protected":false},"author":1,"featured_media":5650,"comment_status":"closed","ping_status":"open","sticky":false,"template":"","format":"standard","meta":{"_et_pb_use_builder":"on","_et_pb_old_content":"","_et_gb_content_width":"","_jetpack_newsletter_access":"","_jetpack_dont_email_post_to_subs":false,"_jetpack_newsletter_tier_id":0,"_jetpack_memberships_contains_paywalled_content":false,"iawp_total_views":37,"_jetpack_memberships_contains_paid_content":false,"footnotes":""},"categories":[28,33],"tags":[86,87,88,89],"class_list":["post-5325","post","type-post","status-publish","format-standard","has-post-thumbnail","hentry","category-actus","category-travaux_eleves","tag-jdactus","tag-journal","tag-lyceen","tag-lyceens"],"yoast_head":"<!-- This site is optimized with the Yoast SEO plugin v26.0 - https:\/\/yoast.com\/wordpress\/plugins\/seo\/ -->\n<title>JD&#039;Actus - le journal des lyc\u00e9ens de JDA<\/title>\n<meta name=\"description\" content=\"Le n\u00b01 du journal des lyc\u00e9ens La vie des lyc\u00e9ens, l&#039;avis des lyc\u00e9ens\" \/>\n<meta name=\"robots\" content=\"index, follow, max-snippet:-1, max-image-preview:large, max-video-preview:-1\" \/>\n<link rel=\"canonical\" href=\"http:\/\/www.jeannedarc-figeac.fr\/college-lycee\/5325-2\/\" \/>\n<meta property=\"og:locale\" content=\"fr_FR\" \/>\n<meta property=\"og:type\" content=\"article\" \/>\n<meta property=\"og:title\" content=\"JD&#039;Actus - le journal des lyc\u00e9ens de JDA\" \/>\n<meta property=\"og:description\" content=\"Le n\u00b01 du journal des lyc\u00e9ens La vie des lyc\u00e9ens, l&#039;avis des lyc\u00e9ens\" \/>\n<meta property=\"og:url\" content=\"http:\/\/www.jeannedarc-figeac.fr\/college-lycee\/5325-2\/\" \/>\n<meta property=\"og:site_name\" content=\"Coll\u00e8ge et Lyc\u00e9e Jeanne d&#039;Arc\" \/>\n<meta property=\"article:published_time\" content=\"2024-02-07T08:52:38+00:00\" \/>\n<meta property=\"article:modified_time\" content=\"2024-05-29T09:12:57+00:00\" \/>\n<meta property=\"og:image\" content=\"https:\/\/i0.wp.com\/www.jeannedarc-figeac.fr\/college-lycee\/wp-content\/uploads\/sites\/5\/2024\/05\/JD_Actus-n%C2%B01-01.jpg?fit=1275%2C1649\" \/>\n\t<meta property=\"og:image:width\" content=\"1275\" \/>\n\t<meta property=\"og:image:height\" content=\"1649\" \/>\n\t<meta property=\"og:image:type\" content=\"image\/jpeg\" \/>\n<meta name=\"author\" content=\"Le reporter\" \/>\n<script type=\"application\/ld+json\" class=\"yoast-schema-graph\">{\"@context\":\"https:\/\/schema.org\",\"@graph\":[{\"@type\":\"WebPage\",\"@id\":\"http:\/\/www.jeannedarc-figeac.fr\/college-lycee\/5325-2\/\",\"url\":\"http:\/\/www.jeannedarc-figeac.fr\/college-lycee\/5325-2\/\",\"name\":\"JD'Actus - le journal des lyc\u00e9ens de JDA\",\"isPartOf\":{\"@id\":\"https:\/\/www.jeannedarc-figeac.fr\/college-lycee\/#website\"},\"primaryImageOfPage\":{\"@id\":\"http:\/\/www.jeannedarc-figeac.fr\/college-lycee\/5325-2\/#primaryimage\"},\"image\":{\"@id\":\"http:\/\/www.jeannedarc-figeac.fr\/college-lycee\/5325-2\/#primaryimage\"},\"thumbnailUrl\":\"https:\/\/i0.wp.com\/www.jeannedarc-figeac.fr\/college-lycee\/wp-content\/uploads\/sites\/5\/2024\/05\/JD_Actus-n%C2%B01-01.jpg?fit=1275%2C1649&ssl=1\",\"datePublished\":\"2024-02-07T08:52:38+00:00\",\"dateModified\":\"2024-05-29T09:12:57+00:00\",\"author\":{\"@id\":\"https:\/\/www.jeannedarc-figeac.fr\/college-lycee\/#\/schema\/person\/22fb79f798fa73472ddc370602ea62e8\"},\"description\":\"Le n\u00b01 du journal des lyc\u00e9ens La vie des lyc\u00e9ens, l'avis des lyc\u00e9ens\",\"breadcrumb\":{\"@id\":\"http:\/\/www.jeannedarc-figeac.fr\/college-lycee\/5325-2\/#breadcrumb\"},\"inLanguage\":\"fr-FR\",\"potentialAction\":[{\"@type\":\"ReadAction\",\"target\":[\"http:\/\/www.jeannedarc-figeac.fr\/college-lycee\/5325-2\/\"]}]},{\"@type\":\"ImageObject\",\"inLanguage\":\"fr-FR\",\"@id\":\"http:\/\/www.jeannedarc-figeac.fr\/college-lycee\/5325-2\/#primaryimage\",\"url\":\"https:\/\/i0.wp.com\/www.jeannedarc-figeac.fr\/college-lycee\/wp-content\/uploads\/sites\/5\/2024\/05\/JD_Actus-n%C2%B01-01.jpg?fit=1275%2C1649&ssl=1\",\"contentUrl\":\"https:\/\/i0.wp.com\/www.jeannedarc-figeac.fr\/college-lycee\/wp-content\/uploads\/sites\/5\/2024\/05\/JD_Actus-n%C2%B01-01.jpg?fit=1275%2C1649&ssl=1\",\"width\":1275,\"height\":1649,\"caption\":\"Page 1 du JD'ACTUS\"},{\"@type\":\"BreadcrumbList\",\"@id\":\"http:\/\/www.jeannedarc-figeac.fr\/college-lycee\/5325-2\/#breadcrumb\",\"itemListElement\":[{\"@type\":\"ListItem\",\"position\":1,\"name\":\"Accueil\",\"item\":\"https:\/\/www.jeannedarc-figeac.fr\/college-lycee\/\"},{\"@type\":\"ListItem\",\"position\":2,\"name\":\"Actus\",\"item\":\"http:\/\/www.jeannedarc-figeac.fr\/college-lycee\/cat\/actus\/\"},{\"@type\":\"ListItem\",\"position\":3,\"name\":\"JD&rsquo;Actus &#8211; le journal des lyc\u00e9ens de JDA\"}]},{\"@type\":\"WebSite\",\"@id\":\"https:\/\/www.jeannedarc-figeac.fr\/college-lycee\/#website\",\"url\":\"https:\/\/www.jeannedarc-figeac.fr\/college-lycee\/\",\"name\":\"Coll\u00e8ge et Lyc\u00e9e Jeanne d&#039;Arc\",\"description\":\"Jeanne d&#039;Arc Figeac\",\"potentialAction\":[{\"@type\":\"SearchAction\",\"target\":{\"@type\":\"EntryPoint\",\"urlTemplate\":\"https:\/\/www.jeannedarc-figeac.fr\/college-lycee\/?s={search_term_string}\"},\"query-input\":{\"@type\":\"PropertyValueSpecification\",\"valueRequired\":true,\"valueName\":\"search_term_string\"}}],\"inLanguage\":\"fr-FR\"},{\"@type\":\"Person\",\"@id\":\"https:\/\/www.jeannedarc-figeac.fr\/college-lycee\/#\/schema\/person\/22fb79f798fa73472ddc370602ea62e8\",\"name\":\"Le reporter\",\"image\":{\"@type\":\"ImageObject\",\"inLanguage\":\"fr-FR\",\"@id\":\"https:\/\/www.jeannedarc-figeac.fr\/college-lycee\/#\/schema\/person\/image\/\",\"url\":\"https:\/\/www.jeannedarc-figeac.fr\/college-lycee\/wp-content\/litespeed\/avatar\/5\/bbdfff24d305f51a4310daf11ebb4501.jpg?ver=1776943645\",\"contentUrl\":\"https:\/\/www.jeannedarc-figeac.fr\/college-lycee\/wp-content\/litespeed\/avatar\/5\/bbdfff24d305f51a4310daf11ebb4501.jpg?ver=1776943645\",\"caption\":\"Le reporter\"},\"url\":\"https:\/\/www.jeannedarc-figeac.fr\/college-lycee\/author\/jeannedarc1\/\"}]}<\/script>\n<!-- \/ Yoast SEO plugin. -->","yoast_head_json":{"title":"JD'Actus - le journal des lyc\u00e9ens de JDA","description":"Le n\u00b01 du journal des lyc\u00e9ens La vie des lyc\u00e9ens, l'avis des lyc\u00e9ens","robots":{"index":"index","follow":"follow","max-snippet":"max-snippet:-1","max-image-preview":"max-image-preview:large","max-video-preview":"max-video-preview:-1"},"canonical":"http:\/\/www.jeannedarc-figeac.fr\/college-lycee\/5325-2\/","og_locale":"fr_FR","og_type":"article","og_title":"JD'Actus - le journal des lyc\u00e9ens de JDA","og_description":"Le n\u00b01 du journal des lyc\u00e9ens La vie des lyc\u00e9ens, l'avis des lyc\u00e9ens","og_url":"http:\/\/www.jeannedarc-figeac.fr\/college-lycee\/5325-2\/","og_site_name":"Coll\u00e8ge et Lyc\u00e9e Jeanne d&#039;Arc","article_published_time":"2024-02-07T08:52:38+00:00","article_modified_time":"2024-05-29T09:12:57+00:00","og_image":[{"width":1275,"height":1649,"url":"https:\/\/i0.wp.com\/www.jeannedarc-figeac.fr\/college-lycee\/wp-content\/uploads\/sites\/5\/2024\/05\/JD_Actus-n%C2%B01-01.jpg?fit=1275%2C1649","type":"image\/jpeg"}],"author":"Le reporter","schema":{"@context":"https:\/\/schema.org","@graph":[{"@type":"WebPage","@id":"http:\/\/www.jeannedarc-figeac.fr\/college-lycee\/5325-2\/","url":"http:\/\/www.jeannedarc-figeac.fr\/college-lycee\/5325-2\/","name":"JD'Actus - le journal des lyc\u00e9ens de JDA","isPartOf":{"@id":"https:\/\/www.jeannedarc-figeac.fr\/college-lycee\/#website"},"primaryImageOfPage":{"@id":"http:\/\/www.jeannedarc-figeac.fr\/college-lycee\/5325-2\/#primaryimage"},"image":{"@id":"http:\/\/www.jeannedarc-figeac.fr\/college-lycee\/5325-2\/#primaryimage"},"thumbnailUrl":"https:\/\/i0.wp.com\/www.jeannedarc-figeac.fr\/college-lycee\/wp-content\/uploads\/sites\/5\/2024\/05\/JD_Actus-n%C2%B01-01.jpg?fit=1275%2C1649&ssl=1","datePublished":"2024-02-07T08:52:38+00:00","dateModified":"2024-05-29T09:12:57+00:00","author":{"@id":"https:\/\/www.jeannedarc-figeac.fr\/college-lycee\/#\/schema\/person\/22fb79f798fa73472ddc370602ea62e8"},"description":"Le n\u00b01 du journal des lyc\u00e9ens La vie des lyc\u00e9ens, l'avis des lyc\u00e9ens","breadcrumb":{"@id":"http:\/\/www.jeannedarc-figeac.fr\/college-lycee\/5325-2\/#breadcrumb"},"inLanguage":"fr-FR","potentialAction":[{"@type":"ReadAction","target":["http:\/\/www.jeannedarc-figeac.fr\/college-lycee\/5325-2\/"]}]},{"@type":"ImageObject","inLanguage":"fr-FR","@id":"http:\/\/www.jeannedarc-figeac.fr\/college-lycee\/5325-2\/#primaryimage","url":"https:\/\/i0.wp.com\/www.jeannedarc-figeac.fr\/college-lycee\/wp-content\/uploads\/sites\/5\/2024\/05\/JD_Actus-n%C2%B01-01.jpg?fit=1275%2C1649&ssl=1","contentUrl":"https:\/\/i0.wp.com\/www.jeannedarc-figeac.fr\/college-lycee\/wp-content\/uploads\/sites\/5\/2024\/05\/JD_Actus-n%C2%B01-01.jpg?fit=1275%2C1649&ssl=1","width":1275,"height":1649,"caption":"Page 1 du JD'ACTUS"},{"@type":"BreadcrumbList","@id":"http:\/\/www.jeannedarc-figeac.fr\/college-lycee\/5325-2\/#breadcrumb","itemListElement":[{"@type":"ListItem","position":1,"name":"Accueil","item":"https:\/\/www.jeannedarc-figeac.fr\/college-lycee\/"},{"@type":"ListItem","position":2,"name":"Actus","item":"http:\/\/www.jeannedarc-figeac.fr\/college-lycee\/cat\/actus\/"},{"@type":"ListItem","position":3,"name":"JD&rsquo;Actus &#8211; le journal des lyc\u00e9ens de JDA"}]},{"@type":"WebSite","@id":"https:\/\/www.jeannedarc-figeac.fr\/college-lycee\/#website","url":"https:\/\/www.jeannedarc-figeac.fr\/college-lycee\/","name":"Coll\u00e8ge et Lyc\u00e9e Jeanne d&#039;Arc","description":"Jeanne d&#039;Arc Figeac","potentialAction":[{"@type":"SearchAction","target":{"@type":"EntryPoint","urlTemplate":"https:\/\/www.jeannedarc-figeac.fr\/college-lycee\/?s={search_term_string}"},"query-input":{"@type":"PropertyValueSpecification","valueRequired":true,"valueName":"search_term_string"}}],"inLanguage":"fr-FR"},{"@type":"Person","@id":"https:\/\/www.jeannedarc-figeac.fr\/college-lycee\/#\/schema\/person\/22fb79f798fa73472ddc370602ea62e8","name":"Le reporter","image":{"@type":"ImageObject","inLanguage":"fr-FR","@id":"https:\/\/www.jeannedarc-figeac.fr\/college-lycee\/#\/schema\/person\/image\/","url":"https:\/\/www.jeannedarc-figeac.fr\/college-lycee\/wp-content\/litespeed\/avatar\/5\/bbdfff24d305f51a4310daf11ebb4501.jpg?ver=1776943645","contentUrl":"https:\/\/www.jeannedarc-figeac.fr\/college-lycee\/wp-content\/litespeed\/avatar\/5\/bbdfff24d305f51a4310daf11ebb4501.jpg?ver=1776943645","caption":"Le reporter"},"url":"https:\/\/www.jeannedarc-figeac.fr\/college-lycee\/author\/jeannedarc1\/"}]}},"jetpack_featured_media_url":"https:\/\/i0.wp.com\/www.jeannedarc-figeac.fr\/college-lycee\/wp-content\/uploads\/sites\/5\/2024\/05\/JD_Actus-n%C2%B01-01.jpg?fit=1275%2C1649&ssl=1","jetpack_sharing_enabled":true,"jetpack_shortlink":"https:\/\/wp.me\/p5Qyb6-1nT","_links":{"self":[{"href":"https:\/\/www.jeannedarc-figeac.fr\/college-lycee\/wp-json\/wp\/v2\/posts\/5325","targetHints":{"allow":["GET"]}}],"collection":[{"href":"https:\/\/www.jeannedarc-figeac.fr\/college-lycee\/wp-json\/wp\/v2\/posts"}],"about":[{"href":"https:\/\/www.jeannedarc-figeac.fr\/college-lycee\/wp-json\/wp\/v2\/types\/post"}],"author":[{"embeddable":true,"href":"https:\/\/www.jeannedarc-figeac.fr\/college-lycee\/wp-json\/wp\/v2\/users\/1"}],"replies":[{"embeddable":true,"href":"https:\/\/www.jeannedarc-figeac.fr\/college-lycee\/wp-json\/wp\/v2\/comments?post=5325"}],"version-history":[{"count":20,"href":"https:\/\/www.jeannedarc-figeac.fr\/college-lycee\/wp-json\/wp\/v2\/posts\/5325\/revisions"}],"predecessor-version":[{"id":5672,"href":"https:\/\/www.jeannedarc-figeac.fr\/college-lycee\/wp-json\/wp\/v2\/posts\/5325\/revisions\/5672"}],"wp:featuredmedia":[{"embeddable":true,"href":"https:\/\/www.jeannedarc-figeac.fr\/college-lycee\/wp-json\/wp\/v2\/media\/5650"}],"wp:attachment":[{"href":"https:\/\/www.jeannedarc-figeac.fr\/college-lycee\/wp-json\/wp\/v2\/media?parent=5325"}],"wp:term":[{"taxonomy":"category","embeddable":true,"href":"https:\/\/www.jeannedarc-figeac.fr\/college-lycee\/wp-json\/wp\/v2\/categories?post=5325"},{"taxonomy":"post_tag","embeddable":true,"href":"https:\/\/www.jeannedarc-figeac.fr\/college-lycee\/wp-json\/wp\/v2\/tags?post=5325"}],"curies":[{"name":"wp","href":"https:\/\/api.w.org\/{rel}","templated":true}]}}