{"id":5265,"date":"2023-12-21T10:34:51","date_gmt":"2023-12-21T10:34:51","guid":{"rendered":"http:\/\/www.jeannedarc-figeac.fr\/college-lycee\/?p=5265"},"modified":"2023-12-21T10:35:01","modified_gmt":"2023-12-21T10:35:01","slug":"jeanne-darc-fete-la-promotion-de-juin-2023","status":"publish","type":"post","link":"https:\/\/www.jeannedarc-figeac.fr\/college-lycee\/jeanne-darc-fete-la-promotion-de-juin-2023\/","title":{"rendered":"Jeanne d\u2019Arc f\u00eate la promotion de juin 2023"},"content":{"rendered":"\n<p><\/p>\n\n\n\n<figure class=\"wp-block-image alignleft size-medium\"><a href=\"https:\/\/i0.wp.com\/www.jeannedarc-figeac.fr\/college-lycee\/wp-content\/uploads\/sites\/5\/2023\/12\/remise-des-diplomes.jpg\"><img data-recalc-dims=\"1\" loading=\"lazy\" decoding=\"async\" width=\"300\" height=\"147\" src=\"https:\/\/i0.wp.com\/www.jeannedarc-figeac.fr\/college-lycee\/wp-content\/uploads\/sites\/5\/2023\/12\/remise-des-diplomes.jpg?resize=300%2C147\" alt=\"\" class=\"wp-image-5266\" \/><\/a><\/figure>\n\n\n\n<p>Samedi 16 d\u00e9cembre 2023, l\u2019ensemble scolaire Jeanne d\u2019Arc mettait \u00e0 l\u2019honneur tous les dipl\u00f4m\u00e9s de la promotion de juin 2023. CAP AEPE et ATMFC, Dipl\u00f4me National du Brevet, Baccalaur\u00e9at G\u00e9n\u00e9ral et Technologique, tous s\u2019\u00e9taient donn\u00e9 rendez-vous \u00e0 l\u2019Astrolabe pour 11 heures. Apr\u00e8s un mot d\u2019accueil de la part du Chef d\u2019Etablissement qui s\u2019est f\u00e9licit\u00e9 de l\u2019excellence des r\u00e9sultats, puis ont \u00e9t\u00e9 mis \u00e0 l\u2019honneur les meilleurs de chaque dipl\u00f4me ainsi que les laur\u00e9ats du Cambridge. Ensuite, les jeunes se sont vu remettre leur dipl\u00f4me par cat\u00e9gorie d\u2019examen, l\u2019occasion de\u00a0faire une derni\u00e8re photo des ann\u00e9es \u00ab\u00a0JDA\u00a0\u00bb. La matin\u00e9e s\u2019est termin\u00e9e par le verre de l\u2019amiti\u00e9, l\u2019occasion d\u2019\u00e9voquer le parcours de chacun depuis le dipl\u00f4me et de se dire \u00ab\u00a0Tiens, si on se donnait rendez-vous dans 10 ans\u00a0?\u00a0\u00bb. Une pr\u00e9sence massive, l\u2019occasion de se revoir, de se dire merci et notamment aux enseignants qui ont accompagn\u00e9 ces jeunes durant toutes ses ann\u00e9es. Une mention particuli\u00e8re pour la premi\u00e8re promotion du CAP AEPE par la voie de l\u2019apprentissage qui a fait un sans-faute. L\u2019\u00e9tablissement donne rendez-vous l\u2019an prochain aux laur\u00e9ats de juin 2024, en esp\u00e9rant des r\u00e9sultats du m\u00eame niveau !<\/p>\n","protected":false},"excerpt":{"rendered":"<p>Samedi 16 d\u00e9cembre 2023, l\u2019ensemble scolaire Jeanne d\u2019Arc mettait \u00e0 l\u2019honneur tous les dipl\u00f4m\u00e9s de la promotion de juin 2023. CAP AEPE et ATMFC, Dipl\u00f4me National du Brevet, Baccalaur\u00e9at G\u00e9n\u00e9ral et Technologique, tous s\u2019\u00e9taient donn\u00e9 rendez-vous \u00e0 l\u2019Astrolabe pour 11 heures. Apr\u00e8s un mot d\u2019accueil de la part du Chef d\u2019Etablissement qui s\u2019est f\u00e9licit\u00e9 de [&hellip;]<\/p>\n","protected":false},"author":12,"featured_media":0,"comment_status":"closed","ping_status":"open","sticky":false,"template":"","format":"standard","meta":{"_et_pb_use_builder":"off","_et_pb_old_content":"","_et_gb_content_width":"","_jetpack_newsletter_access":"","_jetpack_dont_email_post_to_subs":false,"_jetpack_newsletter_tier_id":0,"_jetpack_memberships_contains_paywalled_content":false,"iawp_total_views":0,"_jetpack_memberships_contains_paid_content":false,"footnotes":""},"categories":[28],"tags":[],"class_list":["post-5265","post","type-post","status-publish","format-standard","hentry","category-actus"],"yoast_head":"<!-- This site is optimized with the Yoast SEO plugin v26.0 - https:\/\/yoast.com\/wordpress\/plugins\/seo\/ -->\n<title>Jeanne d\u2019Arc f\u00eate la promotion de juin 2023<\/title>\n<meta name=\"description\" content=\"Samedi 16 d\u00e9cembre 2023, l\u2019ensemble scolaire Jeanne d\u2019Arc mettait \u00e0 l\u2019honneur tous les dipl\u00f4m\u00e9s de la promotion de juin 2023. CAP AEPE et ATMFC, Dipl\u00f4me\" \/>\n<meta name=\"robots\" content=\"index, follow, max-snippet:-1, max-image-preview:large, max-video-preview:-1\" \/>\n<link rel=\"canonical\" href=\"http:\/\/www.jeannedarc-figeac.fr\/college-lycee\/jeanne-darc-fete-la-promotion-de-juin-2023\/\" \/>\n<meta property=\"og:locale\" content=\"fr_FR\" \/>\n<meta property=\"og:type\" content=\"article\" \/>\n<meta property=\"og:title\" content=\"Jeanne d\u2019Arc f\u00eate la promotion de juin 2023\" \/>\n<meta property=\"og:description\" content=\"Samedi 16 d\u00e9cembre 2023, l\u2019ensemble scolaire Jeanne d\u2019Arc mettait \u00e0 l\u2019honneur tous les dipl\u00f4m\u00e9s de la promotion de juin 2023. CAP AEPE et ATMFC, Dipl\u00f4me\" \/>\n<meta property=\"og:url\" content=\"http:\/\/www.jeannedarc-figeac.fr\/college-lycee\/jeanne-darc-fete-la-promotion-de-juin-2023\/\" \/>\n<meta property=\"og:site_name\" content=\"Coll\u00e8ge et Lyc\u00e9e Jeanne d&#039;Arc\" \/>\n<meta property=\"article:published_time\" content=\"2023-12-21T10:34:51+00:00\" \/>\n<meta property=\"article:modified_time\" content=\"2023-12-21T10:35:01+00:00\" \/>\n<meta property=\"og:image\" content=\"http:\/\/www.jeannedarc-figeac.fr\/college-lycee\/wp-content\/uploads\/sites\/5\/2023\/12\/remise-des-diplomes-300x147.jpg\" \/>\n<meta name=\"author\" content=\"le secr\u00e9tariat\" \/>\n<script type=\"application\/ld+json\" class=\"yoast-schema-graph\">{\"@context\":\"https:\/\/schema.org\",\"@graph\":[{\"@type\":\"WebPage\",\"@id\":\"http:\/\/www.jeannedarc-figeac.fr\/college-lycee\/jeanne-darc-fete-la-promotion-de-juin-2023\/\",\"url\":\"http:\/\/www.jeannedarc-figeac.fr\/college-lycee\/jeanne-darc-fete-la-promotion-de-juin-2023\/\",\"name\":\"Jeanne d\u2019Arc f\u00eate la promotion de juin 2023\",\"isPartOf\":{\"@id\":\"https:\/\/www.jeannedarc-figeac.fr\/college-lycee\/#website\"},\"primaryImageOfPage\":{\"@id\":\"http:\/\/www.jeannedarc-figeac.fr\/college-lycee\/jeanne-darc-fete-la-promotion-de-juin-2023\/#primaryimage\"},\"image\":{\"@id\":\"http:\/\/www.jeannedarc-figeac.fr\/college-lycee\/jeanne-darc-fete-la-promotion-de-juin-2023\/#primaryimage\"},\"thumbnailUrl\":\"http:\/\/www.jeannedarc-figeac.fr\/college-lycee\/wp-content\/uploads\/sites\/5\/2023\/12\/remise-des-diplomes-300x147.jpg\",\"datePublished\":\"2023-12-21T10:34:51+00:00\",\"dateModified\":\"2023-12-21T10:35:01+00:00\",\"author\":{\"@id\":\"https:\/\/www.jeannedarc-figeac.fr\/college-lycee\/#\/schema\/person\/29e5764f28e895dc8bf41d4468f99154\"},\"description\":\"Samedi 16 d\u00e9cembre 2023, l\u2019ensemble scolaire Jeanne d\u2019Arc mettait \u00e0 l\u2019honneur tous les dipl\u00f4m\u00e9s de la promotion de juin 2023. CAP AEPE et ATMFC, Dipl\u00f4me\",\"breadcrumb\":{\"@id\":\"http:\/\/www.jeannedarc-figeac.fr\/college-lycee\/jeanne-darc-fete-la-promotion-de-juin-2023\/#breadcrumb\"},\"inLanguage\":\"fr-FR\",\"potentialAction\":[{\"@type\":\"ReadAction\",\"target\":[\"http:\/\/www.jeannedarc-figeac.fr\/college-lycee\/jeanne-darc-fete-la-promotion-de-juin-2023\/\"]}]},{\"@type\":\"ImageObject\",\"inLanguage\":\"fr-FR\",\"@id\":\"http:\/\/www.jeannedarc-figeac.fr\/college-lycee\/jeanne-darc-fete-la-promotion-de-juin-2023\/#primaryimage\",\"url\":\"https:\/\/i0.wp.com\/www.jeannedarc-figeac.fr\/college-lycee\/wp-content\/uploads\/sites\/5\/2023\/12\/remise-des-diplomes.jpg?fit=1600%2C782&ssl=1\",\"contentUrl\":\"https:\/\/i0.wp.com\/www.jeannedarc-figeac.fr\/college-lycee\/wp-content\/uploads\/sites\/5\/2023\/12\/remise-des-diplomes.jpg?fit=1600%2C782&ssl=1\",\"width\":1600,\"height\":782},{\"@type\":\"BreadcrumbList\",\"@id\":\"http:\/\/www.jeannedarc-figeac.fr\/college-lycee\/jeanne-darc-fete-la-promotion-de-juin-2023\/#breadcrumb\",\"itemListElement\":[{\"@type\":\"ListItem\",\"position\":1,\"name\":\"Accueil\",\"item\":\"https:\/\/www.jeannedarc-figeac.fr\/college-lycee\/\"},{\"@type\":\"ListItem\",\"position\":2,\"name\":\"Actus\",\"item\":\"http:\/\/www.jeannedarc-figeac.fr\/college-lycee\/cat\/actus\/\"},{\"@type\":\"ListItem\",\"position\":3,\"name\":\"Jeanne d\u2019Arc f\u00eate la promotion de juin 2023\"}]},{\"@type\":\"WebSite\",\"@id\":\"https:\/\/www.jeannedarc-figeac.fr\/college-lycee\/#website\",\"url\":\"https:\/\/www.jeannedarc-figeac.fr\/college-lycee\/\",\"name\":\"Coll\u00e8ge et Lyc\u00e9e Jeanne d&#039;Arc\",\"description\":\"Jeanne d&#039;Arc Figeac\",\"potentialAction\":[{\"@type\":\"SearchAction\",\"target\":{\"@type\":\"EntryPoint\",\"urlTemplate\":\"https:\/\/www.jeannedarc-figeac.fr\/college-lycee\/?s={search_term_string}\"},\"query-input\":{\"@type\":\"PropertyValueSpecification\",\"valueRequired\":true,\"valueName\":\"search_term_string\"}}],\"inLanguage\":\"fr-FR\"},{\"@type\":\"Person\",\"@id\":\"https:\/\/www.jeannedarc-figeac.fr\/college-lycee\/#\/schema\/person\/29e5764f28e895dc8bf41d4468f99154\",\"name\":\"le secr\u00e9tariat\",\"image\":{\"@type\":\"ImageObject\",\"inLanguage\":\"fr-FR\",\"@id\":\"https:\/\/www.jeannedarc-figeac.fr\/college-lycee\/#\/schema\/person\/image\/\",\"url\":\"https:\/\/www.jeannedarc-figeac.fr\/college-lycee\/wp-content\/litespeed\/avatar\/5\/b7e8da60f53ba4adc9e9e66d91d84580.jpg?ver=1777548714\",\"contentUrl\":\"https:\/\/www.jeannedarc-figeac.fr\/college-lycee\/wp-content\/litespeed\/avatar\/5\/b7e8da60f53ba4adc9e9e66d91d84580.jpg?ver=1777548714\",\"caption\":\"le secr\u00e9tariat\"},\"url\":\"https:\/\/www.jeannedarc-figeac.fr\/college-lycee\/author\/arlette\/\"}]}<\/script>\n<!-- \/ Yoast SEO plugin. -->","yoast_head_json":{"title":"Jeanne d\u2019Arc f\u00eate la promotion de juin 2023","description":"Samedi 16 d\u00e9cembre 2023, l\u2019ensemble scolaire Jeanne d\u2019Arc mettait \u00e0 l\u2019honneur tous les dipl\u00f4m\u00e9s de la promotion de juin 2023. CAP AEPE et ATMFC, Dipl\u00f4me","robots":{"index":"index","follow":"follow","max-snippet":"max-snippet:-1","max-image-preview":"max-image-preview:large","max-video-preview":"max-video-preview:-1"},"canonical":"http:\/\/www.jeannedarc-figeac.fr\/college-lycee\/jeanne-darc-fete-la-promotion-de-juin-2023\/","og_locale":"fr_FR","og_type":"article","og_title":"Jeanne d\u2019Arc f\u00eate la promotion de juin 2023","og_description":"Samedi 16 d\u00e9cembre 2023, l\u2019ensemble scolaire Jeanne d\u2019Arc mettait \u00e0 l\u2019honneur tous les dipl\u00f4m\u00e9s de la promotion de juin 2023. CAP AEPE et ATMFC, Dipl\u00f4me","og_url":"http:\/\/www.jeannedarc-figeac.fr\/college-lycee\/jeanne-darc-fete-la-promotion-de-juin-2023\/","og_site_name":"Coll\u00e8ge et Lyc\u00e9e Jeanne d&#039;Arc","article_published_time":"2023-12-21T10:34:51+00:00","article_modified_time":"2023-12-21T10:35:01+00:00","og_image":[{"url":"http:\/\/www.jeannedarc-figeac.fr\/college-lycee\/wp-content\/uploads\/sites\/5\/2023\/12\/remise-des-diplomes-300x147.jpg","type":"","width":"","height":""}],"author":"le secr\u00e9tariat","schema":{"@context":"https:\/\/schema.org","@graph":[{"@type":"WebPage","@id":"http:\/\/www.jeannedarc-figeac.fr\/college-lycee\/jeanne-darc-fete-la-promotion-de-juin-2023\/","url":"http:\/\/www.jeannedarc-figeac.fr\/college-lycee\/jeanne-darc-fete-la-promotion-de-juin-2023\/","name":"Jeanne d\u2019Arc f\u00eate la promotion de juin 2023","isPartOf":{"@id":"https:\/\/www.jeannedarc-figeac.fr\/college-lycee\/#website"},"primaryImageOfPage":{"@id":"http:\/\/www.jeannedarc-figeac.fr\/college-lycee\/jeanne-darc-fete-la-promotion-de-juin-2023\/#primaryimage"},"image":{"@id":"http:\/\/www.jeannedarc-figeac.fr\/college-lycee\/jeanne-darc-fete-la-promotion-de-juin-2023\/#primaryimage"},"thumbnailUrl":"http:\/\/www.jeannedarc-figeac.fr\/college-lycee\/wp-content\/uploads\/sites\/5\/2023\/12\/remise-des-diplomes-300x147.jpg","datePublished":"2023-12-21T10:34:51+00:00","dateModified":"2023-12-21T10:35:01+00:00","author":{"@id":"https:\/\/www.jeannedarc-figeac.fr\/college-lycee\/#\/schema\/person\/29e5764f28e895dc8bf41d4468f99154"},"description":"Samedi 16 d\u00e9cembre 2023, l\u2019ensemble scolaire Jeanne d\u2019Arc mettait \u00e0 l\u2019honneur tous les dipl\u00f4m\u00e9s de la promotion de juin 2023. CAP AEPE et ATMFC, Dipl\u00f4me","breadcrumb":{"@id":"http:\/\/www.jeannedarc-figeac.fr\/college-lycee\/jeanne-darc-fete-la-promotion-de-juin-2023\/#breadcrumb"},"inLanguage":"fr-FR","potentialAction":[{"@type":"ReadAction","target":["http:\/\/www.jeannedarc-figeac.fr\/college-lycee\/jeanne-darc-fete-la-promotion-de-juin-2023\/"]}]},{"@type":"ImageObject","inLanguage":"fr-FR","@id":"http:\/\/www.jeannedarc-figeac.fr\/college-lycee\/jeanne-darc-fete-la-promotion-de-juin-2023\/#primaryimage","url":"https:\/\/i0.wp.com\/www.jeannedarc-figeac.fr\/college-lycee\/wp-content\/uploads\/sites\/5\/2023\/12\/remise-des-diplomes.jpg?fit=1600%2C782&ssl=1","contentUrl":"https:\/\/i0.wp.com\/www.jeannedarc-figeac.fr\/college-lycee\/wp-content\/uploads\/sites\/5\/2023\/12\/remise-des-diplomes.jpg?fit=1600%2C782&ssl=1","width":1600,"height":782},{"@type":"BreadcrumbList","@id":"http:\/\/www.jeannedarc-figeac.fr\/college-lycee\/jeanne-darc-fete-la-promotion-de-juin-2023\/#breadcrumb","itemListElement":[{"@type":"ListItem","position":1,"name":"Accueil","item":"https:\/\/www.jeannedarc-figeac.fr\/college-lycee\/"},{"@type":"ListItem","position":2,"name":"Actus","item":"http:\/\/www.jeannedarc-figeac.fr\/college-lycee\/cat\/actus\/"},{"@type":"ListItem","position":3,"name":"Jeanne d\u2019Arc f\u00eate la promotion de juin 2023"}]},{"@type":"WebSite","@id":"https:\/\/www.jeannedarc-figeac.fr\/college-lycee\/#website","url":"https:\/\/www.jeannedarc-figeac.fr\/college-lycee\/","name":"Coll\u00e8ge et Lyc\u00e9e Jeanne d&#039;Arc","description":"Jeanne d&#039;Arc Figeac","potentialAction":[{"@type":"SearchAction","target":{"@type":"EntryPoint","urlTemplate":"https:\/\/www.jeannedarc-figeac.fr\/college-lycee\/?s={search_term_string}"},"query-input":{"@type":"PropertyValueSpecification","valueRequired":true,"valueName":"search_term_string"}}],"inLanguage":"fr-FR"},{"@type":"Person","@id":"https:\/\/www.jeannedarc-figeac.fr\/college-lycee\/#\/schema\/person\/29e5764f28e895dc8bf41d4468f99154","name":"le secr\u00e9tariat","image":{"@type":"ImageObject","inLanguage":"fr-FR","@id":"https:\/\/www.jeannedarc-figeac.fr\/college-lycee\/#\/schema\/person\/image\/","url":"https:\/\/www.jeannedarc-figeac.fr\/college-lycee\/wp-content\/litespeed\/avatar\/5\/b7e8da60f53ba4adc9e9e66d91d84580.jpg?ver=1777548714","contentUrl":"https:\/\/www.jeannedarc-figeac.fr\/college-lycee\/wp-content\/litespeed\/avatar\/5\/b7e8da60f53ba4adc9e9e66d91d84580.jpg?ver=1777548714","caption":"le secr\u00e9tariat"},"url":"https:\/\/www.jeannedarc-figeac.fr\/college-lycee\/author\/arlette\/"}]}},"jetpack_featured_media_url":"","jetpack_sharing_enabled":true,"jetpack_shortlink":"https:\/\/wp.me\/p5Qyb6-1mV","_links":{"self":[{"href":"https:\/\/www.jeannedarc-figeac.fr\/college-lycee\/wp-json\/wp\/v2\/posts\/5265","targetHints":{"allow":["GET"]}}],"collection":[{"href":"https:\/\/www.jeannedarc-figeac.fr\/college-lycee\/wp-json\/wp\/v2\/posts"}],"about":[{"href":"https:\/\/www.jeannedarc-figeac.fr\/college-lycee\/wp-json\/wp\/v2\/types\/post"}],"author":[{"embeddable":true,"href":"https:\/\/www.jeannedarc-figeac.fr\/college-lycee\/wp-json\/wp\/v2\/users\/12"}],"replies":[{"embeddable":true,"href":"https:\/\/www.jeannedarc-figeac.fr\/college-lycee\/wp-json\/wp\/v2\/comments?post=5265"}],"version-history":[{"count":1,"href":"https:\/\/www.jeannedarc-figeac.fr\/college-lycee\/wp-json\/wp\/v2\/posts\/5265\/revisions"}],"predecessor-version":[{"id":5267,"href":"https:\/\/www.jeannedarc-figeac.fr\/college-lycee\/wp-json\/wp\/v2\/posts\/5265\/revisions\/5267"}],"wp:attachment":[{"href":"https:\/\/www.jeannedarc-figeac.fr\/college-lycee\/wp-json\/wp\/v2\/media?parent=5265"}],"wp:term":[{"taxonomy":"category","embeddable":true,"href":"https:\/\/www.jeannedarc-figeac.fr\/college-lycee\/wp-json\/wp\/v2\/categories?post=5265"},{"taxonomy":"post_tag","embeddable":true,"href":"https:\/\/www.jeannedarc-figeac.fr\/college-lycee\/wp-json\/wp\/v2\/tags?post=5265"}],"curies":[{"name":"wp","href":"https:\/\/api.w.org\/{rel}","templated":true}]}}