{"id":5261,"date":"2023-12-21T10:30:08","date_gmt":"2023-12-21T10:30:08","guid":{"rendered":"http:\/\/www.jeannedarc-figeac.fr\/college-lycee\/?p=5261"},"modified":"2023-12-21T10:30:17","modified_gmt":"2023-12-21T10:30:17","slug":"operation-1000-chercheurs-dans-les-ecoles","status":"publish","type":"post","link":"https:\/\/www.jeannedarc-figeac.fr\/college-lycee\/operation-1000-chercheurs-dans-les-ecoles\/","title":{"rendered":"op\u00e9ration 1000 chercheurs dans les \u00e9coles\u00a0!"},"content":{"rendered":"\n<figure class=\"wp-block-image alignleft size-medium\"><a href=\"https:\/\/i0.wp.com\/www.jeannedarc-figeac.fr\/college-lycee\/wp-content\/uploads\/sites\/5\/2023\/12\/TELETHON.jpg\"><img data-recalc-dims=\"1\" loading=\"lazy\" decoding=\"async\" width=\"300\" height=\"169\" src=\"https:\/\/i0.wp.com\/www.jeannedarc-figeac.fr\/college-lycee\/wp-content\/uploads\/sites\/5\/2023\/12\/TELETHON.jpg?resize=300%2C169\" alt=\"\" class=\"wp-image-5262\" \/><\/a><\/figure>\n\n\n\n<p>Cela fait la 5<sup>\u00e8me<\/sup> ann\u00e9e que nous avons la chance d\u2019\u00eatre tir\u00e9s au sort pour l\u2019op\u00e9ration 1000 chercheurs dans les \u00e9coles\u00a0! Organis\u00e9e par l&rsquo;AFM-T\u00e9l\u00e9thon, agr\u00e9\u00e9 par l&rsquo;Education Nationale et avec le soutien de l&rsquo;Association des Professeurs de Biologie et de G\u00e9ologie (APBG), son objectif est de faire d\u00e9couvrir aux \u00e9l\u00e8ves les derni\u00e8res avanc\u00e9es de la recherche biom\u00e9dicale et le quotidien d\u2019un chercheur en abordant les maladies g\u00e9n\u00e9tiques et les enjeux des nouvelles th\u00e9rapies. Nous avons ainsi accueilli G\u00e9rald Perret, directeur des programmes au G\u00e9n\u00e9thon, mardi 21 novembre 2023. Il a fait son intervention aupr\u00e8s des trois classes de 3<sup>\u00e8me<\/sup> et a re\u00e7u un tr\u00e8s bon accueil de la part des \u00e9l\u00e8ves. De nombreuses questions pertinentes ont \u00e9t\u00e9 pos\u00e9es et des \u00e9changes constructifs ont permis de les sensibiliser aux maladies g\u00e9n\u00e9tiques et particuli\u00e8rement \u00e0 la myopathie de Duchenne dont est atteint Luc. Le papa de Luc et Pierre , \u00e9tait pr\u00e9sent et a pu t\u00e9moigner du quotidien d\u2019une famille touch\u00e9e par la maladie, des difficult\u00e9s du suivi m\u00e9dical et de l\u2019accompagnement du malade et de ses proches. Daniel Courbeyrette, responsable du T\u00e9l\u00e9thon sur le secteur du Figeacois, a donn\u00e9 rendez-vous les 8 et 9 d\u00e9cembre pour le T\u00e9l\u00e9thon 2023. De nombreuses animations ont lieu sur plusieurs communes et \u00e9tal\u00e9es sur plusieurs jours pour permettre \u00e0 tous d\u2019y participer. Gr\u00e2ce aux dons en 2022\u00a0: 37,6 millions d\u2019euros ont \u00e9t\u00e9 d\u00e9di\u00e9s \u00e0 l&rsquo;aide aux malades. 56,2 millions d\u2019euros ont \u00e9t\u00e9 vers\u00e9s \u00e0 la mission Gu\u00e9rir. 41 essais cliniques sont en cours ou en pr\u00e9paration pour 32 maladies diff\u00e9rentes. <\/p>\n","protected":false},"excerpt":{"rendered":"<p>Cela fait la 5\u00e8me ann\u00e9e que nous avons la chance d\u2019\u00eatre tir\u00e9s au sort pour l\u2019op\u00e9ration 1000 chercheurs dans les \u00e9coles\u00a0! Organis\u00e9e par l&rsquo;AFM-T\u00e9l\u00e9thon, agr\u00e9\u00e9 par l&rsquo;Education Nationale et avec le soutien de l&rsquo;Association des Professeurs de Biologie et de G\u00e9ologie (APBG), son objectif est de faire d\u00e9couvrir aux \u00e9l\u00e8ves les derni\u00e8res avanc\u00e9es de la [&hellip;]<\/p>\n","protected":false},"author":12,"featured_media":0,"comment_status":"closed","ping_status":"open","sticky":false,"template":"","format":"standard","meta":{"_et_pb_use_builder":"off","_et_pb_old_content":"","_et_gb_content_width":"","_jetpack_newsletter_access":"","_jetpack_dont_email_post_to_subs":false,"_jetpack_newsletter_tier_id":0,"_jetpack_memberships_contains_paywalled_content":false,"iawp_total_views":0,"_jetpack_memberships_contains_paid_content":false,"footnotes":""},"categories":[28],"tags":[],"class_list":["post-5261","post","type-post","status-publish","format-standard","hentry","category-actus"],"yoast_head":"<!-- This site is optimized with the Yoast SEO plugin v26.0 - https:\/\/yoast.com\/wordpress\/plugins\/seo\/ -->\n<title>op\u00e9ration 1000 chercheurs dans les \u00e9coles\u00a0!<\/title>\n<meta name=\"description\" content=\"Cela fait la 5\u00e8me ann\u00e9e que nous avons la chance d\u2019\u00eatre tir\u00e9s au sort pour l\u2019op\u00e9ration 1000 chercheurs dans les \u00e9coles\u00a0! Organis\u00e9e par l&#039;AFM-T\u00e9l\u00e9thon,\" \/>\n<meta name=\"robots\" content=\"index, follow, max-snippet:-1, max-image-preview:large, max-video-preview:-1\" \/>\n<link rel=\"canonical\" href=\"https:\/\/www.jeannedarc-figeac.fr\/college-lycee\/operation-1000-chercheurs-dans-les-ecoles\/\" \/>\n<meta property=\"og:locale\" content=\"fr_FR\" \/>\n<meta property=\"og:type\" content=\"article\" \/>\n<meta property=\"og:title\" content=\"op\u00e9ration 1000 chercheurs dans les \u00e9coles\u00a0!\" \/>\n<meta property=\"og:description\" content=\"Cela fait la 5\u00e8me ann\u00e9e que nous avons la chance d\u2019\u00eatre tir\u00e9s au sort pour l\u2019op\u00e9ration 1000 chercheurs dans les \u00e9coles\u00a0! Organis\u00e9e par l&#039;AFM-T\u00e9l\u00e9thon,\" \/>\n<meta property=\"og:url\" content=\"https:\/\/www.jeannedarc-figeac.fr\/college-lycee\/operation-1000-chercheurs-dans-les-ecoles\/\" \/>\n<meta property=\"og:site_name\" content=\"Coll\u00e8ge et Lyc\u00e9e Jeanne d&#039;Arc\" \/>\n<meta property=\"article:published_time\" content=\"2023-12-21T10:30:08+00:00\" \/>\n<meta property=\"article:modified_time\" content=\"2023-12-21T10:30:17+00:00\" \/>\n<meta property=\"og:image\" content=\"http:\/\/www.jeannedarc-figeac.fr\/college-lycee\/wp-content\/uploads\/sites\/5\/2023\/12\/TELETHON-300x169.jpg\" \/>\n<meta name=\"author\" content=\"le secr\u00e9tariat\" \/>\n<script type=\"application\/ld+json\" class=\"yoast-schema-graph\">{\"@context\":\"https:\/\/schema.org\",\"@graph\":[{\"@type\":\"WebPage\",\"@id\":\"https:\/\/www.jeannedarc-figeac.fr\/college-lycee\/operation-1000-chercheurs-dans-les-ecoles\/\",\"url\":\"https:\/\/www.jeannedarc-figeac.fr\/college-lycee\/operation-1000-chercheurs-dans-les-ecoles\/\",\"name\":\"op\u00e9ration 1000 chercheurs dans les \u00e9coles\u00a0!\",\"isPartOf\":{\"@id\":\"https:\/\/www.jeannedarc-figeac.fr\/college-lycee\/#website\"},\"primaryImageOfPage\":{\"@id\":\"https:\/\/www.jeannedarc-figeac.fr\/college-lycee\/operation-1000-chercheurs-dans-les-ecoles\/#primaryimage\"},\"image\":{\"@id\":\"https:\/\/www.jeannedarc-figeac.fr\/college-lycee\/operation-1000-chercheurs-dans-les-ecoles\/#primaryimage\"},\"thumbnailUrl\":\"http:\/\/www.jeannedarc-figeac.fr\/college-lycee\/wp-content\/uploads\/sites\/5\/2023\/12\/TELETHON-300x169.jpg\",\"datePublished\":\"2023-12-21T10:30:08+00:00\",\"dateModified\":\"2023-12-21T10:30:17+00:00\",\"author\":{\"@id\":\"https:\/\/www.jeannedarc-figeac.fr\/college-lycee\/#\/schema\/person\/29e5764f28e895dc8bf41d4468f99154\"},\"description\":\"Cela fait la 5\u00e8me ann\u00e9e que nous avons la chance d\u2019\u00eatre tir\u00e9s au sort pour l\u2019op\u00e9ration 1000 chercheurs dans les \u00e9coles\u00a0! Organis\u00e9e par l'AFM-T\u00e9l\u00e9thon,\",\"breadcrumb\":{\"@id\":\"https:\/\/www.jeannedarc-figeac.fr\/college-lycee\/operation-1000-chercheurs-dans-les-ecoles\/#breadcrumb\"},\"inLanguage\":\"fr-FR\",\"potentialAction\":[{\"@type\":\"ReadAction\",\"target\":[\"https:\/\/www.jeannedarc-figeac.fr\/college-lycee\/operation-1000-chercheurs-dans-les-ecoles\/\"]}]},{\"@type\":\"ImageObject\",\"inLanguage\":\"fr-FR\",\"@id\":\"https:\/\/www.jeannedarc-figeac.fr\/college-lycee\/operation-1000-chercheurs-dans-les-ecoles\/#primaryimage\",\"url\":\"https:\/\/i0.wp.com\/www.jeannedarc-figeac.fr\/college-lycee\/wp-content\/uploads\/sites\/5\/2023\/12\/TELETHON.jpg?fit=605%2C340&ssl=1\",\"contentUrl\":\"https:\/\/i0.wp.com\/www.jeannedarc-figeac.fr\/college-lycee\/wp-content\/uploads\/sites\/5\/2023\/12\/TELETHON.jpg?fit=605%2C340&ssl=1\",\"width\":605,\"height\":340},{\"@type\":\"BreadcrumbList\",\"@id\":\"https:\/\/www.jeannedarc-figeac.fr\/college-lycee\/operation-1000-chercheurs-dans-les-ecoles\/#breadcrumb\",\"itemListElement\":[{\"@type\":\"ListItem\",\"position\":1,\"name\":\"Accueil\",\"item\":\"https:\/\/www.jeannedarc-figeac.fr\/college-lycee\/\"},{\"@type\":\"ListItem\",\"position\":2,\"name\":\"Actus\",\"item\":\"http:\/\/www.jeannedarc-figeac.fr\/college-lycee\/cat\/actus\/\"},{\"@type\":\"ListItem\",\"position\":3,\"name\":\"op\u00e9ration 1000 chercheurs dans les \u00e9coles\u00a0!\"}]},{\"@type\":\"WebSite\",\"@id\":\"https:\/\/www.jeannedarc-figeac.fr\/college-lycee\/#website\",\"url\":\"https:\/\/www.jeannedarc-figeac.fr\/college-lycee\/\",\"name\":\"Coll\u00e8ge et Lyc\u00e9e Jeanne d&#039;Arc\",\"description\":\"Jeanne d&#039;Arc Figeac\",\"potentialAction\":[{\"@type\":\"SearchAction\",\"target\":{\"@type\":\"EntryPoint\",\"urlTemplate\":\"https:\/\/www.jeannedarc-figeac.fr\/college-lycee\/?s={search_term_string}\"},\"query-input\":{\"@type\":\"PropertyValueSpecification\",\"valueRequired\":true,\"valueName\":\"search_term_string\"}}],\"inLanguage\":\"fr-FR\"},{\"@type\":\"Person\",\"@id\":\"https:\/\/www.jeannedarc-figeac.fr\/college-lycee\/#\/schema\/person\/29e5764f28e895dc8bf41d4468f99154\",\"name\":\"le secr\u00e9tariat\",\"image\":{\"@type\":\"ImageObject\",\"inLanguage\":\"fr-FR\",\"@id\":\"https:\/\/www.jeannedarc-figeac.fr\/college-lycee\/#\/schema\/person\/image\/\",\"url\":\"https:\/\/www.jeannedarc-figeac.fr\/college-lycee\/wp-content\/litespeed\/avatar\/5\/b7e8da60f53ba4adc9e9e66d91d84580.jpg?ver=1777548714\",\"contentUrl\":\"https:\/\/www.jeannedarc-figeac.fr\/college-lycee\/wp-content\/litespeed\/avatar\/5\/b7e8da60f53ba4adc9e9e66d91d84580.jpg?ver=1777548714\",\"caption\":\"le secr\u00e9tariat\"},\"url\":\"https:\/\/www.jeannedarc-figeac.fr\/college-lycee\/author\/arlette\/\"}]}<\/script>\n<!-- \/ Yoast SEO plugin. -->","yoast_head_json":{"title":"op\u00e9ration 1000 chercheurs dans les \u00e9coles\u00a0!","description":"Cela fait la 5\u00e8me ann\u00e9e que nous avons la chance d\u2019\u00eatre tir\u00e9s au sort pour l\u2019op\u00e9ration 1000 chercheurs dans les \u00e9coles\u00a0! Organis\u00e9e par l'AFM-T\u00e9l\u00e9thon,","robots":{"index":"index","follow":"follow","max-snippet":"max-snippet:-1","max-image-preview":"max-image-preview:large","max-video-preview":"max-video-preview:-1"},"canonical":"https:\/\/www.jeannedarc-figeac.fr\/college-lycee\/operation-1000-chercheurs-dans-les-ecoles\/","og_locale":"fr_FR","og_type":"article","og_title":"op\u00e9ration 1000 chercheurs dans les \u00e9coles\u00a0!","og_description":"Cela fait la 5\u00e8me ann\u00e9e que nous avons la chance d\u2019\u00eatre tir\u00e9s au sort pour l\u2019op\u00e9ration 1000 chercheurs dans les \u00e9coles\u00a0! Organis\u00e9e par l'AFM-T\u00e9l\u00e9thon,","og_url":"https:\/\/www.jeannedarc-figeac.fr\/college-lycee\/operation-1000-chercheurs-dans-les-ecoles\/","og_site_name":"Coll\u00e8ge et Lyc\u00e9e Jeanne d&#039;Arc","article_published_time":"2023-12-21T10:30:08+00:00","article_modified_time":"2023-12-21T10:30:17+00:00","og_image":[{"url":"http:\/\/www.jeannedarc-figeac.fr\/college-lycee\/wp-content\/uploads\/sites\/5\/2023\/12\/TELETHON-300x169.jpg","type":"","width":"","height":""}],"author":"le secr\u00e9tariat","schema":{"@context":"https:\/\/schema.org","@graph":[{"@type":"WebPage","@id":"https:\/\/www.jeannedarc-figeac.fr\/college-lycee\/operation-1000-chercheurs-dans-les-ecoles\/","url":"https:\/\/www.jeannedarc-figeac.fr\/college-lycee\/operation-1000-chercheurs-dans-les-ecoles\/","name":"op\u00e9ration 1000 chercheurs dans les \u00e9coles\u00a0!","isPartOf":{"@id":"https:\/\/www.jeannedarc-figeac.fr\/college-lycee\/#website"},"primaryImageOfPage":{"@id":"https:\/\/www.jeannedarc-figeac.fr\/college-lycee\/operation-1000-chercheurs-dans-les-ecoles\/#primaryimage"},"image":{"@id":"https:\/\/www.jeannedarc-figeac.fr\/college-lycee\/operation-1000-chercheurs-dans-les-ecoles\/#primaryimage"},"thumbnailUrl":"http:\/\/www.jeannedarc-figeac.fr\/college-lycee\/wp-content\/uploads\/sites\/5\/2023\/12\/TELETHON-300x169.jpg","datePublished":"2023-12-21T10:30:08+00:00","dateModified":"2023-12-21T10:30:17+00:00","author":{"@id":"https:\/\/www.jeannedarc-figeac.fr\/college-lycee\/#\/schema\/person\/29e5764f28e895dc8bf41d4468f99154"},"description":"Cela fait la 5\u00e8me ann\u00e9e que nous avons la chance d\u2019\u00eatre tir\u00e9s au sort pour l\u2019op\u00e9ration 1000 chercheurs dans les \u00e9coles\u00a0! Organis\u00e9e par l'AFM-T\u00e9l\u00e9thon,","breadcrumb":{"@id":"https:\/\/www.jeannedarc-figeac.fr\/college-lycee\/operation-1000-chercheurs-dans-les-ecoles\/#breadcrumb"},"inLanguage":"fr-FR","potentialAction":[{"@type":"ReadAction","target":["https:\/\/www.jeannedarc-figeac.fr\/college-lycee\/operation-1000-chercheurs-dans-les-ecoles\/"]}]},{"@type":"ImageObject","inLanguage":"fr-FR","@id":"https:\/\/www.jeannedarc-figeac.fr\/college-lycee\/operation-1000-chercheurs-dans-les-ecoles\/#primaryimage","url":"https:\/\/i0.wp.com\/www.jeannedarc-figeac.fr\/college-lycee\/wp-content\/uploads\/sites\/5\/2023\/12\/TELETHON.jpg?fit=605%2C340&ssl=1","contentUrl":"https:\/\/i0.wp.com\/www.jeannedarc-figeac.fr\/college-lycee\/wp-content\/uploads\/sites\/5\/2023\/12\/TELETHON.jpg?fit=605%2C340&ssl=1","width":605,"height":340},{"@type":"BreadcrumbList","@id":"https:\/\/www.jeannedarc-figeac.fr\/college-lycee\/operation-1000-chercheurs-dans-les-ecoles\/#breadcrumb","itemListElement":[{"@type":"ListItem","position":1,"name":"Accueil","item":"https:\/\/www.jeannedarc-figeac.fr\/college-lycee\/"},{"@type":"ListItem","position":2,"name":"Actus","item":"http:\/\/www.jeannedarc-figeac.fr\/college-lycee\/cat\/actus\/"},{"@type":"ListItem","position":3,"name":"op\u00e9ration 1000 chercheurs dans les \u00e9coles\u00a0!"}]},{"@type":"WebSite","@id":"https:\/\/www.jeannedarc-figeac.fr\/college-lycee\/#website","url":"https:\/\/www.jeannedarc-figeac.fr\/college-lycee\/","name":"Coll\u00e8ge et Lyc\u00e9e Jeanne d&#039;Arc","description":"Jeanne d&#039;Arc Figeac","potentialAction":[{"@type":"SearchAction","target":{"@type":"EntryPoint","urlTemplate":"https:\/\/www.jeannedarc-figeac.fr\/college-lycee\/?s={search_term_string}"},"query-input":{"@type":"PropertyValueSpecification","valueRequired":true,"valueName":"search_term_string"}}],"inLanguage":"fr-FR"},{"@type":"Person","@id":"https:\/\/www.jeannedarc-figeac.fr\/college-lycee\/#\/schema\/person\/29e5764f28e895dc8bf41d4468f99154","name":"le secr\u00e9tariat","image":{"@type":"ImageObject","inLanguage":"fr-FR","@id":"https:\/\/www.jeannedarc-figeac.fr\/college-lycee\/#\/schema\/person\/image\/","url":"https:\/\/www.jeannedarc-figeac.fr\/college-lycee\/wp-content\/litespeed\/avatar\/5\/b7e8da60f53ba4adc9e9e66d91d84580.jpg?ver=1777548714","contentUrl":"https:\/\/www.jeannedarc-figeac.fr\/college-lycee\/wp-content\/litespeed\/avatar\/5\/b7e8da60f53ba4adc9e9e66d91d84580.jpg?ver=1777548714","caption":"le secr\u00e9tariat"},"url":"https:\/\/www.jeannedarc-figeac.fr\/college-lycee\/author\/arlette\/"}]}},"jetpack_featured_media_url":"","jetpack_sharing_enabled":true,"jetpack_shortlink":"https:\/\/wp.me\/p5Qyb6-1mR","_links":{"self":[{"href":"https:\/\/www.jeannedarc-figeac.fr\/college-lycee\/wp-json\/wp\/v2\/posts\/5261","targetHints":{"allow":["GET"]}}],"collection":[{"href":"https:\/\/www.jeannedarc-figeac.fr\/college-lycee\/wp-json\/wp\/v2\/posts"}],"about":[{"href":"https:\/\/www.jeannedarc-figeac.fr\/college-lycee\/wp-json\/wp\/v2\/types\/post"}],"author":[{"embeddable":true,"href":"https:\/\/www.jeannedarc-figeac.fr\/college-lycee\/wp-json\/wp\/v2\/users\/12"}],"replies":[{"embeddable":true,"href":"https:\/\/www.jeannedarc-figeac.fr\/college-lycee\/wp-json\/wp\/v2\/comments?post=5261"}],"version-history":[{"count":1,"href":"https:\/\/www.jeannedarc-figeac.fr\/college-lycee\/wp-json\/wp\/v2\/posts\/5261\/revisions"}],"predecessor-version":[{"id":5263,"href":"https:\/\/www.jeannedarc-figeac.fr\/college-lycee\/wp-json\/wp\/v2\/posts\/5261\/revisions\/5263"}],"wp:attachment":[{"href":"https:\/\/www.jeannedarc-figeac.fr\/college-lycee\/wp-json\/wp\/v2\/media?parent=5261"}],"wp:term":[{"taxonomy":"category","embeddable":true,"href":"https:\/\/www.jeannedarc-figeac.fr\/college-lycee\/wp-json\/wp\/v2\/categories?post=5261"},{"taxonomy":"post_tag","embeddable":true,"href":"https:\/\/www.jeannedarc-figeac.fr\/college-lycee\/wp-json\/wp\/v2\/tags?post=5261"}],"curies":[{"name":"wp","href":"https:\/\/api.w.org\/{rel}","templated":true}]}}