{"id":5231,"date":"2023-10-27T10:10:54","date_gmt":"2023-10-27T10:10:54","guid":{"rendered":"http:\/\/www.jeannedarc-figeac.fr\/college-lycee\/?p=5231"},"modified":"2023-10-27T10:10:59","modified_gmt":"2023-10-27T10:10:59","slug":"participation-au-rallye-des-metiers-du-btp","status":"publish","type":"post","link":"https:\/\/www.jeannedarc-figeac.fr\/college-lycee\/participation-au-rallye-des-metiers-du-btp\/","title":{"rendered":"Participation au Rallye des m\u00e9tiers du BTP"},"content":{"rendered":"\n<p><\/p>\n\n\n\n<figure class=\"wp-block-image alignleft size-medium\"><a href=\"https:\/\/i0.wp.com\/www.jeannedarc-figeac.fr\/college-lycee\/wp-content\/uploads\/sites\/5\/2023\/10\/1697727727669.jpeg\"><img data-recalc-dims=\"1\" loading=\"lazy\" decoding=\"async\" width=\"300\" height=\"169\" src=\"https:\/\/i0.wp.com\/www.jeannedarc-figeac.fr\/college-lycee\/wp-content\/uploads\/sites\/5\/2023\/10\/1697727727669.jpeg?resize=300%2C169\" alt=\"\" class=\"wp-image-5232\" \/><\/a><\/figure>\n\n\n\n<p>Dans le cadre de leur parcours Avenir, 20 \u00e9l\u00e8ves de 4<sup>\u00e8me<\/sup> et 5 de 3<sup>\u00e8me<\/sup> ont particip\u00e9 au Rallye des m\u00e9tiers du BTP, organis\u00e9 par la Chambre des M\u00e9tiers et de l\u2019Artisanat \u00e0 la Maison de R\u00e9gion, Gare de Figeac. L\u2019objectif de cette matin\u00e9e \u00e9tait de faire d\u00e9couvrir les m\u00e9tiers du b\u00e2timent, leurs activit\u00e9s, leur quotidien et leurs opportunit\u00e9s de carri\u00e8res et d\u2019\u00e9volution par le biais de t\u00e9moignages d\u2019apprenants, mais aussi de ma\u00eetres d\u2019apprentissage. Une intervention de la CAPEB (Conf\u00e9d\u00e9ration de l\u2019Artisanat et des Petites Entreprises du B\u00e2timent) a mis en valeur l\u2019attractivit\u00e9 sociale du secteur (conditions de travail, s\u00e9curit\u00e9 et mat\u00e9riel, salaires et avantages)\u00a0: un sacr\u00e9 \u00ab\u00a0d\u00e9poussi\u00e9rage\u00a0\u00bb des id\u00e9es re\u00e7ues et souvent n\u00e9gatives que les jeunes et leurs parents peuvent avoir sur ces m\u00e9tiers. Enfin, ils ont eu pu mesurer leurs aptitudes \u00e0 exercer un m\u00e9tier dans le b\u00e2timent via un questionnaire fourni par P\u00f4le Emploi, d\u00e9tourn\u00e9 de fa\u00e7on ludique pour nos jeunes. Les intervenants ont appr\u00e9ci\u00e9 l\u2019\u00e9coute, la participation et l\u2019int\u00e9r\u00eat de nos jeunes tout au long de la matin\u00e9e. Des vocations sont n\u00e9es\u00a0!<\/p>\n","protected":false},"excerpt":{"rendered":"<p>Dans le cadre de leur parcours Avenir, 20 \u00e9l\u00e8ves de 4\u00e8me et 5 de 3\u00e8me ont particip\u00e9 au Rallye des m\u00e9tiers du BTP, organis\u00e9 par la Chambre des M\u00e9tiers et de l\u2019Artisanat \u00e0 la Maison de R\u00e9gion, Gare de Figeac. L\u2019objectif de cette matin\u00e9e \u00e9tait de faire d\u00e9couvrir les m\u00e9tiers du b\u00e2timent, leurs activit\u00e9s, leur [&hellip;]<\/p>\n","protected":false},"author":12,"featured_media":0,"comment_status":"closed","ping_status":"open","sticky":false,"template":"","format":"standard","meta":{"_et_pb_use_builder":"off","_et_pb_old_content":"","_et_gb_content_width":"","_jetpack_newsletter_access":"","_jetpack_dont_email_post_to_subs":false,"_jetpack_newsletter_tier_id":0,"_jetpack_memberships_contains_paywalled_content":false,"iawp_total_views":0,"_jetpack_memberships_contains_paid_content":false,"footnotes":""},"categories":[28],"tags":[],"class_list":["post-5231","post","type-post","status-publish","format-standard","hentry","category-actus"],"yoast_head":"<!-- This site is optimized with the Yoast SEO plugin v26.0 - https:\/\/yoast.com\/wordpress\/plugins\/seo\/ -->\n<title>Participation au Rallye des m\u00e9tiers du BTP<\/title>\n<meta name=\"description\" content=\"Dans le cadre de leur parcours Avenir, 20 \u00e9l\u00e8ves de 4\u00e8me et 5 de 3\u00e8me ont particip\u00e9 au Rallye des m\u00e9tiers du BTP, organis\u00e9 par la Chambre des M\u00e9tiers et\" \/>\n<meta name=\"robots\" content=\"index, follow, max-snippet:-1, max-image-preview:large, max-video-preview:-1\" \/>\n<link rel=\"canonical\" href=\"https:\/\/www.jeannedarc-figeac.fr\/college-lycee\/participation-au-rallye-des-metiers-du-btp\/\" \/>\n<meta property=\"og:locale\" content=\"fr_FR\" \/>\n<meta property=\"og:type\" content=\"article\" \/>\n<meta property=\"og:title\" content=\"Participation au Rallye des m\u00e9tiers du BTP\" \/>\n<meta property=\"og:description\" content=\"Dans le cadre de leur parcours Avenir, 20 \u00e9l\u00e8ves de 4\u00e8me et 5 de 3\u00e8me ont particip\u00e9 au Rallye des m\u00e9tiers du BTP, organis\u00e9 par la Chambre des M\u00e9tiers et\" \/>\n<meta property=\"og:url\" content=\"https:\/\/www.jeannedarc-figeac.fr\/college-lycee\/participation-au-rallye-des-metiers-du-btp\/\" \/>\n<meta property=\"og:site_name\" content=\"Coll\u00e8ge et Lyc\u00e9e Jeanne d&#039;Arc\" \/>\n<meta property=\"article:published_time\" content=\"2023-10-27T10:10:54+00:00\" \/>\n<meta property=\"article:modified_time\" content=\"2023-10-27T10:10:59+00:00\" \/>\n<meta property=\"og:image\" content=\"http:\/\/www.jeannedarc-figeac.fr\/college-lycee\/wp-content\/uploads\/sites\/5\/2023\/10\/1697727727669-300x169.jpeg\" \/>\n<meta name=\"author\" content=\"le secr\u00e9tariat\" \/>\n<script type=\"application\/ld+json\" class=\"yoast-schema-graph\">{\"@context\":\"https:\/\/schema.org\",\"@graph\":[{\"@type\":\"WebPage\",\"@id\":\"https:\/\/www.jeannedarc-figeac.fr\/college-lycee\/participation-au-rallye-des-metiers-du-btp\/\",\"url\":\"https:\/\/www.jeannedarc-figeac.fr\/college-lycee\/participation-au-rallye-des-metiers-du-btp\/\",\"name\":\"Participation au Rallye des m\u00e9tiers du BTP\",\"isPartOf\":{\"@id\":\"https:\/\/www.jeannedarc-figeac.fr\/college-lycee\/#website\"},\"primaryImageOfPage\":{\"@id\":\"https:\/\/www.jeannedarc-figeac.fr\/college-lycee\/participation-au-rallye-des-metiers-du-btp\/#primaryimage\"},\"image\":{\"@id\":\"https:\/\/www.jeannedarc-figeac.fr\/college-lycee\/participation-au-rallye-des-metiers-du-btp\/#primaryimage\"},\"thumbnailUrl\":\"http:\/\/www.jeannedarc-figeac.fr\/college-lycee\/wp-content\/uploads\/sites\/5\/2023\/10\/1697727727669-300x169.jpeg\",\"datePublished\":\"2023-10-27T10:10:54+00:00\",\"dateModified\":\"2023-10-27T10:10:59+00:00\",\"author\":{\"@id\":\"https:\/\/www.jeannedarc-figeac.fr\/college-lycee\/#\/schema\/person\/29e5764f28e895dc8bf41d4468f99154\"},\"description\":\"Dans le cadre de leur parcours Avenir, 20 \u00e9l\u00e8ves de 4\u00e8me et 5 de 3\u00e8me ont particip\u00e9 au Rallye des m\u00e9tiers du BTP, organis\u00e9 par la Chambre des M\u00e9tiers et\",\"breadcrumb\":{\"@id\":\"https:\/\/www.jeannedarc-figeac.fr\/college-lycee\/participation-au-rallye-des-metiers-du-btp\/#breadcrumb\"},\"inLanguage\":\"fr-FR\",\"potentialAction\":[{\"@type\":\"ReadAction\",\"target\":[\"https:\/\/www.jeannedarc-figeac.fr\/college-lycee\/participation-au-rallye-des-metiers-du-btp\/\"]}]},{\"@type\":\"ImageObject\",\"inLanguage\":\"fr-FR\",\"@id\":\"https:\/\/www.jeannedarc-figeac.fr\/college-lycee\/participation-au-rallye-des-metiers-du-btp\/#primaryimage\",\"url\":\"http:\/\/www.jeannedarc-figeac.fr\/college-lycee\/wp-content\/uploads\/sites\/5\/2023\/10\/1697727727669-300x169.jpeg\",\"contentUrl\":\"http:\/\/www.jeannedarc-figeac.fr\/college-lycee\/wp-content\/uploads\/sites\/5\/2023\/10\/1697727727669-300x169.jpeg\"},{\"@type\":\"BreadcrumbList\",\"@id\":\"https:\/\/www.jeannedarc-figeac.fr\/college-lycee\/participation-au-rallye-des-metiers-du-btp\/#breadcrumb\",\"itemListElement\":[{\"@type\":\"ListItem\",\"position\":1,\"name\":\"Accueil\",\"item\":\"https:\/\/www.jeannedarc-figeac.fr\/college-lycee\/\"},{\"@type\":\"ListItem\",\"position\":2,\"name\":\"Actus\",\"item\":\"http:\/\/www.jeannedarc-figeac.fr\/college-lycee\/cat\/actus\/\"},{\"@type\":\"ListItem\",\"position\":3,\"name\":\"Participation au Rallye des m\u00e9tiers du BTP\"}]},{\"@type\":\"WebSite\",\"@id\":\"https:\/\/www.jeannedarc-figeac.fr\/college-lycee\/#website\",\"url\":\"https:\/\/www.jeannedarc-figeac.fr\/college-lycee\/\",\"name\":\"Coll\u00e8ge et Lyc\u00e9e Jeanne d&#039;Arc\",\"description\":\"Jeanne d&#039;Arc Figeac\",\"potentialAction\":[{\"@type\":\"SearchAction\",\"target\":{\"@type\":\"EntryPoint\",\"urlTemplate\":\"https:\/\/www.jeannedarc-figeac.fr\/college-lycee\/?s={search_term_string}\"},\"query-input\":{\"@type\":\"PropertyValueSpecification\",\"valueRequired\":true,\"valueName\":\"search_term_string\"}}],\"inLanguage\":\"fr-FR\"},{\"@type\":\"Person\",\"@id\":\"https:\/\/www.jeannedarc-figeac.fr\/college-lycee\/#\/schema\/person\/29e5764f28e895dc8bf41d4468f99154\",\"name\":\"le secr\u00e9tariat\",\"image\":{\"@type\":\"ImageObject\",\"inLanguage\":\"fr-FR\",\"@id\":\"https:\/\/www.jeannedarc-figeac.fr\/college-lycee\/#\/schema\/person\/image\/\",\"url\":\"https:\/\/www.jeannedarc-figeac.fr\/college-lycee\/wp-content\/litespeed\/avatar\/5\/b7e8da60f53ba4adc9e9e66d91d84580.jpg?ver=1776943645\",\"contentUrl\":\"https:\/\/www.jeannedarc-figeac.fr\/college-lycee\/wp-content\/litespeed\/avatar\/5\/b7e8da60f53ba4adc9e9e66d91d84580.jpg?ver=1776943645\",\"caption\":\"le secr\u00e9tariat\"},\"url\":\"https:\/\/www.jeannedarc-figeac.fr\/college-lycee\/author\/arlette\/\"}]}<\/script>\n<!-- \/ Yoast SEO plugin. -->","yoast_head_json":{"title":"Participation au Rallye des m\u00e9tiers du BTP","description":"Dans le cadre de leur parcours Avenir, 20 \u00e9l\u00e8ves de 4\u00e8me et 5 de 3\u00e8me ont particip\u00e9 au Rallye des m\u00e9tiers du BTP, organis\u00e9 par la Chambre des M\u00e9tiers et","robots":{"index":"index","follow":"follow","max-snippet":"max-snippet:-1","max-image-preview":"max-image-preview:large","max-video-preview":"max-video-preview:-1"},"canonical":"https:\/\/www.jeannedarc-figeac.fr\/college-lycee\/participation-au-rallye-des-metiers-du-btp\/","og_locale":"fr_FR","og_type":"article","og_title":"Participation au Rallye des m\u00e9tiers du BTP","og_description":"Dans le cadre de leur parcours Avenir, 20 \u00e9l\u00e8ves de 4\u00e8me et 5 de 3\u00e8me ont particip\u00e9 au Rallye des m\u00e9tiers du BTP, organis\u00e9 par la Chambre des M\u00e9tiers et","og_url":"https:\/\/www.jeannedarc-figeac.fr\/college-lycee\/participation-au-rallye-des-metiers-du-btp\/","og_site_name":"Coll\u00e8ge et Lyc\u00e9e Jeanne d&#039;Arc","article_published_time":"2023-10-27T10:10:54+00:00","article_modified_time":"2023-10-27T10:10:59+00:00","og_image":[{"url":"http:\/\/www.jeannedarc-figeac.fr\/college-lycee\/wp-content\/uploads\/sites\/5\/2023\/10\/1697727727669-300x169.jpeg","type":"","width":"","height":""}],"author":"le secr\u00e9tariat","schema":{"@context":"https:\/\/schema.org","@graph":[{"@type":"WebPage","@id":"https:\/\/www.jeannedarc-figeac.fr\/college-lycee\/participation-au-rallye-des-metiers-du-btp\/","url":"https:\/\/www.jeannedarc-figeac.fr\/college-lycee\/participation-au-rallye-des-metiers-du-btp\/","name":"Participation au Rallye des m\u00e9tiers du BTP","isPartOf":{"@id":"https:\/\/www.jeannedarc-figeac.fr\/college-lycee\/#website"},"primaryImageOfPage":{"@id":"https:\/\/www.jeannedarc-figeac.fr\/college-lycee\/participation-au-rallye-des-metiers-du-btp\/#primaryimage"},"image":{"@id":"https:\/\/www.jeannedarc-figeac.fr\/college-lycee\/participation-au-rallye-des-metiers-du-btp\/#primaryimage"},"thumbnailUrl":"http:\/\/www.jeannedarc-figeac.fr\/college-lycee\/wp-content\/uploads\/sites\/5\/2023\/10\/1697727727669-300x169.jpeg","datePublished":"2023-10-27T10:10:54+00:00","dateModified":"2023-10-27T10:10:59+00:00","author":{"@id":"https:\/\/www.jeannedarc-figeac.fr\/college-lycee\/#\/schema\/person\/29e5764f28e895dc8bf41d4468f99154"},"description":"Dans le cadre de leur parcours Avenir, 20 \u00e9l\u00e8ves de 4\u00e8me et 5 de 3\u00e8me ont particip\u00e9 au Rallye des m\u00e9tiers du BTP, organis\u00e9 par la Chambre des M\u00e9tiers et","breadcrumb":{"@id":"https:\/\/www.jeannedarc-figeac.fr\/college-lycee\/participation-au-rallye-des-metiers-du-btp\/#breadcrumb"},"inLanguage":"fr-FR","potentialAction":[{"@type":"ReadAction","target":["https:\/\/www.jeannedarc-figeac.fr\/college-lycee\/participation-au-rallye-des-metiers-du-btp\/"]}]},{"@type":"ImageObject","inLanguage":"fr-FR","@id":"https:\/\/www.jeannedarc-figeac.fr\/college-lycee\/participation-au-rallye-des-metiers-du-btp\/#primaryimage","url":"http:\/\/www.jeannedarc-figeac.fr\/college-lycee\/wp-content\/uploads\/sites\/5\/2023\/10\/1697727727669-300x169.jpeg","contentUrl":"http:\/\/www.jeannedarc-figeac.fr\/college-lycee\/wp-content\/uploads\/sites\/5\/2023\/10\/1697727727669-300x169.jpeg"},{"@type":"BreadcrumbList","@id":"https:\/\/www.jeannedarc-figeac.fr\/college-lycee\/participation-au-rallye-des-metiers-du-btp\/#breadcrumb","itemListElement":[{"@type":"ListItem","position":1,"name":"Accueil","item":"https:\/\/www.jeannedarc-figeac.fr\/college-lycee\/"},{"@type":"ListItem","position":2,"name":"Actus","item":"http:\/\/www.jeannedarc-figeac.fr\/college-lycee\/cat\/actus\/"},{"@type":"ListItem","position":3,"name":"Participation au Rallye des m\u00e9tiers du BTP"}]},{"@type":"WebSite","@id":"https:\/\/www.jeannedarc-figeac.fr\/college-lycee\/#website","url":"https:\/\/www.jeannedarc-figeac.fr\/college-lycee\/","name":"Coll\u00e8ge et Lyc\u00e9e Jeanne d&#039;Arc","description":"Jeanne d&#039;Arc Figeac","potentialAction":[{"@type":"SearchAction","target":{"@type":"EntryPoint","urlTemplate":"https:\/\/www.jeannedarc-figeac.fr\/college-lycee\/?s={search_term_string}"},"query-input":{"@type":"PropertyValueSpecification","valueRequired":true,"valueName":"search_term_string"}}],"inLanguage":"fr-FR"},{"@type":"Person","@id":"https:\/\/www.jeannedarc-figeac.fr\/college-lycee\/#\/schema\/person\/29e5764f28e895dc8bf41d4468f99154","name":"le secr\u00e9tariat","image":{"@type":"ImageObject","inLanguage":"fr-FR","@id":"https:\/\/www.jeannedarc-figeac.fr\/college-lycee\/#\/schema\/person\/image\/","url":"https:\/\/www.jeannedarc-figeac.fr\/college-lycee\/wp-content\/litespeed\/avatar\/5\/b7e8da60f53ba4adc9e9e66d91d84580.jpg?ver=1776943645","contentUrl":"https:\/\/www.jeannedarc-figeac.fr\/college-lycee\/wp-content\/litespeed\/avatar\/5\/b7e8da60f53ba4adc9e9e66d91d84580.jpg?ver=1776943645","caption":"le secr\u00e9tariat"},"url":"https:\/\/www.jeannedarc-figeac.fr\/college-lycee\/author\/arlette\/"}]}},"jetpack_featured_media_url":"","jetpack_sharing_enabled":true,"jetpack_shortlink":"https:\/\/wp.me\/p5Qyb6-1mn","_links":{"self":[{"href":"https:\/\/www.jeannedarc-figeac.fr\/college-lycee\/wp-json\/wp\/v2\/posts\/5231","targetHints":{"allow":["GET"]}}],"collection":[{"href":"https:\/\/www.jeannedarc-figeac.fr\/college-lycee\/wp-json\/wp\/v2\/posts"}],"about":[{"href":"https:\/\/www.jeannedarc-figeac.fr\/college-lycee\/wp-json\/wp\/v2\/types\/post"}],"author":[{"embeddable":true,"href":"https:\/\/www.jeannedarc-figeac.fr\/college-lycee\/wp-json\/wp\/v2\/users\/12"}],"replies":[{"embeddable":true,"href":"https:\/\/www.jeannedarc-figeac.fr\/college-lycee\/wp-json\/wp\/v2\/comments?post=5231"}],"version-history":[{"count":1,"href":"https:\/\/www.jeannedarc-figeac.fr\/college-lycee\/wp-json\/wp\/v2\/posts\/5231\/revisions"}],"predecessor-version":[{"id":5233,"href":"https:\/\/www.jeannedarc-figeac.fr\/college-lycee\/wp-json\/wp\/v2\/posts\/5231\/revisions\/5233"}],"wp:attachment":[{"href":"https:\/\/www.jeannedarc-figeac.fr\/college-lycee\/wp-json\/wp\/v2\/media?parent=5231"}],"wp:term":[{"taxonomy":"category","embeddable":true,"href":"https:\/\/www.jeannedarc-figeac.fr\/college-lycee\/wp-json\/wp\/v2\/categories?post=5231"},{"taxonomy":"post_tag","embeddable":true,"href":"https:\/\/www.jeannedarc-figeac.fr\/college-lycee\/wp-json\/wp\/v2\/tags?post=5231"}],"curies":[{"name":"wp","href":"https:\/\/api.w.org\/{rel}","templated":true}]}}