{"id":5223,"date":"2023-10-18T08:49:57","date_gmt":"2023-10-18T08:49:57","guid":{"rendered":"http:\/\/www.jeannedarc-figeac.fr\/college-lycee\/?p=5223"},"modified":"2023-10-18T08:50:04","modified_gmt":"2023-10-18T08:50:04","slug":"la-section-foot-de-jeanne-darc-se-sensibilise-au-harcelement-dans-le-sport","status":"publish","type":"post","link":"https:\/\/www.jeannedarc-figeac.fr\/college-lycee\/la-section-foot-de-jeanne-darc-se-sensibilise-au-harcelement-dans-le-sport\/","title":{"rendered":"La section foot de Jeanne d\u2019Arc se sensibilise au harc\u00e8lement dans le sport\u00a0!"},"content":{"rendered":"\n<p><\/p>\n\n\n\n<figure class=\"wp-block-image alignleft size-medium\"><a href=\"https:\/\/i0.wp.com\/www.jeannedarc-figeac.fr\/college-lycee\/wp-content\/uploads\/sites\/5\/2023\/10\/Intervention-harcelement-2023-scaled.jpg\"><img data-recalc-dims=\"1\" loading=\"lazy\" decoding=\"async\" width=\"300\" height=\"225\" src=\"https:\/\/i0.wp.com\/www.jeannedarc-figeac.fr\/college-lycee\/wp-content\/uploads\/sites\/5\/2023\/10\/Intervention-harcelement-2023.jpg?resize=300%2C225\" alt=\"\" class=\"wp-image-5224\" \/><\/a><\/figure>\n\n\n\n<p>La pr\u00e9vention contre le <em>harc\u00e8lement<\/em> entre \u00e9l\u00e8ves est l&rsquo;une des priorit\u00e9s du minist\u00e8re de l&rsquo;<em>Education Nationale<\/em> et de la Jeunesse. Engag\u00e9e dans la lutte contre les incivilit\u00e9s dans le sport La Ligue d\u2019Occitanie souhaite sensibiliser les sportifs \u2013jeunes et moins jeunes- aux d\u00e9rives du sport et plus particuli\u00e8rement aux comportements de harc\u00e8lement. C\u2019est dans ce cadre l\u00e0 que Sylvain Fiorentino (conseiller technique r\u00e9gional \u00e0 la Ligue), Amandine Devoyon (assistante technique \u00e0 la Ligue Occitanie) et Fabien Vidal (conseiller technique du district du Lot) ont anim\u00e9 jeudi 5 octobre un atelier d\u2019information et de sensibilisation \u00e0 l\u2019intention des 52 jeunes de la Section Foot du Coll\u00e8ge Jeanne d\u2019Arc. La rencontre s\u2019est d\u00e9roul\u00e9e en trois temps\u00a0: Une pr\u00e9sentation des diff\u00e9rentes formes de harc\u00e8lement et un rappel de la diff\u00e9rence entre conflit et harc\u00e8lement.\u00a0 Puis, le visionnage d\u2019un court m\u00e9trage \u00e0 vis\u00e9e p\u00e9dagogique d\u2019une vingtaine de minutes illustrant \u00e0 travers la journ\u00e9e d\u2019un jeune sportif les sujets de harc\u00e8lements tels que le racisme, la x\u00e9nophobie, l\u2019homophobie, le cyberharc\u00e8lement via les r\u00e9seaux sociaux et les violences verbales dans\u00a0 le sport. Les coll\u00e9giens, leurs \u00e9ducateurs sportifs et le responsable de la Section Foot, Patrick Gauthier ont ensuite partag\u00e9 leurs points de vue sur les situations \u00e9voqu\u00e9es \u00e0 travers des \u00e9changes et des jeux de r\u00f4le tr\u00e8s instructifs qui ont fait ressortir l\u2019importance du r\u00f4le des t\u00e9moins dans la triangulaire harceleur\/harcel\u00e9\/t\u00e9moin(s). Enfin, Sylvain Fiorentino a \u00e9galement rappel\u00e9 les sanctions pr\u00e9vues en cas de harc\u00e8lement av\u00e9r\u00e9s et rappel\u00e9 les dispositifs et num\u00e9ros d\u2019aide disponibles et gratuits. Une initiative \u00e0 renouveler afin que le football soit un jeu ouvert \u00e0 tous et qui se pratique dans les valeurs de respect des personnes et de tol\u00e9rance\u00a0!<\/p>\n","protected":false},"excerpt":{"rendered":"<p>La pr\u00e9vention contre le harc\u00e8lement entre \u00e9l\u00e8ves est l&rsquo;une des priorit\u00e9s du minist\u00e8re de l&rsquo;Education Nationale et de la Jeunesse. Engag\u00e9e dans la lutte contre les incivilit\u00e9s dans le sport La Ligue d\u2019Occitanie souhaite sensibiliser les sportifs \u2013jeunes et moins jeunes- aux d\u00e9rives du sport et plus particuli\u00e8rement aux comportements de harc\u00e8lement. C\u2019est dans ce [&hellip;]<\/p>\n","protected":false},"author":12,"featured_media":0,"comment_status":"closed","ping_status":"open","sticky":false,"template":"","format":"standard","meta":{"_et_pb_use_builder":"off","_et_pb_old_content":"","_et_gb_content_width":"","_jetpack_newsletter_access":"","_jetpack_dont_email_post_to_subs":false,"_jetpack_newsletter_tier_id":0,"_jetpack_memberships_contains_paywalled_content":false,"iawp_total_views":0,"_jetpack_memberships_contains_paid_content":false,"footnotes":""},"categories":[28],"tags":[],"class_list":["post-5223","post","type-post","status-publish","format-standard","hentry","category-actus"],"yoast_head":"<!-- This site is optimized with the Yoast SEO plugin v26.0 - https:\/\/yoast.com\/wordpress\/plugins\/seo\/ -->\n<title>La section foot de Jeanne d\u2019Arc se sensibilise au harc\u00e8lement dans le sport\u00a0!<\/title>\n<meta name=\"description\" content=\"La pr\u00e9vention contre le harc\u00e8lement entre \u00e9l\u00e8ves est l&#039;une des priorit\u00e9s du minist\u00e8re de l&#039;Education Nationale et de la Jeunesse. Engag\u00e9e dans la lutte\" \/>\n<meta name=\"robots\" content=\"index, follow, max-snippet:-1, max-image-preview:large, max-video-preview:-1\" \/>\n<link rel=\"canonical\" href=\"https:\/\/www.jeannedarc-figeac.fr\/college-lycee\/la-section-foot-de-jeanne-darc-se-sensibilise-au-harcelement-dans-le-sport\/\" \/>\n<meta property=\"og:locale\" content=\"fr_FR\" \/>\n<meta property=\"og:type\" content=\"article\" \/>\n<meta property=\"og:title\" content=\"La section foot de Jeanne d\u2019Arc se sensibilise au harc\u00e8lement dans le sport\u00a0!\" \/>\n<meta property=\"og:description\" content=\"La pr\u00e9vention contre le harc\u00e8lement entre \u00e9l\u00e8ves est l&#039;une des priorit\u00e9s du minist\u00e8re de l&#039;Education Nationale et de la Jeunesse. Engag\u00e9e dans la lutte\" \/>\n<meta property=\"og:url\" content=\"https:\/\/www.jeannedarc-figeac.fr\/college-lycee\/la-section-foot-de-jeanne-darc-se-sensibilise-au-harcelement-dans-le-sport\/\" \/>\n<meta property=\"og:site_name\" content=\"Coll\u00e8ge et Lyc\u00e9e Jeanne d&#039;Arc\" \/>\n<meta property=\"article:published_time\" content=\"2023-10-18T08:49:57+00:00\" \/>\n<meta property=\"article:modified_time\" content=\"2023-10-18T08:50:04+00:00\" \/>\n<meta property=\"og:image\" content=\"http:\/\/www.jeannedarc-figeac.fr\/college-lycee\/wp-content\/uploads\/sites\/5\/2023\/10\/Intervention-harcelement-2023-300x225.jpg\" \/>\n<meta name=\"author\" content=\"le secr\u00e9tariat\" \/>\n<script type=\"application\/ld+json\" class=\"yoast-schema-graph\">{\"@context\":\"https:\/\/schema.org\",\"@graph\":[{\"@type\":\"WebPage\",\"@id\":\"https:\/\/www.jeannedarc-figeac.fr\/college-lycee\/la-section-foot-de-jeanne-darc-se-sensibilise-au-harcelement-dans-le-sport\/\",\"url\":\"https:\/\/www.jeannedarc-figeac.fr\/college-lycee\/la-section-foot-de-jeanne-darc-se-sensibilise-au-harcelement-dans-le-sport\/\",\"name\":\"La section foot de Jeanne d\u2019Arc se sensibilise au harc\u00e8lement dans le sport\u00a0!\",\"isPartOf\":{\"@id\":\"https:\/\/www.jeannedarc-figeac.fr\/college-lycee\/#website\"},\"primaryImageOfPage\":{\"@id\":\"https:\/\/www.jeannedarc-figeac.fr\/college-lycee\/la-section-foot-de-jeanne-darc-se-sensibilise-au-harcelement-dans-le-sport\/#primaryimage\"},\"image\":{\"@id\":\"https:\/\/www.jeannedarc-figeac.fr\/college-lycee\/la-section-foot-de-jeanne-darc-se-sensibilise-au-harcelement-dans-le-sport\/#primaryimage\"},\"thumbnailUrl\":\"http:\/\/www.jeannedarc-figeac.fr\/college-lycee\/wp-content\/uploads\/sites\/5\/2023\/10\/Intervention-harcelement-2023-300x225.jpg\",\"datePublished\":\"2023-10-18T08:49:57+00:00\",\"dateModified\":\"2023-10-18T08:50:04+00:00\",\"author\":{\"@id\":\"https:\/\/www.jeannedarc-figeac.fr\/college-lycee\/#\/schema\/person\/29e5764f28e895dc8bf41d4468f99154\"},\"description\":\"La pr\u00e9vention contre le harc\u00e8lement entre \u00e9l\u00e8ves est l'une des priorit\u00e9s du minist\u00e8re de l'Education Nationale et de la Jeunesse. Engag\u00e9e dans la lutte\",\"breadcrumb\":{\"@id\":\"https:\/\/www.jeannedarc-figeac.fr\/college-lycee\/la-section-foot-de-jeanne-darc-se-sensibilise-au-harcelement-dans-le-sport\/#breadcrumb\"},\"inLanguage\":\"fr-FR\",\"potentialAction\":[{\"@type\":\"ReadAction\",\"target\":[\"https:\/\/www.jeannedarc-figeac.fr\/college-lycee\/la-section-foot-de-jeanne-darc-se-sensibilise-au-harcelement-dans-le-sport\/\"]}]},{\"@type\":\"ImageObject\",\"inLanguage\":\"fr-FR\",\"@id\":\"https:\/\/www.jeannedarc-figeac.fr\/college-lycee\/la-section-foot-de-jeanne-darc-se-sensibilise-au-harcelement-dans-le-sport\/#primaryimage\",\"url\":\"https:\/\/i0.wp.com\/www.jeannedarc-figeac.fr\/college-lycee\/wp-content\/uploads\/sites\/5\/2023\/10\/Intervention-harcelement-2023-scaled.jpg?fit=2880%2C2160&ssl=1\",\"contentUrl\":\"https:\/\/i0.wp.com\/www.jeannedarc-figeac.fr\/college-lycee\/wp-content\/uploads\/sites\/5\/2023\/10\/Intervention-harcelement-2023-scaled.jpg?fit=2880%2C2160&ssl=1\",\"width\":2880,\"height\":2160},{\"@type\":\"BreadcrumbList\",\"@id\":\"https:\/\/www.jeannedarc-figeac.fr\/college-lycee\/la-section-foot-de-jeanne-darc-se-sensibilise-au-harcelement-dans-le-sport\/#breadcrumb\",\"itemListElement\":[{\"@type\":\"ListItem\",\"position\":1,\"name\":\"Accueil\",\"item\":\"https:\/\/www.jeannedarc-figeac.fr\/college-lycee\/\"},{\"@type\":\"ListItem\",\"position\":2,\"name\":\"Actus\",\"item\":\"http:\/\/www.jeannedarc-figeac.fr\/college-lycee\/cat\/actus\/\"},{\"@type\":\"ListItem\",\"position\":3,\"name\":\"La section foot de Jeanne d\u2019Arc se sensibilise au harc\u00e8lement dans le sport\u00a0!\"}]},{\"@type\":\"WebSite\",\"@id\":\"https:\/\/www.jeannedarc-figeac.fr\/college-lycee\/#website\",\"url\":\"https:\/\/www.jeannedarc-figeac.fr\/college-lycee\/\",\"name\":\"Coll\u00e8ge et Lyc\u00e9e Jeanne d&#039;Arc\",\"description\":\"Jeanne d&#039;Arc Figeac\",\"potentialAction\":[{\"@type\":\"SearchAction\",\"target\":{\"@type\":\"EntryPoint\",\"urlTemplate\":\"https:\/\/www.jeannedarc-figeac.fr\/college-lycee\/?s={search_term_string}\"},\"query-input\":{\"@type\":\"PropertyValueSpecification\",\"valueRequired\":true,\"valueName\":\"search_term_string\"}}],\"inLanguage\":\"fr-FR\"},{\"@type\":\"Person\",\"@id\":\"https:\/\/www.jeannedarc-figeac.fr\/college-lycee\/#\/schema\/person\/29e5764f28e895dc8bf41d4468f99154\",\"name\":\"le secr\u00e9tariat\",\"image\":{\"@type\":\"ImageObject\",\"inLanguage\":\"fr-FR\",\"@id\":\"https:\/\/www.jeannedarc-figeac.fr\/college-lycee\/#\/schema\/person\/image\/\",\"url\":\"https:\/\/www.jeannedarc-figeac.fr\/college-lycee\/wp-content\/litespeed\/avatar\/5\/b7e8da60f53ba4adc9e9e66d91d84580.jpg?ver=1777548714\",\"contentUrl\":\"https:\/\/www.jeannedarc-figeac.fr\/college-lycee\/wp-content\/litespeed\/avatar\/5\/b7e8da60f53ba4adc9e9e66d91d84580.jpg?ver=1777548714\",\"caption\":\"le secr\u00e9tariat\"},\"url\":\"https:\/\/www.jeannedarc-figeac.fr\/college-lycee\/author\/arlette\/\"}]}<\/script>\n<!-- \/ Yoast SEO plugin. -->","yoast_head_json":{"title":"La section foot de Jeanne d\u2019Arc se sensibilise au harc\u00e8lement dans le sport\u00a0!","description":"La pr\u00e9vention contre le harc\u00e8lement entre \u00e9l\u00e8ves est l'une des priorit\u00e9s du minist\u00e8re de l'Education Nationale et de la Jeunesse. Engag\u00e9e dans la lutte","robots":{"index":"index","follow":"follow","max-snippet":"max-snippet:-1","max-image-preview":"max-image-preview:large","max-video-preview":"max-video-preview:-1"},"canonical":"https:\/\/www.jeannedarc-figeac.fr\/college-lycee\/la-section-foot-de-jeanne-darc-se-sensibilise-au-harcelement-dans-le-sport\/","og_locale":"fr_FR","og_type":"article","og_title":"La section foot de Jeanne d\u2019Arc se sensibilise au harc\u00e8lement dans le sport\u00a0!","og_description":"La pr\u00e9vention contre le harc\u00e8lement entre \u00e9l\u00e8ves est l'une des priorit\u00e9s du minist\u00e8re de l'Education Nationale et de la Jeunesse. Engag\u00e9e dans la lutte","og_url":"https:\/\/www.jeannedarc-figeac.fr\/college-lycee\/la-section-foot-de-jeanne-darc-se-sensibilise-au-harcelement-dans-le-sport\/","og_site_name":"Coll\u00e8ge et Lyc\u00e9e Jeanne d&#039;Arc","article_published_time":"2023-10-18T08:49:57+00:00","article_modified_time":"2023-10-18T08:50:04+00:00","og_image":[{"url":"http:\/\/www.jeannedarc-figeac.fr\/college-lycee\/wp-content\/uploads\/sites\/5\/2023\/10\/Intervention-harcelement-2023-300x225.jpg","type":"","width":"","height":""}],"author":"le secr\u00e9tariat","schema":{"@context":"https:\/\/schema.org","@graph":[{"@type":"WebPage","@id":"https:\/\/www.jeannedarc-figeac.fr\/college-lycee\/la-section-foot-de-jeanne-darc-se-sensibilise-au-harcelement-dans-le-sport\/","url":"https:\/\/www.jeannedarc-figeac.fr\/college-lycee\/la-section-foot-de-jeanne-darc-se-sensibilise-au-harcelement-dans-le-sport\/","name":"La section foot de Jeanne d\u2019Arc se sensibilise au harc\u00e8lement dans le sport\u00a0!","isPartOf":{"@id":"https:\/\/www.jeannedarc-figeac.fr\/college-lycee\/#website"},"primaryImageOfPage":{"@id":"https:\/\/www.jeannedarc-figeac.fr\/college-lycee\/la-section-foot-de-jeanne-darc-se-sensibilise-au-harcelement-dans-le-sport\/#primaryimage"},"image":{"@id":"https:\/\/www.jeannedarc-figeac.fr\/college-lycee\/la-section-foot-de-jeanne-darc-se-sensibilise-au-harcelement-dans-le-sport\/#primaryimage"},"thumbnailUrl":"http:\/\/www.jeannedarc-figeac.fr\/college-lycee\/wp-content\/uploads\/sites\/5\/2023\/10\/Intervention-harcelement-2023-300x225.jpg","datePublished":"2023-10-18T08:49:57+00:00","dateModified":"2023-10-18T08:50:04+00:00","author":{"@id":"https:\/\/www.jeannedarc-figeac.fr\/college-lycee\/#\/schema\/person\/29e5764f28e895dc8bf41d4468f99154"},"description":"La pr\u00e9vention contre le harc\u00e8lement entre \u00e9l\u00e8ves est l'une des priorit\u00e9s du minist\u00e8re de l'Education Nationale et de la Jeunesse. Engag\u00e9e dans la lutte","breadcrumb":{"@id":"https:\/\/www.jeannedarc-figeac.fr\/college-lycee\/la-section-foot-de-jeanne-darc-se-sensibilise-au-harcelement-dans-le-sport\/#breadcrumb"},"inLanguage":"fr-FR","potentialAction":[{"@type":"ReadAction","target":["https:\/\/www.jeannedarc-figeac.fr\/college-lycee\/la-section-foot-de-jeanne-darc-se-sensibilise-au-harcelement-dans-le-sport\/"]}]},{"@type":"ImageObject","inLanguage":"fr-FR","@id":"https:\/\/www.jeannedarc-figeac.fr\/college-lycee\/la-section-foot-de-jeanne-darc-se-sensibilise-au-harcelement-dans-le-sport\/#primaryimage","url":"https:\/\/i0.wp.com\/www.jeannedarc-figeac.fr\/college-lycee\/wp-content\/uploads\/sites\/5\/2023\/10\/Intervention-harcelement-2023-scaled.jpg?fit=2880%2C2160&ssl=1","contentUrl":"https:\/\/i0.wp.com\/www.jeannedarc-figeac.fr\/college-lycee\/wp-content\/uploads\/sites\/5\/2023\/10\/Intervention-harcelement-2023-scaled.jpg?fit=2880%2C2160&ssl=1","width":2880,"height":2160},{"@type":"BreadcrumbList","@id":"https:\/\/www.jeannedarc-figeac.fr\/college-lycee\/la-section-foot-de-jeanne-darc-se-sensibilise-au-harcelement-dans-le-sport\/#breadcrumb","itemListElement":[{"@type":"ListItem","position":1,"name":"Accueil","item":"https:\/\/www.jeannedarc-figeac.fr\/college-lycee\/"},{"@type":"ListItem","position":2,"name":"Actus","item":"http:\/\/www.jeannedarc-figeac.fr\/college-lycee\/cat\/actus\/"},{"@type":"ListItem","position":3,"name":"La section foot de Jeanne d\u2019Arc se sensibilise au harc\u00e8lement dans le sport\u00a0!"}]},{"@type":"WebSite","@id":"https:\/\/www.jeannedarc-figeac.fr\/college-lycee\/#website","url":"https:\/\/www.jeannedarc-figeac.fr\/college-lycee\/","name":"Coll\u00e8ge et Lyc\u00e9e Jeanne d&#039;Arc","description":"Jeanne d&#039;Arc Figeac","potentialAction":[{"@type":"SearchAction","target":{"@type":"EntryPoint","urlTemplate":"https:\/\/www.jeannedarc-figeac.fr\/college-lycee\/?s={search_term_string}"},"query-input":{"@type":"PropertyValueSpecification","valueRequired":true,"valueName":"search_term_string"}}],"inLanguage":"fr-FR"},{"@type":"Person","@id":"https:\/\/www.jeannedarc-figeac.fr\/college-lycee\/#\/schema\/person\/29e5764f28e895dc8bf41d4468f99154","name":"le secr\u00e9tariat","image":{"@type":"ImageObject","inLanguage":"fr-FR","@id":"https:\/\/www.jeannedarc-figeac.fr\/college-lycee\/#\/schema\/person\/image\/","url":"https:\/\/www.jeannedarc-figeac.fr\/college-lycee\/wp-content\/litespeed\/avatar\/5\/b7e8da60f53ba4adc9e9e66d91d84580.jpg?ver=1777548714","contentUrl":"https:\/\/www.jeannedarc-figeac.fr\/college-lycee\/wp-content\/litespeed\/avatar\/5\/b7e8da60f53ba4adc9e9e66d91d84580.jpg?ver=1777548714","caption":"le secr\u00e9tariat"},"url":"https:\/\/www.jeannedarc-figeac.fr\/college-lycee\/author\/arlette\/"}]}},"jetpack_featured_media_url":"","jetpack_sharing_enabled":true,"jetpack_shortlink":"https:\/\/wp.me\/p5Qyb6-1mf","_links":{"self":[{"href":"https:\/\/www.jeannedarc-figeac.fr\/college-lycee\/wp-json\/wp\/v2\/posts\/5223","targetHints":{"allow":["GET"]}}],"collection":[{"href":"https:\/\/www.jeannedarc-figeac.fr\/college-lycee\/wp-json\/wp\/v2\/posts"}],"about":[{"href":"https:\/\/www.jeannedarc-figeac.fr\/college-lycee\/wp-json\/wp\/v2\/types\/post"}],"author":[{"embeddable":true,"href":"https:\/\/www.jeannedarc-figeac.fr\/college-lycee\/wp-json\/wp\/v2\/users\/12"}],"replies":[{"embeddable":true,"href":"https:\/\/www.jeannedarc-figeac.fr\/college-lycee\/wp-json\/wp\/v2\/comments?post=5223"}],"version-history":[{"count":1,"href":"https:\/\/www.jeannedarc-figeac.fr\/college-lycee\/wp-json\/wp\/v2\/posts\/5223\/revisions"}],"predecessor-version":[{"id":5225,"href":"https:\/\/www.jeannedarc-figeac.fr\/college-lycee\/wp-json\/wp\/v2\/posts\/5223\/revisions\/5225"}],"wp:attachment":[{"href":"https:\/\/www.jeannedarc-figeac.fr\/college-lycee\/wp-json\/wp\/v2\/media?parent=5223"}],"wp:term":[{"taxonomy":"category","embeddable":true,"href":"https:\/\/www.jeannedarc-figeac.fr\/college-lycee\/wp-json\/wp\/v2\/categories?post=5223"},{"taxonomy":"post_tag","embeddable":true,"href":"https:\/\/www.jeannedarc-figeac.fr\/college-lycee\/wp-json\/wp\/v2\/tags?post=5223"}],"curies":[{"name":"wp","href":"https:\/\/api.w.org\/{rel}","templated":true}]}}