{"id":4876,"date":"2023-01-24T10:14:56","date_gmt":"2023-01-24T10:14:56","guid":{"rendered":"http:\/\/www.jeannedarc-figeac.fr\/college-lycee\/?p=4876"},"modified":"2023-01-24T10:20:16","modified_gmt":"2023-01-24T10:20:16","slug":"une-pluie-de-podiums-lors-du-cross-departemental-unss","status":"publish","type":"post","link":"https:\/\/www.jeannedarc-figeac.fr\/college-lycee\/une-pluie-de-podiums-lors-du-cross-departemental-unss\/","title":{"rendered":"Une pluie de podiums lors du Cross d\u00e9partemental UNSS"},"content":{"rendered":"<p>CHAMPION DEPARTEMENTAL CATEGORIE BENJAMINS MIXTES<\/p>\n<p>CHAMPION DEPARTEMENTAL CATEGORIE LYCEE EXCELLENCE<\/p>\n<p><a href=\"https:\/\/i0.wp.com\/www.jeannedarc-figeac.fr\/college-lycee\/wp-content\/uploads\/sites\/5\/2023\/01\/IMG_20221123_213455_1170X1200-rotated.jpg\"><img data-recalc-dims=\"1\" loading=\"lazy\" decoding=\"async\" class=\"size-medium wp-image-4877\" src=\"https:\/\/i0.wp.com\/www.jeannedarc-figeac.fr\/college-lycee\/wp-content\/uploads\/sites\/5\/2023\/01\/IMG_20221123_213455_1170X1200.jpg?resize=293%2C300\" alt=\"\" width=\"293\" height=\"300\" \/><\/a><\/p>\n<p><a href=\"https:\/\/i0.wp.com\/www.jeannedarc-figeac.fr\/college-lycee\/wp-content\/uploads\/sites\/5\/2023\/01\/IMG_20221123_213539_1104X1200-rotated.jpg\"><img data-recalc-dims=\"1\" loading=\"lazy\" decoding=\"async\" class=\"size-medium wp-image-4878\" src=\"https:\/\/i0.wp.com\/www.jeannedarc-figeac.fr\/college-lycee\/wp-content\/uploads\/sites\/5\/2023\/01\/IMG_20221123_213539_1104X1200.jpg?resize=276%2C300\" alt=\"\" width=\"276\" height=\"300\" \/><\/a><\/p>\n<p>Lors du cross d\u00e9partemental UNSS qui se tenait \u00e0 Cahors , rassemblant plus de 500 jeunes des \u00e9tablissements scolaires du Lot (406 coll\u00e9giens et 132 lyc\u00e9ens), <b>32 de nos \u00e9l\u00e8ves <\/b>\u00e9taient pr\u00e9sents pour repr\u00e9senter l&rsquo;ensemble scolaire Jeanne d&rsquo;Arc, malgr\u00e9 une m\u00e9t\u00e9o pluvieuse, qui a d\u00e8s le d\u00e9but de l&rsquo;apr\u00e8s-midi marqu\u00e9 la belle course de notre seule minime fille Lily-Rose Henneguelle. Cela n&rsquo;a pour autant pas d\u00e9motiv\u00e9 nos \u00e9l\u00e8ves, qui ont enchain\u00e9 les excellentes performances durant toute la comp\u00e9tition. En effet, \u00e0 l&rsquo;aide d&rsquo;une attitude exemplaire et d&rsquo;une combativit\u00e9 sans faille, ce sont bien <b>7 podiums individuels<\/b>,\u00a0et <b>2\u00a0titres de champions d\u00e9partementaux par \u00e9quipe<\/b> qu&rsquo;ont ramen\u00e9 nos \u00ab\u00a0oranges\u00a0\u00bb \u00e0 Figeac<\/p>\n<p>&nbsp;<\/p>\n","protected":false},"excerpt":{"rendered":"<p>CHAMPION DEPARTEMENTAL CATEGORIE BENJAMINS MIXTES CHAMPION DEPARTEMENTAL CATEGORIE LYCEE EXCELLENCE Lors du cross d\u00e9partemental UNSS qui se tenait \u00e0 Cahors , rassemblant plus de 500 jeunes des \u00e9tablissements scolaires du Lot (406 coll\u00e9giens et 132 lyc\u00e9ens), 32 de nos \u00e9l\u00e8ves \u00e9taient pr\u00e9sents pour repr\u00e9senter l&rsquo;ensemble scolaire Jeanne d&rsquo;Arc, malgr\u00e9 une m\u00e9t\u00e9o pluvieuse, qui a d\u00e8s [&hellip;]<\/p>\n","protected":false},"author":12,"featured_media":0,"comment_status":"closed","ping_status":"open","sticky":false,"template":"","format":"standard","meta":{"_et_pb_use_builder":"","_et_pb_old_content":"","_et_gb_content_width":"","_jetpack_newsletter_access":"","_jetpack_dont_email_post_to_subs":false,"_jetpack_newsletter_tier_id":0,"_jetpack_memberships_contains_paywalled_content":false,"iawp_total_views":0,"_jetpack_memberships_contains_paid_content":false,"footnotes":""},"categories":[28],"tags":[],"class_list":["post-4876","post","type-post","status-publish","format-standard","hentry","category-actus"],"yoast_head":"<!-- This site is optimized with the Yoast SEO plugin v26.0 - https:\/\/yoast.com\/wordpress\/plugins\/seo\/ -->\n<title>Une pluie de podiums lors du Cross d\u00e9partemental UNSS<\/title>\n<meta name=\"description\" content=\"CHAMPION DEPARTEMENTAL CATEGORIE BENJAMINS MIXTES CHAMPION DEPARTEMENTAL CATEGORIE LYCEE EXCELLENCE Lors du cross d\u00e9partemental UNSS qui se tenait \u00e0\" \/>\n<meta name=\"robots\" content=\"index, follow, max-snippet:-1, max-image-preview:large, max-video-preview:-1\" \/>\n<link rel=\"canonical\" href=\"http:\/\/www.jeannedarc-figeac.fr\/college-lycee\/une-pluie-de-podiums-lors-du-cross-departemental-unss\/\" \/>\n<meta property=\"og:locale\" content=\"fr_FR\" \/>\n<meta property=\"og:type\" content=\"article\" \/>\n<meta property=\"og:title\" content=\"Une pluie de podiums lors du Cross d\u00e9partemental UNSS\" \/>\n<meta property=\"og:description\" content=\"CHAMPION DEPARTEMENTAL CATEGORIE BENJAMINS MIXTES CHAMPION DEPARTEMENTAL CATEGORIE LYCEE EXCELLENCE Lors du cross d\u00e9partemental UNSS qui se tenait \u00e0\" \/>\n<meta property=\"og:url\" content=\"http:\/\/www.jeannedarc-figeac.fr\/college-lycee\/une-pluie-de-podiums-lors-du-cross-departemental-unss\/\" \/>\n<meta property=\"og:site_name\" content=\"Coll\u00e8ge et Lyc\u00e9e Jeanne d&#039;Arc\" \/>\n<meta property=\"article:published_time\" content=\"2023-01-24T10:14:56+00:00\" \/>\n<meta property=\"article:modified_time\" content=\"2023-01-24T10:20:16+00:00\" \/>\n<meta property=\"og:image\" content=\"http:\/\/www.jeannedarc-figeac.fr\/college-lycee\/wp-content\/uploads\/sites\/5\/2023\/01\/IMG_20221123_213455_1170X1200-293x300.jpg\" \/>\n<meta name=\"author\" content=\"le secr\u00e9tariat\" \/>\n<script type=\"application\/ld+json\" class=\"yoast-schema-graph\">{\"@context\":\"https:\/\/schema.org\",\"@graph\":[{\"@type\":\"WebPage\",\"@id\":\"http:\/\/www.jeannedarc-figeac.fr\/college-lycee\/une-pluie-de-podiums-lors-du-cross-departemental-unss\/\",\"url\":\"http:\/\/www.jeannedarc-figeac.fr\/college-lycee\/une-pluie-de-podiums-lors-du-cross-departemental-unss\/\",\"name\":\"Une pluie de podiums lors du Cross d\u00e9partemental UNSS\",\"isPartOf\":{\"@id\":\"https:\/\/www.jeannedarc-figeac.fr\/college-lycee\/#website\"},\"primaryImageOfPage\":{\"@id\":\"http:\/\/www.jeannedarc-figeac.fr\/college-lycee\/une-pluie-de-podiums-lors-du-cross-departemental-unss\/#primaryimage\"},\"image\":{\"@id\":\"http:\/\/www.jeannedarc-figeac.fr\/college-lycee\/une-pluie-de-podiums-lors-du-cross-departemental-unss\/#primaryimage\"},\"thumbnailUrl\":\"http:\/\/www.jeannedarc-figeac.fr\/college-lycee\/wp-content\/uploads\/sites\/5\/2023\/01\/IMG_20221123_213455_1170X1200-293x300.jpg\",\"datePublished\":\"2023-01-24T10:14:56+00:00\",\"dateModified\":\"2023-01-24T10:20:16+00:00\",\"author\":{\"@id\":\"https:\/\/www.jeannedarc-figeac.fr\/college-lycee\/#\/schema\/person\/29e5764f28e895dc8bf41d4468f99154\"},\"description\":\"CHAMPION DEPARTEMENTAL CATEGORIE BENJAMINS MIXTES CHAMPION DEPARTEMENTAL CATEGORIE LYCEE EXCELLENCE Lors du cross d\u00e9partemental UNSS qui se tenait \u00e0\",\"breadcrumb\":{\"@id\":\"http:\/\/www.jeannedarc-figeac.fr\/college-lycee\/une-pluie-de-podiums-lors-du-cross-departemental-unss\/#breadcrumb\"},\"inLanguage\":\"fr-FR\",\"potentialAction\":[{\"@type\":\"ReadAction\",\"target\":[\"http:\/\/www.jeannedarc-figeac.fr\/college-lycee\/une-pluie-de-podiums-lors-du-cross-departemental-unss\/\"]}]},{\"@type\":\"ImageObject\",\"inLanguage\":\"fr-FR\",\"@id\":\"http:\/\/www.jeannedarc-figeac.fr\/college-lycee\/une-pluie-de-podiums-lors-du-cross-departemental-unss\/#primaryimage\",\"url\":\"http:\/\/www.jeannedarc-figeac.fr\/college-lycee\/wp-content\/uploads\/sites\/5\/2023\/01\/IMG_20221123_213455_1170X1200-293x300.jpg\",\"contentUrl\":\"http:\/\/www.jeannedarc-figeac.fr\/college-lycee\/wp-content\/uploads\/sites\/5\/2023\/01\/IMG_20221123_213455_1170X1200-293x300.jpg\"},{\"@type\":\"BreadcrumbList\",\"@id\":\"http:\/\/www.jeannedarc-figeac.fr\/college-lycee\/une-pluie-de-podiums-lors-du-cross-departemental-unss\/#breadcrumb\",\"itemListElement\":[{\"@type\":\"ListItem\",\"position\":1,\"name\":\"Accueil\",\"item\":\"https:\/\/www.jeannedarc-figeac.fr\/college-lycee\/\"},{\"@type\":\"ListItem\",\"position\":2,\"name\":\"Actus\",\"item\":\"http:\/\/www.jeannedarc-figeac.fr\/college-lycee\/cat\/actus\/\"},{\"@type\":\"ListItem\",\"position\":3,\"name\":\"Une pluie de podiums lors du Cross d\u00e9partemental UNSS\"}]},{\"@type\":\"WebSite\",\"@id\":\"https:\/\/www.jeannedarc-figeac.fr\/college-lycee\/#website\",\"url\":\"https:\/\/www.jeannedarc-figeac.fr\/college-lycee\/\",\"name\":\"Coll\u00e8ge et Lyc\u00e9e Jeanne d&#039;Arc\",\"description\":\"Jeanne d&#039;Arc Figeac\",\"potentialAction\":[{\"@type\":\"SearchAction\",\"target\":{\"@type\":\"EntryPoint\",\"urlTemplate\":\"https:\/\/www.jeannedarc-figeac.fr\/college-lycee\/?s={search_term_string}\"},\"query-input\":{\"@type\":\"PropertyValueSpecification\",\"valueRequired\":true,\"valueName\":\"search_term_string\"}}],\"inLanguage\":\"fr-FR\"},{\"@type\":\"Person\",\"@id\":\"https:\/\/www.jeannedarc-figeac.fr\/college-lycee\/#\/schema\/person\/29e5764f28e895dc8bf41d4468f99154\",\"name\":\"le secr\u00e9tariat\",\"image\":{\"@type\":\"ImageObject\",\"inLanguage\":\"fr-FR\",\"@id\":\"https:\/\/www.jeannedarc-figeac.fr\/college-lycee\/#\/schema\/person\/image\/\",\"url\":\"https:\/\/www.jeannedarc-figeac.fr\/college-lycee\/wp-content\/litespeed\/avatar\/5\/b7e8da60f53ba4adc9e9e66d91d84580.jpg?ver=1776943645\",\"contentUrl\":\"https:\/\/www.jeannedarc-figeac.fr\/college-lycee\/wp-content\/litespeed\/avatar\/5\/b7e8da60f53ba4adc9e9e66d91d84580.jpg?ver=1776943645\",\"caption\":\"le secr\u00e9tariat\"},\"url\":\"https:\/\/www.jeannedarc-figeac.fr\/college-lycee\/author\/arlette\/\"}]}<\/script>\n<!-- \/ Yoast SEO plugin. -->","yoast_head_json":{"title":"Une pluie de podiums lors du Cross d\u00e9partemental UNSS","description":"CHAMPION DEPARTEMENTAL CATEGORIE BENJAMINS MIXTES CHAMPION DEPARTEMENTAL CATEGORIE LYCEE EXCELLENCE Lors du cross d\u00e9partemental UNSS qui se tenait \u00e0","robots":{"index":"index","follow":"follow","max-snippet":"max-snippet:-1","max-image-preview":"max-image-preview:large","max-video-preview":"max-video-preview:-1"},"canonical":"http:\/\/www.jeannedarc-figeac.fr\/college-lycee\/une-pluie-de-podiums-lors-du-cross-departemental-unss\/","og_locale":"fr_FR","og_type":"article","og_title":"Une pluie de podiums lors du Cross d\u00e9partemental UNSS","og_description":"CHAMPION DEPARTEMENTAL CATEGORIE BENJAMINS MIXTES CHAMPION DEPARTEMENTAL CATEGORIE LYCEE EXCELLENCE Lors du cross d\u00e9partemental UNSS qui se tenait \u00e0","og_url":"http:\/\/www.jeannedarc-figeac.fr\/college-lycee\/une-pluie-de-podiums-lors-du-cross-departemental-unss\/","og_site_name":"Coll\u00e8ge et Lyc\u00e9e Jeanne d&#039;Arc","article_published_time":"2023-01-24T10:14:56+00:00","article_modified_time":"2023-01-24T10:20:16+00:00","og_image":[{"url":"http:\/\/www.jeannedarc-figeac.fr\/college-lycee\/wp-content\/uploads\/sites\/5\/2023\/01\/IMG_20221123_213455_1170X1200-293x300.jpg","type":"","width":"","height":""}],"author":"le secr\u00e9tariat","schema":{"@context":"https:\/\/schema.org","@graph":[{"@type":"WebPage","@id":"http:\/\/www.jeannedarc-figeac.fr\/college-lycee\/une-pluie-de-podiums-lors-du-cross-departemental-unss\/","url":"http:\/\/www.jeannedarc-figeac.fr\/college-lycee\/une-pluie-de-podiums-lors-du-cross-departemental-unss\/","name":"Une pluie de podiums lors du Cross d\u00e9partemental UNSS","isPartOf":{"@id":"https:\/\/www.jeannedarc-figeac.fr\/college-lycee\/#website"},"primaryImageOfPage":{"@id":"http:\/\/www.jeannedarc-figeac.fr\/college-lycee\/une-pluie-de-podiums-lors-du-cross-departemental-unss\/#primaryimage"},"image":{"@id":"http:\/\/www.jeannedarc-figeac.fr\/college-lycee\/une-pluie-de-podiums-lors-du-cross-departemental-unss\/#primaryimage"},"thumbnailUrl":"http:\/\/www.jeannedarc-figeac.fr\/college-lycee\/wp-content\/uploads\/sites\/5\/2023\/01\/IMG_20221123_213455_1170X1200-293x300.jpg","datePublished":"2023-01-24T10:14:56+00:00","dateModified":"2023-01-24T10:20:16+00:00","author":{"@id":"https:\/\/www.jeannedarc-figeac.fr\/college-lycee\/#\/schema\/person\/29e5764f28e895dc8bf41d4468f99154"},"description":"CHAMPION DEPARTEMENTAL CATEGORIE BENJAMINS MIXTES CHAMPION DEPARTEMENTAL CATEGORIE LYCEE EXCELLENCE Lors du cross d\u00e9partemental UNSS qui se tenait \u00e0","breadcrumb":{"@id":"http:\/\/www.jeannedarc-figeac.fr\/college-lycee\/une-pluie-de-podiums-lors-du-cross-departemental-unss\/#breadcrumb"},"inLanguage":"fr-FR","potentialAction":[{"@type":"ReadAction","target":["http:\/\/www.jeannedarc-figeac.fr\/college-lycee\/une-pluie-de-podiums-lors-du-cross-departemental-unss\/"]}]},{"@type":"ImageObject","inLanguage":"fr-FR","@id":"http:\/\/www.jeannedarc-figeac.fr\/college-lycee\/une-pluie-de-podiums-lors-du-cross-departemental-unss\/#primaryimage","url":"http:\/\/www.jeannedarc-figeac.fr\/college-lycee\/wp-content\/uploads\/sites\/5\/2023\/01\/IMG_20221123_213455_1170X1200-293x300.jpg","contentUrl":"http:\/\/www.jeannedarc-figeac.fr\/college-lycee\/wp-content\/uploads\/sites\/5\/2023\/01\/IMG_20221123_213455_1170X1200-293x300.jpg"},{"@type":"BreadcrumbList","@id":"http:\/\/www.jeannedarc-figeac.fr\/college-lycee\/une-pluie-de-podiums-lors-du-cross-departemental-unss\/#breadcrumb","itemListElement":[{"@type":"ListItem","position":1,"name":"Accueil","item":"https:\/\/www.jeannedarc-figeac.fr\/college-lycee\/"},{"@type":"ListItem","position":2,"name":"Actus","item":"http:\/\/www.jeannedarc-figeac.fr\/college-lycee\/cat\/actus\/"},{"@type":"ListItem","position":3,"name":"Une pluie de podiums lors du Cross d\u00e9partemental UNSS"}]},{"@type":"WebSite","@id":"https:\/\/www.jeannedarc-figeac.fr\/college-lycee\/#website","url":"https:\/\/www.jeannedarc-figeac.fr\/college-lycee\/","name":"Coll\u00e8ge et Lyc\u00e9e Jeanne d&#039;Arc","description":"Jeanne d&#039;Arc Figeac","potentialAction":[{"@type":"SearchAction","target":{"@type":"EntryPoint","urlTemplate":"https:\/\/www.jeannedarc-figeac.fr\/college-lycee\/?s={search_term_string}"},"query-input":{"@type":"PropertyValueSpecification","valueRequired":true,"valueName":"search_term_string"}}],"inLanguage":"fr-FR"},{"@type":"Person","@id":"https:\/\/www.jeannedarc-figeac.fr\/college-lycee\/#\/schema\/person\/29e5764f28e895dc8bf41d4468f99154","name":"le secr\u00e9tariat","image":{"@type":"ImageObject","inLanguage":"fr-FR","@id":"https:\/\/www.jeannedarc-figeac.fr\/college-lycee\/#\/schema\/person\/image\/","url":"https:\/\/www.jeannedarc-figeac.fr\/college-lycee\/wp-content\/litespeed\/avatar\/5\/b7e8da60f53ba4adc9e9e66d91d84580.jpg?ver=1776943645","contentUrl":"https:\/\/www.jeannedarc-figeac.fr\/college-lycee\/wp-content\/litespeed\/avatar\/5\/b7e8da60f53ba4adc9e9e66d91d84580.jpg?ver=1776943645","caption":"le secr\u00e9tariat"},"url":"https:\/\/www.jeannedarc-figeac.fr\/college-lycee\/author\/arlette\/"}]}},"jetpack_featured_media_url":"","jetpack_sharing_enabled":true,"jetpack_shortlink":"https:\/\/wp.me\/p5Qyb6-1gE","_links":{"self":[{"href":"https:\/\/www.jeannedarc-figeac.fr\/college-lycee\/wp-json\/wp\/v2\/posts\/4876","targetHints":{"allow":["GET"]}}],"collection":[{"href":"https:\/\/www.jeannedarc-figeac.fr\/college-lycee\/wp-json\/wp\/v2\/posts"}],"about":[{"href":"https:\/\/www.jeannedarc-figeac.fr\/college-lycee\/wp-json\/wp\/v2\/types\/post"}],"author":[{"embeddable":true,"href":"https:\/\/www.jeannedarc-figeac.fr\/college-lycee\/wp-json\/wp\/v2\/users\/12"}],"replies":[{"embeddable":true,"href":"https:\/\/www.jeannedarc-figeac.fr\/college-lycee\/wp-json\/wp\/v2\/comments?post=4876"}],"version-history":[{"count":2,"href":"https:\/\/www.jeannedarc-figeac.fr\/college-lycee\/wp-json\/wp\/v2\/posts\/4876\/revisions"}],"predecessor-version":[{"id":4880,"href":"https:\/\/www.jeannedarc-figeac.fr\/college-lycee\/wp-json\/wp\/v2\/posts\/4876\/revisions\/4880"}],"wp:attachment":[{"href":"https:\/\/www.jeannedarc-figeac.fr\/college-lycee\/wp-json\/wp\/v2\/media?parent=4876"}],"wp:term":[{"taxonomy":"category","embeddable":true,"href":"https:\/\/www.jeannedarc-figeac.fr\/college-lycee\/wp-json\/wp\/v2\/categories?post=4876"},{"taxonomy":"post_tag","embeddable":true,"href":"https:\/\/www.jeannedarc-figeac.fr\/college-lycee\/wp-json\/wp\/v2\/tags?post=4876"}],"curies":[{"name":"wp","href":"https:\/\/api.w.org\/{rel}","templated":true}]}}