{"id":4829,"date":"2023-01-11T16:01:56","date_gmt":"2023-01-11T16:01:56","guid":{"rendered":"http:\/\/www.jeannedarc-figeac.fr\/college-lycee\/?p=4829"},"modified":"2023-01-11T16:01:56","modified_gmt":"2023-01-11T16:01:56","slug":"le-conseil-de-vie-collegienne-du-college-jeanne-darc-est-installe","status":"publish","type":"post","link":"https:\/\/www.jeannedarc-figeac.fr\/college-lycee\/le-conseil-de-vie-collegienne-du-college-jeanne-darc-est-installe\/","title":{"rendered":"Le Conseil de Vie Coll\u00e9gienne du coll\u00e8ge Jeanne d\u2019Arc est install\u00e9"},"content":{"rendered":"<p><a href=\"https:\/\/i0.wp.com\/www.jeannedarc-figeac.fr\/college-lycee\/wp-content\/uploads\/sites\/5\/2023\/01\/image0000001_1589X1200-rotated.jpg\"><img data-recalc-dims=\"1\" loading=\"lazy\" decoding=\"async\" class=\"size-medium wp-image-4830 alignleft\" src=\"https:\/\/i0.wp.com\/www.jeannedarc-figeac.fr\/college-lycee\/wp-content\/uploads\/sites\/5\/2023\/01\/image0000001_1589X1200.jpg?resize=300%2C227\" alt=\"\" width=\"300\" height=\"227\" \/><\/a>Les d\u00e9l\u00e9gu\u00e9s de classe et les volontaires du conseil de vie coll\u00e9gienne se sont r\u00e9unis pour installer l\u2019instance. En effet, le Conseil de Vie Coll\u00e9gienne est g\u00e9r\u00e9 par et pour les \u00e9l\u00e8ves afin d\u2019am\u00e9liorer la vie au coll\u00e8ge, hors temps scolaire. Monsieur Mahieu et Madame Simon, chefs d\u2019\u00e9tablissements, \u00e9tant pr\u00e9sidents de droit, Martin L., \u00e9l\u00e8ve de 5<sup>\u00e8me<\/sup>, a \u00e9t\u00e9 \u00e9lu vice-pr\u00e9sident par ses camarades. Les \u00e9l\u00e8ves ont pu se positionner dans diverses commissions (restauration, am\u00e9nagement de la salle de jeux, actions solidaires et animations durant la pause m\u00e9ridienne). Les \u00e9l\u00e8ves vont pouvoir exercer leur engagement en relayant les informations aupr\u00e8s de leurs camarades en heure de vie de classe et en organisant les animations autour du T\u00e9l\u00e9thon en vue de collecter des fonds (organisation de tournois, etc\u2026).<\/p>\n<p>Lors de cette r\u00e9union, Monsieur Terrisse, r\u00e9f\u00e9rent Ecolabel de l\u2019\u00e9tablissement a fait un appel aux \u00e9l\u00e8ves sensibles \u00e0 l\u2019\u00e9cologie, afin qu\u2019ils se pr\u00e9sentent pour devenir \u00e9co-d\u00e9l\u00e9gu\u00e9s.<\/p>\n<p>Florence Fritsch du Point \u00c9coute et Anita Mazzoleni, l\u2019animatrice du Conseil de Vie Coll\u00e9gienne les accompagneront dans leurs projets durant cette ann\u00e9e scolaire.<\/p>\n","protected":false},"excerpt":{"rendered":"<p>Les d\u00e9l\u00e9gu\u00e9s de classe et les volontaires du conseil de vie coll\u00e9gienne se sont r\u00e9unis pour installer l\u2019instance. En effet, le Conseil de Vie Coll\u00e9gienne est g\u00e9r\u00e9 par et pour les \u00e9l\u00e8ves afin d\u2019am\u00e9liorer la vie au coll\u00e8ge, hors temps scolaire. Monsieur Mahieu et Madame Simon, chefs d\u2019\u00e9tablissements, \u00e9tant pr\u00e9sidents de droit, Martin L., \u00e9l\u00e8ve [&hellip;]<\/p>\n","protected":false},"author":12,"featured_media":0,"comment_status":"closed","ping_status":"open","sticky":false,"template":"","format":"standard","meta":{"_et_pb_use_builder":"","_et_pb_old_content":"","_et_gb_content_width":"","_jetpack_newsletter_access":"","_jetpack_dont_email_post_to_subs":false,"_jetpack_newsletter_tier_id":0,"_jetpack_memberships_contains_paywalled_content":false,"iawp_total_views":10,"_jetpack_memberships_contains_paid_content":false,"footnotes":""},"categories":[28],"tags":[],"class_list":["post-4829","post","type-post","status-publish","format-standard","hentry","category-actus"],"yoast_head":"<!-- This site is optimized with the Yoast SEO plugin v26.0 - https:\/\/yoast.com\/wordpress\/plugins\/seo\/ -->\n<title>Le Conseil de Vie Coll\u00e9gienne du coll\u00e8ge Jeanne d\u2019Arc est install\u00e9<\/title>\n<meta name=\"description\" content=\"Les d\u00e9l\u00e9gu\u00e9s de classe et les volontaires du conseil de vie coll\u00e9gienne se sont r\u00e9unis pour installer l\u2019instance. En effet, le Conseil de Vie Coll\u00e9gienne\" \/>\n<meta name=\"robots\" content=\"index, follow, max-snippet:-1, max-image-preview:large, max-video-preview:-1\" \/>\n<link rel=\"canonical\" href=\"https:\/\/www.jeannedarc-figeac.fr\/college-lycee\/le-conseil-de-vie-collegienne-du-college-jeanne-darc-est-installe\/\" \/>\n<meta property=\"og:locale\" content=\"fr_FR\" \/>\n<meta property=\"og:type\" content=\"article\" \/>\n<meta property=\"og:title\" content=\"Le Conseil de Vie Coll\u00e9gienne du coll\u00e8ge Jeanne d\u2019Arc est install\u00e9\" \/>\n<meta property=\"og:description\" content=\"Les d\u00e9l\u00e9gu\u00e9s de classe et les volontaires du conseil de vie coll\u00e9gienne se sont r\u00e9unis pour installer l\u2019instance. En effet, le Conseil de Vie Coll\u00e9gienne\" \/>\n<meta property=\"og:url\" content=\"https:\/\/www.jeannedarc-figeac.fr\/college-lycee\/le-conseil-de-vie-collegienne-du-college-jeanne-darc-est-installe\/\" \/>\n<meta property=\"og:site_name\" content=\"Coll\u00e8ge et Lyc\u00e9e Jeanne d&#039;Arc\" \/>\n<meta property=\"article:published_time\" content=\"2023-01-11T16:01:56+00:00\" \/>\n<meta property=\"og:image\" content=\"http:\/\/www.jeannedarc-figeac.fr\/college-lycee\/wp-content\/uploads\/sites\/5\/2023\/01\/image0000001_1589X1200-300x227.jpg\" \/>\n<meta name=\"author\" content=\"le secr\u00e9tariat\" \/>\n<script type=\"application\/ld+json\" class=\"yoast-schema-graph\">{\"@context\":\"https:\/\/schema.org\",\"@graph\":[{\"@type\":\"WebPage\",\"@id\":\"https:\/\/www.jeannedarc-figeac.fr\/college-lycee\/le-conseil-de-vie-collegienne-du-college-jeanne-darc-est-installe\/\",\"url\":\"https:\/\/www.jeannedarc-figeac.fr\/college-lycee\/le-conseil-de-vie-collegienne-du-college-jeanne-darc-est-installe\/\",\"name\":\"Le Conseil de Vie Coll\u00e9gienne du coll\u00e8ge Jeanne d\u2019Arc est install\u00e9\",\"isPartOf\":{\"@id\":\"https:\/\/www.jeannedarc-figeac.fr\/college-lycee\/#website\"},\"primaryImageOfPage\":{\"@id\":\"https:\/\/www.jeannedarc-figeac.fr\/college-lycee\/le-conseil-de-vie-collegienne-du-college-jeanne-darc-est-installe\/#primaryimage\"},\"image\":{\"@id\":\"https:\/\/www.jeannedarc-figeac.fr\/college-lycee\/le-conseil-de-vie-collegienne-du-college-jeanne-darc-est-installe\/#primaryimage\"},\"thumbnailUrl\":\"http:\/\/www.jeannedarc-figeac.fr\/college-lycee\/wp-content\/uploads\/sites\/5\/2023\/01\/image0000001_1589X1200-300x227.jpg\",\"datePublished\":\"2023-01-11T16:01:56+00:00\",\"author\":{\"@id\":\"https:\/\/www.jeannedarc-figeac.fr\/college-lycee\/#\/schema\/person\/29e5764f28e895dc8bf41d4468f99154\"},\"description\":\"Les d\u00e9l\u00e9gu\u00e9s de classe et les volontaires du conseil de vie coll\u00e9gienne se sont r\u00e9unis pour installer l\u2019instance. En effet, le Conseil de Vie Coll\u00e9gienne\",\"breadcrumb\":{\"@id\":\"https:\/\/www.jeannedarc-figeac.fr\/college-lycee\/le-conseil-de-vie-collegienne-du-college-jeanne-darc-est-installe\/#breadcrumb\"},\"inLanguage\":\"fr-FR\",\"potentialAction\":[{\"@type\":\"ReadAction\",\"target\":[\"https:\/\/www.jeannedarc-figeac.fr\/college-lycee\/le-conseil-de-vie-collegienne-du-college-jeanne-darc-est-installe\/\"]}]},{\"@type\":\"ImageObject\",\"inLanguage\":\"fr-FR\",\"@id\":\"https:\/\/www.jeannedarc-figeac.fr\/college-lycee\/le-conseil-de-vie-collegienne-du-college-jeanne-darc-est-installe\/#primaryimage\",\"url\":\"http:\/\/www.jeannedarc-figeac.fr\/college-lycee\/wp-content\/uploads\/sites\/5\/2023\/01\/image0000001_1589X1200-300x227.jpg\",\"contentUrl\":\"http:\/\/www.jeannedarc-figeac.fr\/college-lycee\/wp-content\/uploads\/sites\/5\/2023\/01\/image0000001_1589X1200-300x227.jpg\"},{\"@type\":\"BreadcrumbList\",\"@id\":\"https:\/\/www.jeannedarc-figeac.fr\/college-lycee\/le-conseil-de-vie-collegienne-du-college-jeanne-darc-est-installe\/#breadcrumb\",\"itemListElement\":[{\"@type\":\"ListItem\",\"position\":1,\"name\":\"Accueil\",\"item\":\"https:\/\/www.jeannedarc-figeac.fr\/college-lycee\/\"},{\"@type\":\"ListItem\",\"position\":2,\"name\":\"Actus\",\"item\":\"http:\/\/www.jeannedarc-figeac.fr\/college-lycee\/cat\/actus\/\"},{\"@type\":\"ListItem\",\"position\":3,\"name\":\"Le Conseil de Vie Coll\u00e9gienne du coll\u00e8ge Jeanne d\u2019Arc est install\u00e9\"}]},{\"@type\":\"WebSite\",\"@id\":\"https:\/\/www.jeannedarc-figeac.fr\/college-lycee\/#website\",\"url\":\"https:\/\/www.jeannedarc-figeac.fr\/college-lycee\/\",\"name\":\"Coll\u00e8ge et Lyc\u00e9e Jeanne d&#039;Arc\",\"description\":\"Jeanne d&#039;Arc Figeac\",\"potentialAction\":[{\"@type\":\"SearchAction\",\"target\":{\"@type\":\"EntryPoint\",\"urlTemplate\":\"https:\/\/www.jeannedarc-figeac.fr\/college-lycee\/?s={search_term_string}\"},\"query-input\":{\"@type\":\"PropertyValueSpecification\",\"valueRequired\":true,\"valueName\":\"search_term_string\"}}],\"inLanguage\":\"fr-FR\"},{\"@type\":\"Person\",\"@id\":\"https:\/\/www.jeannedarc-figeac.fr\/college-lycee\/#\/schema\/person\/29e5764f28e895dc8bf41d4468f99154\",\"name\":\"le secr\u00e9tariat\",\"image\":{\"@type\":\"ImageObject\",\"inLanguage\":\"fr-FR\",\"@id\":\"https:\/\/www.jeannedarc-figeac.fr\/college-lycee\/#\/schema\/person\/image\/\",\"url\":\"https:\/\/www.jeannedarc-figeac.fr\/college-lycee\/wp-content\/litespeed\/avatar\/5\/b7e8da60f53ba4adc9e9e66d91d84580.jpg?ver=1777548714\",\"contentUrl\":\"https:\/\/www.jeannedarc-figeac.fr\/college-lycee\/wp-content\/litespeed\/avatar\/5\/b7e8da60f53ba4adc9e9e66d91d84580.jpg?ver=1777548714\",\"caption\":\"le secr\u00e9tariat\"},\"url\":\"https:\/\/www.jeannedarc-figeac.fr\/college-lycee\/author\/arlette\/\"}]}<\/script>\n<!-- \/ Yoast SEO plugin. -->","yoast_head_json":{"title":"Le Conseil de Vie Coll\u00e9gienne du coll\u00e8ge Jeanne d\u2019Arc est install\u00e9","description":"Les d\u00e9l\u00e9gu\u00e9s de classe et les volontaires du conseil de vie coll\u00e9gienne se sont r\u00e9unis pour installer l\u2019instance. En effet, le Conseil de Vie Coll\u00e9gienne","robots":{"index":"index","follow":"follow","max-snippet":"max-snippet:-1","max-image-preview":"max-image-preview:large","max-video-preview":"max-video-preview:-1"},"canonical":"https:\/\/www.jeannedarc-figeac.fr\/college-lycee\/le-conseil-de-vie-collegienne-du-college-jeanne-darc-est-installe\/","og_locale":"fr_FR","og_type":"article","og_title":"Le Conseil de Vie Coll\u00e9gienne du coll\u00e8ge Jeanne d\u2019Arc est install\u00e9","og_description":"Les d\u00e9l\u00e9gu\u00e9s de classe et les volontaires du conseil de vie coll\u00e9gienne se sont r\u00e9unis pour installer l\u2019instance. En effet, le Conseil de Vie Coll\u00e9gienne","og_url":"https:\/\/www.jeannedarc-figeac.fr\/college-lycee\/le-conseil-de-vie-collegienne-du-college-jeanne-darc-est-installe\/","og_site_name":"Coll\u00e8ge et Lyc\u00e9e Jeanne d&#039;Arc","article_published_time":"2023-01-11T16:01:56+00:00","og_image":[{"url":"http:\/\/www.jeannedarc-figeac.fr\/college-lycee\/wp-content\/uploads\/sites\/5\/2023\/01\/image0000001_1589X1200-300x227.jpg","type":"","width":"","height":""}],"author":"le secr\u00e9tariat","schema":{"@context":"https:\/\/schema.org","@graph":[{"@type":"WebPage","@id":"https:\/\/www.jeannedarc-figeac.fr\/college-lycee\/le-conseil-de-vie-collegienne-du-college-jeanne-darc-est-installe\/","url":"https:\/\/www.jeannedarc-figeac.fr\/college-lycee\/le-conseil-de-vie-collegienne-du-college-jeanne-darc-est-installe\/","name":"Le Conseil de Vie Coll\u00e9gienne du coll\u00e8ge Jeanne d\u2019Arc est install\u00e9","isPartOf":{"@id":"https:\/\/www.jeannedarc-figeac.fr\/college-lycee\/#website"},"primaryImageOfPage":{"@id":"https:\/\/www.jeannedarc-figeac.fr\/college-lycee\/le-conseil-de-vie-collegienne-du-college-jeanne-darc-est-installe\/#primaryimage"},"image":{"@id":"https:\/\/www.jeannedarc-figeac.fr\/college-lycee\/le-conseil-de-vie-collegienne-du-college-jeanne-darc-est-installe\/#primaryimage"},"thumbnailUrl":"http:\/\/www.jeannedarc-figeac.fr\/college-lycee\/wp-content\/uploads\/sites\/5\/2023\/01\/image0000001_1589X1200-300x227.jpg","datePublished":"2023-01-11T16:01:56+00:00","author":{"@id":"https:\/\/www.jeannedarc-figeac.fr\/college-lycee\/#\/schema\/person\/29e5764f28e895dc8bf41d4468f99154"},"description":"Les d\u00e9l\u00e9gu\u00e9s de classe et les volontaires du conseil de vie coll\u00e9gienne se sont r\u00e9unis pour installer l\u2019instance. En effet, le Conseil de Vie Coll\u00e9gienne","breadcrumb":{"@id":"https:\/\/www.jeannedarc-figeac.fr\/college-lycee\/le-conseil-de-vie-collegienne-du-college-jeanne-darc-est-installe\/#breadcrumb"},"inLanguage":"fr-FR","potentialAction":[{"@type":"ReadAction","target":["https:\/\/www.jeannedarc-figeac.fr\/college-lycee\/le-conseil-de-vie-collegienne-du-college-jeanne-darc-est-installe\/"]}]},{"@type":"ImageObject","inLanguage":"fr-FR","@id":"https:\/\/www.jeannedarc-figeac.fr\/college-lycee\/le-conseil-de-vie-collegienne-du-college-jeanne-darc-est-installe\/#primaryimage","url":"http:\/\/www.jeannedarc-figeac.fr\/college-lycee\/wp-content\/uploads\/sites\/5\/2023\/01\/image0000001_1589X1200-300x227.jpg","contentUrl":"http:\/\/www.jeannedarc-figeac.fr\/college-lycee\/wp-content\/uploads\/sites\/5\/2023\/01\/image0000001_1589X1200-300x227.jpg"},{"@type":"BreadcrumbList","@id":"https:\/\/www.jeannedarc-figeac.fr\/college-lycee\/le-conseil-de-vie-collegienne-du-college-jeanne-darc-est-installe\/#breadcrumb","itemListElement":[{"@type":"ListItem","position":1,"name":"Accueil","item":"https:\/\/www.jeannedarc-figeac.fr\/college-lycee\/"},{"@type":"ListItem","position":2,"name":"Actus","item":"http:\/\/www.jeannedarc-figeac.fr\/college-lycee\/cat\/actus\/"},{"@type":"ListItem","position":3,"name":"Le Conseil de Vie Coll\u00e9gienne du coll\u00e8ge Jeanne d\u2019Arc est install\u00e9"}]},{"@type":"WebSite","@id":"https:\/\/www.jeannedarc-figeac.fr\/college-lycee\/#website","url":"https:\/\/www.jeannedarc-figeac.fr\/college-lycee\/","name":"Coll\u00e8ge et Lyc\u00e9e Jeanne d&#039;Arc","description":"Jeanne d&#039;Arc Figeac","potentialAction":[{"@type":"SearchAction","target":{"@type":"EntryPoint","urlTemplate":"https:\/\/www.jeannedarc-figeac.fr\/college-lycee\/?s={search_term_string}"},"query-input":{"@type":"PropertyValueSpecification","valueRequired":true,"valueName":"search_term_string"}}],"inLanguage":"fr-FR"},{"@type":"Person","@id":"https:\/\/www.jeannedarc-figeac.fr\/college-lycee\/#\/schema\/person\/29e5764f28e895dc8bf41d4468f99154","name":"le secr\u00e9tariat","image":{"@type":"ImageObject","inLanguage":"fr-FR","@id":"https:\/\/www.jeannedarc-figeac.fr\/college-lycee\/#\/schema\/person\/image\/","url":"https:\/\/www.jeannedarc-figeac.fr\/college-lycee\/wp-content\/litespeed\/avatar\/5\/b7e8da60f53ba4adc9e9e66d91d84580.jpg?ver=1777548714","contentUrl":"https:\/\/www.jeannedarc-figeac.fr\/college-lycee\/wp-content\/litespeed\/avatar\/5\/b7e8da60f53ba4adc9e9e66d91d84580.jpg?ver=1777548714","caption":"le secr\u00e9tariat"},"url":"https:\/\/www.jeannedarc-figeac.fr\/college-lycee\/author\/arlette\/"}]}},"jetpack_featured_media_url":"","jetpack_sharing_enabled":true,"jetpack_shortlink":"https:\/\/wp.me\/p5Qyb6-1fT","_links":{"self":[{"href":"https:\/\/www.jeannedarc-figeac.fr\/college-lycee\/wp-json\/wp\/v2\/posts\/4829","targetHints":{"allow":["GET"]}}],"collection":[{"href":"https:\/\/www.jeannedarc-figeac.fr\/college-lycee\/wp-json\/wp\/v2\/posts"}],"about":[{"href":"https:\/\/www.jeannedarc-figeac.fr\/college-lycee\/wp-json\/wp\/v2\/types\/post"}],"author":[{"embeddable":true,"href":"https:\/\/www.jeannedarc-figeac.fr\/college-lycee\/wp-json\/wp\/v2\/users\/12"}],"replies":[{"embeddable":true,"href":"https:\/\/www.jeannedarc-figeac.fr\/college-lycee\/wp-json\/wp\/v2\/comments?post=4829"}],"version-history":[{"count":1,"href":"https:\/\/www.jeannedarc-figeac.fr\/college-lycee\/wp-json\/wp\/v2\/posts\/4829\/revisions"}],"predecessor-version":[{"id":4831,"href":"https:\/\/www.jeannedarc-figeac.fr\/college-lycee\/wp-json\/wp\/v2\/posts\/4829\/revisions\/4831"}],"wp:attachment":[{"href":"https:\/\/www.jeannedarc-figeac.fr\/college-lycee\/wp-json\/wp\/v2\/media?parent=4829"}],"wp:term":[{"taxonomy":"category","embeddable":true,"href":"https:\/\/www.jeannedarc-figeac.fr\/college-lycee\/wp-json\/wp\/v2\/categories?post=4829"},{"taxonomy":"post_tag","embeddable":true,"href":"https:\/\/www.jeannedarc-figeac.fr\/college-lycee\/wp-json\/wp\/v2\/tags?post=4829"}],"curies":[{"name":"wp","href":"https:\/\/api.w.org\/{rel}","templated":true}]}}