{"id":4825,"date":"2023-01-11T15:58:54","date_gmt":"2023-01-11T15:58:54","guid":{"rendered":"http:\/\/www.jeannedarc-figeac.fr\/college-lycee\/?p=4825"},"modified":"2023-01-11T15:58:54","modified_gmt":"2023-01-11T15:58:54","slug":"le-programme-energie-jeunes-debute-pour-lensemble-scolaire-jeanne-darc","status":"publish","type":"post","link":"https:\/\/www.jeannedarc-figeac.fr\/college-lycee\/le-programme-energie-jeunes-debute-pour-lensemble-scolaire-jeanne-darc\/","title":{"rendered":"Le programme Energie Jeunes d\u00e9bute pour l\u2019ensemble scolaire Jeanne d\u2019Arc"},"content":{"rendered":"<p>La classe de 6<sup>i\u00e8me<\/sup> est une ann\u00e9e importante, elle marque l\u2019entr\u00e9e au coll\u00e8ge et avec elle de nouvelles attentes et exigences.<\/p>\n<p>Afin de mobiliser tous les \u00e9l\u00e8ves de 6<sup>i\u00e8me<\/sup> autour de la th\u00e9matique \u00ab\u00a0Aimer apprendre au coll\u00e8ge\u00a0\u00bb un PROGRAMME ENERGIE JEUNES est mis en \u0153uvre au coll\u00e8ge Jeanne d\u2019Arc.<\/p>\n<p>Ce programme est port\u00e9 par l\u2019association Energie Jeunes, agr\u00e9\u00e9e par l\u2019Education nationale et se compose de trois s\u00e9ances d\u2019une heure, en classe enti\u00e8re.<\/p>\n<p>L\u2019objectif\u00a0est clair\u00a0: devenir acteur de sa scolarit\u00e9, rester motiv\u00e9, se fixer des d\u00e9fis.<\/p>\n<p>La premi\u00e8re intervention s\u2019est d\u00e9roul\u00e9e<a href=\"https:\/\/i0.wp.com\/www.jeannedarc-figeac.fr\/college-lycee\/wp-content\/uploads\/sites\/5\/2023\/01\/photo-intervention-_1600X820-rotated.jpg\"><img data-recalc-dims=\"1\" loading=\"lazy\" decoding=\"async\" class=\"size-medium wp-image-4826 alignleft\" src=\"https:\/\/i0.wp.com\/www.jeannedarc-figeac.fr\/college-lycee\/wp-content\/uploads\/sites\/5\/2023\/01\/photo-intervention-_1600X820.jpg?resize=300%2C154\" alt=\"\" width=\"300\" height=\"154\" \/><\/a> tout au long de la matin\u00e9e pour les trois classes de 6<sup>i\u00e8me<\/sup>. Quels sont nos qualit\u00e9s\u00a0? nos talents\u00a0? et comment exploiter au mieux ce potentiel\u00a0? Quelles sont nos sources et ressources pour rester motiv\u00e9\u00a0?<\/p>\n<p>La participation des coll\u00e9giens a \u00e9t\u00e9 riche et dynamique, signe que l\u2019\u00a0\u00ab\u00a0on va tous aimer apprendre\u00a0!\u00a0\u00bb<\/p>\n<p>Les prochaines s\u00e9ances sont pr\u00e9vues pour le printemps, elles concerneront \u00e9galement les \u00e9l\u00e8ves de CM2 avec pour axe principal \u00ab la pr\u00e9paration \u00e0 l\u2019entr\u00e9e en 6<sup>i\u00e8me<\/sup>\u00a0\u00bb.<\/p>\n","protected":false},"excerpt":{"rendered":"<p>La classe de 6i\u00e8me est une ann\u00e9e importante, elle marque l\u2019entr\u00e9e au coll\u00e8ge et avec elle de nouvelles attentes et exigences. Afin de mobiliser tous les \u00e9l\u00e8ves de 6i\u00e8me autour de la th\u00e9matique \u00ab\u00a0Aimer apprendre au coll\u00e8ge\u00a0\u00bb un PROGRAMME ENERGIE JEUNES est mis en \u0153uvre au coll\u00e8ge Jeanne d\u2019Arc. Ce programme est port\u00e9 par l\u2019association [&hellip;]<\/p>\n","protected":false},"author":12,"featured_media":0,"comment_status":"closed","ping_status":"open","sticky":false,"template":"","format":"standard","meta":{"_et_pb_use_builder":"","_et_pb_old_content":"","_et_gb_content_width":"","_jetpack_newsletter_access":"","_jetpack_dont_email_post_to_subs":false,"_jetpack_newsletter_tier_id":0,"_jetpack_memberships_contains_paywalled_content":false,"iawp_total_views":0,"_jetpack_memberships_contains_paid_content":false,"footnotes":""},"categories":[28],"tags":[],"class_list":["post-4825","post","type-post","status-publish","format-standard","hentry","category-actus"],"yoast_head":"<!-- This site is optimized with the Yoast SEO plugin v26.0 - https:\/\/yoast.com\/wordpress\/plugins\/seo\/ -->\n<title>Le programme Energie Jeunes d\u00e9bute pour l\u2019ensemble scolaire Jeanne d\u2019Arc<\/title>\n<meta name=\"description\" content=\"La classe de 6i\u00e8me est une ann\u00e9e importante, elle marque l\u2019entr\u00e9e au coll\u00e8ge et avec elle de nouvelles attentes et exigences. Afin de mobiliser tous les\" \/>\n<meta name=\"robots\" content=\"index, follow, max-snippet:-1, max-image-preview:large, max-video-preview:-1\" \/>\n<link rel=\"canonical\" href=\"https:\/\/www.jeannedarc-figeac.fr\/college-lycee\/le-programme-energie-jeunes-debute-pour-lensemble-scolaire-jeanne-darc\/\" \/>\n<meta property=\"og:locale\" content=\"fr_FR\" \/>\n<meta property=\"og:type\" content=\"article\" \/>\n<meta property=\"og:title\" content=\"Le programme Energie Jeunes d\u00e9bute pour l\u2019ensemble scolaire Jeanne d\u2019Arc\" \/>\n<meta property=\"og:description\" content=\"La classe de 6i\u00e8me est une ann\u00e9e importante, elle marque l\u2019entr\u00e9e au coll\u00e8ge et avec elle de nouvelles attentes et exigences. Afin de mobiliser tous les\" \/>\n<meta property=\"og:url\" content=\"https:\/\/www.jeannedarc-figeac.fr\/college-lycee\/le-programme-energie-jeunes-debute-pour-lensemble-scolaire-jeanne-darc\/\" \/>\n<meta property=\"og:site_name\" content=\"Coll\u00e8ge et Lyc\u00e9e Jeanne d&#039;Arc\" \/>\n<meta property=\"article:published_time\" content=\"2023-01-11T15:58:54+00:00\" \/>\n<meta property=\"og:image\" content=\"http:\/\/www.jeannedarc-figeac.fr\/college-lycee\/wp-content\/uploads\/sites\/5\/2023\/01\/photo-intervention-_1600X820-300x154.jpg\" \/>\n<meta name=\"author\" content=\"le secr\u00e9tariat\" \/>\n<script type=\"application\/ld+json\" class=\"yoast-schema-graph\">{\"@context\":\"https:\/\/schema.org\",\"@graph\":[{\"@type\":\"WebPage\",\"@id\":\"https:\/\/www.jeannedarc-figeac.fr\/college-lycee\/le-programme-energie-jeunes-debute-pour-lensemble-scolaire-jeanne-darc\/\",\"url\":\"https:\/\/www.jeannedarc-figeac.fr\/college-lycee\/le-programme-energie-jeunes-debute-pour-lensemble-scolaire-jeanne-darc\/\",\"name\":\"Le programme Energie Jeunes d\u00e9bute pour l\u2019ensemble scolaire Jeanne d\u2019Arc\",\"isPartOf\":{\"@id\":\"https:\/\/www.jeannedarc-figeac.fr\/college-lycee\/#website\"},\"primaryImageOfPage\":{\"@id\":\"https:\/\/www.jeannedarc-figeac.fr\/college-lycee\/le-programme-energie-jeunes-debute-pour-lensemble-scolaire-jeanne-darc\/#primaryimage\"},\"image\":{\"@id\":\"https:\/\/www.jeannedarc-figeac.fr\/college-lycee\/le-programme-energie-jeunes-debute-pour-lensemble-scolaire-jeanne-darc\/#primaryimage\"},\"thumbnailUrl\":\"http:\/\/www.jeannedarc-figeac.fr\/college-lycee\/wp-content\/uploads\/sites\/5\/2023\/01\/photo-intervention-_1600X820-300x154.jpg\",\"datePublished\":\"2023-01-11T15:58:54+00:00\",\"author\":{\"@id\":\"https:\/\/www.jeannedarc-figeac.fr\/college-lycee\/#\/schema\/person\/29e5764f28e895dc8bf41d4468f99154\"},\"description\":\"La classe de 6i\u00e8me est une ann\u00e9e importante, elle marque l\u2019entr\u00e9e au coll\u00e8ge et avec elle de nouvelles attentes et exigences. Afin de mobiliser tous les\",\"breadcrumb\":{\"@id\":\"https:\/\/www.jeannedarc-figeac.fr\/college-lycee\/le-programme-energie-jeunes-debute-pour-lensemble-scolaire-jeanne-darc\/#breadcrumb\"},\"inLanguage\":\"fr-FR\",\"potentialAction\":[{\"@type\":\"ReadAction\",\"target\":[\"https:\/\/www.jeannedarc-figeac.fr\/college-lycee\/le-programme-energie-jeunes-debute-pour-lensemble-scolaire-jeanne-darc\/\"]}]},{\"@type\":\"ImageObject\",\"inLanguage\":\"fr-FR\",\"@id\":\"https:\/\/www.jeannedarc-figeac.fr\/college-lycee\/le-programme-energie-jeunes-debute-pour-lensemble-scolaire-jeanne-darc\/#primaryimage\",\"url\":\"http:\/\/www.jeannedarc-figeac.fr\/college-lycee\/wp-content\/uploads\/sites\/5\/2023\/01\/photo-intervention-_1600X820-300x154.jpg\",\"contentUrl\":\"http:\/\/www.jeannedarc-figeac.fr\/college-lycee\/wp-content\/uploads\/sites\/5\/2023\/01\/photo-intervention-_1600X820-300x154.jpg\"},{\"@type\":\"BreadcrumbList\",\"@id\":\"https:\/\/www.jeannedarc-figeac.fr\/college-lycee\/le-programme-energie-jeunes-debute-pour-lensemble-scolaire-jeanne-darc\/#breadcrumb\",\"itemListElement\":[{\"@type\":\"ListItem\",\"position\":1,\"name\":\"Accueil\",\"item\":\"https:\/\/www.jeannedarc-figeac.fr\/college-lycee\/\"},{\"@type\":\"ListItem\",\"position\":2,\"name\":\"Actus\",\"item\":\"http:\/\/www.jeannedarc-figeac.fr\/college-lycee\/cat\/actus\/\"},{\"@type\":\"ListItem\",\"position\":3,\"name\":\"Le programme Energie Jeunes d\u00e9bute pour l\u2019ensemble scolaire Jeanne d\u2019Arc\"}]},{\"@type\":\"WebSite\",\"@id\":\"https:\/\/www.jeannedarc-figeac.fr\/college-lycee\/#website\",\"url\":\"https:\/\/www.jeannedarc-figeac.fr\/college-lycee\/\",\"name\":\"Coll\u00e8ge et Lyc\u00e9e Jeanne d&#039;Arc\",\"description\":\"Jeanne d&#039;Arc Figeac\",\"potentialAction\":[{\"@type\":\"SearchAction\",\"target\":{\"@type\":\"EntryPoint\",\"urlTemplate\":\"https:\/\/www.jeannedarc-figeac.fr\/college-lycee\/?s={search_term_string}\"},\"query-input\":{\"@type\":\"PropertyValueSpecification\",\"valueRequired\":true,\"valueName\":\"search_term_string\"}}],\"inLanguage\":\"fr-FR\"},{\"@type\":\"Person\",\"@id\":\"https:\/\/www.jeannedarc-figeac.fr\/college-lycee\/#\/schema\/person\/29e5764f28e895dc8bf41d4468f99154\",\"name\":\"le secr\u00e9tariat\",\"image\":{\"@type\":\"ImageObject\",\"inLanguage\":\"fr-FR\",\"@id\":\"https:\/\/www.jeannedarc-figeac.fr\/college-lycee\/#\/schema\/person\/image\/\",\"url\":\"https:\/\/www.jeannedarc-figeac.fr\/college-lycee\/wp-content\/litespeed\/avatar\/5\/b7e8da60f53ba4adc9e9e66d91d84580.jpg?ver=1776943645\",\"contentUrl\":\"https:\/\/www.jeannedarc-figeac.fr\/college-lycee\/wp-content\/litespeed\/avatar\/5\/b7e8da60f53ba4adc9e9e66d91d84580.jpg?ver=1776943645\",\"caption\":\"le secr\u00e9tariat\"},\"url\":\"https:\/\/www.jeannedarc-figeac.fr\/college-lycee\/author\/arlette\/\"}]}<\/script>\n<!-- \/ Yoast SEO plugin. -->","yoast_head_json":{"title":"Le programme Energie Jeunes d\u00e9bute pour l\u2019ensemble scolaire Jeanne d\u2019Arc","description":"La classe de 6i\u00e8me est une ann\u00e9e importante, elle marque l\u2019entr\u00e9e au coll\u00e8ge et avec elle de nouvelles attentes et exigences. Afin de mobiliser tous les","robots":{"index":"index","follow":"follow","max-snippet":"max-snippet:-1","max-image-preview":"max-image-preview:large","max-video-preview":"max-video-preview:-1"},"canonical":"https:\/\/www.jeannedarc-figeac.fr\/college-lycee\/le-programme-energie-jeunes-debute-pour-lensemble-scolaire-jeanne-darc\/","og_locale":"fr_FR","og_type":"article","og_title":"Le programme Energie Jeunes d\u00e9bute pour l\u2019ensemble scolaire Jeanne d\u2019Arc","og_description":"La classe de 6i\u00e8me est une ann\u00e9e importante, elle marque l\u2019entr\u00e9e au coll\u00e8ge et avec elle de nouvelles attentes et exigences. Afin de mobiliser tous les","og_url":"https:\/\/www.jeannedarc-figeac.fr\/college-lycee\/le-programme-energie-jeunes-debute-pour-lensemble-scolaire-jeanne-darc\/","og_site_name":"Coll\u00e8ge et Lyc\u00e9e Jeanne d&#039;Arc","article_published_time":"2023-01-11T15:58:54+00:00","og_image":[{"url":"http:\/\/www.jeannedarc-figeac.fr\/college-lycee\/wp-content\/uploads\/sites\/5\/2023\/01\/photo-intervention-_1600X820-300x154.jpg","type":"","width":"","height":""}],"author":"le secr\u00e9tariat","schema":{"@context":"https:\/\/schema.org","@graph":[{"@type":"WebPage","@id":"https:\/\/www.jeannedarc-figeac.fr\/college-lycee\/le-programme-energie-jeunes-debute-pour-lensemble-scolaire-jeanne-darc\/","url":"https:\/\/www.jeannedarc-figeac.fr\/college-lycee\/le-programme-energie-jeunes-debute-pour-lensemble-scolaire-jeanne-darc\/","name":"Le programme Energie Jeunes d\u00e9bute pour l\u2019ensemble scolaire Jeanne d\u2019Arc","isPartOf":{"@id":"https:\/\/www.jeannedarc-figeac.fr\/college-lycee\/#website"},"primaryImageOfPage":{"@id":"https:\/\/www.jeannedarc-figeac.fr\/college-lycee\/le-programme-energie-jeunes-debute-pour-lensemble-scolaire-jeanne-darc\/#primaryimage"},"image":{"@id":"https:\/\/www.jeannedarc-figeac.fr\/college-lycee\/le-programme-energie-jeunes-debute-pour-lensemble-scolaire-jeanne-darc\/#primaryimage"},"thumbnailUrl":"http:\/\/www.jeannedarc-figeac.fr\/college-lycee\/wp-content\/uploads\/sites\/5\/2023\/01\/photo-intervention-_1600X820-300x154.jpg","datePublished":"2023-01-11T15:58:54+00:00","author":{"@id":"https:\/\/www.jeannedarc-figeac.fr\/college-lycee\/#\/schema\/person\/29e5764f28e895dc8bf41d4468f99154"},"description":"La classe de 6i\u00e8me est une ann\u00e9e importante, elle marque l\u2019entr\u00e9e au coll\u00e8ge et avec elle de nouvelles attentes et exigences. Afin de mobiliser tous les","breadcrumb":{"@id":"https:\/\/www.jeannedarc-figeac.fr\/college-lycee\/le-programme-energie-jeunes-debute-pour-lensemble-scolaire-jeanne-darc\/#breadcrumb"},"inLanguage":"fr-FR","potentialAction":[{"@type":"ReadAction","target":["https:\/\/www.jeannedarc-figeac.fr\/college-lycee\/le-programme-energie-jeunes-debute-pour-lensemble-scolaire-jeanne-darc\/"]}]},{"@type":"ImageObject","inLanguage":"fr-FR","@id":"https:\/\/www.jeannedarc-figeac.fr\/college-lycee\/le-programme-energie-jeunes-debute-pour-lensemble-scolaire-jeanne-darc\/#primaryimage","url":"http:\/\/www.jeannedarc-figeac.fr\/college-lycee\/wp-content\/uploads\/sites\/5\/2023\/01\/photo-intervention-_1600X820-300x154.jpg","contentUrl":"http:\/\/www.jeannedarc-figeac.fr\/college-lycee\/wp-content\/uploads\/sites\/5\/2023\/01\/photo-intervention-_1600X820-300x154.jpg"},{"@type":"BreadcrumbList","@id":"https:\/\/www.jeannedarc-figeac.fr\/college-lycee\/le-programme-energie-jeunes-debute-pour-lensemble-scolaire-jeanne-darc\/#breadcrumb","itemListElement":[{"@type":"ListItem","position":1,"name":"Accueil","item":"https:\/\/www.jeannedarc-figeac.fr\/college-lycee\/"},{"@type":"ListItem","position":2,"name":"Actus","item":"http:\/\/www.jeannedarc-figeac.fr\/college-lycee\/cat\/actus\/"},{"@type":"ListItem","position":3,"name":"Le programme Energie Jeunes d\u00e9bute pour l\u2019ensemble scolaire Jeanne d\u2019Arc"}]},{"@type":"WebSite","@id":"https:\/\/www.jeannedarc-figeac.fr\/college-lycee\/#website","url":"https:\/\/www.jeannedarc-figeac.fr\/college-lycee\/","name":"Coll\u00e8ge et Lyc\u00e9e Jeanne d&#039;Arc","description":"Jeanne d&#039;Arc Figeac","potentialAction":[{"@type":"SearchAction","target":{"@type":"EntryPoint","urlTemplate":"https:\/\/www.jeannedarc-figeac.fr\/college-lycee\/?s={search_term_string}"},"query-input":{"@type":"PropertyValueSpecification","valueRequired":true,"valueName":"search_term_string"}}],"inLanguage":"fr-FR"},{"@type":"Person","@id":"https:\/\/www.jeannedarc-figeac.fr\/college-lycee\/#\/schema\/person\/29e5764f28e895dc8bf41d4468f99154","name":"le secr\u00e9tariat","image":{"@type":"ImageObject","inLanguage":"fr-FR","@id":"https:\/\/www.jeannedarc-figeac.fr\/college-lycee\/#\/schema\/person\/image\/","url":"https:\/\/www.jeannedarc-figeac.fr\/college-lycee\/wp-content\/litespeed\/avatar\/5\/b7e8da60f53ba4adc9e9e66d91d84580.jpg?ver=1776943645","contentUrl":"https:\/\/www.jeannedarc-figeac.fr\/college-lycee\/wp-content\/litespeed\/avatar\/5\/b7e8da60f53ba4adc9e9e66d91d84580.jpg?ver=1776943645","caption":"le secr\u00e9tariat"},"url":"https:\/\/www.jeannedarc-figeac.fr\/college-lycee\/author\/arlette\/"}]}},"jetpack_featured_media_url":"","jetpack_sharing_enabled":true,"jetpack_shortlink":"https:\/\/wp.me\/p5Qyb6-1fP","_links":{"self":[{"href":"https:\/\/www.jeannedarc-figeac.fr\/college-lycee\/wp-json\/wp\/v2\/posts\/4825","targetHints":{"allow":["GET"]}}],"collection":[{"href":"https:\/\/www.jeannedarc-figeac.fr\/college-lycee\/wp-json\/wp\/v2\/posts"}],"about":[{"href":"https:\/\/www.jeannedarc-figeac.fr\/college-lycee\/wp-json\/wp\/v2\/types\/post"}],"author":[{"embeddable":true,"href":"https:\/\/www.jeannedarc-figeac.fr\/college-lycee\/wp-json\/wp\/v2\/users\/12"}],"replies":[{"embeddable":true,"href":"https:\/\/www.jeannedarc-figeac.fr\/college-lycee\/wp-json\/wp\/v2\/comments?post=4825"}],"version-history":[{"count":1,"href":"https:\/\/www.jeannedarc-figeac.fr\/college-lycee\/wp-json\/wp\/v2\/posts\/4825\/revisions"}],"predecessor-version":[{"id":4827,"href":"https:\/\/www.jeannedarc-figeac.fr\/college-lycee\/wp-json\/wp\/v2\/posts\/4825\/revisions\/4827"}],"wp:attachment":[{"href":"https:\/\/www.jeannedarc-figeac.fr\/college-lycee\/wp-json\/wp\/v2\/media?parent=4825"}],"wp:term":[{"taxonomy":"category","embeddable":true,"href":"https:\/\/www.jeannedarc-figeac.fr\/college-lycee\/wp-json\/wp\/v2\/categories?post=4825"},{"taxonomy":"post_tag","embeddable":true,"href":"https:\/\/www.jeannedarc-figeac.fr\/college-lycee\/wp-json\/wp\/v2\/tags?post=4825"}],"curies":[{"name":"wp","href":"https:\/\/api.w.org\/{rel}","templated":true}]}}