{"id":4818,"date":"2023-01-11T07:43:45","date_gmt":"2023-01-11T07:43:45","guid":{"rendered":"http:\/\/www.jeannedarc-figeac.fr\/college-lycee\/?p=4818"},"modified":"2023-01-11T08:32:50","modified_gmt":"2023-01-11T08:32:50","slug":"bienvenue-chez-les-chtis","status":"publish","type":"post","link":"https:\/\/www.jeannedarc-figeac.fr\/college-lycee\/bienvenue-chez-les-chtis\/","title":{"rendered":"\u00ab Bienvenue chez les Ch\u2019tis \u00bb"},"content":{"rendered":"<p>&nbsp;<\/p>\n<p><a href=\"https:\/\/i0.wp.com\/www.jeannedarc-figeac.fr\/college-lycee\/wp-content\/uploads\/sites\/5\/2023\/01\/terril_1600X1197-rotated.jpg\"><img data-recalc-dims=\"1\" loading=\"lazy\" decoding=\"async\" class=\"wp-image-4819 size-medium alignleft\" src=\"https:\/\/i0.wp.com\/www.jeannedarc-figeac.fr\/college-lycee\/wp-content\/uploads\/sites\/5\/2023\/01\/terril_1600X1197.jpg?resize=300%2C224\" alt=\"\" width=\"300\" height=\"224\" \/><\/a><\/p>\n<p>Sortie scolaire r\u00e9alis\u00e9e par le Coll\u00e8ge Jeanne d\u2019Arc de Figeac, du 16 au 21 Octobre 2022, dans le Nord de la France, la Belgique et Paris. (avec comme acteurs principaux les \u00e9l\u00e8ves de 3\u00e8mes, et leur professeur d\u2019histoire-G\u00e9ographie aux commentaires).<\/p>\n<p>Voyage bas\u00e9 sur le programme d\u2019histoire-G\u00e9ographie de 3\u00e8mes, nos touristes ont d\u00e9couvert tour \u00e0 tour la m\u00e9tropole de Lille, les terrils de Loos en Gobelle (petites montagnes artificielles construites par accumulation des r\u00e9sidus miniers), puis le mus\u00e9e 14\/18 et la n\u00e9cropole nationale Notre Dame de Lorette, en passant par les tranch\u00e9es et le m\u00e9morial de Vimy, th\u00e9\u00e2tre des combats sanglants de la 1<sup>\u00e8re<\/sup> Guerre mondiale.<\/p>\n<p>A la plus grande satisfaction des \u00e9l\u00e8ves de la section Foot, mais pas que, ils ont visit\u00e9 le stade Bollaert-Delelis, place forte du football fran\u00e7ais (38000 places, dont 32000 abonn\u00e9s\u00a0!).<\/p>\n<p>Direction ensuite Bruxelles et quelques-uns de ses symboles\u00a0: l\u2019Atomium, le Manneken Pis, la Grand Place, sans oublier la visite guid\u00e9e du Parlement europ\u00e9en, un des moments forts de ce voyage.<\/p>\n<p>Le p\u00e9riple s\u2019est achev\u00e9 \u00e0 Paris avec un \u00ab\u00a0saut\u00a0\u00bb au 2<sup>\u00e8me<\/sup> \u00e9tage de la Tour Eiffel (dure mont\u00e9e des marches) et une balade en bateau mouche pour saluer les principaux b\u00e2timents qui jalonnent le parcours.<\/p>\n<p>\u00ab\u00a0Bienvenue chez les Ch\u2019tis\u00a0\u00bb a rencontr\u00e9 un vif succ\u00e8s aupr\u00e8s de nos \u00e9l\u00e8ves, qui effectuaient l\u00e0 leur 1<sup>\u00e8re<\/sup> sortie sans restriction ni masque depuis le confinement.<\/p>\n","protected":false},"excerpt":{"rendered":"<p>&nbsp; Sortie scolaire r\u00e9alis\u00e9e par le Coll\u00e8ge Jeanne d\u2019Arc de Figeac, du 16 au 21 Octobre 2022, dans le Nord de la France, la Belgique et Paris. (avec comme acteurs principaux les \u00e9l\u00e8ves de 3\u00e8mes, et leur professeur d\u2019histoire-G\u00e9ographie aux commentaires). Voyage bas\u00e9 sur le programme d\u2019histoire-G\u00e9ographie de 3\u00e8mes, nos touristes ont d\u00e9couvert tour \u00e0 [&hellip;]<\/p>\n","protected":false},"author":12,"featured_media":0,"comment_status":"closed","ping_status":"open","sticky":false,"template":"","format":"standard","meta":{"_et_pb_use_builder":"","_et_pb_old_content":"","_et_gb_content_width":"","_jetpack_newsletter_access":"","_jetpack_dont_email_post_to_subs":false,"_jetpack_newsletter_tier_id":0,"_jetpack_memberships_contains_paywalled_content":false,"iawp_total_views":4,"_jetpack_memberships_contains_paid_content":false,"footnotes":""},"categories":[28],"tags":[],"class_list":["post-4818","post","type-post","status-publish","format-standard","hentry","category-actus"],"yoast_head":"<!-- This site is optimized with the Yoast SEO plugin v26.0 - https:\/\/yoast.com\/wordpress\/plugins\/seo\/ -->\n<title>\u00ab Bienvenue chez les Ch\u2019tis \u00bb<\/title>\n<meta name=\"description\" content=\"&nbsp; Sortie scolaire r\u00e9alis\u00e9e par le Coll\u00e8ge Jeanne d\u2019Arc de Figeac, du 16 au 21 Octobre 2022, dans le Nord de la France, la Belgique et Paris. (avec\" \/>\n<meta name=\"robots\" content=\"index, follow, max-snippet:-1, max-image-preview:large, max-video-preview:-1\" \/>\n<link rel=\"canonical\" href=\"https:\/\/www.jeannedarc-figeac.fr\/college-lycee\/bienvenue-chez-les-chtis\/\" \/>\n<meta property=\"og:locale\" content=\"fr_FR\" \/>\n<meta property=\"og:type\" content=\"article\" \/>\n<meta property=\"og:title\" content=\"\u00ab Bienvenue chez les Ch\u2019tis \u00bb\" \/>\n<meta property=\"og:description\" content=\"&nbsp; Sortie scolaire r\u00e9alis\u00e9e par le Coll\u00e8ge Jeanne d\u2019Arc de Figeac, du 16 au 21 Octobre 2022, dans le Nord de la France, la Belgique et Paris. (avec\" \/>\n<meta property=\"og:url\" content=\"https:\/\/www.jeannedarc-figeac.fr\/college-lycee\/bienvenue-chez-les-chtis\/\" \/>\n<meta property=\"og:site_name\" content=\"Coll\u00e8ge et Lyc\u00e9e Jeanne d&#039;Arc\" \/>\n<meta property=\"article:published_time\" content=\"2023-01-11T07:43:45+00:00\" \/>\n<meta property=\"article:modified_time\" content=\"2023-01-11T08:32:50+00:00\" \/>\n<meta property=\"og:image\" content=\"http:\/\/www.jeannedarc-figeac.fr\/college-lycee\/wp-content\/uploads\/sites\/5\/2023\/01\/terril_1600X1197-300x224.jpg\" \/>\n<meta name=\"author\" content=\"le secr\u00e9tariat\" \/>\n<script type=\"application\/ld+json\" class=\"yoast-schema-graph\">{\"@context\":\"https:\/\/schema.org\",\"@graph\":[{\"@type\":\"WebPage\",\"@id\":\"https:\/\/www.jeannedarc-figeac.fr\/college-lycee\/bienvenue-chez-les-chtis\/\",\"url\":\"https:\/\/www.jeannedarc-figeac.fr\/college-lycee\/bienvenue-chez-les-chtis\/\",\"name\":\"\u00ab Bienvenue chez les Ch\u2019tis \u00bb\",\"isPartOf\":{\"@id\":\"https:\/\/www.jeannedarc-figeac.fr\/college-lycee\/#website\"},\"primaryImageOfPage\":{\"@id\":\"https:\/\/www.jeannedarc-figeac.fr\/college-lycee\/bienvenue-chez-les-chtis\/#primaryimage\"},\"image\":{\"@id\":\"https:\/\/www.jeannedarc-figeac.fr\/college-lycee\/bienvenue-chez-les-chtis\/#primaryimage\"},\"thumbnailUrl\":\"http:\/\/www.jeannedarc-figeac.fr\/college-lycee\/wp-content\/uploads\/sites\/5\/2023\/01\/terril_1600X1197-300x224.jpg\",\"datePublished\":\"2023-01-11T07:43:45+00:00\",\"dateModified\":\"2023-01-11T08:32:50+00:00\",\"author\":{\"@id\":\"https:\/\/www.jeannedarc-figeac.fr\/college-lycee\/#\/schema\/person\/29e5764f28e895dc8bf41d4468f99154\"},\"description\":\"&nbsp; Sortie scolaire r\u00e9alis\u00e9e par le Coll\u00e8ge Jeanne d\u2019Arc de Figeac, du 16 au 21 Octobre 2022, dans le Nord de la France, la Belgique et Paris. (avec\",\"breadcrumb\":{\"@id\":\"https:\/\/www.jeannedarc-figeac.fr\/college-lycee\/bienvenue-chez-les-chtis\/#breadcrumb\"},\"inLanguage\":\"fr-FR\",\"potentialAction\":[{\"@type\":\"ReadAction\",\"target\":[\"https:\/\/www.jeannedarc-figeac.fr\/college-lycee\/bienvenue-chez-les-chtis\/\"]}]},{\"@type\":\"ImageObject\",\"inLanguage\":\"fr-FR\",\"@id\":\"https:\/\/www.jeannedarc-figeac.fr\/college-lycee\/bienvenue-chez-les-chtis\/#primaryimage\",\"url\":\"http:\/\/www.jeannedarc-figeac.fr\/college-lycee\/wp-content\/uploads\/sites\/5\/2023\/01\/terril_1600X1197-300x224.jpg\",\"contentUrl\":\"http:\/\/www.jeannedarc-figeac.fr\/college-lycee\/wp-content\/uploads\/sites\/5\/2023\/01\/terril_1600X1197-300x224.jpg\"},{\"@type\":\"BreadcrumbList\",\"@id\":\"https:\/\/www.jeannedarc-figeac.fr\/college-lycee\/bienvenue-chez-les-chtis\/#breadcrumb\",\"itemListElement\":[{\"@type\":\"ListItem\",\"position\":1,\"name\":\"Accueil\",\"item\":\"https:\/\/www.jeannedarc-figeac.fr\/college-lycee\/\"},{\"@type\":\"ListItem\",\"position\":2,\"name\":\"Actus\",\"item\":\"http:\/\/www.jeannedarc-figeac.fr\/college-lycee\/cat\/actus\/\"},{\"@type\":\"ListItem\",\"position\":3,\"name\":\"\u00ab Bienvenue chez les Ch\u2019tis \u00bb\"}]},{\"@type\":\"WebSite\",\"@id\":\"https:\/\/www.jeannedarc-figeac.fr\/college-lycee\/#website\",\"url\":\"https:\/\/www.jeannedarc-figeac.fr\/college-lycee\/\",\"name\":\"Coll\u00e8ge et Lyc\u00e9e Jeanne d&#039;Arc\",\"description\":\"Jeanne d&#039;Arc Figeac\",\"potentialAction\":[{\"@type\":\"SearchAction\",\"target\":{\"@type\":\"EntryPoint\",\"urlTemplate\":\"https:\/\/www.jeannedarc-figeac.fr\/college-lycee\/?s={search_term_string}\"},\"query-input\":{\"@type\":\"PropertyValueSpecification\",\"valueRequired\":true,\"valueName\":\"search_term_string\"}}],\"inLanguage\":\"fr-FR\"},{\"@type\":\"Person\",\"@id\":\"https:\/\/www.jeannedarc-figeac.fr\/college-lycee\/#\/schema\/person\/29e5764f28e895dc8bf41d4468f99154\",\"name\":\"le secr\u00e9tariat\",\"image\":{\"@type\":\"ImageObject\",\"inLanguage\":\"fr-FR\",\"@id\":\"https:\/\/www.jeannedarc-figeac.fr\/college-lycee\/#\/schema\/person\/image\/\",\"url\":\"https:\/\/www.jeannedarc-figeac.fr\/college-lycee\/wp-content\/litespeed\/avatar\/5\/b7e8da60f53ba4adc9e9e66d91d84580.jpg?ver=1777548714\",\"contentUrl\":\"https:\/\/www.jeannedarc-figeac.fr\/college-lycee\/wp-content\/litespeed\/avatar\/5\/b7e8da60f53ba4adc9e9e66d91d84580.jpg?ver=1777548714\",\"caption\":\"le secr\u00e9tariat\"},\"url\":\"https:\/\/www.jeannedarc-figeac.fr\/college-lycee\/author\/arlette\/\"}]}<\/script>\n<!-- \/ Yoast SEO plugin. -->","yoast_head_json":{"title":"\u00ab Bienvenue chez les Ch\u2019tis \u00bb","description":"&nbsp; Sortie scolaire r\u00e9alis\u00e9e par le Coll\u00e8ge Jeanne d\u2019Arc de Figeac, du 16 au 21 Octobre 2022, dans le Nord de la France, la Belgique et Paris. (avec","robots":{"index":"index","follow":"follow","max-snippet":"max-snippet:-1","max-image-preview":"max-image-preview:large","max-video-preview":"max-video-preview:-1"},"canonical":"https:\/\/www.jeannedarc-figeac.fr\/college-lycee\/bienvenue-chez-les-chtis\/","og_locale":"fr_FR","og_type":"article","og_title":"\u00ab Bienvenue chez les Ch\u2019tis \u00bb","og_description":"&nbsp; Sortie scolaire r\u00e9alis\u00e9e par le Coll\u00e8ge Jeanne d\u2019Arc de Figeac, du 16 au 21 Octobre 2022, dans le Nord de la France, la Belgique et Paris. (avec","og_url":"https:\/\/www.jeannedarc-figeac.fr\/college-lycee\/bienvenue-chez-les-chtis\/","og_site_name":"Coll\u00e8ge et Lyc\u00e9e Jeanne d&#039;Arc","article_published_time":"2023-01-11T07:43:45+00:00","article_modified_time":"2023-01-11T08:32:50+00:00","og_image":[{"url":"http:\/\/www.jeannedarc-figeac.fr\/college-lycee\/wp-content\/uploads\/sites\/5\/2023\/01\/terril_1600X1197-300x224.jpg","type":"","width":"","height":""}],"author":"le secr\u00e9tariat","schema":{"@context":"https:\/\/schema.org","@graph":[{"@type":"WebPage","@id":"https:\/\/www.jeannedarc-figeac.fr\/college-lycee\/bienvenue-chez-les-chtis\/","url":"https:\/\/www.jeannedarc-figeac.fr\/college-lycee\/bienvenue-chez-les-chtis\/","name":"\u00ab Bienvenue chez les Ch\u2019tis \u00bb","isPartOf":{"@id":"https:\/\/www.jeannedarc-figeac.fr\/college-lycee\/#website"},"primaryImageOfPage":{"@id":"https:\/\/www.jeannedarc-figeac.fr\/college-lycee\/bienvenue-chez-les-chtis\/#primaryimage"},"image":{"@id":"https:\/\/www.jeannedarc-figeac.fr\/college-lycee\/bienvenue-chez-les-chtis\/#primaryimage"},"thumbnailUrl":"http:\/\/www.jeannedarc-figeac.fr\/college-lycee\/wp-content\/uploads\/sites\/5\/2023\/01\/terril_1600X1197-300x224.jpg","datePublished":"2023-01-11T07:43:45+00:00","dateModified":"2023-01-11T08:32:50+00:00","author":{"@id":"https:\/\/www.jeannedarc-figeac.fr\/college-lycee\/#\/schema\/person\/29e5764f28e895dc8bf41d4468f99154"},"description":"&nbsp; Sortie scolaire r\u00e9alis\u00e9e par le Coll\u00e8ge Jeanne d\u2019Arc de Figeac, du 16 au 21 Octobre 2022, dans le Nord de la France, la Belgique et Paris. (avec","breadcrumb":{"@id":"https:\/\/www.jeannedarc-figeac.fr\/college-lycee\/bienvenue-chez-les-chtis\/#breadcrumb"},"inLanguage":"fr-FR","potentialAction":[{"@type":"ReadAction","target":["https:\/\/www.jeannedarc-figeac.fr\/college-lycee\/bienvenue-chez-les-chtis\/"]}]},{"@type":"ImageObject","inLanguage":"fr-FR","@id":"https:\/\/www.jeannedarc-figeac.fr\/college-lycee\/bienvenue-chez-les-chtis\/#primaryimage","url":"http:\/\/www.jeannedarc-figeac.fr\/college-lycee\/wp-content\/uploads\/sites\/5\/2023\/01\/terril_1600X1197-300x224.jpg","contentUrl":"http:\/\/www.jeannedarc-figeac.fr\/college-lycee\/wp-content\/uploads\/sites\/5\/2023\/01\/terril_1600X1197-300x224.jpg"},{"@type":"BreadcrumbList","@id":"https:\/\/www.jeannedarc-figeac.fr\/college-lycee\/bienvenue-chez-les-chtis\/#breadcrumb","itemListElement":[{"@type":"ListItem","position":1,"name":"Accueil","item":"https:\/\/www.jeannedarc-figeac.fr\/college-lycee\/"},{"@type":"ListItem","position":2,"name":"Actus","item":"http:\/\/www.jeannedarc-figeac.fr\/college-lycee\/cat\/actus\/"},{"@type":"ListItem","position":3,"name":"\u00ab Bienvenue chez les Ch\u2019tis \u00bb"}]},{"@type":"WebSite","@id":"https:\/\/www.jeannedarc-figeac.fr\/college-lycee\/#website","url":"https:\/\/www.jeannedarc-figeac.fr\/college-lycee\/","name":"Coll\u00e8ge et Lyc\u00e9e Jeanne d&#039;Arc","description":"Jeanne d&#039;Arc Figeac","potentialAction":[{"@type":"SearchAction","target":{"@type":"EntryPoint","urlTemplate":"https:\/\/www.jeannedarc-figeac.fr\/college-lycee\/?s={search_term_string}"},"query-input":{"@type":"PropertyValueSpecification","valueRequired":true,"valueName":"search_term_string"}}],"inLanguage":"fr-FR"},{"@type":"Person","@id":"https:\/\/www.jeannedarc-figeac.fr\/college-lycee\/#\/schema\/person\/29e5764f28e895dc8bf41d4468f99154","name":"le secr\u00e9tariat","image":{"@type":"ImageObject","inLanguage":"fr-FR","@id":"https:\/\/www.jeannedarc-figeac.fr\/college-lycee\/#\/schema\/person\/image\/","url":"https:\/\/www.jeannedarc-figeac.fr\/college-lycee\/wp-content\/litespeed\/avatar\/5\/b7e8da60f53ba4adc9e9e66d91d84580.jpg?ver=1777548714","contentUrl":"https:\/\/www.jeannedarc-figeac.fr\/college-lycee\/wp-content\/litespeed\/avatar\/5\/b7e8da60f53ba4adc9e9e66d91d84580.jpg?ver=1777548714","caption":"le secr\u00e9tariat"},"url":"https:\/\/www.jeannedarc-figeac.fr\/college-lycee\/author\/arlette\/"}]}},"jetpack_featured_media_url":"","jetpack_sharing_enabled":true,"jetpack_shortlink":"https:\/\/wp.me\/p5Qyb6-1fI","_links":{"self":[{"href":"https:\/\/www.jeannedarc-figeac.fr\/college-lycee\/wp-json\/wp\/v2\/posts\/4818","targetHints":{"allow":["GET"]}}],"collection":[{"href":"https:\/\/www.jeannedarc-figeac.fr\/college-lycee\/wp-json\/wp\/v2\/posts"}],"about":[{"href":"https:\/\/www.jeannedarc-figeac.fr\/college-lycee\/wp-json\/wp\/v2\/types\/post"}],"author":[{"embeddable":true,"href":"https:\/\/www.jeannedarc-figeac.fr\/college-lycee\/wp-json\/wp\/v2\/users\/12"}],"replies":[{"embeddable":true,"href":"https:\/\/www.jeannedarc-figeac.fr\/college-lycee\/wp-json\/wp\/v2\/comments?post=4818"}],"version-history":[{"count":3,"href":"https:\/\/www.jeannedarc-figeac.fr\/college-lycee\/wp-json\/wp\/v2\/posts\/4818\/revisions"}],"predecessor-version":[{"id":4824,"href":"https:\/\/www.jeannedarc-figeac.fr\/college-lycee\/wp-json\/wp\/v2\/posts\/4818\/revisions\/4824"}],"wp:attachment":[{"href":"https:\/\/www.jeannedarc-figeac.fr\/college-lycee\/wp-json\/wp\/v2\/media?parent=4818"}],"wp:term":[{"taxonomy":"category","embeddable":true,"href":"https:\/\/www.jeannedarc-figeac.fr\/college-lycee\/wp-json\/wp\/v2\/categories?post=4818"},{"taxonomy":"post_tag","embeddable":true,"href":"https:\/\/www.jeannedarc-figeac.fr\/college-lycee\/wp-json\/wp\/v2\/tags?post=4818"}],"curies":[{"name":"wp","href":"https:\/\/api.w.org\/{rel}","templated":true}]}}