{"id":4680,"date":"2022-05-23T09:17:05","date_gmt":"2022-05-23T09:17:05","guid":{"rendered":"http:\/\/www.jeannedarc-figeac.fr\/college-lycee\/?p=4680"},"modified":"2022-05-23T09:17:08","modified_gmt":"2022-05-23T09:17:08","slug":"les-lyceens-du-lycee-jeanne-darc-en-voyage-a-paris","status":"publish","type":"post","link":"https:\/\/www.jeannedarc-figeac.fr\/college-lycee\/les-lyceens-du-lycee-jeanne-darc-en-voyage-a-paris\/","title":{"rendered":"Les lyc\u00e9ens du lyc\u00e9e Jeanne d\u2019Arc en voyage \u00e0 Paris"},"content":{"rendered":"\n<figure class=\"wp-block-image size-medium\"><a href=\"https:\/\/i0.wp.com\/www.jeannedarc-figeac.fr\/college-lycee\/wp-content\/uploads\/sites\/5\/2022\/05\/voyage-Paris-4-BIS.jpg\"><img data-recalc-dims=\"1\" loading=\"lazy\" decoding=\"async\" width=\"300\" height=\"300\" src=\"https:\/\/i0.wp.com\/www.jeannedarc-figeac.fr\/college-lycee\/wp-content\/uploads\/sites\/5\/2022\/05\/voyage-Paris-4-BIS.jpg?resize=300%2C300\" alt=\"\" class=\"wp-image-4681\" srcset=\"https:\/\/i0.wp.com\/www.jeannedarc-figeac.fr\/college-lycee\/wp-content\/uploads\/sites\/5\/2022\/05\/voyage-Paris-4-BIS.jpg?resize=300%2C300&amp;ssl=1 300w, https:\/\/i0.wp.com\/www.jeannedarc-figeac.fr\/college-lycee\/wp-content\/uploads\/sites\/5\/2022\/05\/voyage-Paris-4-BIS.jpg?resize=1024%2C1024&amp;ssl=1 1024w, https:\/\/i0.wp.com\/www.jeannedarc-figeac.fr\/college-lycee\/wp-content\/uploads\/sites\/5\/2022\/05\/voyage-Paris-4-BIS.jpg?resize=150%2C150&amp;ssl=1 150w, https:\/\/i0.wp.com\/www.jeannedarc-figeac.fr\/college-lycee\/wp-content\/uploads\/sites\/5\/2022\/05\/voyage-Paris-4-BIS.jpg?resize=768%2C768&amp;ssl=1 768w, https:\/\/i0.wp.com\/www.jeannedarc-figeac.fr\/college-lycee\/wp-content\/uploads\/sites\/5\/2022\/05\/voyage-Paris-4-BIS.jpg?resize=1536%2C1536&amp;ssl=1 1536w, https:\/\/i0.wp.com\/www.jeannedarc-figeac.fr\/college-lycee\/wp-content\/uploads\/sites\/5\/2022\/05\/voyage-Paris-4-BIS.jpg?resize=1080%2C1080&amp;ssl=1 1080w, https:\/\/i0.wp.com\/www.jeannedarc-figeac.fr\/college-lycee\/wp-content\/uploads\/sites\/5\/2022\/05\/voyage-Paris-4-BIS.jpg?w=1600&amp;ssl=1 1600w\" sizes=\"(max-width: 300px) 100vw, 300px\" \/><\/a><\/figure>\n\n\n\n<p>Une belle semaine parisienne pour les \u00e9l\u00e8ves de CAP ATMFC, 1<sup>\u00e8re<\/sup> ASSP, 1<sup>\u00e8re<\/sup> ST2S et 1<sup>\u00e8re<\/sup> G\u00e9n\u00e9rale. Le programme \u00e9tait riche et vari\u00e9. Une premi\u00e8re journ\u00e9e pour d\u00e9couvrir l\u2019Arc de Triomphe, la rue du faubourg Saint Honor\u00e9, une petite photo devant l\u2019Elys\u00e9e puis une visite du Louvre. Une seconde journ\u00e9e scientifique avec la visite de la Cit\u00e9 de l\u2019air et de l\u2019espace du Bourget suivie par la visite de la Cit\u00e9 des sciences et de l\u2019industrie de la Vilette. Une journ\u00e9e historique entre Louis XIV \u00e0 Versailles et Marie Antoinette prisonni\u00e8re de la Conciergerie sur l\u2019\u00eele de la Cit\u00e9. Et une journ\u00e9e plus touristique avec\u00a0 une ascension de l\u2019embl\u00e9matique Tour Eiffel, une promenade en bateau mouche et un temps de fl\u00e2nerie au pied du Sacr\u00e9 C\u0153ur \u00e0 Montmartre. Un panorama des lieux embl\u00e9matiques de la Capitale qui aura permis \u00e0 chacun de mieux conna\u00eetre la ville lumi\u00e8re et de cr\u00e9er des liens entre les \u00e9l\u00e8ves de nos diff\u00e9rentes fili\u00e8res\u00a0!<\/p>\n","protected":false},"excerpt":{"rendered":"<p>Une belle semaine parisienne pour les \u00e9l\u00e8ves de CAP ATMFC, 1\u00e8re ASSP, 1\u00e8re ST2S et 1\u00e8re G\u00e9n\u00e9rale. Le programme \u00e9tait riche et vari\u00e9. Une premi\u00e8re journ\u00e9e pour d\u00e9couvrir l\u2019Arc de Triomphe, la rue du faubourg Saint Honor\u00e9, une petite photo devant l\u2019Elys\u00e9e puis une visite du Louvre. Une seconde journ\u00e9e scientifique avec la visite de [&hellip;]<\/p>\n","protected":false},"author":12,"featured_media":0,"comment_status":"closed","ping_status":"open","sticky":false,"template":"","format":"standard","meta":{"_et_pb_use_builder":"","_et_pb_old_content":"","_et_gb_content_width":"","_jetpack_newsletter_access":"","_jetpack_dont_email_post_to_subs":false,"_jetpack_newsletter_tier_id":0,"_jetpack_memberships_contains_paywalled_content":false,"iawp_total_views":0,"_jetpack_memberships_contains_paid_content":false,"footnotes":""},"categories":[28],"tags":[],"class_list":["post-4680","post","type-post","status-publish","format-standard","hentry","category-actus"],"yoast_head":"<!-- This site is optimized with the Yoast SEO plugin v26.0 - https:\/\/yoast.com\/wordpress\/plugins\/seo\/ -->\n<title>Les lyc\u00e9ens du lyc\u00e9e Jeanne d\u2019Arc en voyage \u00e0 Paris<\/title>\n<meta name=\"description\" content=\"Une belle semaine parisienne pour les \u00e9l\u00e8ves de CAP ATMFC, 1\u00e8re ASSP, 1\u00e8re ST2S et 1\u00e8re G\u00e9n\u00e9rale. Le programme \u00e9tait riche et vari\u00e9. Une premi\u00e8re journ\u00e9e\" \/>\n<meta name=\"robots\" content=\"index, follow, max-snippet:-1, max-image-preview:large, max-video-preview:-1\" \/>\n<link rel=\"canonical\" href=\"http:\/\/www.jeannedarc-figeac.fr\/college-lycee\/les-lyceens-du-lycee-jeanne-darc-en-voyage-a-paris\/\" \/>\n<meta property=\"og:locale\" content=\"fr_FR\" \/>\n<meta property=\"og:type\" content=\"article\" \/>\n<meta property=\"og:title\" content=\"Les lyc\u00e9ens du lyc\u00e9e Jeanne d\u2019Arc en voyage \u00e0 Paris\" \/>\n<meta property=\"og:description\" content=\"Une belle semaine parisienne pour les \u00e9l\u00e8ves de CAP ATMFC, 1\u00e8re ASSP, 1\u00e8re ST2S et 1\u00e8re G\u00e9n\u00e9rale. Le programme \u00e9tait riche et vari\u00e9. Une premi\u00e8re journ\u00e9e\" \/>\n<meta property=\"og:url\" content=\"http:\/\/www.jeannedarc-figeac.fr\/college-lycee\/les-lyceens-du-lycee-jeanne-darc-en-voyage-a-paris\/\" \/>\n<meta property=\"og:site_name\" content=\"Coll\u00e8ge et Lyc\u00e9e Jeanne d&#039;Arc\" \/>\n<meta property=\"article:published_time\" content=\"2022-05-23T09:17:05+00:00\" \/>\n<meta property=\"article:modified_time\" content=\"2022-05-23T09:17:08+00:00\" \/>\n<meta property=\"og:image\" content=\"http:\/\/www.jeannedarc-figeac.fr\/college-lycee\/wp-content\/uploads\/sites\/5\/2022\/05\/voyage-Paris-4-BIS-300x300.jpg\" \/>\n<meta name=\"author\" content=\"le secr\u00e9tariat\" \/>\n<script type=\"application\/ld+json\" class=\"yoast-schema-graph\">{\"@context\":\"https:\/\/schema.org\",\"@graph\":[{\"@type\":\"WebPage\",\"@id\":\"http:\/\/www.jeannedarc-figeac.fr\/college-lycee\/les-lyceens-du-lycee-jeanne-darc-en-voyage-a-paris\/\",\"url\":\"http:\/\/www.jeannedarc-figeac.fr\/college-lycee\/les-lyceens-du-lycee-jeanne-darc-en-voyage-a-paris\/\",\"name\":\"Les lyc\u00e9ens du lyc\u00e9e Jeanne d\u2019Arc en voyage \u00e0 Paris\",\"isPartOf\":{\"@id\":\"https:\/\/www.jeannedarc-figeac.fr\/college-lycee\/#website\"},\"primaryImageOfPage\":{\"@id\":\"http:\/\/www.jeannedarc-figeac.fr\/college-lycee\/les-lyceens-du-lycee-jeanne-darc-en-voyage-a-paris\/#primaryimage\"},\"image\":{\"@id\":\"http:\/\/www.jeannedarc-figeac.fr\/college-lycee\/les-lyceens-du-lycee-jeanne-darc-en-voyage-a-paris\/#primaryimage\"},\"thumbnailUrl\":\"http:\/\/www.jeannedarc-figeac.fr\/college-lycee\/wp-content\/uploads\/sites\/5\/2022\/05\/voyage-Paris-4-BIS-300x300.jpg\",\"datePublished\":\"2022-05-23T09:17:05+00:00\",\"dateModified\":\"2022-05-23T09:17:08+00:00\",\"author\":{\"@id\":\"https:\/\/www.jeannedarc-figeac.fr\/college-lycee\/#\/schema\/person\/29e5764f28e895dc8bf41d4468f99154\"},\"description\":\"Une belle semaine parisienne pour les \u00e9l\u00e8ves de CAP ATMFC, 1\u00e8re ASSP, 1\u00e8re ST2S et 1\u00e8re G\u00e9n\u00e9rale. Le programme \u00e9tait riche et vari\u00e9. Une premi\u00e8re journ\u00e9e\",\"breadcrumb\":{\"@id\":\"http:\/\/www.jeannedarc-figeac.fr\/college-lycee\/les-lyceens-du-lycee-jeanne-darc-en-voyage-a-paris\/#breadcrumb\"},\"inLanguage\":\"fr-FR\",\"potentialAction\":[{\"@type\":\"ReadAction\",\"target\":[\"http:\/\/www.jeannedarc-figeac.fr\/college-lycee\/les-lyceens-du-lycee-jeanne-darc-en-voyage-a-paris\/\"]}]},{\"@type\":\"ImageObject\",\"inLanguage\":\"fr-FR\",\"@id\":\"http:\/\/www.jeannedarc-figeac.fr\/college-lycee\/les-lyceens-du-lycee-jeanne-darc-en-voyage-a-paris\/#primaryimage\",\"url\":\"https:\/\/i0.wp.com\/www.jeannedarc-figeac.fr\/college-lycee\/wp-content\/uploads\/sites\/5\/2022\/05\/voyage-Paris-4-BIS.jpg?fit=1600%2C1600&ssl=1\",\"contentUrl\":\"https:\/\/i0.wp.com\/www.jeannedarc-figeac.fr\/college-lycee\/wp-content\/uploads\/sites\/5\/2022\/05\/voyage-Paris-4-BIS.jpg?fit=1600%2C1600&ssl=1\",\"width\":1600,\"height\":1600},{\"@type\":\"BreadcrumbList\",\"@id\":\"http:\/\/www.jeannedarc-figeac.fr\/college-lycee\/les-lyceens-du-lycee-jeanne-darc-en-voyage-a-paris\/#breadcrumb\",\"itemListElement\":[{\"@type\":\"ListItem\",\"position\":1,\"name\":\"Accueil\",\"item\":\"https:\/\/www.jeannedarc-figeac.fr\/college-lycee\/\"},{\"@type\":\"ListItem\",\"position\":2,\"name\":\"Actus\",\"item\":\"http:\/\/www.jeannedarc-figeac.fr\/college-lycee\/cat\/actus\/\"},{\"@type\":\"ListItem\",\"position\":3,\"name\":\"Les lyc\u00e9ens du lyc\u00e9e Jeanne d\u2019Arc en voyage \u00e0 Paris\"}]},{\"@type\":\"WebSite\",\"@id\":\"https:\/\/www.jeannedarc-figeac.fr\/college-lycee\/#website\",\"url\":\"https:\/\/www.jeannedarc-figeac.fr\/college-lycee\/\",\"name\":\"Coll\u00e8ge et Lyc\u00e9e Jeanne d&#039;Arc\",\"description\":\"Jeanne d&#039;Arc Figeac\",\"potentialAction\":[{\"@type\":\"SearchAction\",\"target\":{\"@type\":\"EntryPoint\",\"urlTemplate\":\"https:\/\/www.jeannedarc-figeac.fr\/college-lycee\/?s={search_term_string}\"},\"query-input\":{\"@type\":\"PropertyValueSpecification\",\"valueRequired\":true,\"valueName\":\"search_term_string\"}}],\"inLanguage\":\"fr-FR\"},{\"@type\":\"Person\",\"@id\":\"https:\/\/www.jeannedarc-figeac.fr\/college-lycee\/#\/schema\/person\/29e5764f28e895dc8bf41d4468f99154\",\"name\":\"le secr\u00e9tariat\",\"image\":{\"@type\":\"ImageObject\",\"inLanguage\":\"fr-FR\",\"@id\":\"https:\/\/www.jeannedarc-figeac.fr\/college-lycee\/#\/schema\/person\/image\/\",\"url\":\"https:\/\/www.jeannedarc-figeac.fr\/college-lycee\/wp-content\/litespeed\/avatar\/5\/b7e8da60f53ba4adc9e9e66d91d84580.jpg?ver=1777548714\",\"contentUrl\":\"https:\/\/www.jeannedarc-figeac.fr\/college-lycee\/wp-content\/litespeed\/avatar\/5\/b7e8da60f53ba4adc9e9e66d91d84580.jpg?ver=1777548714\",\"caption\":\"le secr\u00e9tariat\"},\"url\":\"https:\/\/www.jeannedarc-figeac.fr\/college-lycee\/author\/arlette\/\"}]}<\/script>\n<!-- \/ Yoast SEO plugin. -->","yoast_head_json":{"title":"Les lyc\u00e9ens du lyc\u00e9e Jeanne d\u2019Arc en voyage \u00e0 Paris","description":"Une belle semaine parisienne pour les \u00e9l\u00e8ves de CAP ATMFC, 1\u00e8re ASSP, 1\u00e8re ST2S et 1\u00e8re G\u00e9n\u00e9rale. Le programme \u00e9tait riche et vari\u00e9. Une premi\u00e8re journ\u00e9e","robots":{"index":"index","follow":"follow","max-snippet":"max-snippet:-1","max-image-preview":"max-image-preview:large","max-video-preview":"max-video-preview:-1"},"canonical":"http:\/\/www.jeannedarc-figeac.fr\/college-lycee\/les-lyceens-du-lycee-jeanne-darc-en-voyage-a-paris\/","og_locale":"fr_FR","og_type":"article","og_title":"Les lyc\u00e9ens du lyc\u00e9e Jeanne d\u2019Arc en voyage \u00e0 Paris","og_description":"Une belle semaine parisienne pour les \u00e9l\u00e8ves de CAP ATMFC, 1\u00e8re ASSP, 1\u00e8re ST2S et 1\u00e8re G\u00e9n\u00e9rale. Le programme \u00e9tait riche et vari\u00e9. Une premi\u00e8re journ\u00e9e","og_url":"http:\/\/www.jeannedarc-figeac.fr\/college-lycee\/les-lyceens-du-lycee-jeanne-darc-en-voyage-a-paris\/","og_site_name":"Coll\u00e8ge et Lyc\u00e9e Jeanne d&#039;Arc","article_published_time":"2022-05-23T09:17:05+00:00","article_modified_time":"2022-05-23T09:17:08+00:00","og_image":[{"url":"http:\/\/www.jeannedarc-figeac.fr\/college-lycee\/wp-content\/uploads\/sites\/5\/2022\/05\/voyage-Paris-4-BIS-300x300.jpg","type":"","width":"","height":""}],"author":"le secr\u00e9tariat","schema":{"@context":"https:\/\/schema.org","@graph":[{"@type":"WebPage","@id":"http:\/\/www.jeannedarc-figeac.fr\/college-lycee\/les-lyceens-du-lycee-jeanne-darc-en-voyage-a-paris\/","url":"http:\/\/www.jeannedarc-figeac.fr\/college-lycee\/les-lyceens-du-lycee-jeanne-darc-en-voyage-a-paris\/","name":"Les lyc\u00e9ens du lyc\u00e9e Jeanne d\u2019Arc en voyage \u00e0 Paris","isPartOf":{"@id":"https:\/\/www.jeannedarc-figeac.fr\/college-lycee\/#website"},"primaryImageOfPage":{"@id":"http:\/\/www.jeannedarc-figeac.fr\/college-lycee\/les-lyceens-du-lycee-jeanne-darc-en-voyage-a-paris\/#primaryimage"},"image":{"@id":"http:\/\/www.jeannedarc-figeac.fr\/college-lycee\/les-lyceens-du-lycee-jeanne-darc-en-voyage-a-paris\/#primaryimage"},"thumbnailUrl":"http:\/\/www.jeannedarc-figeac.fr\/college-lycee\/wp-content\/uploads\/sites\/5\/2022\/05\/voyage-Paris-4-BIS-300x300.jpg","datePublished":"2022-05-23T09:17:05+00:00","dateModified":"2022-05-23T09:17:08+00:00","author":{"@id":"https:\/\/www.jeannedarc-figeac.fr\/college-lycee\/#\/schema\/person\/29e5764f28e895dc8bf41d4468f99154"},"description":"Une belle semaine parisienne pour les \u00e9l\u00e8ves de CAP ATMFC, 1\u00e8re ASSP, 1\u00e8re ST2S et 1\u00e8re G\u00e9n\u00e9rale. Le programme \u00e9tait riche et vari\u00e9. Une premi\u00e8re journ\u00e9e","breadcrumb":{"@id":"http:\/\/www.jeannedarc-figeac.fr\/college-lycee\/les-lyceens-du-lycee-jeanne-darc-en-voyage-a-paris\/#breadcrumb"},"inLanguage":"fr-FR","potentialAction":[{"@type":"ReadAction","target":["http:\/\/www.jeannedarc-figeac.fr\/college-lycee\/les-lyceens-du-lycee-jeanne-darc-en-voyage-a-paris\/"]}]},{"@type":"ImageObject","inLanguage":"fr-FR","@id":"http:\/\/www.jeannedarc-figeac.fr\/college-lycee\/les-lyceens-du-lycee-jeanne-darc-en-voyage-a-paris\/#primaryimage","url":"https:\/\/i0.wp.com\/www.jeannedarc-figeac.fr\/college-lycee\/wp-content\/uploads\/sites\/5\/2022\/05\/voyage-Paris-4-BIS.jpg?fit=1600%2C1600&ssl=1","contentUrl":"https:\/\/i0.wp.com\/www.jeannedarc-figeac.fr\/college-lycee\/wp-content\/uploads\/sites\/5\/2022\/05\/voyage-Paris-4-BIS.jpg?fit=1600%2C1600&ssl=1","width":1600,"height":1600},{"@type":"BreadcrumbList","@id":"http:\/\/www.jeannedarc-figeac.fr\/college-lycee\/les-lyceens-du-lycee-jeanne-darc-en-voyage-a-paris\/#breadcrumb","itemListElement":[{"@type":"ListItem","position":1,"name":"Accueil","item":"https:\/\/www.jeannedarc-figeac.fr\/college-lycee\/"},{"@type":"ListItem","position":2,"name":"Actus","item":"http:\/\/www.jeannedarc-figeac.fr\/college-lycee\/cat\/actus\/"},{"@type":"ListItem","position":3,"name":"Les lyc\u00e9ens du lyc\u00e9e Jeanne d\u2019Arc en voyage \u00e0 Paris"}]},{"@type":"WebSite","@id":"https:\/\/www.jeannedarc-figeac.fr\/college-lycee\/#website","url":"https:\/\/www.jeannedarc-figeac.fr\/college-lycee\/","name":"Coll\u00e8ge et Lyc\u00e9e Jeanne d&#039;Arc","description":"Jeanne d&#039;Arc Figeac","potentialAction":[{"@type":"SearchAction","target":{"@type":"EntryPoint","urlTemplate":"https:\/\/www.jeannedarc-figeac.fr\/college-lycee\/?s={search_term_string}"},"query-input":{"@type":"PropertyValueSpecification","valueRequired":true,"valueName":"search_term_string"}}],"inLanguage":"fr-FR"},{"@type":"Person","@id":"https:\/\/www.jeannedarc-figeac.fr\/college-lycee\/#\/schema\/person\/29e5764f28e895dc8bf41d4468f99154","name":"le secr\u00e9tariat","image":{"@type":"ImageObject","inLanguage":"fr-FR","@id":"https:\/\/www.jeannedarc-figeac.fr\/college-lycee\/#\/schema\/person\/image\/","url":"https:\/\/www.jeannedarc-figeac.fr\/college-lycee\/wp-content\/litespeed\/avatar\/5\/b7e8da60f53ba4adc9e9e66d91d84580.jpg?ver=1777548714","contentUrl":"https:\/\/www.jeannedarc-figeac.fr\/college-lycee\/wp-content\/litespeed\/avatar\/5\/b7e8da60f53ba4adc9e9e66d91d84580.jpg?ver=1777548714","caption":"le secr\u00e9tariat"},"url":"https:\/\/www.jeannedarc-figeac.fr\/college-lycee\/author\/arlette\/"}]}},"jetpack_featured_media_url":"","jetpack_sharing_enabled":true,"jetpack_shortlink":"https:\/\/wp.me\/p5Qyb6-1du","_links":{"self":[{"href":"https:\/\/www.jeannedarc-figeac.fr\/college-lycee\/wp-json\/wp\/v2\/posts\/4680","targetHints":{"allow":["GET"]}}],"collection":[{"href":"https:\/\/www.jeannedarc-figeac.fr\/college-lycee\/wp-json\/wp\/v2\/posts"}],"about":[{"href":"https:\/\/www.jeannedarc-figeac.fr\/college-lycee\/wp-json\/wp\/v2\/types\/post"}],"author":[{"embeddable":true,"href":"https:\/\/www.jeannedarc-figeac.fr\/college-lycee\/wp-json\/wp\/v2\/users\/12"}],"replies":[{"embeddable":true,"href":"https:\/\/www.jeannedarc-figeac.fr\/college-lycee\/wp-json\/wp\/v2\/comments?post=4680"}],"version-history":[{"count":1,"href":"https:\/\/www.jeannedarc-figeac.fr\/college-lycee\/wp-json\/wp\/v2\/posts\/4680\/revisions"}],"predecessor-version":[{"id":4682,"href":"https:\/\/www.jeannedarc-figeac.fr\/college-lycee\/wp-json\/wp\/v2\/posts\/4680\/revisions\/4682"}],"wp:attachment":[{"href":"https:\/\/www.jeannedarc-figeac.fr\/college-lycee\/wp-json\/wp\/v2\/media?parent=4680"}],"wp:term":[{"taxonomy":"category","embeddable":true,"href":"https:\/\/www.jeannedarc-figeac.fr\/college-lycee\/wp-json\/wp\/v2\/categories?post=4680"},{"taxonomy":"post_tag","embeddable":true,"href":"https:\/\/www.jeannedarc-figeac.fr\/college-lycee\/wp-json\/wp\/v2\/tags?post=4680"}],"curies":[{"name":"wp","href":"https:\/\/api.w.org\/{rel}","templated":true}]}}