{"id":4500,"date":"2022-02-02T09:44:26","date_gmt":"2022-02-02T09:44:26","guid":{"rendered":"http:\/\/www.jeannedarc-figeac.fr\/college-lycee\/?p=4500"},"modified":"2022-02-02T09:44:29","modified_gmt":"2022-02-02T09:44:29","slug":"travail-collectif-et-civique-des-eleves-de-tle-st2s","status":"publish","type":"post","link":"https:\/\/www.jeannedarc-figeac.fr\/college-lycee\/travail-collectif-et-civique-des-eleves-de-tle-st2s\/","title":{"rendered":"Travail collectif et civique des \u00e9l\u00e8ves de Tle ST2S"},"content":{"rendered":"\n<p><\/p>\n\n\n\n<figure class=\"wp-block-image size-medium\"><a href=\"https:\/\/i0.wp.com\/www.jeannedarc-figeac.fr\/college-lycee\/wp-content\/uploads\/sites\/5\/2022\/02\/musee-resistance-MODIFIE.jpg\"><img data-recalc-dims=\"1\" loading=\"lazy\" decoding=\"async\" width=\"300\" height=\"225\" src=\"https:\/\/i0.wp.com\/www.jeannedarc-figeac.fr\/college-lycee\/wp-content\/uploads\/sites\/5\/2022\/02\/musee-resistance-MODIFIE.jpg?resize=300%2C225\" alt=\"\" class=\"wp-image-4501\" srcset=\"https:\/\/i0.wp.com\/www.jeannedarc-figeac.fr\/college-lycee\/wp-content\/uploads\/sites\/5\/2022\/02\/musee-resistance-MODIFIE.jpg?resize=300%2C225&amp;ssl=1 300w, https:\/\/i0.wp.com\/www.jeannedarc-figeac.fr\/college-lycee\/wp-content\/uploads\/sites\/5\/2022\/02\/musee-resistance-MODIFIE.jpg?resize=1024%2C768&amp;ssl=1 1024w, https:\/\/i0.wp.com\/www.jeannedarc-figeac.fr\/college-lycee\/wp-content\/uploads\/sites\/5\/2022\/02\/musee-resistance-MODIFIE.jpg?resize=768%2C576&amp;ssl=1 768w, https:\/\/i0.wp.com\/www.jeannedarc-figeac.fr\/college-lycee\/wp-content\/uploads\/sites\/5\/2022\/02\/musee-resistance-MODIFIE.jpg?resize=1536%2C1152&amp;ssl=1 1536w, https:\/\/i0.wp.com\/www.jeannedarc-figeac.fr\/college-lycee\/wp-content\/uploads\/sites\/5\/2022\/02\/musee-resistance-MODIFIE.jpg?resize=1080%2C810&amp;ssl=1 1080w, https:\/\/i0.wp.com\/www.jeannedarc-figeac.fr\/college-lycee\/wp-content\/uploads\/sites\/5\/2022\/02\/musee-resistance-MODIFIE.jpg?w=1600&amp;ssl=1 1600w\" sizes=\"(max-width: 300px) 100vw, 300px\" \/><\/a><\/figure>\n\n\n\n<p>Concours National de la R\u00e9sistance et de la D\u00e9portation.<\/p>\n\n\n\n<p>Le th\u00e8me du Concours 2022 est fait pour des \u00e9l\u00e8ves figeacois\u00a0: en effet, il s\u2019agit cette ann\u00e9e de travailler sur la fin de la Seconde Guerre mondiale, notamment les op\u00e9rations de r\u00e9pression et de terreur dont la Rafle de Figeac, le massacre de Saint-F\u00e9lix, et les nombreux d\u00e9port\u00e9s quercynois. Suite \u00e0 la visite, le 21 janvier, de l\u2019annexe du Mus\u00e9e de la R\u00e9sistance \u00e0 Figeac (rue E. Zola) o\u00f9 les \u00e9l\u00e8ves ont \u00e9t\u00e9 accueillis par Mr Estanteau (fils de d\u00e9port\u00e9 figeacois mort \u00e0 Bergen-Belsen), la classe a d\u00e9cid\u00e9 de pr\u00e9senter une production collective intitul\u00e9e <strong>\u00ab\u00a0La valise de nos anc\u00eatres dans la tourmente de 1944\u00a0\u00bb<\/strong>. En effet, plac\u00e9s dans cette valise, des objets seront s\u00e9lectionn\u00e9s au Mus\u00e9e ou r\u00e9cup\u00e9r\u00e9s dans les familles (des bottes ayant appartenu \u00e0 un nazi, une photographie du Monument du Cingle, une tenue ray\u00e9e de d\u00e9port\u00e9, des lettres priv\u00e9es, etc), et chacun aura une r\u00e9f\u00e9rence (peut-\u00eatre un QR code) qui proposerait un t\u00e9moignage audio direct (enregistr\u00e9 par les \u00e9l\u00e8ves aupr\u00e8s de leurs proches ou \u00e0 la Maison de Retraite de Bataill\u00e9) ou indirect (retranscription lue par des \u00e9l\u00e8ves). Les mots sensibles de Ma\u00eblia prouvent que ce projet est bien une <strong>d\u00e9marche<\/strong> \u00e0 la fois tr\u00e8s <strong>personnelle et civique<\/strong>\u00a0: \u00ab\u00a0Tout d\u2019abord, je tiens \u00e0 pr\u00e9ciser que notre professeure nous a oblig\u00e9s \u00e0 participer \u00e0 ce concours. Je n\u2019\u00e9tais pas super enchant\u00e9e d\u2019y participer (\u2026), cette premi\u00e8re id\u00e9e a totalement \u00e9t\u00e9 bouscul\u00e9e. (\u2026) apprendre un sujet d\u2019une mani\u00e8re diff\u00e9rente (\u2026) un moyen de discuter avec des personnes \u00e2g\u00e9es (\u2026) j\u2019ai appris que ma grand-m\u00e8re \u00e9tait la petite-fille d\u2019un d\u00e9port\u00e9 (\u2026) on se rend compte que nous avons la chance de vivre en cette p\u00e9riode, ce que nos arri\u00e8re-arri\u00e8re-grands-parents n\u2019ont pas eu, c\u2019est pour cela qu\u2019il faut continuer de leur rendre hommage. (\u2026) je me rends compte que je serais pass\u00e9e \u00e0 c\u00f4t\u00e9 d\u2019une exp\u00e9rience tr\u00e8s forte\u00a0\u00bb.<\/p>\n","protected":false},"excerpt":{"rendered":"<p>Concours National de la R\u00e9sistance et de la D\u00e9portation. Le th\u00e8me du Concours 2022 est fait pour des \u00e9l\u00e8ves figeacois\u00a0: en effet, il s\u2019agit cette ann\u00e9e de travailler sur la fin de la Seconde Guerre mondiale, notamment les op\u00e9rations de r\u00e9pression et de terreur dont la Rafle de Figeac, le massacre de Saint-F\u00e9lix, et les [&hellip;]<\/p>\n","protected":false},"author":12,"featured_media":0,"comment_status":"closed","ping_status":"open","sticky":false,"template":"","format":"standard","meta":{"_et_pb_use_builder":"","_et_pb_old_content":"","_et_gb_content_width":"","_jetpack_newsletter_access":"","_jetpack_dont_email_post_to_subs":false,"_jetpack_newsletter_tier_id":0,"_jetpack_memberships_contains_paywalled_content":false,"iawp_total_views":0,"_jetpack_memberships_contains_paid_content":false,"footnotes":""},"categories":[28],"tags":[],"class_list":["post-4500","post","type-post","status-publish","format-standard","hentry","category-actus"],"yoast_head":"<!-- This site is optimized with the Yoast SEO plugin v26.0 - https:\/\/yoast.com\/wordpress\/plugins\/seo\/ -->\n<title>Travail collectif et civique des \u00e9l\u00e8ves de Tle ST2S<\/title>\n<meta name=\"description\" content=\"Concours National de la R\u00e9sistance et de la D\u00e9portation. Le th\u00e8me du Concours 2022 est fait pour des \u00e9l\u00e8ves figeacois\u00a0: en effet, il s\u2019agit cette ann\u00e9e de\" \/>\n<meta name=\"robots\" content=\"index, follow, max-snippet:-1, max-image-preview:large, max-video-preview:-1\" \/>\n<link rel=\"canonical\" href=\"https:\/\/www.jeannedarc-figeac.fr\/college-lycee\/travail-collectif-et-civique-des-eleves-de-tle-st2s\/\" \/>\n<meta property=\"og:locale\" content=\"fr_FR\" \/>\n<meta property=\"og:type\" content=\"article\" \/>\n<meta property=\"og:title\" content=\"Travail collectif et civique des \u00e9l\u00e8ves de Tle ST2S\" \/>\n<meta property=\"og:description\" content=\"Concours National de la R\u00e9sistance et de la D\u00e9portation. Le th\u00e8me du Concours 2022 est fait pour des \u00e9l\u00e8ves figeacois\u00a0: en effet, il s\u2019agit cette ann\u00e9e de\" \/>\n<meta property=\"og:url\" content=\"https:\/\/www.jeannedarc-figeac.fr\/college-lycee\/travail-collectif-et-civique-des-eleves-de-tle-st2s\/\" \/>\n<meta property=\"og:site_name\" content=\"Coll\u00e8ge et Lyc\u00e9e Jeanne d&#039;Arc\" \/>\n<meta property=\"article:published_time\" content=\"2022-02-02T09:44:26+00:00\" \/>\n<meta property=\"article:modified_time\" content=\"2022-02-02T09:44:29+00:00\" \/>\n<meta property=\"og:image\" content=\"http:\/\/www.jeannedarc-figeac.fr\/college-lycee\/wp-content\/uploads\/sites\/5\/2022\/02\/musee-resistance-MODIFIE-300x225.jpg\" \/>\n<meta name=\"author\" content=\"le secr\u00e9tariat\" \/>\n<script type=\"application\/ld+json\" class=\"yoast-schema-graph\">{\"@context\":\"https:\/\/schema.org\",\"@graph\":[{\"@type\":\"WebPage\",\"@id\":\"https:\/\/www.jeannedarc-figeac.fr\/college-lycee\/travail-collectif-et-civique-des-eleves-de-tle-st2s\/\",\"url\":\"https:\/\/www.jeannedarc-figeac.fr\/college-lycee\/travail-collectif-et-civique-des-eleves-de-tle-st2s\/\",\"name\":\"Travail collectif et civique des \u00e9l\u00e8ves de Tle ST2S\",\"isPartOf\":{\"@id\":\"https:\/\/www.jeannedarc-figeac.fr\/college-lycee\/#website\"},\"primaryImageOfPage\":{\"@id\":\"https:\/\/www.jeannedarc-figeac.fr\/college-lycee\/travail-collectif-et-civique-des-eleves-de-tle-st2s\/#primaryimage\"},\"image\":{\"@id\":\"https:\/\/www.jeannedarc-figeac.fr\/college-lycee\/travail-collectif-et-civique-des-eleves-de-tle-st2s\/#primaryimage\"},\"thumbnailUrl\":\"http:\/\/www.jeannedarc-figeac.fr\/college-lycee\/wp-content\/uploads\/sites\/5\/2022\/02\/musee-resistance-MODIFIE-300x225.jpg\",\"datePublished\":\"2022-02-02T09:44:26+00:00\",\"dateModified\":\"2022-02-02T09:44:29+00:00\",\"author\":{\"@id\":\"https:\/\/www.jeannedarc-figeac.fr\/college-lycee\/#\/schema\/person\/29e5764f28e895dc8bf41d4468f99154\"},\"description\":\"Concours National de la R\u00e9sistance et de la D\u00e9portation. Le th\u00e8me du Concours 2022 est fait pour des \u00e9l\u00e8ves figeacois\u00a0: en effet, il s\u2019agit cette ann\u00e9e de\",\"breadcrumb\":{\"@id\":\"https:\/\/www.jeannedarc-figeac.fr\/college-lycee\/travail-collectif-et-civique-des-eleves-de-tle-st2s\/#breadcrumb\"},\"inLanguage\":\"fr-FR\",\"potentialAction\":[{\"@type\":\"ReadAction\",\"target\":[\"https:\/\/www.jeannedarc-figeac.fr\/college-lycee\/travail-collectif-et-civique-des-eleves-de-tle-st2s\/\"]}]},{\"@type\":\"ImageObject\",\"inLanguage\":\"fr-FR\",\"@id\":\"https:\/\/www.jeannedarc-figeac.fr\/college-lycee\/travail-collectif-et-civique-des-eleves-de-tle-st2s\/#primaryimage\",\"url\":\"https:\/\/i0.wp.com\/www.jeannedarc-figeac.fr\/college-lycee\/wp-content\/uploads\/sites\/5\/2022\/02\/musee-resistance-MODIFIE.jpg?fit=1600%2C1200&ssl=1\",\"contentUrl\":\"https:\/\/i0.wp.com\/www.jeannedarc-figeac.fr\/college-lycee\/wp-content\/uploads\/sites\/5\/2022\/02\/musee-resistance-MODIFIE.jpg?fit=1600%2C1200&ssl=1\",\"width\":1600,\"height\":1200},{\"@type\":\"BreadcrumbList\",\"@id\":\"https:\/\/www.jeannedarc-figeac.fr\/college-lycee\/travail-collectif-et-civique-des-eleves-de-tle-st2s\/#breadcrumb\",\"itemListElement\":[{\"@type\":\"ListItem\",\"position\":1,\"name\":\"Accueil\",\"item\":\"https:\/\/www.jeannedarc-figeac.fr\/college-lycee\/\"},{\"@type\":\"ListItem\",\"position\":2,\"name\":\"Actus\",\"item\":\"http:\/\/www.jeannedarc-figeac.fr\/college-lycee\/cat\/actus\/\"},{\"@type\":\"ListItem\",\"position\":3,\"name\":\"Travail collectif et civique des \u00e9l\u00e8ves de Tle ST2S\"}]},{\"@type\":\"WebSite\",\"@id\":\"https:\/\/www.jeannedarc-figeac.fr\/college-lycee\/#website\",\"url\":\"https:\/\/www.jeannedarc-figeac.fr\/college-lycee\/\",\"name\":\"Coll\u00e8ge et Lyc\u00e9e Jeanne d&#039;Arc\",\"description\":\"Jeanne d&#039;Arc Figeac\",\"potentialAction\":[{\"@type\":\"SearchAction\",\"target\":{\"@type\":\"EntryPoint\",\"urlTemplate\":\"https:\/\/www.jeannedarc-figeac.fr\/college-lycee\/?s={search_term_string}\"},\"query-input\":{\"@type\":\"PropertyValueSpecification\",\"valueRequired\":true,\"valueName\":\"search_term_string\"}}],\"inLanguage\":\"fr-FR\"},{\"@type\":\"Person\",\"@id\":\"https:\/\/www.jeannedarc-figeac.fr\/college-lycee\/#\/schema\/person\/29e5764f28e895dc8bf41d4468f99154\",\"name\":\"le secr\u00e9tariat\",\"image\":{\"@type\":\"ImageObject\",\"inLanguage\":\"fr-FR\",\"@id\":\"https:\/\/www.jeannedarc-figeac.fr\/college-lycee\/#\/schema\/person\/image\/\",\"url\":\"https:\/\/www.jeannedarc-figeac.fr\/college-lycee\/wp-content\/litespeed\/avatar\/5\/b7e8da60f53ba4adc9e9e66d91d84580.jpg?ver=1777548714\",\"contentUrl\":\"https:\/\/www.jeannedarc-figeac.fr\/college-lycee\/wp-content\/litespeed\/avatar\/5\/b7e8da60f53ba4adc9e9e66d91d84580.jpg?ver=1777548714\",\"caption\":\"le secr\u00e9tariat\"},\"url\":\"https:\/\/www.jeannedarc-figeac.fr\/college-lycee\/author\/arlette\/\"}]}<\/script>\n<!-- \/ Yoast SEO plugin. -->","yoast_head_json":{"title":"Travail collectif et civique des \u00e9l\u00e8ves de Tle ST2S","description":"Concours National de la R\u00e9sistance et de la D\u00e9portation. Le th\u00e8me du Concours 2022 est fait pour des \u00e9l\u00e8ves figeacois\u00a0: en effet, il s\u2019agit cette ann\u00e9e de","robots":{"index":"index","follow":"follow","max-snippet":"max-snippet:-1","max-image-preview":"max-image-preview:large","max-video-preview":"max-video-preview:-1"},"canonical":"https:\/\/www.jeannedarc-figeac.fr\/college-lycee\/travail-collectif-et-civique-des-eleves-de-tle-st2s\/","og_locale":"fr_FR","og_type":"article","og_title":"Travail collectif et civique des \u00e9l\u00e8ves de Tle ST2S","og_description":"Concours National de la R\u00e9sistance et de la D\u00e9portation. Le th\u00e8me du Concours 2022 est fait pour des \u00e9l\u00e8ves figeacois\u00a0: en effet, il s\u2019agit cette ann\u00e9e de","og_url":"https:\/\/www.jeannedarc-figeac.fr\/college-lycee\/travail-collectif-et-civique-des-eleves-de-tle-st2s\/","og_site_name":"Coll\u00e8ge et Lyc\u00e9e Jeanne d&#039;Arc","article_published_time":"2022-02-02T09:44:26+00:00","article_modified_time":"2022-02-02T09:44:29+00:00","og_image":[{"url":"http:\/\/www.jeannedarc-figeac.fr\/college-lycee\/wp-content\/uploads\/sites\/5\/2022\/02\/musee-resistance-MODIFIE-300x225.jpg","type":"","width":"","height":""}],"author":"le secr\u00e9tariat","schema":{"@context":"https:\/\/schema.org","@graph":[{"@type":"WebPage","@id":"https:\/\/www.jeannedarc-figeac.fr\/college-lycee\/travail-collectif-et-civique-des-eleves-de-tle-st2s\/","url":"https:\/\/www.jeannedarc-figeac.fr\/college-lycee\/travail-collectif-et-civique-des-eleves-de-tle-st2s\/","name":"Travail collectif et civique des \u00e9l\u00e8ves de Tle ST2S","isPartOf":{"@id":"https:\/\/www.jeannedarc-figeac.fr\/college-lycee\/#website"},"primaryImageOfPage":{"@id":"https:\/\/www.jeannedarc-figeac.fr\/college-lycee\/travail-collectif-et-civique-des-eleves-de-tle-st2s\/#primaryimage"},"image":{"@id":"https:\/\/www.jeannedarc-figeac.fr\/college-lycee\/travail-collectif-et-civique-des-eleves-de-tle-st2s\/#primaryimage"},"thumbnailUrl":"http:\/\/www.jeannedarc-figeac.fr\/college-lycee\/wp-content\/uploads\/sites\/5\/2022\/02\/musee-resistance-MODIFIE-300x225.jpg","datePublished":"2022-02-02T09:44:26+00:00","dateModified":"2022-02-02T09:44:29+00:00","author":{"@id":"https:\/\/www.jeannedarc-figeac.fr\/college-lycee\/#\/schema\/person\/29e5764f28e895dc8bf41d4468f99154"},"description":"Concours National de la R\u00e9sistance et de la D\u00e9portation. Le th\u00e8me du Concours 2022 est fait pour des \u00e9l\u00e8ves figeacois\u00a0: en effet, il s\u2019agit cette ann\u00e9e de","breadcrumb":{"@id":"https:\/\/www.jeannedarc-figeac.fr\/college-lycee\/travail-collectif-et-civique-des-eleves-de-tle-st2s\/#breadcrumb"},"inLanguage":"fr-FR","potentialAction":[{"@type":"ReadAction","target":["https:\/\/www.jeannedarc-figeac.fr\/college-lycee\/travail-collectif-et-civique-des-eleves-de-tle-st2s\/"]}]},{"@type":"ImageObject","inLanguage":"fr-FR","@id":"https:\/\/www.jeannedarc-figeac.fr\/college-lycee\/travail-collectif-et-civique-des-eleves-de-tle-st2s\/#primaryimage","url":"https:\/\/i0.wp.com\/www.jeannedarc-figeac.fr\/college-lycee\/wp-content\/uploads\/sites\/5\/2022\/02\/musee-resistance-MODIFIE.jpg?fit=1600%2C1200&ssl=1","contentUrl":"https:\/\/i0.wp.com\/www.jeannedarc-figeac.fr\/college-lycee\/wp-content\/uploads\/sites\/5\/2022\/02\/musee-resistance-MODIFIE.jpg?fit=1600%2C1200&ssl=1","width":1600,"height":1200},{"@type":"BreadcrumbList","@id":"https:\/\/www.jeannedarc-figeac.fr\/college-lycee\/travail-collectif-et-civique-des-eleves-de-tle-st2s\/#breadcrumb","itemListElement":[{"@type":"ListItem","position":1,"name":"Accueil","item":"https:\/\/www.jeannedarc-figeac.fr\/college-lycee\/"},{"@type":"ListItem","position":2,"name":"Actus","item":"http:\/\/www.jeannedarc-figeac.fr\/college-lycee\/cat\/actus\/"},{"@type":"ListItem","position":3,"name":"Travail collectif et civique des \u00e9l\u00e8ves de Tle ST2S"}]},{"@type":"WebSite","@id":"https:\/\/www.jeannedarc-figeac.fr\/college-lycee\/#website","url":"https:\/\/www.jeannedarc-figeac.fr\/college-lycee\/","name":"Coll\u00e8ge et Lyc\u00e9e Jeanne d&#039;Arc","description":"Jeanne d&#039;Arc Figeac","potentialAction":[{"@type":"SearchAction","target":{"@type":"EntryPoint","urlTemplate":"https:\/\/www.jeannedarc-figeac.fr\/college-lycee\/?s={search_term_string}"},"query-input":{"@type":"PropertyValueSpecification","valueRequired":true,"valueName":"search_term_string"}}],"inLanguage":"fr-FR"},{"@type":"Person","@id":"https:\/\/www.jeannedarc-figeac.fr\/college-lycee\/#\/schema\/person\/29e5764f28e895dc8bf41d4468f99154","name":"le secr\u00e9tariat","image":{"@type":"ImageObject","inLanguage":"fr-FR","@id":"https:\/\/www.jeannedarc-figeac.fr\/college-lycee\/#\/schema\/person\/image\/","url":"https:\/\/www.jeannedarc-figeac.fr\/college-lycee\/wp-content\/litespeed\/avatar\/5\/b7e8da60f53ba4adc9e9e66d91d84580.jpg?ver=1777548714","contentUrl":"https:\/\/www.jeannedarc-figeac.fr\/college-lycee\/wp-content\/litespeed\/avatar\/5\/b7e8da60f53ba4adc9e9e66d91d84580.jpg?ver=1777548714","caption":"le secr\u00e9tariat"},"url":"https:\/\/www.jeannedarc-figeac.fr\/college-lycee\/author\/arlette\/"}]}},"jetpack_featured_media_url":"","jetpack_sharing_enabled":true,"jetpack_shortlink":"https:\/\/wp.me\/p5Qyb6-1aA","_links":{"self":[{"href":"https:\/\/www.jeannedarc-figeac.fr\/college-lycee\/wp-json\/wp\/v2\/posts\/4500","targetHints":{"allow":["GET"]}}],"collection":[{"href":"https:\/\/www.jeannedarc-figeac.fr\/college-lycee\/wp-json\/wp\/v2\/posts"}],"about":[{"href":"https:\/\/www.jeannedarc-figeac.fr\/college-lycee\/wp-json\/wp\/v2\/types\/post"}],"author":[{"embeddable":true,"href":"https:\/\/www.jeannedarc-figeac.fr\/college-lycee\/wp-json\/wp\/v2\/users\/12"}],"replies":[{"embeddable":true,"href":"https:\/\/www.jeannedarc-figeac.fr\/college-lycee\/wp-json\/wp\/v2\/comments?post=4500"}],"version-history":[{"count":1,"href":"https:\/\/www.jeannedarc-figeac.fr\/college-lycee\/wp-json\/wp\/v2\/posts\/4500\/revisions"}],"predecessor-version":[{"id":4502,"href":"https:\/\/www.jeannedarc-figeac.fr\/college-lycee\/wp-json\/wp\/v2\/posts\/4500\/revisions\/4502"}],"wp:attachment":[{"href":"https:\/\/www.jeannedarc-figeac.fr\/college-lycee\/wp-json\/wp\/v2\/media?parent=4500"}],"wp:term":[{"taxonomy":"category","embeddable":true,"href":"https:\/\/www.jeannedarc-figeac.fr\/college-lycee\/wp-json\/wp\/v2\/categories?post=4500"},{"taxonomy":"post_tag","embeddable":true,"href":"https:\/\/www.jeannedarc-figeac.fr\/college-lycee\/wp-json\/wp\/v2\/tags?post=4500"}],"curies":[{"name":"wp","href":"https:\/\/api.w.org\/{rel}","templated":true}]}}