{"id":4497,"date":"2022-02-02T09:39:46","date_gmt":"2022-02-02T09:39:46","guid":{"rendered":"http:\/\/www.jeannedarc-figeac.fr\/college-lycee\/?p=4497"},"modified":"2022-02-02T09:39:50","modified_gmt":"2022-02-02T09:39:50","slug":"un-bel-elan-de-generosite-pour-le-senegal","status":"publish","type":"post","link":"https:\/\/www.jeannedarc-figeac.fr\/college-lycee\/un-bel-elan-de-generosite-pour-le-senegal\/","title":{"rendered":"Un bel \u00e9lan de g\u00e9n\u00e9rosit\u00e9 pour le S\u00e9n\u00e9gal !"},"content":{"rendered":"\n<figure class=\"wp-block-image size-medium\"><a href=\"https:\/\/i0.wp.com\/www.jeannedarc-figeac.fr\/college-lycee\/wp-content\/uploads\/sites\/5\/2022\/02\/PHOTO-COLLECTE-MODIFIE.jpg\"><img data-recalc-dims=\"1\" loading=\"lazy\" decoding=\"async\" width=\"300\" height=\"224\" src=\"https:\/\/i0.wp.com\/www.jeannedarc-figeac.fr\/college-lycee\/wp-content\/uploads\/sites\/5\/2022\/02\/PHOTO-COLLECTE-MODIFIE.jpg?resize=300%2C224\" alt=\"\" class=\"wp-image-4498\" srcset=\"https:\/\/i0.wp.com\/www.jeannedarc-figeac.fr\/college-lycee\/wp-content\/uploads\/sites\/5\/2022\/02\/PHOTO-COLLECTE-MODIFIE.jpg?resize=300%2C224&amp;ssl=1 300w, https:\/\/i0.wp.com\/www.jeannedarc-figeac.fr\/college-lycee\/wp-content\/uploads\/sites\/5\/2022\/02\/PHOTO-COLLECTE-MODIFIE.jpg?resize=1024%2C766&amp;ssl=1 1024w, https:\/\/i0.wp.com\/www.jeannedarc-figeac.fr\/college-lycee\/wp-content\/uploads\/sites\/5\/2022\/02\/PHOTO-COLLECTE-MODIFIE.jpg?resize=768%2C575&amp;ssl=1 768w, https:\/\/i0.wp.com\/www.jeannedarc-figeac.fr\/college-lycee\/wp-content\/uploads\/sites\/5\/2022\/02\/PHOTO-COLLECTE-MODIFIE.jpg?resize=1536%2C1149&amp;ssl=1 1536w, https:\/\/i0.wp.com\/www.jeannedarc-figeac.fr\/college-lycee\/wp-content\/uploads\/sites\/5\/2022\/02\/PHOTO-COLLECTE-MODIFIE.jpg?resize=1080%2C808&amp;ssl=1 1080w, https:\/\/i0.wp.com\/www.jeannedarc-figeac.fr\/college-lycee\/wp-content\/uploads\/sites\/5\/2022\/02\/PHOTO-COLLECTE-MODIFIE.jpg?w=1600&amp;ssl=1 1600w\" sizes=\"(max-width: 300px) 100vw, 300px\" \/><\/a><\/figure>\n\n\n\n<p>Les lyc\u00e9ens de l\u2019option technologique Sant\u00e9 Social du Lyc\u00e9e ont organis\u00e9 une collecte de mat\u00e9riel scolaire \u00e0 destination d\u2019\u00e9l\u00e8ves du Lyc\u00e9e Charles Lwanga \u00e0 Ziguinchor au S\u00e9n\u00e9gal. Les produits collect\u00e9s seront distribu\u00e9s par l\u2019interm\u00e9diaire d\u2019\u00e9l\u00e8ves des s\u00e9ries ASSP et ST2S qui vont effectuer un stage humanitaire dans cette r\u00e9gion \u00e0 la fin du mois de janvier. Apr\u00e8s avoir rencontr\u00e9 Madame Salini\u00e9, l\u2019enseignante r\u00e9f\u00e9rente de ce stage humanitaire, afin de mieux cerner les besoins en mat\u00e9riel, les lyc\u00e9ens ont cr\u00e9\u00e9 un flyer pour communiquer sur leur projet. Ensuite, ils se sont rendus \u00e0 l\u2019\u00e9cole primaire Jeanne d\u2019Arc pour sensibiliser les plus jeunes \u00e0 cette d\u00e9marche et certains sont all\u00e9s \u00e0 l\u2019entr\u00e9e de l\u2019Intermarch\u00e9 de Capdenac Gare pour solliciter la participation des clients du magasin. Cahiers, crayons, feutres, gommes, r\u00e8gles et de nombreux autres articles ont \u00e9t\u00e9 ainsi donn\u00e9s. Un grand merci \u00e0 tous pour cette action couronn\u00e9e de succ\u00e8s\u00a0!<\/p>\n","protected":false},"excerpt":{"rendered":"<p>Les lyc\u00e9ens de l\u2019option technologique Sant\u00e9 Social du Lyc\u00e9e ont organis\u00e9 une collecte de mat\u00e9riel scolaire \u00e0 destination d\u2019\u00e9l\u00e8ves du Lyc\u00e9e Charles Lwanga \u00e0 Ziguinchor au S\u00e9n\u00e9gal. Les produits collect\u00e9s seront distribu\u00e9s par l\u2019interm\u00e9diaire d\u2019\u00e9l\u00e8ves des s\u00e9ries ASSP et ST2S qui vont effectuer un stage humanitaire dans cette r\u00e9gion \u00e0 la fin du mois de [&hellip;]<\/p>\n","protected":false},"author":12,"featured_media":0,"comment_status":"closed","ping_status":"open","sticky":false,"template":"","format":"standard","meta":{"_et_pb_use_builder":"","_et_pb_old_content":"","_et_gb_content_width":"","_jetpack_newsletter_access":"","_jetpack_dont_email_post_to_subs":false,"_jetpack_newsletter_tier_id":0,"_jetpack_memberships_contains_paywalled_content":false,"iawp_total_views":2,"_jetpack_memberships_contains_paid_content":false,"footnotes":""},"categories":[28],"tags":[],"class_list":["post-4497","post","type-post","status-publish","format-standard","hentry","category-actus"],"yoast_head":"<!-- This site is optimized with the Yoast SEO plugin v26.0 - https:\/\/yoast.com\/wordpress\/plugins\/seo\/ -->\n<title>Un bel \u00e9lan de g\u00e9n\u00e9rosit\u00e9 pour le S\u00e9n\u00e9gal !<\/title>\n<meta name=\"description\" content=\"Les lyc\u00e9ens de l\u2019option technologique Sant\u00e9 Social du Lyc\u00e9e ont organis\u00e9 une collecte de mat\u00e9riel scolaire \u00e0 destination d\u2019\u00e9l\u00e8ves du Lyc\u00e9e Charles Lwanga\" \/>\n<meta name=\"robots\" content=\"index, follow, max-snippet:-1, max-image-preview:large, max-video-preview:-1\" \/>\n<link rel=\"canonical\" href=\"https:\/\/www.jeannedarc-figeac.fr\/college-lycee\/un-bel-elan-de-generosite-pour-le-senegal\/\" \/>\n<meta property=\"og:locale\" content=\"fr_FR\" \/>\n<meta property=\"og:type\" content=\"article\" \/>\n<meta property=\"og:title\" content=\"Un bel \u00e9lan de g\u00e9n\u00e9rosit\u00e9 pour le S\u00e9n\u00e9gal !\" \/>\n<meta property=\"og:description\" content=\"Les lyc\u00e9ens de l\u2019option technologique Sant\u00e9 Social du Lyc\u00e9e ont organis\u00e9 une collecte de mat\u00e9riel scolaire \u00e0 destination d\u2019\u00e9l\u00e8ves du Lyc\u00e9e Charles Lwanga\" \/>\n<meta property=\"og:url\" content=\"https:\/\/www.jeannedarc-figeac.fr\/college-lycee\/un-bel-elan-de-generosite-pour-le-senegal\/\" \/>\n<meta property=\"og:site_name\" content=\"Coll\u00e8ge et Lyc\u00e9e Jeanne d&#039;Arc\" \/>\n<meta property=\"article:published_time\" content=\"2022-02-02T09:39:46+00:00\" \/>\n<meta property=\"article:modified_time\" content=\"2022-02-02T09:39:50+00:00\" \/>\n<meta property=\"og:image\" content=\"http:\/\/www.jeannedarc-figeac.fr\/college-lycee\/wp-content\/uploads\/sites\/5\/2022\/02\/PHOTO-COLLECTE-MODIFIE-300x224.jpg\" \/>\n<meta name=\"author\" content=\"le secr\u00e9tariat\" \/>\n<script type=\"application\/ld+json\" class=\"yoast-schema-graph\">{\"@context\":\"https:\/\/schema.org\",\"@graph\":[{\"@type\":\"WebPage\",\"@id\":\"https:\/\/www.jeannedarc-figeac.fr\/college-lycee\/un-bel-elan-de-generosite-pour-le-senegal\/\",\"url\":\"https:\/\/www.jeannedarc-figeac.fr\/college-lycee\/un-bel-elan-de-generosite-pour-le-senegal\/\",\"name\":\"Un bel \u00e9lan de g\u00e9n\u00e9rosit\u00e9 pour le S\u00e9n\u00e9gal !\",\"isPartOf\":{\"@id\":\"https:\/\/www.jeannedarc-figeac.fr\/college-lycee\/#website\"},\"primaryImageOfPage\":{\"@id\":\"https:\/\/www.jeannedarc-figeac.fr\/college-lycee\/un-bel-elan-de-generosite-pour-le-senegal\/#primaryimage\"},\"image\":{\"@id\":\"https:\/\/www.jeannedarc-figeac.fr\/college-lycee\/un-bel-elan-de-generosite-pour-le-senegal\/#primaryimage\"},\"thumbnailUrl\":\"http:\/\/www.jeannedarc-figeac.fr\/college-lycee\/wp-content\/uploads\/sites\/5\/2022\/02\/PHOTO-COLLECTE-MODIFIE-300x224.jpg\",\"datePublished\":\"2022-02-02T09:39:46+00:00\",\"dateModified\":\"2022-02-02T09:39:50+00:00\",\"author\":{\"@id\":\"https:\/\/www.jeannedarc-figeac.fr\/college-lycee\/#\/schema\/person\/29e5764f28e895dc8bf41d4468f99154\"},\"description\":\"Les lyc\u00e9ens de l\u2019option technologique Sant\u00e9 Social du Lyc\u00e9e ont organis\u00e9 une collecte de mat\u00e9riel scolaire \u00e0 destination d\u2019\u00e9l\u00e8ves du Lyc\u00e9e Charles Lwanga\",\"breadcrumb\":{\"@id\":\"https:\/\/www.jeannedarc-figeac.fr\/college-lycee\/un-bel-elan-de-generosite-pour-le-senegal\/#breadcrumb\"},\"inLanguage\":\"fr-FR\",\"potentialAction\":[{\"@type\":\"ReadAction\",\"target\":[\"https:\/\/www.jeannedarc-figeac.fr\/college-lycee\/un-bel-elan-de-generosite-pour-le-senegal\/\"]}]},{\"@type\":\"ImageObject\",\"inLanguage\":\"fr-FR\",\"@id\":\"https:\/\/www.jeannedarc-figeac.fr\/college-lycee\/un-bel-elan-de-generosite-pour-le-senegal\/#primaryimage\",\"url\":\"https:\/\/i0.wp.com\/www.jeannedarc-figeac.fr\/college-lycee\/wp-content\/uploads\/sites\/5\/2022\/02\/PHOTO-COLLECTE-MODIFIE.jpg?fit=1600%2C1197&ssl=1\",\"contentUrl\":\"https:\/\/i0.wp.com\/www.jeannedarc-figeac.fr\/college-lycee\/wp-content\/uploads\/sites\/5\/2022\/02\/PHOTO-COLLECTE-MODIFIE.jpg?fit=1600%2C1197&ssl=1\",\"width\":1600,\"height\":1197},{\"@type\":\"BreadcrumbList\",\"@id\":\"https:\/\/www.jeannedarc-figeac.fr\/college-lycee\/un-bel-elan-de-generosite-pour-le-senegal\/#breadcrumb\",\"itemListElement\":[{\"@type\":\"ListItem\",\"position\":1,\"name\":\"Accueil\",\"item\":\"https:\/\/www.jeannedarc-figeac.fr\/college-lycee\/\"},{\"@type\":\"ListItem\",\"position\":2,\"name\":\"Actus\",\"item\":\"http:\/\/www.jeannedarc-figeac.fr\/college-lycee\/cat\/actus\/\"},{\"@type\":\"ListItem\",\"position\":3,\"name\":\"Un bel \u00e9lan de g\u00e9n\u00e9rosit\u00e9 pour le S\u00e9n\u00e9gal !\"}]},{\"@type\":\"WebSite\",\"@id\":\"https:\/\/www.jeannedarc-figeac.fr\/college-lycee\/#website\",\"url\":\"https:\/\/www.jeannedarc-figeac.fr\/college-lycee\/\",\"name\":\"Coll\u00e8ge et Lyc\u00e9e Jeanne d&#039;Arc\",\"description\":\"Jeanne d&#039;Arc Figeac\",\"potentialAction\":[{\"@type\":\"SearchAction\",\"target\":{\"@type\":\"EntryPoint\",\"urlTemplate\":\"https:\/\/www.jeannedarc-figeac.fr\/college-lycee\/?s={search_term_string}\"},\"query-input\":{\"@type\":\"PropertyValueSpecification\",\"valueRequired\":true,\"valueName\":\"search_term_string\"}}],\"inLanguage\":\"fr-FR\"},{\"@type\":\"Person\",\"@id\":\"https:\/\/www.jeannedarc-figeac.fr\/college-lycee\/#\/schema\/person\/29e5764f28e895dc8bf41d4468f99154\",\"name\":\"le secr\u00e9tariat\",\"image\":{\"@type\":\"ImageObject\",\"inLanguage\":\"fr-FR\",\"@id\":\"https:\/\/www.jeannedarc-figeac.fr\/college-lycee\/#\/schema\/person\/image\/\",\"url\":\"https:\/\/www.jeannedarc-figeac.fr\/college-lycee\/wp-content\/litespeed\/avatar\/5\/b7e8da60f53ba4adc9e9e66d91d84580.jpg?ver=1777548714\",\"contentUrl\":\"https:\/\/www.jeannedarc-figeac.fr\/college-lycee\/wp-content\/litespeed\/avatar\/5\/b7e8da60f53ba4adc9e9e66d91d84580.jpg?ver=1777548714\",\"caption\":\"le secr\u00e9tariat\"},\"url\":\"https:\/\/www.jeannedarc-figeac.fr\/college-lycee\/author\/arlette\/\"}]}<\/script>\n<!-- \/ Yoast SEO plugin. -->","yoast_head_json":{"title":"Un bel \u00e9lan de g\u00e9n\u00e9rosit\u00e9 pour le S\u00e9n\u00e9gal !","description":"Les lyc\u00e9ens de l\u2019option technologique Sant\u00e9 Social du Lyc\u00e9e ont organis\u00e9 une collecte de mat\u00e9riel scolaire \u00e0 destination d\u2019\u00e9l\u00e8ves du Lyc\u00e9e Charles Lwanga","robots":{"index":"index","follow":"follow","max-snippet":"max-snippet:-1","max-image-preview":"max-image-preview:large","max-video-preview":"max-video-preview:-1"},"canonical":"https:\/\/www.jeannedarc-figeac.fr\/college-lycee\/un-bel-elan-de-generosite-pour-le-senegal\/","og_locale":"fr_FR","og_type":"article","og_title":"Un bel \u00e9lan de g\u00e9n\u00e9rosit\u00e9 pour le S\u00e9n\u00e9gal !","og_description":"Les lyc\u00e9ens de l\u2019option technologique Sant\u00e9 Social du Lyc\u00e9e ont organis\u00e9 une collecte de mat\u00e9riel scolaire \u00e0 destination d\u2019\u00e9l\u00e8ves du Lyc\u00e9e Charles Lwanga","og_url":"https:\/\/www.jeannedarc-figeac.fr\/college-lycee\/un-bel-elan-de-generosite-pour-le-senegal\/","og_site_name":"Coll\u00e8ge et Lyc\u00e9e Jeanne d&#039;Arc","article_published_time":"2022-02-02T09:39:46+00:00","article_modified_time":"2022-02-02T09:39:50+00:00","og_image":[{"url":"http:\/\/www.jeannedarc-figeac.fr\/college-lycee\/wp-content\/uploads\/sites\/5\/2022\/02\/PHOTO-COLLECTE-MODIFIE-300x224.jpg","type":"","width":"","height":""}],"author":"le secr\u00e9tariat","schema":{"@context":"https:\/\/schema.org","@graph":[{"@type":"WebPage","@id":"https:\/\/www.jeannedarc-figeac.fr\/college-lycee\/un-bel-elan-de-generosite-pour-le-senegal\/","url":"https:\/\/www.jeannedarc-figeac.fr\/college-lycee\/un-bel-elan-de-generosite-pour-le-senegal\/","name":"Un bel \u00e9lan de g\u00e9n\u00e9rosit\u00e9 pour le S\u00e9n\u00e9gal !","isPartOf":{"@id":"https:\/\/www.jeannedarc-figeac.fr\/college-lycee\/#website"},"primaryImageOfPage":{"@id":"https:\/\/www.jeannedarc-figeac.fr\/college-lycee\/un-bel-elan-de-generosite-pour-le-senegal\/#primaryimage"},"image":{"@id":"https:\/\/www.jeannedarc-figeac.fr\/college-lycee\/un-bel-elan-de-generosite-pour-le-senegal\/#primaryimage"},"thumbnailUrl":"http:\/\/www.jeannedarc-figeac.fr\/college-lycee\/wp-content\/uploads\/sites\/5\/2022\/02\/PHOTO-COLLECTE-MODIFIE-300x224.jpg","datePublished":"2022-02-02T09:39:46+00:00","dateModified":"2022-02-02T09:39:50+00:00","author":{"@id":"https:\/\/www.jeannedarc-figeac.fr\/college-lycee\/#\/schema\/person\/29e5764f28e895dc8bf41d4468f99154"},"description":"Les lyc\u00e9ens de l\u2019option technologique Sant\u00e9 Social du Lyc\u00e9e ont organis\u00e9 une collecte de mat\u00e9riel scolaire \u00e0 destination d\u2019\u00e9l\u00e8ves du Lyc\u00e9e Charles Lwanga","breadcrumb":{"@id":"https:\/\/www.jeannedarc-figeac.fr\/college-lycee\/un-bel-elan-de-generosite-pour-le-senegal\/#breadcrumb"},"inLanguage":"fr-FR","potentialAction":[{"@type":"ReadAction","target":["https:\/\/www.jeannedarc-figeac.fr\/college-lycee\/un-bel-elan-de-generosite-pour-le-senegal\/"]}]},{"@type":"ImageObject","inLanguage":"fr-FR","@id":"https:\/\/www.jeannedarc-figeac.fr\/college-lycee\/un-bel-elan-de-generosite-pour-le-senegal\/#primaryimage","url":"https:\/\/i0.wp.com\/www.jeannedarc-figeac.fr\/college-lycee\/wp-content\/uploads\/sites\/5\/2022\/02\/PHOTO-COLLECTE-MODIFIE.jpg?fit=1600%2C1197&ssl=1","contentUrl":"https:\/\/i0.wp.com\/www.jeannedarc-figeac.fr\/college-lycee\/wp-content\/uploads\/sites\/5\/2022\/02\/PHOTO-COLLECTE-MODIFIE.jpg?fit=1600%2C1197&ssl=1","width":1600,"height":1197},{"@type":"BreadcrumbList","@id":"https:\/\/www.jeannedarc-figeac.fr\/college-lycee\/un-bel-elan-de-generosite-pour-le-senegal\/#breadcrumb","itemListElement":[{"@type":"ListItem","position":1,"name":"Accueil","item":"https:\/\/www.jeannedarc-figeac.fr\/college-lycee\/"},{"@type":"ListItem","position":2,"name":"Actus","item":"http:\/\/www.jeannedarc-figeac.fr\/college-lycee\/cat\/actus\/"},{"@type":"ListItem","position":3,"name":"Un bel \u00e9lan de g\u00e9n\u00e9rosit\u00e9 pour le S\u00e9n\u00e9gal !"}]},{"@type":"WebSite","@id":"https:\/\/www.jeannedarc-figeac.fr\/college-lycee\/#website","url":"https:\/\/www.jeannedarc-figeac.fr\/college-lycee\/","name":"Coll\u00e8ge et Lyc\u00e9e Jeanne d&#039;Arc","description":"Jeanne d&#039;Arc Figeac","potentialAction":[{"@type":"SearchAction","target":{"@type":"EntryPoint","urlTemplate":"https:\/\/www.jeannedarc-figeac.fr\/college-lycee\/?s={search_term_string}"},"query-input":{"@type":"PropertyValueSpecification","valueRequired":true,"valueName":"search_term_string"}}],"inLanguage":"fr-FR"},{"@type":"Person","@id":"https:\/\/www.jeannedarc-figeac.fr\/college-lycee\/#\/schema\/person\/29e5764f28e895dc8bf41d4468f99154","name":"le secr\u00e9tariat","image":{"@type":"ImageObject","inLanguage":"fr-FR","@id":"https:\/\/www.jeannedarc-figeac.fr\/college-lycee\/#\/schema\/person\/image\/","url":"https:\/\/www.jeannedarc-figeac.fr\/college-lycee\/wp-content\/litespeed\/avatar\/5\/b7e8da60f53ba4adc9e9e66d91d84580.jpg?ver=1777548714","contentUrl":"https:\/\/www.jeannedarc-figeac.fr\/college-lycee\/wp-content\/litespeed\/avatar\/5\/b7e8da60f53ba4adc9e9e66d91d84580.jpg?ver=1777548714","caption":"le secr\u00e9tariat"},"url":"https:\/\/www.jeannedarc-figeac.fr\/college-lycee\/author\/arlette\/"}]}},"jetpack_featured_media_url":"","jetpack_sharing_enabled":true,"jetpack_shortlink":"https:\/\/wp.me\/p5Qyb6-1ax","_links":{"self":[{"href":"https:\/\/www.jeannedarc-figeac.fr\/college-lycee\/wp-json\/wp\/v2\/posts\/4497","targetHints":{"allow":["GET"]}}],"collection":[{"href":"https:\/\/www.jeannedarc-figeac.fr\/college-lycee\/wp-json\/wp\/v2\/posts"}],"about":[{"href":"https:\/\/www.jeannedarc-figeac.fr\/college-lycee\/wp-json\/wp\/v2\/types\/post"}],"author":[{"embeddable":true,"href":"https:\/\/www.jeannedarc-figeac.fr\/college-lycee\/wp-json\/wp\/v2\/users\/12"}],"replies":[{"embeddable":true,"href":"https:\/\/www.jeannedarc-figeac.fr\/college-lycee\/wp-json\/wp\/v2\/comments?post=4497"}],"version-history":[{"count":1,"href":"https:\/\/www.jeannedarc-figeac.fr\/college-lycee\/wp-json\/wp\/v2\/posts\/4497\/revisions"}],"predecessor-version":[{"id":4499,"href":"https:\/\/www.jeannedarc-figeac.fr\/college-lycee\/wp-json\/wp\/v2\/posts\/4497\/revisions\/4499"}],"wp:attachment":[{"href":"https:\/\/www.jeannedarc-figeac.fr\/college-lycee\/wp-json\/wp\/v2\/media?parent=4497"}],"wp:term":[{"taxonomy":"category","embeddable":true,"href":"https:\/\/www.jeannedarc-figeac.fr\/college-lycee\/wp-json\/wp\/v2\/categories?post=4497"},{"taxonomy":"post_tag","embeddable":true,"href":"https:\/\/www.jeannedarc-figeac.fr\/college-lycee\/wp-json\/wp\/v2\/tags?post=4497"}],"curies":[{"name":"wp","href":"https:\/\/api.w.org\/{rel}","templated":true}]}}