{"id":4367,"date":"2021-10-29T08:53:12","date_gmt":"2021-10-29T08:53:12","guid":{"rendered":"http:\/\/www.jeannedarc-figeac.fr\/college-lycee\/?p=4367"},"modified":"2021-10-29T08:53:16","modified_gmt":"2021-10-29T08:53:16","slug":"lensemble-scolaire-jeanne-darc-se-mobilise-pour-octobre-rose","status":"publish","type":"post","link":"https:\/\/www.jeannedarc-figeac.fr\/college-lycee\/lensemble-scolaire-jeanne-darc-se-mobilise-pour-octobre-rose\/","title":{"rendered":"L\u2019Ensemble scolaire Jeanne d\u2019Arc se mobilise pour Octobre Rose"},"content":{"rendered":"\n<div class=\"wp-block-image is-style-rounded\"><figure class=\"aligncenter size-large is-resized\"><a href=\"https:\/\/i0.wp.com\/www.jeannedarc-figeac.fr\/college-lycee\/wp-content\/uploads\/sites\/5\/2021\/10\/octobre-rose-4-BIS.jpg\"><img data-recalc-dims=\"1\" loading=\"lazy\" decoding=\"async\" src=\"https:\/\/i0.wp.com\/www.jeannedarc-figeac.fr\/college-lycee\/wp-content\/uploads\/sites\/5\/2021\/10\/octobre-rose-4-BIS.jpg?resize=379%2C284\" alt=\"\" class=\"wp-image-4368\" width=\"379\" height=\"284\" srcset=\"https:\/\/i0.wp.com\/www.jeannedarc-figeac.fr\/college-lycee\/wp-content\/uploads\/sites\/5\/2021\/10\/octobre-rose-4-BIS.jpg?resize=1024%2C768&amp;ssl=1 1024w, https:\/\/i0.wp.com\/www.jeannedarc-figeac.fr\/college-lycee\/wp-content\/uploads\/sites\/5\/2021\/10\/octobre-rose-4-BIS.jpg?resize=300%2C225&amp;ssl=1 300w, https:\/\/i0.wp.com\/www.jeannedarc-figeac.fr\/college-lycee\/wp-content\/uploads\/sites\/5\/2021\/10\/octobre-rose-4-BIS.jpg?resize=768%2C576&amp;ssl=1 768w, https:\/\/i0.wp.com\/www.jeannedarc-figeac.fr\/college-lycee\/wp-content\/uploads\/sites\/5\/2021\/10\/octobre-rose-4-BIS.jpg?resize=1536%2C1152&amp;ssl=1 1536w, https:\/\/i0.wp.com\/www.jeannedarc-figeac.fr\/college-lycee\/wp-content\/uploads\/sites\/5\/2021\/10\/octobre-rose-4-BIS.jpg?resize=1080%2C810&amp;ssl=1 1080w, https:\/\/i0.wp.com\/www.jeannedarc-figeac.fr\/college-lycee\/wp-content\/uploads\/sites\/5\/2021\/10\/octobre-rose-4-BIS.jpg?w=1600&amp;ssl=1 1600w\" sizes=\"(max-width: 379px) 100vw, 379px\" \/><\/a><\/figure><\/div>\n\n\n\n<p>Pour cette nouvelle \u00e9dition d\u2019Octobre Rose et pour la 4<sup>\u00e8me<\/sup> ann\u00e9e cons\u00e9cutive, l\u2019ensemble scolaire repr\u00e9sent\u00e9 par le Conseil de Vie Coll\u00e9gienne agit en faveur de la recherche et de l\u2019accompagnement des personnes touch\u00e9es par la maladie. Les rubans de tissu flottant au vent ont d\u00e9livr\u00e9 les messages d\u2019espoir des \u00e9l\u00e8ves et des adultes pr\u00e9sents sur le site. La vente de bijoux confectionn\u00e9s pour la plupart par les \u00e9l\u00e8ves, a permis de collecter pr\u00e8s de 350 euros au profit de la jeune association \u00ab\u00a0les Victorieuses\u00a0\u00bb tandis que les b\u00e9n\u00e9voles de l\u2019antenne locale de La Ligue contre le cancer ont collect\u00e9 plus de 150 euros (vente de produits aux couleurs de l\u2019association) en attendant le r\u00e9sultat de la vente de rubans rose organis\u00e9e par l\u2019APEL de l\u2019\u00e9cole. Une photo de groupe a cl\u00f4tur\u00e9 ce moment de bienveillance avant la marche nocturne du vendredi 15 octobre organis\u00e9e par la Ligue contre le cancer, institutions et associations locales.<\/p>\n","protected":false},"excerpt":{"rendered":"<p>Pour cette nouvelle \u00e9dition d\u2019Octobre Rose et pour la 4\u00e8me ann\u00e9e cons\u00e9cutive, l\u2019ensemble scolaire repr\u00e9sent\u00e9 par le Conseil de Vie Coll\u00e9gienne agit en faveur de la recherche et de l\u2019accompagnement des personnes touch\u00e9es par la maladie. Les rubans de tissu flottant au vent ont d\u00e9livr\u00e9 les messages d\u2019espoir des \u00e9l\u00e8ves et des adultes pr\u00e9sents sur [&hellip;]<\/p>\n","protected":false},"author":12,"featured_media":0,"comment_status":"closed","ping_status":"open","sticky":false,"template":"","format":"standard","meta":{"_et_pb_use_builder":"","_et_pb_old_content":"","_et_gb_content_width":"","_jetpack_newsletter_access":"","_jetpack_dont_email_post_to_subs":false,"_jetpack_newsletter_tier_id":0,"_jetpack_memberships_contains_paywalled_content":false,"iawp_total_views":0,"_jetpack_memberships_contains_paid_content":false,"footnotes":""},"categories":[1],"tags":[],"class_list":["post-4367","post","type-post","status-publish","format-standard","hentry","category-non-classe"],"yoast_head":"<!-- This site is optimized with the Yoast SEO plugin v26.0 - https:\/\/yoast.com\/wordpress\/plugins\/seo\/ -->\n<title>L\u2019Ensemble scolaire Jeanne d\u2019Arc se mobilise pour Octobre Rose<\/title>\n<meta name=\"description\" content=\"Pour cette nouvelle \u00e9dition d\u2019Octobre Rose et pour la 4\u00e8me ann\u00e9e cons\u00e9cutive, l\u2019ensemble scolaire repr\u00e9sent\u00e9 par le Conseil de Vie Coll\u00e9gienne agit en\" \/>\n<meta name=\"robots\" content=\"index, follow, max-snippet:-1, max-image-preview:large, max-video-preview:-1\" \/>\n<link rel=\"canonical\" href=\"http:\/\/www.jeannedarc-figeac.fr\/college-lycee\/lensemble-scolaire-jeanne-darc-se-mobilise-pour-octobre-rose\/\" \/>\n<meta property=\"og:locale\" content=\"fr_FR\" \/>\n<meta property=\"og:type\" content=\"article\" \/>\n<meta property=\"og:title\" content=\"L\u2019Ensemble scolaire Jeanne d\u2019Arc se mobilise pour Octobre Rose\" \/>\n<meta property=\"og:description\" content=\"Pour cette nouvelle \u00e9dition d\u2019Octobre Rose et pour la 4\u00e8me ann\u00e9e cons\u00e9cutive, l\u2019ensemble scolaire repr\u00e9sent\u00e9 par le Conseil de Vie Coll\u00e9gienne agit en\" \/>\n<meta property=\"og:url\" content=\"http:\/\/www.jeannedarc-figeac.fr\/college-lycee\/lensemble-scolaire-jeanne-darc-se-mobilise-pour-octobre-rose\/\" \/>\n<meta property=\"og:site_name\" content=\"Coll\u00e8ge et Lyc\u00e9e Jeanne d&#039;Arc\" \/>\n<meta property=\"article:published_time\" content=\"2021-10-29T08:53:12+00:00\" \/>\n<meta property=\"article:modified_time\" content=\"2021-10-29T08:53:16+00:00\" \/>\n<meta property=\"og:image\" content=\"http:\/\/www.jeannedarc-figeac.fr\/college-lycee\/wp-content\/uploads\/sites\/5\/2021\/10\/octobre-rose-4-BIS-1024x768.jpg\" \/>\n<meta name=\"author\" content=\"le secr\u00e9tariat\" \/>\n<script type=\"application\/ld+json\" class=\"yoast-schema-graph\">{\"@context\":\"https:\/\/schema.org\",\"@graph\":[{\"@type\":\"WebPage\",\"@id\":\"http:\/\/www.jeannedarc-figeac.fr\/college-lycee\/lensemble-scolaire-jeanne-darc-se-mobilise-pour-octobre-rose\/\",\"url\":\"http:\/\/www.jeannedarc-figeac.fr\/college-lycee\/lensemble-scolaire-jeanne-darc-se-mobilise-pour-octobre-rose\/\",\"name\":\"L\u2019Ensemble scolaire Jeanne d\u2019Arc se mobilise pour Octobre Rose\",\"isPartOf\":{\"@id\":\"https:\/\/www.jeannedarc-figeac.fr\/college-lycee\/#website\"},\"primaryImageOfPage\":{\"@id\":\"http:\/\/www.jeannedarc-figeac.fr\/college-lycee\/lensemble-scolaire-jeanne-darc-se-mobilise-pour-octobre-rose\/#primaryimage\"},\"image\":{\"@id\":\"http:\/\/www.jeannedarc-figeac.fr\/college-lycee\/lensemble-scolaire-jeanne-darc-se-mobilise-pour-octobre-rose\/#primaryimage\"},\"thumbnailUrl\":\"http:\/\/www.jeannedarc-figeac.fr\/college-lycee\/wp-content\/uploads\/sites\/5\/2021\/10\/octobre-rose-4-BIS-1024x768.jpg\",\"datePublished\":\"2021-10-29T08:53:12+00:00\",\"dateModified\":\"2021-10-29T08:53:16+00:00\",\"author\":{\"@id\":\"https:\/\/www.jeannedarc-figeac.fr\/college-lycee\/#\/schema\/person\/29e5764f28e895dc8bf41d4468f99154\"},\"description\":\"Pour cette nouvelle \u00e9dition d\u2019Octobre Rose et pour la 4\u00e8me ann\u00e9e cons\u00e9cutive, l\u2019ensemble scolaire repr\u00e9sent\u00e9 par le Conseil de Vie Coll\u00e9gienne agit en\",\"breadcrumb\":{\"@id\":\"http:\/\/www.jeannedarc-figeac.fr\/college-lycee\/lensemble-scolaire-jeanne-darc-se-mobilise-pour-octobre-rose\/#breadcrumb\"},\"inLanguage\":\"fr-FR\",\"potentialAction\":[{\"@type\":\"ReadAction\",\"target\":[\"http:\/\/www.jeannedarc-figeac.fr\/college-lycee\/lensemble-scolaire-jeanne-darc-se-mobilise-pour-octobre-rose\/\"]}]},{\"@type\":\"ImageObject\",\"inLanguage\":\"fr-FR\",\"@id\":\"http:\/\/www.jeannedarc-figeac.fr\/college-lycee\/lensemble-scolaire-jeanne-darc-se-mobilise-pour-octobre-rose\/#primaryimage\",\"url\":\"https:\/\/i0.wp.com\/www.jeannedarc-figeac.fr\/college-lycee\/wp-content\/uploads\/sites\/5\/2021\/10\/octobre-rose-4-BIS.jpg?fit=1600%2C1200&ssl=1\",\"contentUrl\":\"https:\/\/i0.wp.com\/www.jeannedarc-figeac.fr\/college-lycee\/wp-content\/uploads\/sites\/5\/2021\/10\/octobre-rose-4-BIS.jpg?fit=1600%2C1200&ssl=1\",\"width\":1600,\"height\":1200},{\"@type\":\"BreadcrumbList\",\"@id\":\"http:\/\/www.jeannedarc-figeac.fr\/college-lycee\/lensemble-scolaire-jeanne-darc-se-mobilise-pour-octobre-rose\/#breadcrumb\",\"itemListElement\":[{\"@type\":\"ListItem\",\"position\":1,\"name\":\"Accueil\",\"item\":\"https:\/\/www.jeannedarc-figeac.fr\/college-lycee\/\"},{\"@type\":\"ListItem\",\"position\":2,\"name\":\"Non class\u00e9\",\"item\":\"http:\/\/www.jeannedarc-figeac.fr\/college-lycee\/cat\/non-classe\/\"},{\"@type\":\"ListItem\",\"position\":3,\"name\":\"L\u2019Ensemble scolaire Jeanne d\u2019Arc se mobilise pour Octobre Rose\"}]},{\"@type\":\"WebSite\",\"@id\":\"https:\/\/www.jeannedarc-figeac.fr\/college-lycee\/#website\",\"url\":\"https:\/\/www.jeannedarc-figeac.fr\/college-lycee\/\",\"name\":\"Coll\u00e8ge et Lyc\u00e9e Jeanne d&#039;Arc\",\"description\":\"Jeanne d&#039;Arc Figeac\",\"potentialAction\":[{\"@type\":\"SearchAction\",\"target\":{\"@type\":\"EntryPoint\",\"urlTemplate\":\"https:\/\/www.jeannedarc-figeac.fr\/college-lycee\/?s={search_term_string}\"},\"query-input\":{\"@type\":\"PropertyValueSpecification\",\"valueRequired\":true,\"valueName\":\"search_term_string\"}}],\"inLanguage\":\"fr-FR\"},{\"@type\":\"Person\",\"@id\":\"https:\/\/www.jeannedarc-figeac.fr\/college-lycee\/#\/schema\/person\/29e5764f28e895dc8bf41d4468f99154\",\"name\":\"le secr\u00e9tariat\",\"image\":{\"@type\":\"ImageObject\",\"inLanguage\":\"fr-FR\",\"@id\":\"https:\/\/www.jeannedarc-figeac.fr\/college-lycee\/#\/schema\/person\/image\/\",\"url\":\"https:\/\/www.jeannedarc-figeac.fr\/college-lycee\/wp-content\/litespeed\/avatar\/5\/b7e8da60f53ba4adc9e9e66d91d84580.jpg?ver=1777548714\",\"contentUrl\":\"https:\/\/www.jeannedarc-figeac.fr\/college-lycee\/wp-content\/litespeed\/avatar\/5\/b7e8da60f53ba4adc9e9e66d91d84580.jpg?ver=1777548714\",\"caption\":\"le secr\u00e9tariat\"},\"url\":\"https:\/\/www.jeannedarc-figeac.fr\/college-lycee\/author\/arlette\/\"}]}<\/script>\n<!-- \/ Yoast SEO plugin. -->","yoast_head_json":{"title":"L\u2019Ensemble scolaire Jeanne d\u2019Arc se mobilise pour Octobre Rose","description":"Pour cette nouvelle \u00e9dition d\u2019Octobre Rose et pour la 4\u00e8me ann\u00e9e cons\u00e9cutive, l\u2019ensemble scolaire repr\u00e9sent\u00e9 par le Conseil de Vie Coll\u00e9gienne agit en","robots":{"index":"index","follow":"follow","max-snippet":"max-snippet:-1","max-image-preview":"max-image-preview:large","max-video-preview":"max-video-preview:-1"},"canonical":"http:\/\/www.jeannedarc-figeac.fr\/college-lycee\/lensemble-scolaire-jeanne-darc-se-mobilise-pour-octobre-rose\/","og_locale":"fr_FR","og_type":"article","og_title":"L\u2019Ensemble scolaire Jeanne d\u2019Arc se mobilise pour Octobre Rose","og_description":"Pour cette nouvelle \u00e9dition d\u2019Octobre Rose et pour la 4\u00e8me ann\u00e9e cons\u00e9cutive, l\u2019ensemble scolaire repr\u00e9sent\u00e9 par le Conseil de Vie Coll\u00e9gienne agit en","og_url":"http:\/\/www.jeannedarc-figeac.fr\/college-lycee\/lensemble-scolaire-jeanne-darc-se-mobilise-pour-octobre-rose\/","og_site_name":"Coll\u00e8ge et Lyc\u00e9e Jeanne d&#039;Arc","article_published_time":"2021-10-29T08:53:12+00:00","article_modified_time":"2021-10-29T08:53:16+00:00","og_image":[{"url":"http:\/\/www.jeannedarc-figeac.fr\/college-lycee\/wp-content\/uploads\/sites\/5\/2021\/10\/octobre-rose-4-BIS-1024x768.jpg","type":"","width":"","height":""}],"author":"le secr\u00e9tariat","schema":{"@context":"https:\/\/schema.org","@graph":[{"@type":"WebPage","@id":"http:\/\/www.jeannedarc-figeac.fr\/college-lycee\/lensemble-scolaire-jeanne-darc-se-mobilise-pour-octobre-rose\/","url":"http:\/\/www.jeannedarc-figeac.fr\/college-lycee\/lensemble-scolaire-jeanne-darc-se-mobilise-pour-octobre-rose\/","name":"L\u2019Ensemble scolaire Jeanne d\u2019Arc se mobilise pour Octobre Rose","isPartOf":{"@id":"https:\/\/www.jeannedarc-figeac.fr\/college-lycee\/#website"},"primaryImageOfPage":{"@id":"http:\/\/www.jeannedarc-figeac.fr\/college-lycee\/lensemble-scolaire-jeanne-darc-se-mobilise-pour-octobre-rose\/#primaryimage"},"image":{"@id":"http:\/\/www.jeannedarc-figeac.fr\/college-lycee\/lensemble-scolaire-jeanne-darc-se-mobilise-pour-octobre-rose\/#primaryimage"},"thumbnailUrl":"http:\/\/www.jeannedarc-figeac.fr\/college-lycee\/wp-content\/uploads\/sites\/5\/2021\/10\/octobre-rose-4-BIS-1024x768.jpg","datePublished":"2021-10-29T08:53:12+00:00","dateModified":"2021-10-29T08:53:16+00:00","author":{"@id":"https:\/\/www.jeannedarc-figeac.fr\/college-lycee\/#\/schema\/person\/29e5764f28e895dc8bf41d4468f99154"},"description":"Pour cette nouvelle \u00e9dition d\u2019Octobre Rose et pour la 4\u00e8me ann\u00e9e cons\u00e9cutive, l\u2019ensemble scolaire repr\u00e9sent\u00e9 par le Conseil de Vie Coll\u00e9gienne agit en","breadcrumb":{"@id":"http:\/\/www.jeannedarc-figeac.fr\/college-lycee\/lensemble-scolaire-jeanne-darc-se-mobilise-pour-octobre-rose\/#breadcrumb"},"inLanguage":"fr-FR","potentialAction":[{"@type":"ReadAction","target":["http:\/\/www.jeannedarc-figeac.fr\/college-lycee\/lensemble-scolaire-jeanne-darc-se-mobilise-pour-octobre-rose\/"]}]},{"@type":"ImageObject","inLanguage":"fr-FR","@id":"http:\/\/www.jeannedarc-figeac.fr\/college-lycee\/lensemble-scolaire-jeanne-darc-se-mobilise-pour-octobre-rose\/#primaryimage","url":"https:\/\/i0.wp.com\/www.jeannedarc-figeac.fr\/college-lycee\/wp-content\/uploads\/sites\/5\/2021\/10\/octobre-rose-4-BIS.jpg?fit=1600%2C1200&ssl=1","contentUrl":"https:\/\/i0.wp.com\/www.jeannedarc-figeac.fr\/college-lycee\/wp-content\/uploads\/sites\/5\/2021\/10\/octobre-rose-4-BIS.jpg?fit=1600%2C1200&ssl=1","width":1600,"height":1200},{"@type":"BreadcrumbList","@id":"http:\/\/www.jeannedarc-figeac.fr\/college-lycee\/lensemble-scolaire-jeanne-darc-se-mobilise-pour-octobre-rose\/#breadcrumb","itemListElement":[{"@type":"ListItem","position":1,"name":"Accueil","item":"https:\/\/www.jeannedarc-figeac.fr\/college-lycee\/"},{"@type":"ListItem","position":2,"name":"Non class\u00e9","item":"http:\/\/www.jeannedarc-figeac.fr\/college-lycee\/cat\/non-classe\/"},{"@type":"ListItem","position":3,"name":"L\u2019Ensemble scolaire Jeanne d\u2019Arc se mobilise pour Octobre Rose"}]},{"@type":"WebSite","@id":"https:\/\/www.jeannedarc-figeac.fr\/college-lycee\/#website","url":"https:\/\/www.jeannedarc-figeac.fr\/college-lycee\/","name":"Coll\u00e8ge et Lyc\u00e9e Jeanne d&#039;Arc","description":"Jeanne d&#039;Arc Figeac","potentialAction":[{"@type":"SearchAction","target":{"@type":"EntryPoint","urlTemplate":"https:\/\/www.jeannedarc-figeac.fr\/college-lycee\/?s={search_term_string}"},"query-input":{"@type":"PropertyValueSpecification","valueRequired":true,"valueName":"search_term_string"}}],"inLanguage":"fr-FR"},{"@type":"Person","@id":"https:\/\/www.jeannedarc-figeac.fr\/college-lycee\/#\/schema\/person\/29e5764f28e895dc8bf41d4468f99154","name":"le secr\u00e9tariat","image":{"@type":"ImageObject","inLanguage":"fr-FR","@id":"https:\/\/www.jeannedarc-figeac.fr\/college-lycee\/#\/schema\/person\/image\/","url":"https:\/\/www.jeannedarc-figeac.fr\/college-lycee\/wp-content\/litespeed\/avatar\/5\/b7e8da60f53ba4adc9e9e66d91d84580.jpg?ver=1777548714","contentUrl":"https:\/\/www.jeannedarc-figeac.fr\/college-lycee\/wp-content\/litespeed\/avatar\/5\/b7e8da60f53ba4adc9e9e66d91d84580.jpg?ver=1777548714","caption":"le secr\u00e9tariat"},"url":"https:\/\/www.jeannedarc-figeac.fr\/college-lycee\/author\/arlette\/"}]}},"jetpack_featured_media_url":"","jetpack_sharing_enabled":true,"jetpack_shortlink":"https:\/\/wp.me\/p5Qyb6-18r","_links":{"self":[{"href":"https:\/\/www.jeannedarc-figeac.fr\/college-lycee\/wp-json\/wp\/v2\/posts\/4367","targetHints":{"allow":["GET"]}}],"collection":[{"href":"https:\/\/www.jeannedarc-figeac.fr\/college-lycee\/wp-json\/wp\/v2\/posts"}],"about":[{"href":"https:\/\/www.jeannedarc-figeac.fr\/college-lycee\/wp-json\/wp\/v2\/types\/post"}],"author":[{"embeddable":true,"href":"https:\/\/www.jeannedarc-figeac.fr\/college-lycee\/wp-json\/wp\/v2\/users\/12"}],"replies":[{"embeddable":true,"href":"https:\/\/www.jeannedarc-figeac.fr\/college-lycee\/wp-json\/wp\/v2\/comments?post=4367"}],"version-history":[{"count":1,"href":"https:\/\/www.jeannedarc-figeac.fr\/college-lycee\/wp-json\/wp\/v2\/posts\/4367\/revisions"}],"predecessor-version":[{"id":4369,"href":"https:\/\/www.jeannedarc-figeac.fr\/college-lycee\/wp-json\/wp\/v2\/posts\/4367\/revisions\/4369"}],"wp:attachment":[{"href":"https:\/\/www.jeannedarc-figeac.fr\/college-lycee\/wp-json\/wp\/v2\/media?parent=4367"}],"wp:term":[{"taxonomy":"category","embeddable":true,"href":"https:\/\/www.jeannedarc-figeac.fr\/college-lycee\/wp-json\/wp\/v2\/categories?post=4367"},{"taxonomy":"post_tag","embeddable":true,"href":"https:\/\/www.jeannedarc-figeac.fr\/college-lycee\/wp-json\/wp\/v2\/tags?post=4367"}],"curies":[{"name":"wp","href":"https:\/\/api.w.org\/{rel}","templated":true}]}}