{"id":4361,"date":"2021-10-29T08:21:26","date_gmt":"2021-10-29T08:21:26","guid":{"rendered":"http:\/\/www.jeannedarc-figeac.fr\/college-lycee\/?p=4361"},"modified":"2021-10-29T08:21:29","modified_gmt":"2021-10-29T08:21:29","slug":"journee-dintegration-pour-les-entrants-au-lycee","status":"publish","type":"post","link":"https:\/\/www.jeannedarc-figeac.fr\/college-lycee\/journee-dintegration-pour-les-entrants-au-lycee\/","title":{"rendered":"Journ\u00e9e d\u2019int\u00e9gration pour les entrants au lyc\u00e9e"},"content":{"rendered":"\n<div class=\"wp-block-image is-style-rounded\"><figure class=\"aligncenter size-large is-resized\"><a href=\"https:\/\/i0.wp.com\/www.jeannedarc-figeac.fr\/college-lycee\/wp-content\/uploads\/sites\/5\/2021\/10\/integration-scaled.jpg\"><img data-recalc-dims=\"1\" loading=\"lazy\" decoding=\"async\" src=\"https:\/\/i0.wp.com\/www.jeannedarc-figeac.fr\/college-lycee\/wp-content\/uploads\/sites\/5\/2021\/10\/integration.jpg?resize=288%2C267\" alt=\"\" class=\"wp-image-4363\" width=\"288\" height=\"267\" srcset=\"https:\/\/i0.wp.com\/www.jeannedarc-figeac.fr\/college-lycee\/wp-content\/uploads\/sites\/5\/2021\/10\/integration-scaled.jpg?resize=1024%2C952&amp;ssl=1 1024w, https:\/\/i0.wp.com\/www.jeannedarc-figeac.fr\/college-lycee\/wp-content\/uploads\/sites\/5\/2021\/10\/integration-scaled.jpg?resize=300%2C279&amp;ssl=1 300w, https:\/\/i0.wp.com\/www.jeannedarc-figeac.fr\/college-lycee\/wp-content\/uploads\/sites\/5\/2021\/10\/integration-scaled.jpg?resize=768%2C714&amp;ssl=1 768w, https:\/\/i0.wp.com\/www.jeannedarc-figeac.fr\/college-lycee\/wp-content\/uploads\/sites\/5\/2021\/10\/integration-scaled.jpg?resize=1536%2C1429&amp;ssl=1 1536w, https:\/\/i0.wp.com\/www.jeannedarc-figeac.fr\/college-lycee\/wp-content\/uploads\/sites\/5\/2021\/10\/integration-scaled.jpg?resize=2048%2C1905&amp;ssl=1 2048w, https:\/\/i0.wp.com\/www.jeannedarc-figeac.fr\/college-lycee\/wp-content\/uploads\/sites\/5\/2021\/10\/integration-scaled.jpg?resize=1080%2C1005&amp;ssl=1 1080w, https:\/\/i0.wp.com\/www.jeannedarc-figeac.fr\/college-lycee\/wp-content\/uploads\/sites\/5\/2021\/10\/integration-scaled.jpg?w=2160 2160w\" sizes=\"(max-width: 288px) 100vw, 288px\" \/><\/a><\/figure><\/div>\n\n\n\n<p>Vendredi 10 septembre, s\u2019est d\u00e9roul\u00e9e la journ\u00e9e d\u2019int\u00e9gration pour les \u00e9l\u00e8ves entrant en 2nde GT, 2nde ASSP et CAP ATMFC 1\u00e8re ann\u00e9e.<\/p>\n\n\n\n<p>Rendez-vous avait \u00e9t\u00e9 donn\u00e9 aux 120 \u00e9l\u00e8ves concern\u00e9s, \u00e0 9h, au portail en direction du plan d\u2019eau Le Surgi\u00e9. Un cadre id\u00e9al pour r\u00e9aliser des activit\u00e9s de \u00ab&nbsp;teambuilding&nbsp;\u00bb ou \u00ab&nbsp;coh\u00e9sion de groupe&nbsp;\u00bb, auxquelles la plupart des jeunes lyc\u00e9ens se sont pr\u00eat\u00e9s avec entrain&nbsp;: qui est qui?, repr\u00e9senter une saison, constituer et d\u00e9placer une toile d\u2019araign\u00e9e, \u00e0 plusieurs, sans la d\u00e9former et le plus vite possible en respectant un parcours, \u2026, tel \u00e9tait le programme.<\/p>\n\n\n\n<p>Apr\u00e8s un pique- nique partag\u00e9 au bord du plan d\u2019eau, nous nous sommes dirig\u00e9s vers l\u2019Office de Tourisme o\u00f9 deux guides de la ville de Figeac nous attendaient. Une fois les explications donn\u00e9es, les douze \u00e9quipes pr\u00e9alablement \u00e9tablies dans la matin\u00e9e sont parties \u00e0 la recherche des \u00e9l\u00e9ments architecturaux diss\u00e9min\u00e9s dans les rues de notre belle cit\u00e9 m\u00e9di\u00e9vale et demand\u00e9s dans le quiz qui leur avait \u00e9t\u00e9 remis.<\/p>\n\n\n\n<p>Plus tard, c\u2019est aux Jardins du Puy que tous les groupes se sont retrouv\u00e9s pour pr\u00e9senter le r\u00e9sultat de leurs recherches. Cette restitution a \u00e9t\u00e9 \u00e9court\u00e9e par une m\u00e9t\u00e9o capricieuse pr\u00e9cipitant notre retour au lyc\u00e9e.<\/p>\n\n\n\n<p>Merci \u00e0 tous ceux qui se sont impliqu\u00e9s dans la pr\u00e9paration et la r\u00e9alisation de cette journ\u00e9e et qui, par leur pr\u00e9sence ont montr\u00e9 que nous pouvions faire \u00ab&nbsp;un&nbsp;\u00bb&nbsp;!<\/p>\n","protected":false},"excerpt":{"rendered":"<p>Vendredi 10 septembre, s\u2019est d\u00e9roul\u00e9e la journ\u00e9e d\u2019int\u00e9gration pour les \u00e9l\u00e8ves entrant en 2nde GT, 2nde ASSP et CAP ATMFC 1\u00e8re ann\u00e9e. Rendez-vous avait \u00e9t\u00e9 donn\u00e9 aux 120 \u00e9l\u00e8ves concern\u00e9s, \u00e0 9h, au portail en direction du plan d\u2019eau Le Surgi\u00e9. Un cadre id\u00e9al pour r\u00e9aliser des activit\u00e9s de \u00ab&nbsp;teambuilding&nbsp;\u00bb ou \u00ab&nbsp;coh\u00e9sion de groupe&nbsp;\u00bb, auxquelles [&hellip;]<\/p>\n","protected":false},"author":12,"featured_media":0,"comment_status":"closed","ping_status":"open","sticky":false,"template":"","format":"standard","meta":{"_et_pb_use_builder":"","_et_pb_old_content":"","_et_gb_content_width":"","_jetpack_newsletter_access":"","_jetpack_dont_email_post_to_subs":false,"_jetpack_newsletter_tier_id":0,"_jetpack_memberships_contains_paywalled_content":false,"iawp_total_views":2,"_jetpack_memberships_contains_paid_content":false,"footnotes":""},"categories":[28],"tags":[],"class_list":["post-4361","post","type-post","status-publish","format-standard","hentry","category-actus"],"yoast_head":"<!-- This site is optimized with the Yoast SEO plugin v26.0 - https:\/\/yoast.com\/wordpress\/plugins\/seo\/ -->\n<title>Journ\u00e9e d\u2019int\u00e9gration pour les entrants au lyc\u00e9e<\/title>\n<meta name=\"description\" content=\"Vendredi 10 septembre, s\u2019est d\u00e9roul\u00e9e la journ\u00e9e d\u2019int\u00e9gration pour les \u00e9l\u00e8ves entrant en 2nde GT, 2nde ASSP et CAP ATMFC 1\u00e8re ann\u00e9e. Rendez-vous avait\" \/>\n<meta name=\"robots\" content=\"index, follow, max-snippet:-1, max-image-preview:large, max-video-preview:-1\" \/>\n<link rel=\"canonical\" href=\"http:\/\/www.jeannedarc-figeac.fr\/college-lycee\/journee-dintegration-pour-les-entrants-au-lycee\/\" \/>\n<meta property=\"og:locale\" content=\"fr_FR\" \/>\n<meta property=\"og:type\" content=\"article\" \/>\n<meta property=\"og:title\" content=\"Journ\u00e9e d\u2019int\u00e9gration pour les entrants au lyc\u00e9e\" \/>\n<meta property=\"og:description\" content=\"Vendredi 10 septembre, s\u2019est d\u00e9roul\u00e9e la journ\u00e9e d\u2019int\u00e9gration pour les \u00e9l\u00e8ves entrant en 2nde GT, 2nde ASSP et CAP ATMFC 1\u00e8re ann\u00e9e. Rendez-vous avait\" \/>\n<meta property=\"og:url\" content=\"http:\/\/www.jeannedarc-figeac.fr\/college-lycee\/journee-dintegration-pour-les-entrants-au-lycee\/\" \/>\n<meta property=\"og:site_name\" content=\"Coll\u00e8ge et Lyc\u00e9e Jeanne d&#039;Arc\" \/>\n<meta property=\"article:published_time\" content=\"2021-10-29T08:21:26+00:00\" \/>\n<meta property=\"article:modified_time\" content=\"2021-10-29T08:21:29+00:00\" \/>\n<meta property=\"og:image\" content=\"http:\/\/www.jeannedarc-figeac.fr\/college-lycee\/wp-content\/uploads\/sites\/5\/2021\/10\/integration-1024x952.jpg\" \/>\n<meta name=\"author\" content=\"le secr\u00e9tariat\" \/>\n<script type=\"application\/ld+json\" class=\"yoast-schema-graph\">{\"@context\":\"https:\/\/schema.org\",\"@graph\":[{\"@type\":\"WebPage\",\"@id\":\"http:\/\/www.jeannedarc-figeac.fr\/college-lycee\/journee-dintegration-pour-les-entrants-au-lycee\/\",\"url\":\"http:\/\/www.jeannedarc-figeac.fr\/college-lycee\/journee-dintegration-pour-les-entrants-au-lycee\/\",\"name\":\"Journ\u00e9e d\u2019int\u00e9gration pour les entrants au lyc\u00e9e\",\"isPartOf\":{\"@id\":\"https:\/\/www.jeannedarc-figeac.fr\/college-lycee\/#website\"},\"primaryImageOfPage\":{\"@id\":\"http:\/\/www.jeannedarc-figeac.fr\/college-lycee\/journee-dintegration-pour-les-entrants-au-lycee\/#primaryimage\"},\"image\":{\"@id\":\"http:\/\/www.jeannedarc-figeac.fr\/college-lycee\/journee-dintegration-pour-les-entrants-au-lycee\/#primaryimage\"},\"thumbnailUrl\":\"http:\/\/www.jeannedarc-figeac.fr\/college-lycee\/wp-content\/uploads\/sites\/5\/2021\/10\/integration-1024x952.jpg\",\"datePublished\":\"2021-10-29T08:21:26+00:00\",\"dateModified\":\"2021-10-29T08:21:29+00:00\",\"author\":{\"@id\":\"https:\/\/www.jeannedarc-figeac.fr\/college-lycee\/#\/schema\/person\/29e5764f28e895dc8bf41d4468f99154\"},\"description\":\"Vendredi 10 septembre, s\u2019est d\u00e9roul\u00e9e la journ\u00e9e d\u2019int\u00e9gration pour les \u00e9l\u00e8ves entrant en 2nde GT, 2nde ASSP et CAP ATMFC 1\u00e8re ann\u00e9e. Rendez-vous avait\",\"breadcrumb\":{\"@id\":\"http:\/\/www.jeannedarc-figeac.fr\/college-lycee\/journee-dintegration-pour-les-entrants-au-lycee\/#breadcrumb\"},\"inLanguage\":\"fr-FR\",\"potentialAction\":[{\"@type\":\"ReadAction\",\"target\":[\"http:\/\/www.jeannedarc-figeac.fr\/college-lycee\/journee-dintegration-pour-les-entrants-au-lycee\/\"]}]},{\"@type\":\"ImageObject\",\"inLanguage\":\"fr-FR\",\"@id\":\"http:\/\/www.jeannedarc-figeac.fr\/college-lycee\/journee-dintegration-pour-les-entrants-au-lycee\/#primaryimage\",\"url\":\"https:\/\/i0.wp.com\/www.jeannedarc-figeac.fr\/college-lycee\/wp-content\/uploads\/sites\/5\/2021\/10\/integration-scaled.jpg?fit=2560%2C2381&ssl=1\",\"contentUrl\":\"https:\/\/i0.wp.com\/www.jeannedarc-figeac.fr\/college-lycee\/wp-content\/uploads\/sites\/5\/2021\/10\/integration-scaled.jpg?fit=2560%2C2381&ssl=1\",\"width\":2560,\"height\":2381},{\"@type\":\"BreadcrumbList\",\"@id\":\"http:\/\/www.jeannedarc-figeac.fr\/college-lycee\/journee-dintegration-pour-les-entrants-au-lycee\/#breadcrumb\",\"itemListElement\":[{\"@type\":\"ListItem\",\"position\":1,\"name\":\"Accueil\",\"item\":\"https:\/\/www.jeannedarc-figeac.fr\/college-lycee\/\"},{\"@type\":\"ListItem\",\"position\":2,\"name\":\"Actus\",\"item\":\"http:\/\/www.jeannedarc-figeac.fr\/college-lycee\/cat\/actus\/\"},{\"@type\":\"ListItem\",\"position\":3,\"name\":\"Journ\u00e9e d\u2019int\u00e9gration pour les entrants au lyc\u00e9e\"}]},{\"@type\":\"WebSite\",\"@id\":\"https:\/\/www.jeannedarc-figeac.fr\/college-lycee\/#website\",\"url\":\"https:\/\/www.jeannedarc-figeac.fr\/college-lycee\/\",\"name\":\"Coll\u00e8ge et Lyc\u00e9e Jeanne d&#039;Arc\",\"description\":\"Jeanne d&#039;Arc Figeac\",\"potentialAction\":[{\"@type\":\"SearchAction\",\"target\":{\"@type\":\"EntryPoint\",\"urlTemplate\":\"https:\/\/www.jeannedarc-figeac.fr\/college-lycee\/?s={search_term_string}\"},\"query-input\":{\"@type\":\"PropertyValueSpecification\",\"valueRequired\":true,\"valueName\":\"search_term_string\"}}],\"inLanguage\":\"fr-FR\"},{\"@type\":\"Person\",\"@id\":\"https:\/\/www.jeannedarc-figeac.fr\/college-lycee\/#\/schema\/person\/29e5764f28e895dc8bf41d4468f99154\",\"name\":\"le secr\u00e9tariat\",\"image\":{\"@type\":\"ImageObject\",\"inLanguage\":\"fr-FR\",\"@id\":\"https:\/\/www.jeannedarc-figeac.fr\/college-lycee\/#\/schema\/person\/image\/\",\"url\":\"https:\/\/www.jeannedarc-figeac.fr\/college-lycee\/wp-content\/litespeed\/avatar\/5\/b7e8da60f53ba4adc9e9e66d91d84580.jpg?ver=1776943645\",\"contentUrl\":\"https:\/\/www.jeannedarc-figeac.fr\/college-lycee\/wp-content\/litespeed\/avatar\/5\/b7e8da60f53ba4adc9e9e66d91d84580.jpg?ver=1776943645\",\"caption\":\"le secr\u00e9tariat\"},\"url\":\"https:\/\/www.jeannedarc-figeac.fr\/college-lycee\/author\/arlette\/\"}]}<\/script>\n<!-- \/ Yoast SEO plugin. -->","yoast_head_json":{"title":"Journ\u00e9e d\u2019int\u00e9gration pour les entrants au lyc\u00e9e","description":"Vendredi 10 septembre, s\u2019est d\u00e9roul\u00e9e la journ\u00e9e d\u2019int\u00e9gration pour les \u00e9l\u00e8ves entrant en 2nde GT, 2nde ASSP et CAP ATMFC 1\u00e8re ann\u00e9e. Rendez-vous avait","robots":{"index":"index","follow":"follow","max-snippet":"max-snippet:-1","max-image-preview":"max-image-preview:large","max-video-preview":"max-video-preview:-1"},"canonical":"http:\/\/www.jeannedarc-figeac.fr\/college-lycee\/journee-dintegration-pour-les-entrants-au-lycee\/","og_locale":"fr_FR","og_type":"article","og_title":"Journ\u00e9e d\u2019int\u00e9gration pour les entrants au lyc\u00e9e","og_description":"Vendredi 10 septembre, s\u2019est d\u00e9roul\u00e9e la journ\u00e9e d\u2019int\u00e9gration pour les \u00e9l\u00e8ves entrant en 2nde GT, 2nde ASSP et CAP ATMFC 1\u00e8re ann\u00e9e. Rendez-vous avait","og_url":"http:\/\/www.jeannedarc-figeac.fr\/college-lycee\/journee-dintegration-pour-les-entrants-au-lycee\/","og_site_name":"Coll\u00e8ge et Lyc\u00e9e Jeanne d&#039;Arc","article_published_time":"2021-10-29T08:21:26+00:00","article_modified_time":"2021-10-29T08:21:29+00:00","og_image":[{"url":"http:\/\/www.jeannedarc-figeac.fr\/college-lycee\/wp-content\/uploads\/sites\/5\/2021\/10\/integration-1024x952.jpg","type":"","width":"","height":""}],"author":"le secr\u00e9tariat","schema":{"@context":"https:\/\/schema.org","@graph":[{"@type":"WebPage","@id":"http:\/\/www.jeannedarc-figeac.fr\/college-lycee\/journee-dintegration-pour-les-entrants-au-lycee\/","url":"http:\/\/www.jeannedarc-figeac.fr\/college-lycee\/journee-dintegration-pour-les-entrants-au-lycee\/","name":"Journ\u00e9e d\u2019int\u00e9gration pour les entrants au lyc\u00e9e","isPartOf":{"@id":"https:\/\/www.jeannedarc-figeac.fr\/college-lycee\/#website"},"primaryImageOfPage":{"@id":"http:\/\/www.jeannedarc-figeac.fr\/college-lycee\/journee-dintegration-pour-les-entrants-au-lycee\/#primaryimage"},"image":{"@id":"http:\/\/www.jeannedarc-figeac.fr\/college-lycee\/journee-dintegration-pour-les-entrants-au-lycee\/#primaryimage"},"thumbnailUrl":"http:\/\/www.jeannedarc-figeac.fr\/college-lycee\/wp-content\/uploads\/sites\/5\/2021\/10\/integration-1024x952.jpg","datePublished":"2021-10-29T08:21:26+00:00","dateModified":"2021-10-29T08:21:29+00:00","author":{"@id":"https:\/\/www.jeannedarc-figeac.fr\/college-lycee\/#\/schema\/person\/29e5764f28e895dc8bf41d4468f99154"},"description":"Vendredi 10 septembre, s\u2019est d\u00e9roul\u00e9e la journ\u00e9e d\u2019int\u00e9gration pour les \u00e9l\u00e8ves entrant en 2nde GT, 2nde ASSP et CAP ATMFC 1\u00e8re ann\u00e9e. Rendez-vous avait","breadcrumb":{"@id":"http:\/\/www.jeannedarc-figeac.fr\/college-lycee\/journee-dintegration-pour-les-entrants-au-lycee\/#breadcrumb"},"inLanguage":"fr-FR","potentialAction":[{"@type":"ReadAction","target":["http:\/\/www.jeannedarc-figeac.fr\/college-lycee\/journee-dintegration-pour-les-entrants-au-lycee\/"]}]},{"@type":"ImageObject","inLanguage":"fr-FR","@id":"http:\/\/www.jeannedarc-figeac.fr\/college-lycee\/journee-dintegration-pour-les-entrants-au-lycee\/#primaryimage","url":"https:\/\/i0.wp.com\/www.jeannedarc-figeac.fr\/college-lycee\/wp-content\/uploads\/sites\/5\/2021\/10\/integration-scaled.jpg?fit=2560%2C2381&ssl=1","contentUrl":"https:\/\/i0.wp.com\/www.jeannedarc-figeac.fr\/college-lycee\/wp-content\/uploads\/sites\/5\/2021\/10\/integration-scaled.jpg?fit=2560%2C2381&ssl=1","width":2560,"height":2381},{"@type":"BreadcrumbList","@id":"http:\/\/www.jeannedarc-figeac.fr\/college-lycee\/journee-dintegration-pour-les-entrants-au-lycee\/#breadcrumb","itemListElement":[{"@type":"ListItem","position":1,"name":"Accueil","item":"https:\/\/www.jeannedarc-figeac.fr\/college-lycee\/"},{"@type":"ListItem","position":2,"name":"Actus","item":"http:\/\/www.jeannedarc-figeac.fr\/college-lycee\/cat\/actus\/"},{"@type":"ListItem","position":3,"name":"Journ\u00e9e d\u2019int\u00e9gration pour les entrants au lyc\u00e9e"}]},{"@type":"WebSite","@id":"https:\/\/www.jeannedarc-figeac.fr\/college-lycee\/#website","url":"https:\/\/www.jeannedarc-figeac.fr\/college-lycee\/","name":"Coll\u00e8ge et Lyc\u00e9e Jeanne d&#039;Arc","description":"Jeanne d&#039;Arc Figeac","potentialAction":[{"@type":"SearchAction","target":{"@type":"EntryPoint","urlTemplate":"https:\/\/www.jeannedarc-figeac.fr\/college-lycee\/?s={search_term_string}"},"query-input":{"@type":"PropertyValueSpecification","valueRequired":true,"valueName":"search_term_string"}}],"inLanguage":"fr-FR"},{"@type":"Person","@id":"https:\/\/www.jeannedarc-figeac.fr\/college-lycee\/#\/schema\/person\/29e5764f28e895dc8bf41d4468f99154","name":"le secr\u00e9tariat","image":{"@type":"ImageObject","inLanguage":"fr-FR","@id":"https:\/\/www.jeannedarc-figeac.fr\/college-lycee\/#\/schema\/person\/image\/","url":"https:\/\/www.jeannedarc-figeac.fr\/college-lycee\/wp-content\/litespeed\/avatar\/5\/b7e8da60f53ba4adc9e9e66d91d84580.jpg?ver=1776943645","contentUrl":"https:\/\/www.jeannedarc-figeac.fr\/college-lycee\/wp-content\/litespeed\/avatar\/5\/b7e8da60f53ba4adc9e9e66d91d84580.jpg?ver=1776943645","caption":"le secr\u00e9tariat"},"url":"https:\/\/www.jeannedarc-figeac.fr\/college-lycee\/author\/arlette\/"}]}},"jetpack_featured_media_url":"","jetpack_sharing_enabled":true,"jetpack_shortlink":"https:\/\/wp.me\/p5Qyb6-18l","_links":{"self":[{"href":"https:\/\/www.jeannedarc-figeac.fr\/college-lycee\/wp-json\/wp\/v2\/posts\/4361","targetHints":{"allow":["GET"]}}],"collection":[{"href":"https:\/\/www.jeannedarc-figeac.fr\/college-lycee\/wp-json\/wp\/v2\/posts"}],"about":[{"href":"https:\/\/www.jeannedarc-figeac.fr\/college-lycee\/wp-json\/wp\/v2\/types\/post"}],"author":[{"embeddable":true,"href":"https:\/\/www.jeannedarc-figeac.fr\/college-lycee\/wp-json\/wp\/v2\/users\/12"}],"replies":[{"embeddable":true,"href":"https:\/\/www.jeannedarc-figeac.fr\/college-lycee\/wp-json\/wp\/v2\/comments?post=4361"}],"version-history":[{"count":4,"href":"https:\/\/www.jeannedarc-figeac.fr\/college-lycee\/wp-json\/wp\/v2\/posts\/4361\/revisions"}],"predecessor-version":[{"id":4366,"href":"https:\/\/www.jeannedarc-figeac.fr\/college-lycee\/wp-json\/wp\/v2\/posts\/4361\/revisions\/4366"}],"wp:attachment":[{"href":"https:\/\/www.jeannedarc-figeac.fr\/college-lycee\/wp-json\/wp\/v2\/media?parent=4361"}],"wp:term":[{"taxonomy":"category","embeddable":true,"href":"https:\/\/www.jeannedarc-figeac.fr\/college-lycee\/wp-json\/wp\/v2\/categories?post=4361"},{"taxonomy":"post_tag","embeddable":true,"href":"https:\/\/www.jeannedarc-figeac.fr\/college-lycee\/wp-json\/wp\/v2\/tags?post=4361"}],"curies":[{"name":"wp","href":"https:\/\/api.w.org\/{rel}","templated":true}]}}