{"id":4316,"date":"2021-05-19T09:14:39","date_gmt":"2021-05-19T09:14:39","guid":{"rendered":"http:\/\/www.jeannedarc-figeac.fr\/college-lycee\/?p=4316"},"modified":"2021-05-19T09:14:43","modified_gmt":"2021-05-19T09:14:43","slug":"les-apprentis-journalistes-de-1ere-hggsp-font-la-semaine-de-la-presse-au-lycee","status":"publish","type":"post","link":"https:\/\/www.jeannedarc-figeac.fr\/college-lycee\/les-apprentis-journalistes-de-1ere-hggsp-font-la-semaine-de-la-presse-au-lycee\/","title":{"rendered":"Les apprentis-journalistes de 1\u00e8re HGGSP font la Semaine de la Presse au Lyc\u00e9e."},"content":{"rendered":"\n<p><\/p>\n\n\n\n<figure class=\"wp-block-image\"><img data-recalc-dims=\"1\" loading=\"lazy\" decoding=\"async\" width=\"300\" height=\"225\" src=\"https:\/\/i0.wp.com\/www.jeannedarc-figeac.fr\/college-lycee\/wp-content\/uploads\/sites\/5\/2021\/05\/presse-1BIS.jpg?resize=300%2C225\" alt=\"\" class=\"wp-image-4317\" \/><\/figure>\n\n\n\n<p>Dans le cadre du programme Education Nationale, une semaine Presse &amp; M\u00e9dias a \u00e9t\u00e9 organis\u00e9e du 22 au 27 mars 2021, sur le th\u00e8me \u00ab\u00a0S\u2019informer pour comprendre le monde\u00a0\u00bb.Ainsi, les 24 \u00e9l\u00e8ves de sp\u00e9cialit\u00e9 Histoire-G\u00e9ographie-G\u00e9opolitique-Sciences Politiques ont b\u00e9n\u00e9fici\u00e9 d\u2019un cours grandeur-nature avec l\u2019intervention d&rsquo;une acienne \u00e9l\u00e8ve, depuis Munich, journaliste \u00e0 l\u2019AFP (Agence France Presse). Outre les questions d\u2019orientation formul\u00e9es par les \u00e9l\u00e8ves sur son parcours \u00e9tudiant et professionnel, le cours portait sur l\u2019importance de l\u2019image en journalisme, et notamment sur le m\u00e8me, une nouvelle forme de langage m\u00e9diatique. Puis, au CDI transform\u00e9 en salle de r\u00e9daction, apr\u00e8s avoir compuls\u00e9 la presse du jour et \u00e9valu\u00e9 les limites du m\u00e8me, les apprentis communicants se sont essay\u00e9s \u00e0 la cr\u00e9ation de leur propre m\u00e8me\u00a0: il s\u2019agit d\u2019une image accompagn\u00e9e d\u2019un texte court, souvent teint\u00e9s d\u2019humour, et faisant appel \u00e0 des r\u00e9f\u00e9rences culturelles communes, dont le but est de partager une opinion sur un fait d\u2019actualit\u00e9. Bien s\u00fbr, la plupart des m\u00e8mes cr\u00e9\u00e9s sont corona-expressifs\u2026 mais les jeunes font preuve de beaucoup d\u2019humour et de recul.<\/p>\n","protected":false},"excerpt":{"rendered":"<p>Dans le cadre du programme Education Nationale, une semaine Presse &amp; M\u00e9dias a \u00e9t\u00e9 organis\u00e9e du 22 au 27 mars 2021, sur le th\u00e8me \u00ab\u00a0S\u2019informer pour comprendre le monde\u00a0\u00bb.Ainsi, les 24 \u00e9l\u00e8ves de sp\u00e9cialit\u00e9 Histoire-G\u00e9ographie-G\u00e9opolitique-Sciences Politiques ont b\u00e9n\u00e9fici\u00e9 d\u2019un cours grandeur-nature avec l\u2019intervention d&rsquo;une acienne \u00e9l\u00e8ve, depuis Munich, journaliste \u00e0 l\u2019AFP (Agence France Presse). Outre [&hellip;]<\/p>\n","protected":false},"author":12,"featured_media":0,"comment_status":"closed","ping_status":"open","sticky":false,"template":"","format":"standard","meta":{"_et_pb_use_builder":"off","_et_pb_old_content":"","_et_gb_content_width":"","_jetpack_newsletter_access":"","_jetpack_dont_email_post_to_subs":false,"_jetpack_newsletter_tier_id":0,"_jetpack_memberships_contains_paywalled_content":false,"iawp_total_views":0,"_jetpack_memberships_contains_paid_content":false,"footnotes":""},"categories":[28],"tags":[],"class_list":["post-4316","post","type-post","status-publish","format-standard","hentry","category-actus"],"yoast_head":"<!-- This site is optimized with the Yoast SEO plugin v26.0 - https:\/\/yoast.com\/wordpress\/plugins\/seo\/ -->\n<title>Les apprentis-journalistes de 1\u00e8re HGGSP font la Semaine de la Presse au Lyc\u00e9e.<\/title>\n<meta name=\"description\" content=\"Dans le cadre du programme Education Nationale, une semaine Presse &amp; M\u00e9dias a \u00e9t\u00e9 organis\u00e9e du 22 au 27 mars 2021, sur le th\u00e8me \u00ab\u00a0S\u2019informer pour\" \/>\n<meta name=\"robots\" content=\"index, follow, max-snippet:-1, max-image-preview:large, max-video-preview:-1\" \/>\n<link rel=\"canonical\" href=\"http:\/\/www.jeannedarc-figeac.fr\/college-lycee\/les-apprentis-journalistes-de-1ere-hggsp-font-la-semaine-de-la-presse-au-lycee\/\" \/>\n<meta property=\"og:locale\" content=\"fr_FR\" \/>\n<meta property=\"og:type\" content=\"article\" \/>\n<meta property=\"og:title\" content=\"Les apprentis-journalistes de 1\u00e8re HGGSP font la Semaine de la Presse au Lyc\u00e9e.\" \/>\n<meta property=\"og:description\" content=\"Dans le cadre du programme Education Nationale, une semaine Presse &amp; M\u00e9dias a \u00e9t\u00e9 organis\u00e9e du 22 au 27 mars 2021, sur le th\u00e8me \u00ab\u00a0S\u2019informer pour\" \/>\n<meta property=\"og:url\" content=\"http:\/\/www.jeannedarc-figeac.fr\/college-lycee\/les-apprentis-journalistes-de-1ere-hggsp-font-la-semaine-de-la-presse-au-lycee\/\" \/>\n<meta property=\"og:site_name\" content=\"Coll\u00e8ge et Lyc\u00e9e Jeanne d&#039;Arc\" \/>\n<meta property=\"article:published_time\" content=\"2021-05-19T09:14:39+00:00\" \/>\n<meta property=\"article:modified_time\" content=\"2021-05-19T09:14:43+00:00\" \/>\n<meta property=\"og:image\" content=\"http:\/\/www.jeannedarc-figeac.fr\/college-lycee\/wp-content\/uploads\/sites\/5\/2021\/05\/presse-1BIS-300x225.jpg\" \/>\n<meta name=\"author\" content=\"le secr\u00e9tariat\" \/>\n<script type=\"application\/ld+json\" class=\"yoast-schema-graph\">{\"@context\":\"https:\/\/schema.org\",\"@graph\":[{\"@type\":\"WebPage\",\"@id\":\"http:\/\/www.jeannedarc-figeac.fr\/college-lycee\/les-apprentis-journalistes-de-1ere-hggsp-font-la-semaine-de-la-presse-au-lycee\/\",\"url\":\"http:\/\/www.jeannedarc-figeac.fr\/college-lycee\/les-apprentis-journalistes-de-1ere-hggsp-font-la-semaine-de-la-presse-au-lycee\/\",\"name\":\"Les apprentis-journalistes de 1\u00e8re HGGSP font la Semaine de la Presse au Lyc\u00e9e.\",\"isPartOf\":{\"@id\":\"https:\/\/www.jeannedarc-figeac.fr\/college-lycee\/#website\"},\"primaryImageOfPage\":{\"@id\":\"http:\/\/www.jeannedarc-figeac.fr\/college-lycee\/les-apprentis-journalistes-de-1ere-hggsp-font-la-semaine-de-la-presse-au-lycee\/#primaryimage\"},\"image\":{\"@id\":\"http:\/\/www.jeannedarc-figeac.fr\/college-lycee\/les-apprentis-journalistes-de-1ere-hggsp-font-la-semaine-de-la-presse-au-lycee\/#primaryimage\"},\"thumbnailUrl\":\"http:\/\/www.jeannedarc-figeac.fr\/college-lycee\/wp-content\/uploads\/sites\/5\/2021\/05\/presse-1BIS-300x225.jpg\",\"datePublished\":\"2021-05-19T09:14:39+00:00\",\"dateModified\":\"2021-05-19T09:14:43+00:00\",\"author\":{\"@id\":\"https:\/\/www.jeannedarc-figeac.fr\/college-lycee\/#\/schema\/person\/29e5764f28e895dc8bf41d4468f99154\"},\"description\":\"Dans le cadre du programme Education Nationale, une semaine Presse &amp; M\u00e9dias a \u00e9t\u00e9 organis\u00e9e du 22 au 27 mars 2021, sur le th\u00e8me \u00ab\u00a0S\u2019informer pour\",\"breadcrumb\":{\"@id\":\"http:\/\/www.jeannedarc-figeac.fr\/college-lycee\/les-apprentis-journalistes-de-1ere-hggsp-font-la-semaine-de-la-presse-au-lycee\/#breadcrumb\"},\"inLanguage\":\"fr-FR\",\"potentialAction\":[{\"@type\":\"ReadAction\",\"target\":[\"http:\/\/www.jeannedarc-figeac.fr\/college-lycee\/les-apprentis-journalistes-de-1ere-hggsp-font-la-semaine-de-la-presse-au-lycee\/\"]}]},{\"@type\":\"ImageObject\",\"inLanguage\":\"fr-FR\",\"@id\":\"http:\/\/www.jeannedarc-figeac.fr\/college-lycee\/les-apprentis-journalistes-de-1ere-hggsp-font-la-semaine-de-la-presse-au-lycee\/#primaryimage\",\"url\":\"https:\/\/i0.wp.com\/www.jeannedarc-figeac.fr\/college-lycee\/wp-content\/uploads\/sites\/5\/2021\/05\/presse-1BIS.jpg?fit=1600%2C1200&ssl=1\",\"contentUrl\":\"https:\/\/i0.wp.com\/www.jeannedarc-figeac.fr\/college-lycee\/wp-content\/uploads\/sites\/5\/2021\/05\/presse-1BIS.jpg?fit=1600%2C1200&ssl=1\",\"width\":1600,\"height\":1200},{\"@type\":\"BreadcrumbList\",\"@id\":\"http:\/\/www.jeannedarc-figeac.fr\/college-lycee\/les-apprentis-journalistes-de-1ere-hggsp-font-la-semaine-de-la-presse-au-lycee\/#breadcrumb\",\"itemListElement\":[{\"@type\":\"ListItem\",\"position\":1,\"name\":\"Accueil\",\"item\":\"https:\/\/www.jeannedarc-figeac.fr\/college-lycee\/\"},{\"@type\":\"ListItem\",\"position\":2,\"name\":\"Actus\",\"item\":\"http:\/\/www.jeannedarc-figeac.fr\/college-lycee\/cat\/actus\/\"},{\"@type\":\"ListItem\",\"position\":3,\"name\":\"Les apprentis-journalistes de 1\u00e8re HGGSP font la Semaine de la Presse au Lyc\u00e9e.\"}]},{\"@type\":\"WebSite\",\"@id\":\"https:\/\/www.jeannedarc-figeac.fr\/college-lycee\/#website\",\"url\":\"https:\/\/www.jeannedarc-figeac.fr\/college-lycee\/\",\"name\":\"Coll\u00e8ge et Lyc\u00e9e Jeanne d&#039;Arc\",\"description\":\"Jeanne d&#039;Arc Figeac\",\"potentialAction\":[{\"@type\":\"SearchAction\",\"target\":{\"@type\":\"EntryPoint\",\"urlTemplate\":\"https:\/\/www.jeannedarc-figeac.fr\/college-lycee\/?s={search_term_string}\"},\"query-input\":{\"@type\":\"PropertyValueSpecification\",\"valueRequired\":true,\"valueName\":\"search_term_string\"}}],\"inLanguage\":\"fr-FR\"},{\"@type\":\"Person\",\"@id\":\"https:\/\/www.jeannedarc-figeac.fr\/college-lycee\/#\/schema\/person\/29e5764f28e895dc8bf41d4468f99154\",\"name\":\"le secr\u00e9tariat\",\"image\":{\"@type\":\"ImageObject\",\"inLanguage\":\"fr-FR\",\"@id\":\"https:\/\/www.jeannedarc-figeac.fr\/college-lycee\/#\/schema\/person\/image\/\",\"url\":\"https:\/\/www.jeannedarc-figeac.fr\/college-lycee\/wp-content\/litespeed\/avatar\/5\/b7e8da60f53ba4adc9e9e66d91d84580.jpg?ver=1777548714\",\"contentUrl\":\"https:\/\/www.jeannedarc-figeac.fr\/college-lycee\/wp-content\/litespeed\/avatar\/5\/b7e8da60f53ba4adc9e9e66d91d84580.jpg?ver=1777548714\",\"caption\":\"le secr\u00e9tariat\"},\"url\":\"https:\/\/www.jeannedarc-figeac.fr\/college-lycee\/author\/arlette\/\"}]}<\/script>\n<!-- \/ Yoast SEO plugin. -->","yoast_head_json":{"title":"Les apprentis-journalistes de 1\u00e8re HGGSP font la Semaine de la Presse au Lyc\u00e9e.","description":"Dans le cadre du programme Education Nationale, une semaine Presse &amp; M\u00e9dias a \u00e9t\u00e9 organis\u00e9e du 22 au 27 mars 2021, sur le th\u00e8me \u00ab\u00a0S\u2019informer pour","robots":{"index":"index","follow":"follow","max-snippet":"max-snippet:-1","max-image-preview":"max-image-preview:large","max-video-preview":"max-video-preview:-1"},"canonical":"http:\/\/www.jeannedarc-figeac.fr\/college-lycee\/les-apprentis-journalistes-de-1ere-hggsp-font-la-semaine-de-la-presse-au-lycee\/","og_locale":"fr_FR","og_type":"article","og_title":"Les apprentis-journalistes de 1\u00e8re HGGSP font la Semaine de la Presse au Lyc\u00e9e.","og_description":"Dans le cadre du programme Education Nationale, une semaine Presse &amp; M\u00e9dias a \u00e9t\u00e9 organis\u00e9e du 22 au 27 mars 2021, sur le th\u00e8me \u00ab\u00a0S\u2019informer pour","og_url":"http:\/\/www.jeannedarc-figeac.fr\/college-lycee\/les-apprentis-journalistes-de-1ere-hggsp-font-la-semaine-de-la-presse-au-lycee\/","og_site_name":"Coll\u00e8ge et Lyc\u00e9e Jeanne d&#039;Arc","article_published_time":"2021-05-19T09:14:39+00:00","article_modified_time":"2021-05-19T09:14:43+00:00","og_image":[{"url":"http:\/\/www.jeannedarc-figeac.fr\/college-lycee\/wp-content\/uploads\/sites\/5\/2021\/05\/presse-1BIS-300x225.jpg","type":"","width":"","height":""}],"author":"le secr\u00e9tariat","schema":{"@context":"https:\/\/schema.org","@graph":[{"@type":"WebPage","@id":"http:\/\/www.jeannedarc-figeac.fr\/college-lycee\/les-apprentis-journalistes-de-1ere-hggsp-font-la-semaine-de-la-presse-au-lycee\/","url":"http:\/\/www.jeannedarc-figeac.fr\/college-lycee\/les-apprentis-journalistes-de-1ere-hggsp-font-la-semaine-de-la-presse-au-lycee\/","name":"Les apprentis-journalistes de 1\u00e8re HGGSP font la Semaine de la Presse au Lyc\u00e9e.","isPartOf":{"@id":"https:\/\/www.jeannedarc-figeac.fr\/college-lycee\/#website"},"primaryImageOfPage":{"@id":"http:\/\/www.jeannedarc-figeac.fr\/college-lycee\/les-apprentis-journalistes-de-1ere-hggsp-font-la-semaine-de-la-presse-au-lycee\/#primaryimage"},"image":{"@id":"http:\/\/www.jeannedarc-figeac.fr\/college-lycee\/les-apprentis-journalistes-de-1ere-hggsp-font-la-semaine-de-la-presse-au-lycee\/#primaryimage"},"thumbnailUrl":"http:\/\/www.jeannedarc-figeac.fr\/college-lycee\/wp-content\/uploads\/sites\/5\/2021\/05\/presse-1BIS-300x225.jpg","datePublished":"2021-05-19T09:14:39+00:00","dateModified":"2021-05-19T09:14:43+00:00","author":{"@id":"https:\/\/www.jeannedarc-figeac.fr\/college-lycee\/#\/schema\/person\/29e5764f28e895dc8bf41d4468f99154"},"description":"Dans le cadre du programme Education Nationale, une semaine Presse &amp; M\u00e9dias a \u00e9t\u00e9 organis\u00e9e du 22 au 27 mars 2021, sur le th\u00e8me \u00ab\u00a0S\u2019informer pour","breadcrumb":{"@id":"http:\/\/www.jeannedarc-figeac.fr\/college-lycee\/les-apprentis-journalistes-de-1ere-hggsp-font-la-semaine-de-la-presse-au-lycee\/#breadcrumb"},"inLanguage":"fr-FR","potentialAction":[{"@type":"ReadAction","target":["http:\/\/www.jeannedarc-figeac.fr\/college-lycee\/les-apprentis-journalistes-de-1ere-hggsp-font-la-semaine-de-la-presse-au-lycee\/"]}]},{"@type":"ImageObject","inLanguage":"fr-FR","@id":"http:\/\/www.jeannedarc-figeac.fr\/college-lycee\/les-apprentis-journalistes-de-1ere-hggsp-font-la-semaine-de-la-presse-au-lycee\/#primaryimage","url":"https:\/\/i0.wp.com\/www.jeannedarc-figeac.fr\/college-lycee\/wp-content\/uploads\/sites\/5\/2021\/05\/presse-1BIS.jpg?fit=1600%2C1200&ssl=1","contentUrl":"https:\/\/i0.wp.com\/www.jeannedarc-figeac.fr\/college-lycee\/wp-content\/uploads\/sites\/5\/2021\/05\/presse-1BIS.jpg?fit=1600%2C1200&ssl=1","width":1600,"height":1200},{"@type":"BreadcrumbList","@id":"http:\/\/www.jeannedarc-figeac.fr\/college-lycee\/les-apprentis-journalistes-de-1ere-hggsp-font-la-semaine-de-la-presse-au-lycee\/#breadcrumb","itemListElement":[{"@type":"ListItem","position":1,"name":"Accueil","item":"https:\/\/www.jeannedarc-figeac.fr\/college-lycee\/"},{"@type":"ListItem","position":2,"name":"Actus","item":"http:\/\/www.jeannedarc-figeac.fr\/college-lycee\/cat\/actus\/"},{"@type":"ListItem","position":3,"name":"Les apprentis-journalistes de 1\u00e8re HGGSP font la Semaine de la Presse au Lyc\u00e9e."}]},{"@type":"WebSite","@id":"https:\/\/www.jeannedarc-figeac.fr\/college-lycee\/#website","url":"https:\/\/www.jeannedarc-figeac.fr\/college-lycee\/","name":"Coll\u00e8ge et Lyc\u00e9e Jeanne d&#039;Arc","description":"Jeanne d&#039;Arc Figeac","potentialAction":[{"@type":"SearchAction","target":{"@type":"EntryPoint","urlTemplate":"https:\/\/www.jeannedarc-figeac.fr\/college-lycee\/?s={search_term_string}"},"query-input":{"@type":"PropertyValueSpecification","valueRequired":true,"valueName":"search_term_string"}}],"inLanguage":"fr-FR"},{"@type":"Person","@id":"https:\/\/www.jeannedarc-figeac.fr\/college-lycee\/#\/schema\/person\/29e5764f28e895dc8bf41d4468f99154","name":"le secr\u00e9tariat","image":{"@type":"ImageObject","inLanguage":"fr-FR","@id":"https:\/\/www.jeannedarc-figeac.fr\/college-lycee\/#\/schema\/person\/image\/","url":"https:\/\/www.jeannedarc-figeac.fr\/college-lycee\/wp-content\/litespeed\/avatar\/5\/b7e8da60f53ba4adc9e9e66d91d84580.jpg?ver=1777548714","contentUrl":"https:\/\/www.jeannedarc-figeac.fr\/college-lycee\/wp-content\/litespeed\/avatar\/5\/b7e8da60f53ba4adc9e9e66d91d84580.jpg?ver=1777548714","caption":"le secr\u00e9tariat"},"url":"https:\/\/www.jeannedarc-figeac.fr\/college-lycee\/author\/arlette\/"}]}},"jetpack_featured_media_url":"","jetpack_sharing_enabled":true,"jetpack_shortlink":"https:\/\/wp.me\/p5Qyb6-17C","_links":{"self":[{"href":"https:\/\/www.jeannedarc-figeac.fr\/college-lycee\/wp-json\/wp\/v2\/posts\/4316","targetHints":{"allow":["GET"]}}],"collection":[{"href":"https:\/\/www.jeannedarc-figeac.fr\/college-lycee\/wp-json\/wp\/v2\/posts"}],"about":[{"href":"https:\/\/www.jeannedarc-figeac.fr\/college-lycee\/wp-json\/wp\/v2\/types\/post"}],"author":[{"embeddable":true,"href":"https:\/\/www.jeannedarc-figeac.fr\/college-lycee\/wp-json\/wp\/v2\/users\/12"}],"replies":[{"embeddable":true,"href":"https:\/\/www.jeannedarc-figeac.fr\/college-lycee\/wp-json\/wp\/v2\/comments?post=4316"}],"version-history":[{"count":1,"href":"https:\/\/www.jeannedarc-figeac.fr\/college-lycee\/wp-json\/wp\/v2\/posts\/4316\/revisions"}],"predecessor-version":[{"id":4318,"href":"https:\/\/www.jeannedarc-figeac.fr\/college-lycee\/wp-json\/wp\/v2\/posts\/4316\/revisions\/4318"}],"wp:attachment":[{"href":"https:\/\/www.jeannedarc-figeac.fr\/college-lycee\/wp-json\/wp\/v2\/media?parent=4316"}],"wp:term":[{"taxonomy":"category","embeddable":true,"href":"https:\/\/www.jeannedarc-figeac.fr\/college-lycee\/wp-json\/wp\/v2\/categories?post=4316"},{"taxonomy":"post_tag","embeddable":true,"href":"https:\/\/www.jeannedarc-figeac.fr\/college-lycee\/wp-json\/wp\/v2\/tags?post=4316"}],"curies":[{"name":"wp","href":"https:\/\/api.w.org\/{rel}","templated":true}]}}