{"id":4313,"date":"2021-05-19T09:10:32","date_gmt":"2021-05-19T09:10:32","guid":{"rendered":"http:\/\/www.jeannedarc-figeac.fr\/college-lycee\/?p=4313"},"modified":"2021-05-19T09:10:37","modified_gmt":"2021-05-19T09:10:37","slug":"les-4emes-graines-de-paleontologues","status":"publish","type":"post","link":"https:\/\/www.jeannedarc-figeac.fr\/college-lycee\/les-4emes-graines-de-paleontologues\/","title":{"rendered":"Les 4\u00e8mes \u00ab\u00a0graines de pal\u00e9ontologues\u00a0\u00bb"},"content":{"rendered":"\n<figure class=\"wp-block-image\"><img data-recalc-dims=\"1\" loading=\"lazy\" decoding=\"async\" width=\"300\" height=\"225\" src=\"https:\/\/i0.wp.com\/www.jeannedarc-figeac.fr\/college-lycee\/wp-content\/uploads\/sites\/5\/2021\/05\/phosphatiereBIS.jpg?resize=300%2C225\" alt=\"\" class=\"wp-image-4314\" \/><\/figure>\n\n\n\n<p>Dans la continuit\u00e9 de l\u2019action \u00e9ducative \u00ab\u00a0Graine de pal\u00e9ontologue\u00a0\u00bb propos\u00e9e par le r\u00e9seau G\u00e9oparcs, les \u00e9l\u00e8ves de 4e1 et 4e3 devaient se rendre aux Phosphati\u00e8res du Cloup d\u2019Aural et r\u00e9aliser des ateliers de science participative. Compte-tenu de la situation actuelle, se sont les animateurs qui sont venus dans notre \u00e9tablissement. Ils ont pu r\u00e9aliser deux ateliers :<\/p>\n\n\n\n<p>\u2022 Atelier \u00ab reconstitution de paysage \u00bb : 6 \u00e9quipes ont travaill\u00e9 sur un bac de fossiles diff\u00e9rent afin de reconstituer les paysages du pass\u00e9 dans le Quercy.\u00a0Leur r\u00e9flexion s\u2019est bas\u00e9e sur le principe\u00a0de l\u2019actualisme. Cet atelier a permis d\u2019aborder\u00a0l\u2019\u00e9chelle des temps g\u00e9ologiques\u00a0du jurassique (180 millions d\u2019ann\u00e9es) jusqu\u2019au Quaternaire.<\/p>\n\n\n\n<p>\u2022 Atelier \u00ab tri de s\u00e9diments&nbsp;\u00bb : apr\u00e8s un diaporama sur la formation des phosphati\u00e8res, les \u00e9l\u00e8ves ont \u00e9t\u00e9 r\u00e9partis sur 5 postes de travail afin de trier du s\u00e9diment de 5 sites diff\u00e9rents. A l\u2019aide de pinces fines et de boites de r\u00e9colte, ils ont r\u00e9cup\u00e9r\u00e9 de nombreux fossiles dans les s\u00e9diments : os, dents, vert\u00e8bres, griffes et m\u00eame\u2026 des crottes de chenilles !<\/p>\n\n\n\n<p>Les \u00e9l\u00e8ves sont repartis avec un petit guide de l\u2019explorateur des Causses du Quercy, qu\u2019ils pourront compl\u00e9ter au gr\u00e8s de leurs balades naturalistes et g\u00e9ologiques.<\/p>\n","protected":false},"excerpt":{"rendered":"<p>Dans la continuit\u00e9 de l\u2019action \u00e9ducative \u00ab\u00a0Graine de pal\u00e9ontologue\u00a0\u00bb propos\u00e9e par le r\u00e9seau G\u00e9oparcs, les \u00e9l\u00e8ves de 4e1 et 4e3 devaient se rendre aux Phosphati\u00e8res du Cloup d\u2019Aural et r\u00e9aliser des ateliers de science participative. Compte-tenu de la situation actuelle, se sont les animateurs qui sont venus dans notre \u00e9tablissement. Ils ont pu r\u00e9aliser deux [&hellip;]<\/p>\n","protected":false},"author":12,"featured_media":0,"comment_status":"closed","ping_status":"open","sticky":false,"template":"","format":"standard","meta":{"_et_pb_use_builder":"off","_et_pb_old_content":"","_et_gb_content_width":"","_jetpack_newsletter_access":"","_jetpack_dont_email_post_to_subs":false,"_jetpack_newsletter_tier_id":0,"_jetpack_memberships_contains_paywalled_content":false,"iawp_total_views":0,"_jetpack_memberships_contains_paid_content":false,"footnotes":""},"categories":[28],"tags":[],"class_list":["post-4313","post","type-post","status-publish","format-standard","hentry","category-actus"],"yoast_head":"<!-- This site is optimized with the Yoast SEO plugin v26.0 - https:\/\/yoast.com\/wordpress\/plugins\/seo\/ -->\n<title>Les 4\u00e8mes &quot;graines de pal\u00e9ontologues&quot;<\/title>\n<meta name=\"description\" content=\"Dans la continuit\u00e9 de l\u2019action \u00e9ducative \u00ab\u00a0Graine de pal\u00e9ontologue\u00a0\u00bb propos\u00e9e par le r\u00e9seau G\u00e9oparcs, les \u00e9l\u00e8ves de 4e1 et 4e3 devaient se rendre aux\" \/>\n<meta name=\"robots\" content=\"index, follow, max-snippet:-1, max-image-preview:large, max-video-preview:-1\" \/>\n<link rel=\"canonical\" href=\"http:\/\/www.jeannedarc-figeac.fr\/college-lycee\/les-4emes-graines-de-paleontologues\/\" \/>\n<meta property=\"og:locale\" content=\"fr_FR\" \/>\n<meta property=\"og:type\" content=\"article\" \/>\n<meta property=\"og:title\" content=\"Les 4\u00e8mes &quot;graines de pal\u00e9ontologues&quot;\" \/>\n<meta property=\"og:description\" content=\"Dans la continuit\u00e9 de l\u2019action \u00e9ducative \u00ab\u00a0Graine de pal\u00e9ontologue\u00a0\u00bb propos\u00e9e par le r\u00e9seau G\u00e9oparcs, les \u00e9l\u00e8ves de 4e1 et 4e3 devaient se rendre aux\" \/>\n<meta property=\"og:url\" content=\"http:\/\/www.jeannedarc-figeac.fr\/college-lycee\/les-4emes-graines-de-paleontologues\/\" \/>\n<meta property=\"og:site_name\" content=\"Coll\u00e8ge et Lyc\u00e9e Jeanne d&#039;Arc\" \/>\n<meta property=\"article:published_time\" content=\"2021-05-19T09:10:32+00:00\" \/>\n<meta property=\"article:modified_time\" content=\"2021-05-19T09:10:37+00:00\" \/>\n<meta property=\"og:image\" content=\"http:\/\/www.jeannedarc-figeac.fr\/college-lycee\/wp-content\/uploads\/sites\/5\/2021\/05\/phosphatiereBIS-300x225.jpg\" \/>\n<meta name=\"author\" content=\"le secr\u00e9tariat\" \/>\n<script type=\"application\/ld+json\" class=\"yoast-schema-graph\">{\"@context\":\"https:\/\/schema.org\",\"@graph\":[{\"@type\":\"WebPage\",\"@id\":\"http:\/\/www.jeannedarc-figeac.fr\/college-lycee\/les-4emes-graines-de-paleontologues\/\",\"url\":\"http:\/\/www.jeannedarc-figeac.fr\/college-lycee\/les-4emes-graines-de-paleontologues\/\",\"name\":\"Les 4\u00e8mes \\\"graines de pal\u00e9ontologues\\\"\",\"isPartOf\":{\"@id\":\"https:\/\/www.jeannedarc-figeac.fr\/college-lycee\/#website\"},\"primaryImageOfPage\":{\"@id\":\"http:\/\/www.jeannedarc-figeac.fr\/college-lycee\/les-4emes-graines-de-paleontologues\/#primaryimage\"},\"image\":{\"@id\":\"http:\/\/www.jeannedarc-figeac.fr\/college-lycee\/les-4emes-graines-de-paleontologues\/#primaryimage\"},\"thumbnailUrl\":\"http:\/\/www.jeannedarc-figeac.fr\/college-lycee\/wp-content\/uploads\/sites\/5\/2021\/05\/phosphatiereBIS-300x225.jpg\",\"datePublished\":\"2021-05-19T09:10:32+00:00\",\"dateModified\":\"2021-05-19T09:10:37+00:00\",\"author\":{\"@id\":\"https:\/\/www.jeannedarc-figeac.fr\/college-lycee\/#\/schema\/person\/29e5764f28e895dc8bf41d4468f99154\"},\"description\":\"Dans la continuit\u00e9 de l\u2019action \u00e9ducative \u00ab\u00a0Graine de pal\u00e9ontologue\u00a0\u00bb propos\u00e9e par le r\u00e9seau G\u00e9oparcs, les \u00e9l\u00e8ves de 4e1 et 4e3 devaient se rendre aux\",\"breadcrumb\":{\"@id\":\"http:\/\/www.jeannedarc-figeac.fr\/college-lycee\/les-4emes-graines-de-paleontologues\/#breadcrumb\"},\"inLanguage\":\"fr-FR\",\"potentialAction\":[{\"@type\":\"ReadAction\",\"target\":[\"http:\/\/www.jeannedarc-figeac.fr\/college-lycee\/les-4emes-graines-de-paleontologues\/\"]}]},{\"@type\":\"ImageObject\",\"inLanguage\":\"fr-FR\",\"@id\":\"http:\/\/www.jeannedarc-figeac.fr\/college-lycee\/les-4emes-graines-de-paleontologues\/#primaryimage\",\"url\":\"https:\/\/i0.wp.com\/www.jeannedarc-figeac.fr\/college-lycee\/wp-content\/uploads\/sites\/5\/2021\/05\/phosphatiereBIS.jpg?fit=1600%2C1200&ssl=1\",\"contentUrl\":\"https:\/\/i0.wp.com\/www.jeannedarc-figeac.fr\/college-lycee\/wp-content\/uploads\/sites\/5\/2021\/05\/phosphatiereBIS.jpg?fit=1600%2C1200&ssl=1\",\"width\":1600,\"height\":1200},{\"@type\":\"BreadcrumbList\",\"@id\":\"http:\/\/www.jeannedarc-figeac.fr\/college-lycee\/les-4emes-graines-de-paleontologues\/#breadcrumb\",\"itemListElement\":[{\"@type\":\"ListItem\",\"position\":1,\"name\":\"Accueil\",\"item\":\"https:\/\/www.jeannedarc-figeac.fr\/college-lycee\/\"},{\"@type\":\"ListItem\",\"position\":2,\"name\":\"Actus\",\"item\":\"http:\/\/www.jeannedarc-figeac.fr\/college-lycee\/cat\/actus\/\"},{\"@type\":\"ListItem\",\"position\":3,\"name\":\"Les 4\u00e8mes \u00ab\u00a0graines de pal\u00e9ontologues\u00a0\u00bb\"}]},{\"@type\":\"WebSite\",\"@id\":\"https:\/\/www.jeannedarc-figeac.fr\/college-lycee\/#website\",\"url\":\"https:\/\/www.jeannedarc-figeac.fr\/college-lycee\/\",\"name\":\"Coll\u00e8ge et Lyc\u00e9e Jeanne d&#039;Arc\",\"description\":\"Jeanne d&#039;Arc Figeac\",\"potentialAction\":[{\"@type\":\"SearchAction\",\"target\":{\"@type\":\"EntryPoint\",\"urlTemplate\":\"https:\/\/www.jeannedarc-figeac.fr\/college-lycee\/?s={search_term_string}\"},\"query-input\":{\"@type\":\"PropertyValueSpecification\",\"valueRequired\":true,\"valueName\":\"search_term_string\"}}],\"inLanguage\":\"fr-FR\"},{\"@type\":\"Person\",\"@id\":\"https:\/\/www.jeannedarc-figeac.fr\/college-lycee\/#\/schema\/person\/29e5764f28e895dc8bf41d4468f99154\",\"name\":\"le secr\u00e9tariat\",\"image\":{\"@type\":\"ImageObject\",\"inLanguage\":\"fr-FR\",\"@id\":\"https:\/\/www.jeannedarc-figeac.fr\/college-lycee\/#\/schema\/person\/image\/\",\"url\":\"https:\/\/www.jeannedarc-figeac.fr\/college-lycee\/wp-content\/litespeed\/avatar\/5\/b7e8da60f53ba4adc9e9e66d91d84580.jpg?ver=1777548714\",\"contentUrl\":\"https:\/\/www.jeannedarc-figeac.fr\/college-lycee\/wp-content\/litespeed\/avatar\/5\/b7e8da60f53ba4adc9e9e66d91d84580.jpg?ver=1777548714\",\"caption\":\"le secr\u00e9tariat\"},\"url\":\"https:\/\/www.jeannedarc-figeac.fr\/college-lycee\/author\/arlette\/\"}]}<\/script>\n<!-- \/ Yoast SEO plugin. -->","yoast_head_json":{"title":"Les 4\u00e8mes \"graines de pal\u00e9ontologues\"","description":"Dans la continuit\u00e9 de l\u2019action \u00e9ducative \u00ab\u00a0Graine de pal\u00e9ontologue\u00a0\u00bb propos\u00e9e par le r\u00e9seau G\u00e9oparcs, les \u00e9l\u00e8ves de 4e1 et 4e3 devaient se rendre aux","robots":{"index":"index","follow":"follow","max-snippet":"max-snippet:-1","max-image-preview":"max-image-preview:large","max-video-preview":"max-video-preview:-1"},"canonical":"http:\/\/www.jeannedarc-figeac.fr\/college-lycee\/les-4emes-graines-de-paleontologues\/","og_locale":"fr_FR","og_type":"article","og_title":"Les 4\u00e8mes \"graines de pal\u00e9ontologues\"","og_description":"Dans la continuit\u00e9 de l\u2019action \u00e9ducative \u00ab\u00a0Graine de pal\u00e9ontologue\u00a0\u00bb propos\u00e9e par le r\u00e9seau G\u00e9oparcs, les \u00e9l\u00e8ves de 4e1 et 4e3 devaient se rendre aux","og_url":"http:\/\/www.jeannedarc-figeac.fr\/college-lycee\/les-4emes-graines-de-paleontologues\/","og_site_name":"Coll\u00e8ge et Lyc\u00e9e Jeanne d&#039;Arc","article_published_time":"2021-05-19T09:10:32+00:00","article_modified_time":"2021-05-19T09:10:37+00:00","og_image":[{"url":"http:\/\/www.jeannedarc-figeac.fr\/college-lycee\/wp-content\/uploads\/sites\/5\/2021\/05\/phosphatiereBIS-300x225.jpg","type":"","width":"","height":""}],"author":"le secr\u00e9tariat","schema":{"@context":"https:\/\/schema.org","@graph":[{"@type":"WebPage","@id":"http:\/\/www.jeannedarc-figeac.fr\/college-lycee\/les-4emes-graines-de-paleontologues\/","url":"http:\/\/www.jeannedarc-figeac.fr\/college-lycee\/les-4emes-graines-de-paleontologues\/","name":"Les 4\u00e8mes \"graines de pal\u00e9ontologues\"","isPartOf":{"@id":"https:\/\/www.jeannedarc-figeac.fr\/college-lycee\/#website"},"primaryImageOfPage":{"@id":"http:\/\/www.jeannedarc-figeac.fr\/college-lycee\/les-4emes-graines-de-paleontologues\/#primaryimage"},"image":{"@id":"http:\/\/www.jeannedarc-figeac.fr\/college-lycee\/les-4emes-graines-de-paleontologues\/#primaryimage"},"thumbnailUrl":"http:\/\/www.jeannedarc-figeac.fr\/college-lycee\/wp-content\/uploads\/sites\/5\/2021\/05\/phosphatiereBIS-300x225.jpg","datePublished":"2021-05-19T09:10:32+00:00","dateModified":"2021-05-19T09:10:37+00:00","author":{"@id":"https:\/\/www.jeannedarc-figeac.fr\/college-lycee\/#\/schema\/person\/29e5764f28e895dc8bf41d4468f99154"},"description":"Dans la continuit\u00e9 de l\u2019action \u00e9ducative \u00ab\u00a0Graine de pal\u00e9ontologue\u00a0\u00bb propos\u00e9e par le r\u00e9seau G\u00e9oparcs, les \u00e9l\u00e8ves de 4e1 et 4e3 devaient se rendre aux","breadcrumb":{"@id":"http:\/\/www.jeannedarc-figeac.fr\/college-lycee\/les-4emes-graines-de-paleontologues\/#breadcrumb"},"inLanguage":"fr-FR","potentialAction":[{"@type":"ReadAction","target":["http:\/\/www.jeannedarc-figeac.fr\/college-lycee\/les-4emes-graines-de-paleontologues\/"]}]},{"@type":"ImageObject","inLanguage":"fr-FR","@id":"http:\/\/www.jeannedarc-figeac.fr\/college-lycee\/les-4emes-graines-de-paleontologues\/#primaryimage","url":"https:\/\/i0.wp.com\/www.jeannedarc-figeac.fr\/college-lycee\/wp-content\/uploads\/sites\/5\/2021\/05\/phosphatiereBIS.jpg?fit=1600%2C1200&ssl=1","contentUrl":"https:\/\/i0.wp.com\/www.jeannedarc-figeac.fr\/college-lycee\/wp-content\/uploads\/sites\/5\/2021\/05\/phosphatiereBIS.jpg?fit=1600%2C1200&ssl=1","width":1600,"height":1200},{"@type":"BreadcrumbList","@id":"http:\/\/www.jeannedarc-figeac.fr\/college-lycee\/les-4emes-graines-de-paleontologues\/#breadcrumb","itemListElement":[{"@type":"ListItem","position":1,"name":"Accueil","item":"https:\/\/www.jeannedarc-figeac.fr\/college-lycee\/"},{"@type":"ListItem","position":2,"name":"Actus","item":"http:\/\/www.jeannedarc-figeac.fr\/college-lycee\/cat\/actus\/"},{"@type":"ListItem","position":3,"name":"Les 4\u00e8mes \u00ab\u00a0graines de pal\u00e9ontologues\u00a0\u00bb"}]},{"@type":"WebSite","@id":"https:\/\/www.jeannedarc-figeac.fr\/college-lycee\/#website","url":"https:\/\/www.jeannedarc-figeac.fr\/college-lycee\/","name":"Coll\u00e8ge et Lyc\u00e9e Jeanne d&#039;Arc","description":"Jeanne d&#039;Arc Figeac","potentialAction":[{"@type":"SearchAction","target":{"@type":"EntryPoint","urlTemplate":"https:\/\/www.jeannedarc-figeac.fr\/college-lycee\/?s={search_term_string}"},"query-input":{"@type":"PropertyValueSpecification","valueRequired":true,"valueName":"search_term_string"}}],"inLanguage":"fr-FR"},{"@type":"Person","@id":"https:\/\/www.jeannedarc-figeac.fr\/college-lycee\/#\/schema\/person\/29e5764f28e895dc8bf41d4468f99154","name":"le secr\u00e9tariat","image":{"@type":"ImageObject","inLanguage":"fr-FR","@id":"https:\/\/www.jeannedarc-figeac.fr\/college-lycee\/#\/schema\/person\/image\/","url":"https:\/\/www.jeannedarc-figeac.fr\/college-lycee\/wp-content\/litespeed\/avatar\/5\/b7e8da60f53ba4adc9e9e66d91d84580.jpg?ver=1777548714","contentUrl":"https:\/\/www.jeannedarc-figeac.fr\/college-lycee\/wp-content\/litespeed\/avatar\/5\/b7e8da60f53ba4adc9e9e66d91d84580.jpg?ver=1777548714","caption":"le secr\u00e9tariat"},"url":"https:\/\/www.jeannedarc-figeac.fr\/college-lycee\/author\/arlette\/"}]}},"jetpack_featured_media_url":"","jetpack_sharing_enabled":true,"jetpack_shortlink":"https:\/\/wp.me\/p5Qyb6-17z","_links":{"self":[{"href":"https:\/\/www.jeannedarc-figeac.fr\/college-lycee\/wp-json\/wp\/v2\/posts\/4313","targetHints":{"allow":["GET"]}}],"collection":[{"href":"https:\/\/www.jeannedarc-figeac.fr\/college-lycee\/wp-json\/wp\/v2\/posts"}],"about":[{"href":"https:\/\/www.jeannedarc-figeac.fr\/college-lycee\/wp-json\/wp\/v2\/types\/post"}],"author":[{"embeddable":true,"href":"https:\/\/www.jeannedarc-figeac.fr\/college-lycee\/wp-json\/wp\/v2\/users\/12"}],"replies":[{"embeddable":true,"href":"https:\/\/www.jeannedarc-figeac.fr\/college-lycee\/wp-json\/wp\/v2\/comments?post=4313"}],"version-history":[{"count":1,"href":"https:\/\/www.jeannedarc-figeac.fr\/college-lycee\/wp-json\/wp\/v2\/posts\/4313\/revisions"}],"predecessor-version":[{"id":4315,"href":"https:\/\/www.jeannedarc-figeac.fr\/college-lycee\/wp-json\/wp\/v2\/posts\/4313\/revisions\/4315"}],"wp:attachment":[{"href":"https:\/\/www.jeannedarc-figeac.fr\/college-lycee\/wp-json\/wp\/v2\/media?parent=4313"}],"wp:term":[{"taxonomy":"category","embeddable":true,"href":"https:\/\/www.jeannedarc-figeac.fr\/college-lycee\/wp-json\/wp\/v2\/categories?post=4313"},{"taxonomy":"post_tag","embeddable":true,"href":"https:\/\/www.jeannedarc-figeac.fr\/college-lycee\/wp-json\/wp\/v2\/tags?post=4313"}],"curies":[{"name":"wp","href":"https:\/\/api.w.org\/{rel}","templated":true}]}}