{"id":4310,"date":"2021-05-19T09:04:46","date_gmt":"2021-05-19T09:04:46","guid":{"rendered":"http:\/\/www.jeannedarc-figeac.fr\/college-lycee\/?p=4310"},"modified":"2021-05-19T09:04:50","modified_gmt":"2021-05-19T09:04:50","slug":"%ef%bb%bf-les-quatriemes-se-mettent-a-la-place-des-paleontologues","status":"publish","type":"post","link":"https:\/\/www.jeannedarc-figeac.fr\/college-lycee\/%ef%bb%bf-les-quatriemes-se-mettent-a-la-place-des-paleontologues\/","title":{"rendered":"\ufeff Les quatri\u00e8mes se mettent \u00e0 la place des pal\u00e9ontologues"},"content":{"rendered":"\n<figure class=\"wp-block-image\"><img data-recalc-dims=\"1\" loading=\"lazy\" decoding=\"async\" width=\"300\" height=\"225\" src=\"https:\/\/i0.wp.com\/www.jeannedarc-figeac.fr\/college-lycee\/wp-content\/uploads\/sites\/5\/2021\/05\/paleontologuesBIS.jpg?resize=300%2C225\" alt=\"\" class=\"wp-image-4311\" \/><\/figure>\n\n\n\n<p>Jeudi 25 mars, les 4e1 et 4e3 ont re\u00e7u la visite de Thierry PELISSIE,\u00a0conservateur de la R\u00e9serve naturelle nationale d\u2019int\u00e9r\u00eat g\u00e9ologique du Lot. Cette premi\u00e8re intervention a eu pour objectif de sensibiliser les \u00e9l\u00e8ves aux patrimoines g\u00e9ologiques de la R\u00e9serve et du G\u00e9oparc mondial UNESCO des Causses du Quercy.\u00a0 Les \u00e9l\u00e8ves ont pu r\u00e9aliser qu&rsquo;\u00e0 l\u2019aide de donn\u00e9es scientifiques on peut montrer que la biodiversit\u00e9 a \u00e9volu\u00e9 au cours des temps g\u00e9ologiques et notamment en passant par des crises biologiques.<\/p>\n","protected":false},"excerpt":{"rendered":"<p>Jeudi 25 mars, les 4e1 et 4e3 ont re\u00e7u la visite de Thierry PELISSIE,\u00a0conservateur de la R\u00e9serve naturelle nationale d\u2019int\u00e9r\u00eat g\u00e9ologique du Lot. Cette premi\u00e8re intervention a eu pour objectif de sensibiliser les \u00e9l\u00e8ves aux patrimoines g\u00e9ologiques de la R\u00e9serve et du G\u00e9oparc mondial UNESCO des Causses du Quercy.\u00a0 Les \u00e9l\u00e8ves ont pu r\u00e9aliser qu&rsquo;\u00e0 [&hellip;]<\/p>\n","protected":false},"author":12,"featured_media":0,"comment_status":"closed","ping_status":"open","sticky":false,"template":"","format":"standard","meta":{"_et_pb_use_builder":"off","_et_pb_old_content":"","_et_gb_content_width":"","_jetpack_newsletter_access":"","_jetpack_dont_email_post_to_subs":false,"_jetpack_newsletter_tier_id":0,"_jetpack_memberships_contains_paywalled_content":false,"iawp_total_views":0,"_jetpack_memberships_contains_paid_content":false,"footnotes":""},"categories":[28],"tags":[],"class_list":["post-4310","post","type-post","status-publish","format-standard","hentry","category-actus"],"yoast_head":"<!-- This site is optimized with the Yoast SEO plugin v26.0 - https:\/\/yoast.com\/wordpress\/plugins\/seo\/ -->\n<title>\ufeff Les quatri\u00e8mes se mettent \u00e0 la place des pal\u00e9ontologues<\/title>\n<meta name=\"description\" content=\"Jeudi 25 mars, les 4e1 et 4e3 ont re\u00e7u la visite de Thierry PELISSIE,\u00a0conservateur de la R\u00e9serve naturelle nationale d\u2019int\u00e9r\u00eat g\u00e9ologique du Lot. Cette\" \/>\n<meta name=\"robots\" content=\"index, follow, max-snippet:-1, max-image-preview:large, max-video-preview:-1\" \/>\n<link rel=\"canonical\" href=\"https:\/\/www.jeannedarc-figeac.fr\/college-lycee\/\ufeff-les-quatriemes-se-mettent-a-la-place-des-paleontologues\/\" \/>\n<meta property=\"og:locale\" content=\"fr_FR\" \/>\n<meta property=\"og:type\" content=\"article\" \/>\n<meta property=\"og:title\" content=\"\ufeff Les quatri\u00e8mes se mettent \u00e0 la place des pal\u00e9ontologues\" \/>\n<meta property=\"og:description\" content=\"Jeudi 25 mars, les 4e1 et 4e3 ont re\u00e7u la visite de Thierry PELISSIE,\u00a0conservateur de la R\u00e9serve naturelle nationale d\u2019int\u00e9r\u00eat g\u00e9ologique du Lot. Cette\" \/>\n<meta property=\"og:url\" content=\"https:\/\/www.jeannedarc-figeac.fr\/college-lycee\/\ufeff-les-quatriemes-se-mettent-a-la-place-des-paleontologues\/\" \/>\n<meta property=\"og:site_name\" content=\"Coll\u00e8ge et Lyc\u00e9e Jeanne d&#039;Arc\" \/>\n<meta property=\"article:published_time\" content=\"2021-05-19T09:04:46+00:00\" \/>\n<meta property=\"article:modified_time\" content=\"2021-05-19T09:04:50+00:00\" \/>\n<meta property=\"og:image\" content=\"http:\/\/www.jeannedarc-figeac.fr\/college-lycee\/wp-content\/uploads\/sites\/5\/2021\/05\/paleontologuesBIS-300x225.jpg\" \/>\n<meta name=\"author\" content=\"le secr\u00e9tariat\" \/>\n<script type=\"application\/ld+json\" class=\"yoast-schema-graph\">{\"@context\":\"https:\/\/schema.org\",\"@graph\":[{\"@type\":\"WebPage\",\"@id\":\"https:\/\/www.jeannedarc-figeac.fr\/college-lycee\/%ef%bb%bf-les-quatriemes-se-mettent-a-la-place-des-paleontologues\/\",\"url\":\"https:\/\/www.jeannedarc-figeac.fr\/college-lycee\/%ef%bb%bf-les-quatriemes-se-mettent-a-la-place-des-paleontologues\/\",\"name\":\"\ufeff Les quatri\u00e8mes se mettent \u00e0 la place des pal\u00e9ontologues\",\"isPartOf\":{\"@id\":\"https:\/\/www.jeannedarc-figeac.fr\/college-lycee\/#website\"},\"primaryImageOfPage\":{\"@id\":\"https:\/\/www.jeannedarc-figeac.fr\/college-lycee\/%ef%bb%bf-les-quatriemes-se-mettent-a-la-place-des-paleontologues\/#primaryimage\"},\"image\":{\"@id\":\"https:\/\/www.jeannedarc-figeac.fr\/college-lycee\/%ef%bb%bf-les-quatriemes-se-mettent-a-la-place-des-paleontologues\/#primaryimage\"},\"thumbnailUrl\":\"http:\/\/www.jeannedarc-figeac.fr\/college-lycee\/wp-content\/uploads\/sites\/5\/2021\/05\/paleontologuesBIS-300x225.jpg\",\"datePublished\":\"2021-05-19T09:04:46+00:00\",\"dateModified\":\"2021-05-19T09:04:50+00:00\",\"author\":{\"@id\":\"https:\/\/www.jeannedarc-figeac.fr\/college-lycee\/#\/schema\/person\/29e5764f28e895dc8bf41d4468f99154\"},\"description\":\"Jeudi 25 mars, les 4e1 et 4e3 ont re\u00e7u la visite de Thierry PELISSIE,\u00a0conservateur de la R\u00e9serve naturelle nationale d\u2019int\u00e9r\u00eat g\u00e9ologique du Lot. Cette\",\"breadcrumb\":{\"@id\":\"https:\/\/www.jeannedarc-figeac.fr\/college-lycee\/%ef%bb%bf-les-quatriemes-se-mettent-a-la-place-des-paleontologues\/#breadcrumb\"},\"inLanguage\":\"fr-FR\",\"potentialAction\":[{\"@type\":\"ReadAction\",\"target\":[\"https:\/\/www.jeannedarc-figeac.fr\/college-lycee\/%ef%bb%bf-les-quatriemes-se-mettent-a-la-place-des-paleontologues\/\"]}]},{\"@type\":\"ImageObject\",\"inLanguage\":\"fr-FR\",\"@id\":\"https:\/\/www.jeannedarc-figeac.fr\/college-lycee\/%ef%bb%bf-les-quatriemes-se-mettent-a-la-place-des-paleontologues\/#primaryimage\",\"url\":\"https:\/\/i0.wp.com\/www.jeannedarc-figeac.fr\/college-lycee\/wp-content\/uploads\/sites\/5\/2021\/05\/paleontologuesBIS.jpg?fit=1600%2C1200&ssl=1\",\"contentUrl\":\"https:\/\/i0.wp.com\/www.jeannedarc-figeac.fr\/college-lycee\/wp-content\/uploads\/sites\/5\/2021\/05\/paleontologuesBIS.jpg?fit=1600%2C1200&ssl=1\",\"width\":1600,\"height\":1200},{\"@type\":\"BreadcrumbList\",\"@id\":\"https:\/\/www.jeannedarc-figeac.fr\/college-lycee\/%ef%bb%bf-les-quatriemes-se-mettent-a-la-place-des-paleontologues\/#breadcrumb\",\"itemListElement\":[{\"@type\":\"ListItem\",\"position\":1,\"name\":\"Accueil\",\"item\":\"https:\/\/www.jeannedarc-figeac.fr\/college-lycee\/\"},{\"@type\":\"ListItem\",\"position\":2,\"name\":\"Actus\",\"item\":\"http:\/\/www.jeannedarc-figeac.fr\/college-lycee\/cat\/actus\/\"},{\"@type\":\"ListItem\",\"position\":3,\"name\":\"\ufeff Les quatri\u00e8mes se mettent \u00e0 la place des pal\u00e9ontologues\"}]},{\"@type\":\"WebSite\",\"@id\":\"https:\/\/www.jeannedarc-figeac.fr\/college-lycee\/#website\",\"url\":\"https:\/\/www.jeannedarc-figeac.fr\/college-lycee\/\",\"name\":\"Coll\u00e8ge et Lyc\u00e9e Jeanne d&#039;Arc\",\"description\":\"Jeanne d&#039;Arc Figeac\",\"potentialAction\":[{\"@type\":\"SearchAction\",\"target\":{\"@type\":\"EntryPoint\",\"urlTemplate\":\"https:\/\/www.jeannedarc-figeac.fr\/college-lycee\/?s={search_term_string}\"},\"query-input\":{\"@type\":\"PropertyValueSpecification\",\"valueRequired\":true,\"valueName\":\"search_term_string\"}}],\"inLanguage\":\"fr-FR\"},{\"@type\":\"Person\",\"@id\":\"https:\/\/www.jeannedarc-figeac.fr\/college-lycee\/#\/schema\/person\/29e5764f28e895dc8bf41d4468f99154\",\"name\":\"le secr\u00e9tariat\",\"image\":{\"@type\":\"ImageObject\",\"inLanguage\":\"fr-FR\",\"@id\":\"https:\/\/www.jeannedarc-figeac.fr\/college-lycee\/#\/schema\/person\/image\/\",\"url\":\"https:\/\/www.jeannedarc-figeac.fr\/college-lycee\/wp-content\/litespeed\/avatar\/5\/b7e8da60f53ba4adc9e9e66d91d84580.jpg?ver=1776943645\",\"contentUrl\":\"https:\/\/www.jeannedarc-figeac.fr\/college-lycee\/wp-content\/litespeed\/avatar\/5\/b7e8da60f53ba4adc9e9e66d91d84580.jpg?ver=1776943645\",\"caption\":\"le secr\u00e9tariat\"},\"url\":\"https:\/\/www.jeannedarc-figeac.fr\/college-lycee\/author\/arlette\/\"}]}<\/script>\n<!-- \/ Yoast SEO plugin. -->","yoast_head_json":{"title":"\ufeff Les quatri\u00e8mes se mettent \u00e0 la place des pal\u00e9ontologues","description":"Jeudi 25 mars, les 4e1 et 4e3 ont re\u00e7u la visite de Thierry PELISSIE,\u00a0conservateur de la R\u00e9serve naturelle nationale d\u2019int\u00e9r\u00eat g\u00e9ologique du Lot. Cette","robots":{"index":"index","follow":"follow","max-snippet":"max-snippet:-1","max-image-preview":"max-image-preview:large","max-video-preview":"max-video-preview:-1"},"canonical":"https:\/\/www.jeannedarc-figeac.fr\/college-lycee\/\ufeff-les-quatriemes-se-mettent-a-la-place-des-paleontologues\/","og_locale":"fr_FR","og_type":"article","og_title":"\ufeff Les quatri\u00e8mes se mettent \u00e0 la place des pal\u00e9ontologues","og_description":"Jeudi 25 mars, les 4e1 et 4e3 ont re\u00e7u la visite de Thierry PELISSIE,\u00a0conservateur de la R\u00e9serve naturelle nationale d\u2019int\u00e9r\u00eat g\u00e9ologique du Lot. Cette","og_url":"https:\/\/www.jeannedarc-figeac.fr\/college-lycee\/\ufeff-les-quatriemes-se-mettent-a-la-place-des-paleontologues\/","og_site_name":"Coll\u00e8ge et Lyc\u00e9e Jeanne d&#039;Arc","article_published_time":"2021-05-19T09:04:46+00:00","article_modified_time":"2021-05-19T09:04:50+00:00","og_image":[{"url":"http:\/\/www.jeannedarc-figeac.fr\/college-lycee\/wp-content\/uploads\/sites\/5\/2021\/05\/paleontologuesBIS-300x225.jpg","type":"","width":"","height":""}],"author":"le secr\u00e9tariat","schema":{"@context":"https:\/\/schema.org","@graph":[{"@type":"WebPage","@id":"https:\/\/www.jeannedarc-figeac.fr\/college-lycee\/%ef%bb%bf-les-quatriemes-se-mettent-a-la-place-des-paleontologues\/","url":"https:\/\/www.jeannedarc-figeac.fr\/college-lycee\/%ef%bb%bf-les-quatriemes-se-mettent-a-la-place-des-paleontologues\/","name":"\ufeff Les quatri\u00e8mes se mettent \u00e0 la place des pal\u00e9ontologues","isPartOf":{"@id":"https:\/\/www.jeannedarc-figeac.fr\/college-lycee\/#website"},"primaryImageOfPage":{"@id":"https:\/\/www.jeannedarc-figeac.fr\/college-lycee\/%ef%bb%bf-les-quatriemes-se-mettent-a-la-place-des-paleontologues\/#primaryimage"},"image":{"@id":"https:\/\/www.jeannedarc-figeac.fr\/college-lycee\/%ef%bb%bf-les-quatriemes-se-mettent-a-la-place-des-paleontologues\/#primaryimage"},"thumbnailUrl":"http:\/\/www.jeannedarc-figeac.fr\/college-lycee\/wp-content\/uploads\/sites\/5\/2021\/05\/paleontologuesBIS-300x225.jpg","datePublished":"2021-05-19T09:04:46+00:00","dateModified":"2021-05-19T09:04:50+00:00","author":{"@id":"https:\/\/www.jeannedarc-figeac.fr\/college-lycee\/#\/schema\/person\/29e5764f28e895dc8bf41d4468f99154"},"description":"Jeudi 25 mars, les 4e1 et 4e3 ont re\u00e7u la visite de Thierry PELISSIE,\u00a0conservateur de la R\u00e9serve naturelle nationale d\u2019int\u00e9r\u00eat g\u00e9ologique du Lot. Cette","breadcrumb":{"@id":"https:\/\/www.jeannedarc-figeac.fr\/college-lycee\/%ef%bb%bf-les-quatriemes-se-mettent-a-la-place-des-paleontologues\/#breadcrumb"},"inLanguage":"fr-FR","potentialAction":[{"@type":"ReadAction","target":["https:\/\/www.jeannedarc-figeac.fr\/college-lycee\/%ef%bb%bf-les-quatriemes-se-mettent-a-la-place-des-paleontologues\/"]}]},{"@type":"ImageObject","inLanguage":"fr-FR","@id":"https:\/\/www.jeannedarc-figeac.fr\/college-lycee\/%ef%bb%bf-les-quatriemes-se-mettent-a-la-place-des-paleontologues\/#primaryimage","url":"https:\/\/i0.wp.com\/www.jeannedarc-figeac.fr\/college-lycee\/wp-content\/uploads\/sites\/5\/2021\/05\/paleontologuesBIS.jpg?fit=1600%2C1200&ssl=1","contentUrl":"https:\/\/i0.wp.com\/www.jeannedarc-figeac.fr\/college-lycee\/wp-content\/uploads\/sites\/5\/2021\/05\/paleontologuesBIS.jpg?fit=1600%2C1200&ssl=1","width":1600,"height":1200},{"@type":"BreadcrumbList","@id":"https:\/\/www.jeannedarc-figeac.fr\/college-lycee\/%ef%bb%bf-les-quatriemes-se-mettent-a-la-place-des-paleontologues\/#breadcrumb","itemListElement":[{"@type":"ListItem","position":1,"name":"Accueil","item":"https:\/\/www.jeannedarc-figeac.fr\/college-lycee\/"},{"@type":"ListItem","position":2,"name":"Actus","item":"http:\/\/www.jeannedarc-figeac.fr\/college-lycee\/cat\/actus\/"},{"@type":"ListItem","position":3,"name":"\ufeff Les quatri\u00e8mes se mettent \u00e0 la place des pal\u00e9ontologues"}]},{"@type":"WebSite","@id":"https:\/\/www.jeannedarc-figeac.fr\/college-lycee\/#website","url":"https:\/\/www.jeannedarc-figeac.fr\/college-lycee\/","name":"Coll\u00e8ge et Lyc\u00e9e Jeanne d&#039;Arc","description":"Jeanne d&#039;Arc Figeac","potentialAction":[{"@type":"SearchAction","target":{"@type":"EntryPoint","urlTemplate":"https:\/\/www.jeannedarc-figeac.fr\/college-lycee\/?s={search_term_string}"},"query-input":{"@type":"PropertyValueSpecification","valueRequired":true,"valueName":"search_term_string"}}],"inLanguage":"fr-FR"},{"@type":"Person","@id":"https:\/\/www.jeannedarc-figeac.fr\/college-lycee\/#\/schema\/person\/29e5764f28e895dc8bf41d4468f99154","name":"le secr\u00e9tariat","image":{"@type":"ImageObject","inLanguage":"fr-FR","@id":"https:\/\/www.jeannedarc-figeac.fr\/college-lycee\/#\/schema\/person\/image\/","url":"https:\/\/www.jeannedarc-figeac.fr\/college-lycee\/wp-content\/litespeed\/avatar\/5\/b7e8da60f53ba4adc9e9e66d91d84580.jpg?ver=1776943645","contentUrl":"https:\/\/www.jeannedarc-figeac.fr\/college-lycee\/wp-content\/litespeed\/avatar\/5\/b7e8da60f53ba4adc9e9e66d91d84580.jpg?ver=1776943645","caption":"le secr\u00e9tariat"},"url":"https:\/\/www.jeannedarc-figeac.fr\/college-lycee\/author\/arlette\/"}]}},"jetpack_featured_media_url":"","jetpack_sharing_enabled":true,"jetpack_shortlink":"https:\/\/wp.me\/p5Qyb6-17w","_links":{"self":[{"href":"https:\/\/www.jeannedarc-figeac.fr\/college-lycee\/wp-json\/wp\/v2\/posts\/4310","targetHints":{"allow":["GET"]}}],"collection":[{"href":"https:\/\/www.jeannedarc-figeac.fr\/college-lycee\/wp-json\/wp\/v2\/posts"}],"about":[{"href":"https:\/\/www.jeannedarc-figeac.fr\/college-lycee\/wp-json\/wp\/v2\/types\/post"}],"author":[{"embeddable":true,"href":"https:\/\/www.jeannedarc-figeac.fr\/college-lycee\/wp-json\/wp\/v2\/users\/12"}],"replies":[{"embeddable":true,"href":"https:\/\/www.jeannedarc-figeac.fr\/college-lycee\/wp-json\/wp\/v2\/comments?post=4310"}],"version-history":[{"count":1,"href":"https:\/\/www.jeannedarc-figeac.fr\/college-lycee\/wp-json\/wp\/v2\/posts\/4310\/revisions"}],"predecessor-version":[{"id":4312,"href":"https:\/\/www.jeannedarc-figeac.fr\/college-lycee\/wp-json\/wp\/v2\/posts\/4310\/revisions\/4312"}],"wp:attachment":[{"href":"https:\/\/www.jeannedarc-figeac.fr\/college-lycee\/wp-json\/wp\/v2\/media?parent=4310"}],"wp:term":[{"taxonomy":"category","embeddable":true,"href":"https:\/\/www.jeannedarc-figeac.fr\/college-lycee\/wp-json\/wp\/v2\/categories?post=4310"},{"taxonomy":"post_tag","embeddable":true,"href":"https:\/\/www.jeannedarc-figeac.fr\/college-lycee\/wp-json\/wp\/v2\/tags?post=4310"}],"curies":[{"name":"wp","href":"https:\/\/api.w.org\/{rel}","templated":true}]}}