{"id":4235,"date":"2021-03-29T14:30:08","date_gmt":"2021-03-29T14:30:08","guid":{"rendered":"http:\/\/www.jeannedarc-figeac.fr\/college-lycee\/?p=4235"},"modified":"2021-03-29T14:30:13","modified_gmt":"2021-03-29T14:30:13","slug":"le-groupe-sciencespo-on-line","status":"publish","type":"post","link":"https:\/\/www.jeannedarc-figeac.fr\/college-lycee\/le-groupe-sciencespo-on-line\/","title":{"rendered":"Le groupe \u00ab SciencesPo \u00bb on line\u2026"},"content":{"rendered":"\n<figure class=\"wp-block-image\"><img data-recalc-dims=\"1\" loading=\"lazy\" decoding=\"async\" width=\"300\" height=\"145\" src=\"https:\/\/i0.wp.com\/www.jeannedarc-figeac.fr\/college-lycee\/wp-content\/uploads\/sites\/5\/2021\/03\/radioBIS.jpg?resize=300%2C145\" alt=\"\" class=\"wp-image-4237\" \/><\/figure>\n\n\n\n<p><strong>L<\/strong><\/p>\n\n\n\n<p>Suite \u00e0 l\u2019enqu\u00eate men\u00e9e aupr\u00e8s de leurs proches, les \u00e9l\u00e8ves de la sp\u00e9cialit\u00e9 Histoire-G\u00e9ographie-G\u00e9opolitique-Sciences Politiques, en Tle g\u00e9n\u00e9rale, ont r\u00e9v\u00e9l\u00e9 leurs conclusions en enregistrant l\u2019\u00e9mission de radio <em>Paroles de Jeunes<\/em>, diffus\u00e9e par Radio Pr\u00e9sence, le 25 f\u00e9vrier \u00e0 17h45. Ainsi, si la restauration de Notre-Dame de Paris fait consensus, la forme qu\u2019elle doit prendre est plus pol\u00e9mique\u00a0: les jeunes g\u00e9n\u00e9rations, comme les cat\u00e9gories \u00e2g\u00e9es de plus de 65 ans, s\u2019accordent sur un geste architectural qui marque notre \u00e9poque (les uns pour moderniser l\u2019ensemble, les autres pour laisser une trace). Dans ce cas-l\u00e0, l\u2019id\u00e9e de faire vivre le patrimoine de cette cath\u00e9drale est n\u00e9cessairement un enjeu identitaire. Pour les m\u00eames raisons, ce qui est assez paradoxal, les cat\u00e9gories d\u2019\u00e2ge interm\u00e9diaire pr\u00e9f\u00e8rent une restauration \u00ab\u00a0\u00e0 l\u2019identique\u00a0\u00bb, et c\u2019est l\u2019option retenue par nos politiques (qui sont d\u2019ailleurs majoritairement dans ces \u00e2ges). Ainsi, on comprend bien que tout est objet \u00e0 interpr\u00e9tation, Notre-Dame de Paris est devenue un instrument politique. La question du financement est un axe de r\u00e9flexion tout aussi \u00e9vocateur.Pour plus de d\u00e9tails, \u00e9coutez l\u2019\u00e9mission en podcast (Radio Pr\u00e9sence 97.7 FM, \u00e0 Figeac)\u00a0! Pas si facile d\u2019\u00eatre animateur-radio finalement, mais une bonne exp\u00e9rience dans la pr\u00e9paration de leur Grand Oral et un plus pour leurs \u00e9tudes post-bac. <\/p>\n\n\n\n<figure class=\"wp-block-embed\"><div class=\"wp-block-embed__wrapper\">\nhttps:\/\/www.radiopresence.com\/emissions\/culture\/decouverte\/paroles-de-jeunes\/article\/restauration-notre-dame\n<\/div><\/figure>\n","protected":false},"excerpt":{"rendered":"<p>L Suite \u00e0 l\u2019enqu\u00eate men\u00e9e aupr\u00e8s de leurs proches, les \u00e9l\u00e8ves de la sp\u00e9cialit\u00e9 Histoire-G\u00e9ographie-G\u00e9opolitique-Sciences Politiques, en Tle g\u00e9n\u00e9rale, ont r\u00e9v\u00e9l\u00e9 leurs conclusions en enregistrant l\u2019\u00e9mission de radio Paroles de Jeunes, diffus\u00e9e par Radio Pr\u00e9sence, le 25 f\u00e9vrier \u00e0 17h45. Ainsi, si la restauration de Notre-Dame de Paris fait consensus, la forme qu\u2019elle doit prendre [&hellip;]<\/p>\n","protected":false},"author":12,"featured_media":0,"comment_status":"closed","ping_status":"open","sticky":false,"template":"","format":"standard","meta":{"_et_pb_use_builder":"off","_et_pb_old_content":"","_et_gb_content_width":"","_jetpack_newsletter_access":"","_jetpack_dont_email_post_to_subs":false,"_jetpack_newsletter_tier_id":0,"_jetpack_memberships_contains_paywalled_content":false,"iawp_total_views":0,"_jetpack_memberships_contains_paid_content":false,"footnotes":""},"categories":[28],"tags":[],"class_list":["post-4235","post","type-post","status-publish","format-standard","hentry","category-actus"],"yoast_head":"<!-- This site is optimized with the Yoast SEO plugin v26.0 - https:\/\/yoast.com\/wordpress\/plugins\/seo\/ -->\n<title>Le groupe \u00ab SciencesPo \u00bb on line\u2026<\/title>\n<meta name=\"description\" content=\"L Suite \u00e0 l\u2019enqu\u00eate men\u00e9e aupr\u00e8s de leurs proches, les \u00e9l\u00e8ves de la sp\u00e9cialit\u00e9 Histoire-G\u00e9ographie-G\u00e9opolitique-Sciences Politiques, en Tle g\u00e9n\u00e9rale, ont\" \/>\n<meta name=\"robots\" content=\"index, follow, max-snippet:-1, max-image-preview:large, max-video-preview:-1\" \/>\n<link rel=\"canonical\" href=\"http:\/\/www.jeannedarc-figeac.fr\/college-lycee\/le-groupe-sciencespo-on-line\/\" \/>\n<meta property=\"og:locale\" content=\"fr_FR\" \/>\n<meta property=\"og:type\" content=\"article\" \/>\n<meta property=\"og:title\" content=\"Le groupe \u00ab SciencesPo \u00bb on line\u2026\" \/>\n<meta property=\"og:description\" content=\"L Suite \u00e0 l\u2019enqu\u00eate men\u00e9e aupr\u00e8s de leurs proches, les \u00e9l\u00e8ves de la sp\u00e9cialit\u00e9 Histoire-G\u00e9ographie-G\u00e9opolitique-Sciences Politiques, en Tle g\u00e9n\u00e9rale, ont\" \/>\n<meta property=\"og:url\" content=\"http:\/\/www.jeannedarc-figeac.fr\/college-lycee\/le-groupe-sciencespo-on-line\/\" \/>\n<meta property=\"og:site_name\" content=\"Coll\u00e8ge et Lyc\u00e9e Jeanne d&#039;Arc\" \/>\n<meta property=\"article:published_time\" content=\"2021-03-29T14:30:08+00:00\" \/>\n<meta property=\"article:modified_time\" content=\"2021-03-29T14:30:13+00:00\" \/>\n<meta property=\"og:image\" content=\"http:\/\/www.jeannedarc-figeac.fr\/college-lycee\/wp-content\/uploads\/sites\/5\/2021\/03\/radioBIS-300x145.jpg\" \/>\n<meta name=\"author\" content=\"le secr\u00e9tariat\" \/>\n<script type=\"application\/ld+json\" class=\"yoast-schema-graph\">{\"@context\":\"https:\/\/schema.org\",\"@graph\":[{\"@type\":\"WebPage\",\"@id\":\"http:\/\/www.jeannedarc-figeac.fr\/college-lycee\/le-groupe-sciencespo-on-line\/\",\"url\":\"http:\/\/www.jeannedarc-figeac.fr\/college-lycee\/le-groupe-sciencespo-on-line\/\",\"name\":\"Le groupe \u00ab SciencesPo \u00bb on line\u2026\",\"isPartOf\":{\"@id\":\"https:\/\/www.jeannedarc-figeac.fr\/college-lycee\/#website\"},\"primaryImageOfPage\":{\"@id\":\"http:\/\/www.jeannedarc-figeac.fr\/college-lycee\/le-groupe-sciencespo-on-line\/#primaryimage\"},\"image\":{\"@id\":\"http:\/\/www.jeannedarc-figeac.fr\/college-lycee\/le-groupe-sciencespo-on-line\/#primaryimage\"},\"thumbnailUrl\":\"http:\/\/www.jeannedarc-figeac.fr\/college-lycee\/wp-content\/uploads\/sites\/5\/2021\/03\/radioBIS-300x145.jpg\",\"datePublished\":\"2021-03-29T14:30:08+00:00\",\"dateModified\":\"2021-03-29T14:30:13+00:00\",\"author\":{\"@id\":\"https:\/\/www.jeannedarc-figeac.fr\/college-lycee\/#\/schema\/person\/29e5764f28e895dc8bf41d4468f99154\"},\"description\":\"L Suite \u00e0 l\u2019enqu\u00eate men\u00e9e aupr\u00e8s de leurs proches, les \u00e9l\u00e8ves de la sp\u00e9cialit\u00e9 Histoire-G\u00e9ographie-G\u00e9opolitique-Sciences Politiques, en Tle g\u00e9n\u00e9rale, ont\",\"breadcrumb\":{\"@id\":\"http:\/\/www.jeannedarc-figeac.fr\/college-lycee\/le-groupe-sciencespo-on-line\/#breadcrumb\"},\"inLanguage\":\"fr-FR\",\"potentialAction\":[{\"@type\":\"ReadAction\",\"target\":[\"http:\/\/www.jeannedarc-figeac.fr\/college-lycee\/le-groupe-sciencespo-on-line\/\"]}]},{\"@type\":\"ImageObject\",\"inLanguage\":\"fr-FR\",\"@id\":\"http:\/\/www.jeannedarc-figeac.fr\/college-lycee\/le-groupe-sciencespo-on-line\/#primaryimage\",\"url\":\"https:\/\/i0.wp.com\/www.jeannedarc-figeac.fr\/college-lycee\/wp-content\/uploads\/sites\/5\/2021\/03\/radioBIS.jpg?fit=1600%2C771&ssl=1\",\"contentUrl\":\"https:\/\/i0.wp.com\/www.jeannedarc-figeac.fr\/college-lycee\/wp-content\/uploads\/sites\/5\/2021\/03\/radioBIS.jpg?fit=1600%2C771&ssl=1\",\"width\":1600,\"height\":771},{\"@type\":\"BreadcrumbList\",\"@id\":\"http:\/\/www.jeannedarc-figeac.fr\/college-lycee\/le-groupe-sciencespo-on-line\/#breadcrumb\",\"itemListElement\":[{\"@type\":\"ListItem\",\"position\":1,\"name\":\"Accueil\",\"item\":\"https:\/\/www.jeannedarc-figeac.fr\/college-lycee\/\"},{\"@type\":\"ListItem\",\"position\":2,\"name\":\"Actus\",\"item\":\"http:\/\/www.jeannedarc-figeac.fr\/college-lycee\/cat\/actus\/\"},{\"@type\":\"ListItem\",\"position\":3,\"name\":\"Le groupe \u00ab SciencesPo \u00bb on line\u2026\"}]},{\"@type\":\"WebSite\",\"@id\":\"https:\/\/www.jeannedarc-figeac.fr\/college-lycee\/#website\",\"url\":\"https:\/\/www.jeannedarc-figeac.fr\/college-lycee\/\",\"name\":\"Coll\u00e8ge et Lyc\u00e9e Jeanne d&#039;Arc\",\"description\":\"Jeanne d&#039;Arc Figeac\",\"potentialAction\":[{\"@type\":\"SearchAction\",\"target\":{\"@type\":\"EntryPoint\",\"urlTemplate\":\"https:\/\/www.jeannedarc-figeac.fr\/college-lycee\/?s={search_term_string}\"},\"query-input\":{\"@type\":\"PropertyValueSpecification\",\"valueRequired\":true,\"valueName\":\"search_term_string\"}}],\"inLanguage\":\"fr-FR\"},{\"@type\":\"Person\",\"@id\":\"https:\/\/www.jeannedarc-figeac.fr\/college-lycee\/#\/schema\/person\/29e5764f28e895dc8bf41d4468f99154\",\"name\":\"le secr\u00e9tariat\",\"image\":{\"@type\":\"ImageObject\",\"inLanguage\":\"fr-FR\",\"@id\":\"https:\/\/www.jeannedarc-figeac.fr\/college-lycee\/#\/schema\/person\/image\/\",\"url\":\"https:\/\/www.jeannedarc-figeac.fr\/college-lycee\/wp-content\/litespeed\/avatar\/5\/b7e8da60f53ba4adc9e9e66d91d84580.jpg?ver=1777548714\",\"contentUrl\":\"https:\/\/www.jeannedarc-figeac.fr\/college-lycee\/wp-content\/litespeed\/avatar\/5\/b7e8da60f53ba4adc9e9e66d91d84580.jpg?ver=1777548714\",\"caption\":\"le secr\u00e9tariat\"},\"url\":\"https:\/\/www.jeannedarc-figeac.fr\/college-lycee\/author\/arlette\/\"}]}<\/script>\n<!-- \/ Yoast SEO plugin. -->","yoast_head_json":{"title":"Le groupe \u00ab SciencesPo \u00bb on line\u2026","description":"L Suite \u00e0 l\u2019enqu\u00eate men\u00e9e aupr\u00e8s de leurs proches, les \u00e9l\u00e8ves de la sp\u00e9cialit\u00e9 Histoire-G\u00e9ographie-G\u00e9opolitique-Sciences Politiques, en Tle g\u00e9n\u00e9rale, ont","robots":{"index":"index","follow":"follow","max-snippet":"max-snippet:-1","max-image-preview":"max-image-preview:large","max-video-preview":"max-video-preview:-1"},"canonical":"http:\/\/www.jeannedarc-figeac.fr\/college-lycee\/le-groupe-sciencespo-on-line\/","og_locale":"fr_FR","og_type":"article","og_title":"Le groupe \u00ab SciencesPo \u00bb on line\u2026","og_description":"L Suite \u00e0 l\u2019enqu\u00eate men\u00e9e aupr\u00e8s de leurs proches, les \u00e9l\u00e8ves de la sp\u00e9cialit\u00e9 Histoire-G\u00e9ographie-G\u00e9opolitique-Sciences Politiques, en Tle g\u00e9n\u00e9rale, ont","og_url":"http:\/\/www.jeannedarc-figeac.fr\/college-lycee\/le-groupe-sciencespo-on-line\/","og_site_name":"Coll\u00e8ge et Lyc\u00e9e Jeanne d&#039;Arc","article_published_time":"2021-03-29T14:30:08+00:00","article_modified_time":"2021-03-29T14:30:13+00:00","og_image":[{"url":"http:\/\/www.jeannedarc-figeac.fr\/college-lycee\/wp-content\/uploads\/sites\/5\/2021\/03\/radioBIS-300x145.jpg","type":"","width":"","height":""}],"author":"le secr\u00e9tariat","schema":{"@context":"https:\/\/schema.org","@graph":[{"@type":"WebPage","@id":"http:\/\/www.jeannedarc-figeac.fr\/college-lycee\/le-groupe-sciencespo-on-line\/","url":"http:\/\/www.jeannedarc-figeac.fr\/college-lycee\/le-groupe-sciencespo-on-line\/","name":"Le groupe \u00ab SciencesPo \u00bb on line\u2026","isPartOf":{"@id":"https:\/\/www.jeannedarc-figeac.fr\/college-lycee\/#website"},"primaryImageOfPage":{"@id":"http:\/\/www.jeannedarc-figeac.fr\/college-lycee\/le-groupe-sciencespo-on-line\/#primaryimage"},"image":{"@id":"http:\/\/www.jeannedarc-figeac.fr\/college-lycee\/le-groupe-sciencespo-on-line\/#primaryimage"},"thumbnailUrl":"http:\/\/www.jeannedarc-figeac.fr\/college-lycee\/wp-content\/uploads\/sites\/5\/2021\/03\/radioBIS-300x145.jpg","datePublished":"2021-03-29T14:30:08+00:00","dateModified":"2021-03-29T14:30:13+00:00","author":{"@id":"https:\/\/www.jeannedarc-figeac.fr\/college-lycee\/#\/schema\/person\/29e5764f28e895dc8bf41d4468f99154"},"description":"L Suite \u00e0 l\u2019enqu\u00eate men\u00e9e aupr\u00e8s de leurs proches, les \u00e9l\u00e8ves de la sp\u00e9cialit\u00e9 Histoire-G\u00e9ographie-G\u00e9opolitique-Sciences Politiques, en Tle g\u00e9n\u00e9rale, ont","breadcrumb":{"@id":"http:\/\/www.jeannedarc-figeac.fr\/college-lycee\/le-groupe-sciencespo-on-line\/#breadcrumb"},"inLanguage":"fr-FR","potentialAction":[{"@type":"ReadAction","target":["http:\/\/www.jeannedarc-figeac.fr\/college-lycee\/le-groupe-sciencespo-on-line\/"]}]},{"@type":"ImageObject","inLanguage":"fr-FR","@id":"http:\/\/www.jeannedarc-figeac.fr\/college-lycee\/le-groupe-sciencespo-on-line\/#primaryimage","url":"https:\/\/i0.wp.com\/www.jeannedarc-figeac.fr\/college-lycee\/wp-content\/uploads\/sites\/5\/2021\/03\/radioBIS.jpg?fit=1600%2C771&ssl=1","contentUrl":"https:\/\/i0.wp.com\/www.jeannedarc-figeac.fr\/college-lycee\/wp-content\/uploads\/sites\/5\/2021\/03\/radioBIS.jpg?fit=1600%2C771&ssl=1","width":1600,"height":771},{"@type":"BreadcrumbList","@id":"http:\/\/www.jeannedarc-figeac.fr\/college-lycee\/le-groupe-sciencespo-on-line\/#breadcrumb","itemListElement":[{"@type":"ListItem","position":1,"name":"Accueil","item":"https:\/\/www.jeannedarc-figeac.fr\/college-lycee\/"},{"@type":"ListItem","position":2,"name":"Actus","item":"http:\/\/www.jeannedarc-figeac.fr\/college-lycee\/cat\/actus\/"},{"@type":"ListItem","position":3,"name":"Le groupe \u00ab SciencesPo \u00bb on line\u2026"}]},{"@type":"WebSite","@id":"https:\/\/www.jeannedarc-figeac.fr\/college-lycee\/#website","url":"https:\/\/www.jeannedarc-figeac.fr\/college-lycee\/","name":"Coll\u00e8ge et Lyc\u00e9e Jeanne d&#039;Arc","description":"Jeanne d&#039;Arc Figeac","potentialAction":[{"@type":"SearchAction","target":{"@type":"EntryPoint","urlTemplate":"https:\/\/www.jeannedarc-figeac.fr\/college-lycee\/?s={search_term_string}"},"query-input":{"@type":"PropertyValueSpecification","valueRequired":true,"valueName":"search_term_string"}}],"inLanguage":"fr-FR"},{"@type":"Person","@id":"https:\/\/www.jeannedarc-figeac.fr\/college-lycee\/#\/schema\/person\/29e5764f28e895dc8bf41d4468f99154","name":"le secr\u00e9tariat","image":{"@type":"ImageObject","inLanguage":"fr-FR","@id":"https:\/\/www.jeannedarc-figeac.fr\/college-lycee\/#\/schema\/person\/image\/","url":"https:\/\/www.jeannedarc-figeac.fr\/college-lycee\/wp-content\/litespeed\/avatar\/5\/b7e8da60f53ba4adc9e9e66d91d84580.jpg?ver=1777548714","contentUrl":"https:\/\/www.jeannedarc-figeac.fr\/college-lycee\/wp-content\/litespeed\/avatar\/5\/b7e8da60f53ba4adc9e9e66d91d84580.jpg?ver=1777548714","caption":"le secr\u00e9tariat"},"url":"https:\/\/www.jeannedarc-figeac.fr\/college-lycee\/author\/arlette\/"}]}},"jetpack_featured_media_url":"","jetpack_sharing_enabled":true,"jetpack_shortlink":"https:\/\/wp.me\/p5Qyb6-16j","_links":{"self":[{"href":"https:\/\/www.jeannedarc-figeac.fr\/college-lycee\/wp-json\/wp\/v2\/posts\/4235","targetHints":{"allow":["GET"]}}],"collection":[{"href":"https:\/\/www.jeannedarc-figeac.fr\/college-lycee\/wp-json\/wp\/v2\/posts"}],"about":[{"href":"https:\/\/www.jeannedarc-figeac.fr\/college-lycee\/wp-json\/wp\/v2\/types\/post"}],"author":[{"embeddable":true,"href":"https:\/\/www.jeannedarc-figeac.fr\/college-lycee\/wp-json\/wp\/v2\/users\/12"}],"replies":[{"embeddable":true,"href":"https:\/\/www.jeannedarc-figeac.fr\/college-lycee\/wp-json\/wp\/v2\/comments?post=4235"}],"version-history":[{"count":1,"href":"https:\/\/www.jeannedarc-figeac.fr\/college-lycee\/wp-json\/wp\/v2\/posts\/4235\/revisions"}],"predecessor-version":[{"id":4238,"href":"https:\/\/www.jeannedarc-figeac.fr\/college-lycee\/wp-json\/wp\/v2\/posts\/4235\/revisions\/4238"}],"wp:attachment":[{"href":"https:\/\/www.jeannedarc-figeac.fr\/college-lycee\/wp-json\/wp\/v2\/media?parent=4235"}],"wp:term":[{"taxonomy":"category","embeddable":true,"href":"https:\/\/www.jeannedarc-figeac.fr\/college-lycee\/wp-json\/wp\/v2\/categories?post=4235"},{"taxonomy":"post_tag","embeddable":true,"href":"https:\/\/www.jeannedarc-figeac.fr\/college-lycee\/wp-json\/wp\/v2\/tags?post=4235"}],"curies":[{"name":"wp","href":"https:\/\/api.w.org\/{rel}","templated":true}]}}