{"id":3934,"date":"2021-03-08T12:56:43","date_gmt":"2021-03-08T12:56:43","guid":{"rendered":"http:\/\/www.jeannedarc-figeac.fr\/college-lycee\/?p=3934"},"modified":"2021-03-08T12:56:46","modified_gmt":"2021-03-08T12:56:46","slug":"le-guide-de-leco-delegue-au-lycee","status":"publish","type":"post","link":"https:\/\/www.jeannedarc-figeac.fr\/college-lycee\/le-guide-de-leco-delegue-au-lycee\/","title":{"rendered":"Le guide de l&rsquo;\u00e9co-d\u00e9l\u00e9gu\u00e9 &#8211; Au Lyc\u00e9e"},"content":{"rendered":"\n[et_pb_section fb_built=\u00a0\u00bb1&Prime; _builder_version=\u00a0\u00bb4.8.1&Prime; _module_preset=\u00a0\u00bbdefault\u00a0\u00bb][et_pb_row _builder_version=\u00a0\u00bb4.8.1&Prime; _module_preset=\u00a0\u00bbdefault\u00a0\u00bb][et_pb_column _builder_version=\u00a0\u00bb4.8.1&Prime; _module_preset=\u00a0\u00bbdefault\u00a0\u00bb type=\u00a0\u00bb4_4&Prime;][et_pb_button button_text=\u00a0\u00bbLe guide Lyc\u00e9e\u00a0\u00bb _builder_version=\u00a0\u00bb4.8.1&Prime; _module_preset=\u00a0\u00bbdefault\u00a0\u00bb button_url=\u00a0\u00bbhttps:\/\/wp.me\/a5Qyb6-11x\u00a0\u00bb background_layout=\u00a0\u00bbdark\u00a0\u00bb custom_button=\u00a0\u00bbon\u00a0\u00bb button_text_size=\u00a0\u00bb20px\u00a0\u00bb button_bg_color=\u00a0\u00bb#0C71C3&Prime; button_bg_enable_color=\u00a0\u00bbon\u00a0\u00bb box_shadow_style=\u00a0\u00bbpreset4&Prime; box_shadow_blur=\u00a0\u00bb3px\u00a0\u00bb box_shadow_color=\u00a0\u00bb#7CDA24&Prime; transform_skew=\u00a0\u00bb-10deg|-10deg\u00a0\u00bb hover_enabled=\u00a0\u00bb0&Prime; sticky_enabled=\u00a0\u00bb0&Prime;][\/et_pb_button][\/et_pb_column][\/et_pb_row][\/et_pb_section]\n","protected":false},"excerpt":{"rendered":"<p>Retrouvez le guide pour devenir un \u00e9co-d\u00e9l\u00e9gu\u00e9 au lyc\u00e9e !!<\/p>\n","protected":false},"author":1,"featured_media":3941,"comment_status":"closed","ping_status":"open","sticky":false,"template":"","format":"standard","meta":{"_et_pb_use_builder":"on","_et_pb_old_content":"","_et_gb_content_width":"","_jetpack_newsletter_access":"","_jetpack_dont_email_post_to_subs":false,"_jetpack_newsletter_tier_id":0,"_jetpack_memberships_contains_paywalled_content":false,"iawp_total_views":0,"_jetpack_memberships_contains_paid_content":false,"footnotes":""},"categories":[55],"tags":[],"class_list":["post-3934","post","type-post","status-publish","format-standard","has-post-thumbnail","hentry","category-ecolabels"],"yoast_head":"<!-- This site is optimized with the Yoast SEO plugin v26.0 - https:\/\/yoast.com\/wordpress\/plugins\/seo\/ -->\n<title>Le guide de l&#039;\u00e9co-d\u00e9l\u00e9gu\u00e9 - Au Lyc\u00e9e<\/title>\n<meta name=\"description\" content=\"Retrouvez le guide pour devenir un \u00e9co-d\u00e9l\u00e9gu\u00e9 au lyc\u00e9e !!\" \/>\n<meta name=\"robots\" content=\"index, follow, max-snippet:-1, max-image-preview:large, max-video-preview:-1\" \/>\n<link rel=\"canonical\" href=\"https:\/\/www.jeannedarc-figeac.fr\/college-lycee\/le-guide-de-leco-delegue-au-lycee\/\" \/>\n<meta property=\"og:locale\" content=\"fr_FR\" \/>\n<meta property=\"og:type\" content=\"article\" \/>\n<meta property=\"og:title\" content=\"Le guide de l&#039;\u00e9co-d\u00e9l\u00e9gu\u00e9 - Au Lyc\u00e9e\" \/>\n<meta property=\"og:description\" content=\"Retrouvez le guide pour devenir un \u00e9co-d\u00e9l\u00e9gu\u00e9 au lyc\u00e9e !!\" \/>\n<meta property=\"og:url\" content=\"https:\/\/www.jeannedarc-figeac.fr\/college-lycee\/le-guide-de-leco-delegue-au-lycee\/\" \/>\n<meta property=\"og:site_name\" content=\"Coll\u00e8ge et Lyc\u00e9e Jeanne d&#039;Arc\" \/>\n<meta property=\"article:published_time\" content=\"2021-03-08T12:56:43+00:00\" \/>\n<meta property=\"article:modified_time\" content=\"2021-03-08T12:56:46+00:00\" \/>\n<meta property=\"og:image\" content=\"https:\/\/i0.wp.com\/www.jeannedarc-figeac.fr\/college-lycee\/wp-content\/uploads\/sites\/5\/2021\/03\/logo_eco-lycee.png?fit=438%2C540&ssl=1\" \/>\n\t<meta property=\"og:image:width\" content=\"438\" \/>\n\t<meta property=\"og:image:height\" content=\"540\" \/>\n\t<meta property=\"og:image:type\" content=\"image\/png\" \/>\n<meta name=\"author\" content=\"Le reporter\" \/>\n<script type=\"application\/ld+json\" class=\"yoast-schema-graph\">{\"@context\":\"https:\/\/schema.org\",\"@graph\":[{\"@type\":\"WebPage\",\"@id\":\"https:\/\/www.jeannedarc-figeac.fr\/college-lycee\/le-guide-de-leco-delegue-au-lycee\/\",\"url\":\"https:\/\/www.jeannedarc-figeac.fr\/college-lycee\/le-guide-de-leco-delegue-au-lycee\/\",\"name\":\"Le guide de l'\u00e9co-d\u00e9l\u00e9gu\u00e9 - Au Lyc\u00e9e\",\"isPartOf\":{\"@id\":\"https:\/\/www.jeannedarc-figeac.fr\/college-lycee\/#website\"},\"primaryImageOfPage\":{\"@id\":\"https:\/\/www.jeannedarc-figeac.fr\/college-lycee\/le-guide-de-leco-delegue-au-lycee\/#primaryimage\"},\"image\":{\"@id\":\"https:\/\/www.jeannedarc-figeac.fr\/college-lycee\/le-guide-de-leco-delegue-au-lycee\/#primaryimage\"},\"thumbnailUrl\":\"https:\/\/i0.wp.com\/www.jeannedarc-figeac.fr\/college-lycee\/wp-content\/uploads\/sites\/5\/2021\/03\/logo_eco-lycee.png?fit=438%2C540&ssl=1\",\"datePublished\":\"2021-03-08T12:56:43+00:00\",\"dateModified\":\"2021-03-08T12:56:46+00:00\",\"author\":{\"@id\":\"https:\/\/www.jeannedarc-figeac.fr\/college-lycee\/#\/schema\/person\/22fb79f798fa73472ddc370602ea62e8\"},\"description\":\"Retrouvez le guide pour devenir un \u00e9co-d\u00e9l\u00e9gu\u00e9 au lyc\u00e9e !!\",\"breadcrumb\":{\"@id\":\"https:\/\/www.jeannedarc-figeac.fr\/college-lycee\/le-guide-de-leco-delegue-au-lycee\/#breadcrumb\"},\"inLanguage\":\"fr-FR\",\"potentialAction\":[{\"@type\":\"ReadAction\",\"target\":[\"https:\/\/www.jeannedarc-figeac.fr\/college-lycee\/le-guide-de-leco-delegue-au-lycee\/\"]}]},{\"@type\":\"ImageObject\",\"inLanguage\":\"fr-FR\",\"@id\":\"https:\/\/www.jeannedarc-figeac.fr\/college-lycee\/le-guide-de-leco-delegue-au-lycee\/#primaryimage\",\"url\":\"https:\/\/i0.wp.com\/www.jeannedarc-figeac.fr\/college-lycee\/wp-content\/uploads\/sites\/5\/2021\/03\/logo_eco-lycee.png?fit=438%2C540&ssl=1\",\"contentUrl\":\"https:\/\/i0.wp.com\/www.jeannedarc-figeac.fr\/college-lycee\/wp-content\/uploads\/sites\/5\/2021\/03\/logo_eco-lycee.png?fit=438%2C540&ssl=1\",\"width\":438,\"height\":540},{\"@type\":\"BreadcrumbList\",\"@id\":\"https:\/\/www.jeannedarc-figeac.fr\/college-lycee\/le-guide-de-leco-delegue-au-lycee\/#breadcrumb\",\"itemListElement\":[{\"@type\":\"ListItem\",\"position\":1,\"name\":\"Accueil\",\"item\":\"https:\/\/www.jeannedarc-figeac.fr\/college-lycee\/\"},{\"@type\":\"ListItem\",\"position\":2,\"name\":\"EcoLabels\",\"item\":\"https:\/\/www.jeannedarc-figeac.fr\/college-lycee\/cat\/ecolabels\/\"},{\"@type\":\"ListItem\",\"position\":3,\"name\":\"Le guide de l&rsquo;\u00e9co-d\u00e9l\u00e9gu\u00e9 &#8211; Au Lyc\u00e9e\"}]},{\"@type\":\"WebSite\",\"@id\":\"https:\/\/www.jeannedarc-figeac.fr\/college-lycee\/#website\",\"url\":\"https:\/\/www.jeannedarc-figeac.fr\/college-lycee\/\",\"name\":\"Coll\u00e8ge et Lyc\u00e9e Jeanne d&#039;Arc\",\"description\":\"Jeanne d&#039;Arc Figeac\",\"potentialAction\":[{\"@type\":\"SearchAction\",\"target\":{\"@type\":\"EntryPoint\",\"urlTemplate\":\"https:\/\/www.jeannedarc-figeac.fr\/college-lycee\/?s={search_term_string}\"},\"query-input\":{\"@type\":\"PropertyValueSpecification\",\"valueRequired\":true,\"valueName\":\"search_term_string\"}}],\"inLanguage\":\"fr-FR\"},{\"@type\":\"Person\",\"@id\":\"https:\/\/www.jeannedarc-figeac.fr\/college-lycee\/#\/schema\/person\/22fb79f798fa73472ddc370602ea62e8\",\"name\":\"Le reporter\",\"image\":{\"@type\":\"ImageObject\",\"inLanguage\":\"fr-FR\",\"@id\":\"https:\/\/www.jeannedarc-figeac.fr\/college-lycee\/#\/schema\/person\/image\/\",\"url\":\"https:\/\/www.jeannedarc-figeac.fr\/college-lycee\/wp-content\/litespeed\/avatar\/5\/bbdfff24d305f51a4310daf11ebb4501.jpg?ver=1777548714\",\"contentUrl\":\"https:\/\/www.jeannedarc-figeac.fr\/college-lycee\/wp-content\/litespeed\/avatar\/5\/bbdfff24d305f51a4310daf11ebb4501.jpg?ver=1777548714\",\"caption\":\"Le reporter\"},\"url\":\"https:\/\/www.jeannedarc-figeac.fr\/college-lycee\/author\/jeannedarc1\/\"}]}<\/script>\n<!-- \/ Yoast SEO plugin. -->","yoast_head_json":{"title":"Le guide de l'\u00e9co-d\u00e9l\u00e9gu\u00e9 - Au Lyc\u00e9e","description":"Retrouvez le guide pour devenir un \u00e9co-d\u00e9l\u00e9gu\u00e9 au lyc\u00e9e !!","robots":{"index":"index","follow":"follow","max-snippet":"max-snippet:-1","max-image-preview":"max-image-preview:large","max-video-preview":"max-video-preview:-1"},"canonical":"https:\/\/www.jeannedarc-figeac.fr\/college-lycee\/le-guide-de-leco-delegue-au-lycee\/","og_locale":"fr_FR","og_type":"article","og_title":"Le guide de l'\u00e9co-d\u00e9l\u00e9gu\u00e9 - Au Lyc\u00e9e","og_description":"Retrouvez le guide pour devenir un \u00e9co-d\u00e9l\u00e9gu\u00e9 au lyc\u00e9e !!","og_url":"https:\/\/www.jeannedarc-figeac.fr\/college-lycee\/le-guide-de-leco-delegue-au-lycee\/","og_site_name":"Coll\u00e8ge et Lyc\u00e9e Jeanne d&#039;Arc","article_published_time":"2021-03-08T12:56:43+00:00","article_modified_time":"2021-03-08T12:56:46+00:00","og_image":[{"width":438,"height":540,"url":"https:\/\/i0.wp.com\/www.jeannedarc-figeac.fr\/college-lycee\/wp-content\/uploads\/sites\/5\/2021\/03\/logo_eco-lycee.png?fit=438%2C540&ssl=1","type":"image\/png"}],"author":"Le reporter","schema":{"@context":"https:\/\/schema.org","@graph":[{"@type":"WebPage","@id":"https:\/\/www.jeannedarc-figeac.fr\/college-lycee\/le-guide-de-leco-delegue-au-lycee\/","url":"https:\/\/www.jeannedarc-figeac.fr\/college-lycee\/le-guide-de-leco-delegue-au-lycee\/","name":"Le guide de l'\u00e9co-d\u00e9l\u00e9gu\u00e9 - Au Lyc\u00e9e","isPartOf":{"@id":"https:\/\/www.jeannedarc-figeac.fr\/college-lycee\/#website"},"primaryImageOfPage":{"@id":"https:\/\/www.jeannedarc-figeac.fr\/college-lycee\/le-guide-de-leco-delegue-au-lycee\/#primaryimage"},"image":{"@id":"https:\/\/www.jeannedarc-figeac.fr\/college-lycee\/le-guide-de-leco-delegue-au-lycee\/#primaryimage"},"thumbnailUrl":"https:\/\/i0.wp.com\/www.jeannedarc-figeac.fr\/college-lycee\/wp-content\/uploads\/sites\/5\/2021\/03\/logo_eco-lycee.png?fit=438%2C540&ssl=1","datePublished":"2021-03-08T12:56:43+00:00","dateModified":"2021-03-08T12:56:46+00:00","author":{"@id":"https:\/\/www.jeannedarc-figeac.fr\/college-lycee\/#\/schema\/person\/22fb79f798fa73472ddc370602ea62e8"},"description":"Retrouvez le guide pour devenir un \u00e9co-d\u00e9l\u00e9gu\u00e9 au lyc\u00e9e !!","breadcrumb":{"@id":"https:\/\/www.jeannedarc-figeac.fr\/college-lycee\/le-guide-de-leco-delegue-au-lycee\/#breadcrumb"},"inLanguage":"fr-FR","potentialAction":[{"@type":"ReadAction","target":["https:\/\/www.jeannedarc-figeac.fr\/college-lycee\/le-guide-de-leco-delegue-au-lycee\/"]}]},{"@type":"ImageObject","inLanguage":"fr-FR","@id":"https:\/\/www.jeannedarc-figeac.fr\/college-lycee\/le-guide-de-leco-delegue-au-lycee\/#primaryimage","url":"https:\/\/i0.wp.com\/www.jeannedarc-figeac.fr\/college-lycee\/wp-content\/uploads\/sites\/5\/2021\/03\/logo_eco-lycee.png?fit=438%2C540&ssl=1","contentUrl":"https:\/\/i0.wp.com\/www.jeannedarc-figeac.fr\/college-lycee\/wp-content\/uploads\/sites\/5\/2021\/03\/logo_eco-lycee.png?fit=438%2C540&ssl=1","width":438,"height":540},{"@type":"BreadcrumbList","@id":"https:\/\/www.jeannedarc-figeac.fr\/college-lycee\/le-guide-de-leco-delegue-au-lycee\/#breadcrumb","itemListElement":[{"@type":"ListItem","position":1,"name":"Accueil","item":"https:\/\/www.jeannedarc-figeac.fr\/college-lycee\/"},{"@type":"ListItem","position":2,"name":"EcoLabels","item":"https:\/\/www.jeannedarc-figeac.fr\/college-lycee\/cat\/ecolabels\/"},{"@type":"ListItem","position":3,"name":"Le guide de l&rsquo;\u00e9co-d\u00e9l\u00e9gu\u00e9 &#8211; Au Lyc\u00e9e"}]},{"@type":"WebSite","@id":"https:\/\/www.jeannedarc-figeac.fr\/college-lycee\/#website","url":"https:\/\/www.jeannedarc-figeac.fr\/college-lycee\/","name":"Coll\u00e8ge et Lyc\u00e9e Jeanne d&#039;Arc","description":"Jeanne d&#039;Arc Figeac","potentialAction":[{"@type":"SearchAction","target":{"@type":"EntryPoint","urlTemplate":"https:\/\/www.jeannedarc-figeac.fr\/college-lycee\/?s={search_term_string}"},"query-input":{"@type":"PropertyValueSpecification","valueRequired":true,"valueName":"search_term_string"}}],"inLanguage":"fr-FR"},{"@type":"Person","@id":"https:\/\/www.jeannedarc-figeac.fr\/college-lycee\/#\/schema\/person\/22fb79f798fa73472ddc370602ea62e8","name":"Le reporter","image":{"@type":"ImageObject","inLanguage":"fr-FR","@id":"https:\/\/www.jeannedarc-figeac.fr\/college-lycee\/#\/schema\/person\/image\/","url":"https:\/\/www.jeannedarc-figeac.fr\/college-lycee\/wp-content\/litespeed\/avatar\/5\/bbdfff24d305f51a4310daf11ebb4501.jpg?ver=1777548714","contentUrl":"https:\/\/www.jeannedarc-figeac.fr\/college-lycee\/wp-content\/litespeed\/avatar\/5\/bbdfff24d305f51a4310daf11ebb4501.jpg?ver=1777548714","caption":"Le reporter"},"url":"https:\/\/www.jeannedarc-figeac.fr\/college-lycee\/author\/jeannedarc1\/"}]}},"jetpack_featured_media_url":"https:\/\/i0.wp.com\/www.jeannedarc-figeac.fr\/college-lycee\/wp-content\/uploads\/sites\/5\/2021\/03\/logo_eco-lycee.png?fit=438%2C540&ssl=1","jetpack_sharing_enabled":true,"jetpack_shortlink":"https:\/\/wp.me\/p5Qyb6-11s","_links":{"self":[{"href":"https:\/\/www.jeannedarc-figeac.fr\/college-lycee\/wp-json\/wp\/v2\/posts\/3934","targetHints":{"allow":["GET"]}}],"collection":[{"href":"https:\/\/www.jeannedarc-figeac.fr\/college-lycee\/wp-json\/wp\/v2\/posts"}],"about":[{"href":"https:\/\/www.jeannedarc-figeac.fr\/college-lycee\/wp-json\/wp\/v2\/types\/post"}],"author":[{"embeddable":true,"href":"https:\/\/www.jeannedarc-figeac.fr\/college-lycee\/wp-json\/wp\/v2\/users\/1"}],"replies":[{"embeddable":true,"href":"https:\/\/www.jeannedarc-figeac.fr\/college-lycee\/wp-json\/wp\/v2\/comments?post=3934"}],"version-history":[{"count":3,"href":"https:\/\/www.jeannedarc-figeac.fr\/college-lycee\/wp-json\/wp\/v2\/posts\/3934\/revisions"}],"predecessor-version":[{"id":3947,"href":"https:\/\/www.jeannedarc-figeac.fr\/college-lycee\/wp-json\/wp\/v2\/posts\/3934\/revisions\/3947"}],"wp:featuredmedia":[{"embeddable":true,"href":"https:\/\/www.jeannedarc-figeac.fr\/college-lycee\/wp-json\/wp\/v2\/media\/3941"}],"wp:attachment":[{"href":"https:\/\/www.jeannedarc-figeac.fr\/college-lycee\/wp-json\/wp\/v2\/media?parent=3934"}],"wp:term":[{"taxonomy":"category","embeddable":true,"href":"https:\/\/www.jeannedarc-figeac.fr\/college-lycee\/wp-json\/wp\/v2\/categories?post=3934"},{"taxonomy":"post_tag","embeddable":true,"href":"https:\/\/www.jeannedarc-figeac.fr\/college-lycee\/wp-json\/wp\/v2\/tags?post=3934"}],"curies":[{"name":"wp","href":"https:\/\/api.w.org\/{rel}","templated":true}]}}