{"id":3770,"date":"2021-01-20T10:39:24","date_gmt":"2021-01-20T10:39:24","guid":{"rendered":"http:\/\/www.jeannedarc-figeac.fr\/college-lycee\/?p=3770"},"modified":"2021-01-20T10:39:30","modified_gmt":"2021-01-20T10:39:30","slug":"le-dispositif-enfant-intellectuellement-precoce-tres-creatif","status":"publish","type":"post","link":"https:\/\/www.jeannedarc-figeac.fr\/college-lycee\/le-dispositif-enfant-intellectuellement-precoce-tres-creatif\/","title":{"rendered":"Le dispositif Enfant Intellectuellement Pr\u00e9coce tr\u00e8s cr\u00e9atif !"},"content":{"rendered":"\n<figure class=\"wp-block-image\"><img data-recalc-dims=\"1\" loading=\"lazy\" decoding=\"async\" width=\"300\" height=\"194\" src=\"https:\/\/i0.wp.com\/www.jeannedarc-figeac.fr\/college-lycee\/wp-content\/uploads\/sites\/5\/2021\/01\/EIP-BIS.jpg?resize=300%2C194\" alt=\"\" class=\"wp-image-3771\" \/><\/figure>\n\n\n\n<p>Le dispositif pour des enfants intellectuellement pr\u00e9coce EIP du coll\u00e8ge  accueille cette ann\u00e9e une vingtaine de jeunes coll\u00e9giens r\u00e9partis dans les diff\u00e9rentes classes de la 6<sup>i\u00e8me<\/sup> \u00e0 la troisi\u00e8me. Ces jeunes qui ont besoin d\u2019\u00eatre nourris intellectuellement et d\u2019appr\u00e9hender des sujets \u00e0 l\u2019aide d\u2019une p\u00e9dagogie de projet, ont acc\u00e8s toutes les semaines \u00e0 un club EIP. Ce temps leur permet de se retrouver entre eux et d\u2019explorer diverses th\u00e9matiques. A mi- ann\u00e9e, premi\u00e8re mise en commun des travaux, ce jeudi 14 janvier.  En introduction un chant de No\u00ebl en chinois, suivi d\u2019une boite de jeux autour des principales num\u00e9rations en math\u00e9matiques, puis d\u2019un jeu du loup garou en technologie. La culture manga n\u2019a pas \u00e9t\u00e9 oubli\u00e9e en fran\u00e7ais et le bouquet final revient au cin\u00e9ma audiovisuel avec une bande annonce pour un film d\u2019horreur. Une conclusion zen, rejoint par l\u2019intervenant en yoga, autour de la galette des rois. Ce premier semestre est une r\u00e9elle r\u00e9ussite de part la qualit\u00e9 des projets et l\u2019investissement des jeunes du dispositif. <\/p>\n","protected":false},"excerpt":{"rendered":"<p>Le dispositif pour des enfants intellectuellement pr\u00e9coce EIP du coll\u00e8ge accueille cette ann\u00e9e une vingtaine de jeunes coll\u00e9giens r\u00e9partis dans les diff\u00e9rentes classes de la 6i\u00e8me \u00e0 la troisi\u00e8me. Ces jeunes qui ont besoin d\u2019\u00eatre nourris intellectuellement et d\u2019appr\u00e9hender des sujets \u00e0 l\u2019aide d\u2019une p\u00e9dagogie de projet, ont acc\u00e8s toutes les semaines \u00e0 un club [&hellip;]<\/p>\n","protected":false},"author":12,"featured_media":0,"comment_status":"closed","ping_status":"open","sticky":false,"template":"","format":"standard","meta":{"_et_pb_use_builder":"off","_et_pb_old_content":"","_et_gb_content_width":"","_jetpack_newsletter_access":"","_jetpack_dont_email_post_to_subs":false,"_jetpack_newsletter_tier_id":0,"_jetpack_memberships_contains_paywalled_content":false,"iawp_total_views":0,"_jetpack_memberships_contains_paid_content":false,"footnotes":""},"categories":[28],"tags":[],"class_list":["post-3770","post","type-post","status-publish","format-standard","hentry","category-actus"],"yoast_head":"<!-- This site is optimized with the Yoast SEO plugin v26.0 - https:\/\/yoast.com\/wordpress\/plugins\/seo\/ -->\n<title>Le dispositif Enfant Intellectuellement Pr\u00e9coce tr\u00e8s cr\u00e9atif !<\/title>\n<meta name=\"description\" content=\"Le dispositif pour des enfants intellectuellement pr\u00e9coce EIP du coll\u00e8ge accueille cette ann\u00e9e une vingtaine de jeunes coll\u00e9giens r\u00e9partis dans les\" \/>\n<meta name=\"robots\" content=\"index, follow, max-snippet:-1, max-image-preview:large, max-video-preview:-1\" \/>\n<link rel=\"canonical\" href=\"http:\/\/www.jeannedarc-figeac.fr\/college-lycee\/le-dispositif-enfant-intellectuellement-precoce-tres-creatif\/\" \/>\n<meta property=\"og:locale\" content=\"fr_FR\" \/>\n<meta property=\"og:type\" content=\"article\" \/>\n<meta property=\"og:title\" content=\"Le dispositif Enfant Intellectuellement Pr\u00e9coce tr\u00e8s cr\u00e9atif !\" \/>\n<meta property=\"og:description\" content=\"Le dispositif pour des enfants intellectuellement pr\u00e9coce EIP du coll\u00e8ge accueille cette ann\u00e9e une vingtaine de jeunes coll\u00e9giens r\u00e9partis dans les\" \/>\n<meta property=\"og:url\" content=\"http:\/\/www.jeannedarc-figeac.fr\/college-lycee\/le-dispositif-enfant-intellectuellement-precoce-tres-creatif\/\" \/>\n<meta property=\"og:site_name\" content=\"Coll\u00e8ge et Lyc\u00e9e Jeanne d&#039;Arc\" \/>\n<meta property=\"article:published_time\" content=\"2021-01-20T10:39:24+00:00\" \/>\n<meta property=\"article:modified_time\" content=\"2021-01-20T10:39:30+00:00\" \/>\n<meta property=\"og:image\" content=\"http:\/\/www.jeannedarc-figeac.fr\/college-lycee\/wp-content\/uploads\/sites\/5\/2021\/01\/EIP-BIS-300x194.jpg\" \/>\n<meta name=\"author\" content=\"le secr\u00e9tariat\" \/>\n<script type=\"application\/ld+json\" class=\"yoast-schema-graph\">{\"@context\":\"https:\/\/schema.org\",\"@graph\":[{\"@type\":\"WebPage\",\"@id\":\"http:\/\/www.jeannedarc-figeac.fr\/college-lycee\/le-dispositif-enfant-intellectuellement-precoce-tres-creatif\/\",\"url\":\"http:\/\/www.jeannedarc-figeac.fr\/college-lycee\/le-dispositif-enfant-intellectuellement-precoce-tres-creatif\/\",\"name\":\"Le dispositif Enfant Intellectuellement Pr\u00e9coce tr\u00e8s cr\u00e9atif !\",\"isPartOf\":{\"@id\":\"https:\/\/www.jeannedarc-figeac.fr\/college-lycee\/#website\"},\"primaryImageOfPage\":{\"@id\":\"http:\/\/www.jeannedarc-figeac.fr\/college-lycee\/le-dispositif-enfant-intellectuellement-precoce-tres-creatif\/#primaryimage\"},\"image\":{\"@id\":\"http:\/\/www.jeannedarc-figeac.fr\/college-lycee\/le-dispositif-enfant-intellectuellement-precoce-tres-creatif\/#primaryimage\"},\"thumbnailUrl\":\"http:\/\/www.jeannedarc-figeac.fr\/college-lycee\/wp-content\/uploads\/sites\/5\/2021\/01\/EIP-BIS-300x194.jpg\",\"datePublished\":\"2021-01-20T10:39:24+00:00\",\"dateModified\":\"2021-01-20T10:39:30+00:00\",\"author\":{\"@id\":\"https:\/\/www.jeannedarc-figeac.fr\/college-lycee\/#\/schema\/person\/29e5764f28e895dc8bf41d4468f99154\"},\"description\":\"Le dispositif pour des enfants intellectuellement pr\u00e9coce EIP du coll\u00e8ge accueille cette ann\u00e9e une vingtaine de jeunes coll\u00e9giens r\u00e9partis dans les\",\"breadcrumb\":{\"@id\":\"http:\/\/www.jeannedarc-figeac.fr\/college-lycee\/le-dispositif-enfant-intellectuellement-precoce-tres-creatif\/#breadcrumb\"},\"inLanguage\":\"fr-FR\",\"potentialAction\":[{\"@type\":\"ReadAction\",\"target\":[\"http:\/\/www.jeannedarc-figeac.fr\/college-lycee\/le-dispositif-enfant-intellectuellement-precoce-tres-creatif\/\"]}]},{\"@type\":\"ImageObject\",\"inLanguage\":\"fr-FR\",\"@id\":\"http:\/\/www.jeannedarc-figeac.fr\/college-lycee\/le-dispositif-enfant-intellectuellement-precoce-tres-creatif\/#primaryimage\",\"url\":\"https:\/\/i0.wp.com\/www.jeannedarc-figeac.fr\/college-lycee\/wp-content\/uploads\/sites\/5\/2021\/01\/EIP-BIS.jpg?fit=1600%2C1036&ssl=1\",\"contentUrl\":\"https:\/\/i0.wp.com\/www.jeannedarc-figeac.fr\/college-lycee\/wp-content\/uploads\/sites\/5\/2021\/01\/EIP-BIS.jpg?fit=1600%2C1036&ssl=1\",\"width\":1600,\"height\":1036},{\"@type\":\"BreadcrumbList\",\"@id\":\"http:\/\/www.jeannedarc-figeac.fr\/college-lycee\/le-dispositif-enfant-intellectuellement-precoce-tres-creatif\/#breadcrumb\",\"itemListElement\":[{\"@type\":\"ListItem\",\"position\":1,\"name\":\"Accueil\",\"item\":\"https:\/\/www.jeannedarc-figeac.fr\/college-lycee\/\"},{\"@type\":\"ListItem\",\"position\":2,\"name\":\"Actus\",\"item\":\"http:\/\/www.jeannedarc-figeac.fr\/college-lycee\/cat\/actus\/\"},{\"@type\":\"ListItem\",\"position\":3,\"name\":\"Le dispositif Enfant Intellectuellement Pr\u00e9coce tr\u00e8s cr\u00e9atif !\"}]},{\"@type\":\"WebSite\",\"@id\":\"https:\/\/www.jeannedarc-figeac.fr\/college-lycee\/#website\",\"url\":\"https:\/\/www.jeannedarc-figeac.fr\/college-lycee\/\",\"name\":\"Coll\u00e8ge et Lyc\u00e9e Jeanne d&#039;Arc\",\"description\":\"Jeanne d&#039;Arc Figeac\",\"potentialAction\":[{\"@type\":\"SearchAction\",\"target\":{\"@type\":\"EntryPoint\",\"urlTemplate\":\"https:\/\/www.jeannedarc-figeac.fr\/college-lycee\/?s={search_term_string}\"},\"query-input\":{\"@type\":\"PropertyValueSpecification\",\"valueRequired\":true,\"valueName\":\"search_term_string\"}}],\"inLanguage\":\"fr-FR\"},{\"@type\":\"Person\",\"@id\":\"https:\/\/www.jeannedarc-figeac.fr\/college-lycee\/#\/schema\/person\/29e5764f28e895dc8bf41d4468f99154\",\"name\":\"le secr\u00e9tariat\",\"image\":{\"@type\":\"ImageObject\",\"inLanguage\":\"fr-FR\",\"@id\":\"https:\/\/www.jeannedarc-figeac.fr\/college-lycee\/#\/schema\/person\/image\/\",\"url\":\"https:\/\/www.jeannedarc-figeac.fr\/college-lycee\/wp-content\/litespeed\/avatar\/5\/b7e8da60f53ba4adc9e9e66d91d84580.jpg?ver=1776943645\",\"contentUrl\":\"https:\/\/www.jeannedarc-figeac.fr\/college-lycee\/wp-content\/litespeed\/avatar\/5\/b7e8da60f53ba4adc9e9e66d91d84580.jpg?ver=1776943645\",\"caption\":\"le secr\u00e9tariat\"},\"url\":\"https:\/\/www.jeannedarc-figeac.fr\/college-lycee\/author\/arlette\/\"}]}<\/script>\n<!-- \/ Yoast SEO plugin. -->","yoast_head_json":{"title":"Le dispositif Enfant Intellectuellement Pr\u00e9coce tr\u00e8s cr\u00e9atif !","description":"Le dispositif pour des enfants intellectuellement pr\u00e9coce EIP du coll\u00e8ge accueille cette ann\u00e9e une vingtaine de jeunes coll\u00e9giens r\u00e9partis dans les","robots":{"index":"index","follow":"follow","max-snippet":"max-snippet:-1","max-image-preview":"max-image-preview:large","max-video-preview":"max-video-preview:-1"},"canonical":"http:\/\/www.jeannedarc-figeac.fr\/college-lycee\/le-dispositif-enfant-intellectuellement-precoce-tres-creatif\/","og_locale":"fr_FR","og_type":"article","og_title":"Le dispositif Enfant Intellectuellement Pr\u00e9coce tr\u00e8s cr\u00e9atif !","og_description":"Le dispositif pour des enfants intellectuellement pr\u00e9coce EIP du coll\u00e8ge accueille cette ann\u00e9e une vingtaine de jeunes coll\u00e9giens r\u00e9partis dans les","og_url":"http:\/\/www.jeannedarc-figeac.fr\/college-lycee\/le-dispositif-enfant-intellectuellement-precoce-tres-creatif\/","og_site_name":"Coll\u00e8ge et Lyc\u00e9e Jeanne d&#039;Arc","article_published_time":"2021-01-20T10:39:24+00:00","article_modified_time":"2021-01-20T10:39:30+00:00","og_image":[{"url":"http:\/\/www.jeannedarc-figeac.fr\/college-lycee\/wp-content\/uploads\/sites\/5\/2021\/01\/EIP-BIS-300x194.jpg","type":"","width":"","height":""}],"author":"le secr\u00e9tariat","schema":{"@context":"https:\/\/schema.org","@graph":[{"@type":"WebPage","@id":"http:\/\/www.jeannedarc-figeac.fr\/college-lycee\/le-dispositif-enfant-intellectuellement-precoce-tres-creatif\/","url":"http:\/\/www.jeannedarc-figeac.fr\/college-lycee\/le-dispositif-enfant-intellectuellement-precoce-tres-creatif\/","name":"Le dispositif Enfant Intellectuellement Pr\u00e9coce tr\u00e8s cr\u00e9atif !","isPartOf":{"@id":"https:\/\/www.jeannedarc-figeac.fr\/college-lycee\/#website"},"primaryImageOfPage":{"@id":"http:\/\/www.jeannedarc-figeac.fr\/college-lycee\/le-dispositif-enfant-intellectuellement-precoce-tres-creatif\/#primaryimage"},"image":{"@id":"http:\/\/www.jeannedarc-figeac.fr\/college-lycee\/le-dispositif-enfant-intellectuellement-precoce-tres-creatif\/#primaryimage"},"thumbnailUrl":"http:\/\/www.jeannedarc-figeac.fr\/college-lycee\/wp-content\/uploads\/sites\/5\/2021\/01\/EIP-BIS-300x194.jpg","datePublished":"2021-01-20T10:39:24+00:00","dateModified":"2021-01-20T10:39:30+00:00","author":{"@id":"https:\/\/www.jeannedarc-figeac.fr\/college-lycee\/#\/schema\/person\/29e5764f28e895dc8bf41d4468f99154"},"description":"Le dispositif pour des enfants intellectuellement pr\u00e9coce EIP du coll\u00e8ge accueille cette ann\u00e9e une vingtaine de jeunes coll\u00e9giens r\u00e9partis dans les","breadcrumb":{"@id":"http:\/\/www.jeannedarc-figeac.fr\/college-lycee\/le-dispositif-enfant-intellectuellement-precoce-tres-creatif\/#breadcrumb"},"inLanguage":"fr-FR","potentialAction":[{"@type":"ReadAction","target":["http:\/\/www.jeannedarc-figeac.fr\/college-lycee\/le-dispositif-enfant-intellectuellement-precoce-tres-creatif\/"]}]},{"@type":"ImageObject","inLanguage":"fr-FR","@id":"http:\/\/www.jeannedarc-figeac.fr\/college-lycee\/le-dispositif-enfant-intellectuellement-precoce-tres-creatif\/#primaryimage","url":"https:\/\/i0.wp.com\/www.jeannedarc-figeac.fr\/college-lycee\/wp-content\/uploads\/sites\/5\/2021\/01\/EIP-BIS.jpg?fit=1600%2C1036&ssl=1","contentUrl":"https:\/\/i0.wp.com\/www.jeannedarc-figeac.fr\/college-lycee\/wp-content\/uploads\/sites\/5\/2021\/01\/EIP-BIS.jpg?fit=1600%2C1036&ssl=1","width":1600,"height":1036},{"@type":"BreadcrumbList","@id":"http:\/\/www.jeannedarc-figeac.fr\/college-lycee\/le-dispositif-enfant-intellectuellement-precoce-tres-creatif\/#breadcrumb","itemListElement":[{"@type":"ListItem","position":1,"name":"Accueil","item":"https:\/\/www.jeannedarc-figeac.fr\/college-lycee\/"},{"@type":"ListItem","position":2,"name":"Actus","item":"http:\/\/www.jeannedarc-figeac.fr\/college-lycee\/cat\/actus\/"},{"@type":"ListItem","position":3,"name":"Le dispositif Enfant Intellectuellement Pr\u00e9coce tr\u00e8s cr\u00e9atif !"}]},{"@type":"WebSite","@id":"https:\/\/www.jeannedarc-figeac.fr\/college-lycee\/#website","url":"https:\/\/www.jeannedarc-figeac.fr\/college-lycee\/","name":"Coll\u00e8ge et Lyc\u00e9e Jeanne d&#039;Arc","description":"Jeanne d&#039;Arc Figeac","potentialAction":[{"@type":"SearchAction","target":{"@type":"EntryPoint","urlTemplate":"https:\/\/www.jeannedarc-figeac.fr\/college-lycee\/?s={search_term_string}"},"query-input":{"@type":"PropertyValueSpecification","valueRequired":true,"valueName":"search_term_string"}}],"inLanguage":"fr-FR"},{"@type":"Person","@id":"https:\/\/www.jeannedarc-figeac.fr\/college-lycee\/#\/schema\/person\/29e5764f28e895dc8bf41d4468f99154","name":"le secr\u00e9tariat","image":{"@type":"ImageObject","inLanguage":"fr-FR","@id":"https:\/\/www.jeannedarc-figeac.fr\/college-lycee\/#\/schema\/person\/image\/","url":"https:\/\/www.jeannedarc-figeac.fr\/college-lycee\/wp-content\/litespeed\/avatar\/5\/b7e8da60f53ba4adc9e9e66d91d84580.jpg?ver=1776943645","contentUrl":"https:\/\/www.jeannedarc-figeac.fr\/college-lycee\/wp-content\/litespeed\/avatar\/5\/b7e8da60f53ba4adc9e9e66d91d84580.jpg?ver=1776943645","caption":"le secr\u00e9tariat"},"url":"https:\/\/www.jeannedarc-figeac.fr\/college-lycee\/author\/arlette\/"}]}},"jetpack_featured_media_url":"","jetpack_sharing_enabled":true,"jetpack_shortlink":"https:\/\/wp.me\/p5Qyb6-YO","_links":{"self":[{"href":"https:\/\/www.jeannedarc-figeac.fr\/college-lycee\/wp-json\/wp\/v2\/posts\/3770","targetHints":{"allow":["GET"]}}],"collection":[{"href":"https:\/\/www.jeannedarc-figeac.fr\/college-lycee\/wp-json\/wp\/v2\/posts"}],"about":[{"href":"https:\/\/www.jeannedarc-figeac.fr\/college-lycee\/wp-json\/wp\/v2\/types\/post"}],"author":[{"embeddable":true,"href":"https:\/\/www.jeannedarc-figeac.fr\/college-lycee\/wp-json\/wp\/v2\/users\/12"}],"replies":[{"embeddable":true,"href":"https:\/\/www.jeannedarc-figeac.fr\/college-lycee\/wp-json\/wp\/v2\/comments?post=3770"}],"version-history":[{"count":1,"href":"https:\/\/www.jeannedarc-figeac.fr\/college-lycee\/wp-json\/wp\/v2\/posts\/3770\/revisions"}],"predecessor-version":[{"id":3772,"href":"https:\/\/www.jeannedarc-figeac.fr\/college-lycee\/wp-json\/wp\/v2\/posts\/3770\/revisions\/3772"}],"wp:attachment":[{"href":"https:\/\/www.jeannedarc-figeac.fr\/college-lycee\/wp-json\/wp\/v2\/media?parent=3770"}],"wp:term":[{"taxonomy":"category","embeddable":true,"href":"https:\/\/www.jeannedarc-figeac.fr\/college-lycee\/wp-json\/wp\/v2\/categories?post=3770"},{"taxonomy":"post_tag","embeddable":true,"href":"https:\/\/www.jeannedarc-figeac.fr\/college-lycee\/wp-json\/wp\/v2\/tags?post=3770"}],"curies":[{"name":"wp","href":"https:\/\/api.w.org\/{rel}","templated":true}]}}