{"id":3517,"date":"2020-11-09T15:13:54","date_gmt":"2020-11-09T15:13:54","guid":{"rendered":"http:\/\/www.jeannedarc-figeac.fr\/college-lycee\/?p=3517"},"modified":"2020-11-09T15:13:59","modified_gmt":"2020-11-09T15:13:59","slug":"les-secondes-du-lycee-profitent-dune-journee-dintegration-pour-decouvrir-figeac-et-ses-secrets","status":"publish","type":"post","link":"https:\/\/www.jeannedarc-figeac.fr\/college-lycee\/les-secondes-du-lycee-profitent-dune-journee-dintegration-pour-decouvrir-figeac-et-ses-secrets\/","title":{"rendered":"Les secondes du lyc\u00e9e profitent d&rsquo;une journ\u00e9e d&rsquo;int\u00e9gration pour d\u00e9couvrir Figeac et ses secrets."},"content":{"rendered":"\n<figure class=\"wp-block-image\"><img data-recalc-dims=\"1\" loading=\"lazy\" decoding=\"async\" width=\"300\" height=\"225\" src=\"https:\/\/i0.wp.com\/www.jeannedarc-figeac.fr\/college-lycee\/wp-content\/uploads\/sites\/5\/2020\/11\/Int%C3%A9gration-lyc%C3%A9e-BIS.jpg?resize=300%2C225\" alt=\"\" class=\"wp-image-3518\" srcset=\"https:\/\/i0.wp.com\/www.jeannedarc-figeac.fr\/college-lycee\/wp-content\/uploads\/sites\/5\/2020\/11\/Int%C3%A9gration-lyc%C3%A9e-BIS.jpg?resize=300%2C225&amp;ssl=1 300w, https:\/\/i0.wp.com\/www.jeannedarc-figeac.fr\/college-lycee\/wp-content\/uploads\/sites\/5\/2020\/11\/Int%C3%A9gration-lyc%C3%A9e-BIS.jpg?resize=768%2C576&amp;ssl=1 768w, https:\/\/i0.wp.com\/www.jeannedarc-figeac.fr\/college-lycee\/wp-content\/uploads\/sites\/5\/2020\/11\/Int%C3%A9gration-lyc%C3%A9e-BIS.jpg?resize=1024%2C768&amp;ssl=1 1024w, https:\/\/i0.wp.com\/www.jeannedarc-figeac.fr\/college-lycee\/wp-content\/uploads\/sites\/5\/2020\/11\/Int%C3%A9gration-lyc%C3%A9e-BIS.jpg?resize=510%2C382&amp;ssl=1 510w, https:\/\/i0.wp.com\/www.jeannedarc-figeac.fr\/college-lycee\/wp-content\/uploads\/sites\/5\/2020\/11\/Int%C3%A9gration-lyc%C3%A9e-BIS.jpg?resize=1080%2C810&amp;ssl=1 1080w, https:\/\/i0.wp.com\/www.jeannedarc-figeac.fr\/college-lycee\/wp-content\/uploads\/sites\/5\/2020\/11\/Int%C3%A9gration-lyc%C3%A9e-BIS.jpg?resize=1280%2C960&amp;ssl=1 1280w, https:\/\/i0.wp.com\/www.jeannedarc-figeac.fr\/college-lycee\/wp-content\/uploads\/sites\/5\/2020\/11\/Int%C3%A9gration-lyc%C3%A9e-BIS.jpg?resize=980%2C735&amp;ssl=1 980w, https:\/\/i0.wp.com\/www.jeannedarc-figeac.fr\/college-lycee\/wp-content\/uploads\/sites\/5\/2020\/11\/Int%C3%A9gration-lyc%C3%A9e-BIS.jpg?resize=480%2C360&amp;ssl=1 480w, https:\/\/i0.wp.com\/www.jeannedarc-figeac.fr\/college-lycee\/wp-content\/uploads\/sites\/5\/2020\/11\/Int%C3%A9gration-lyc%C3%A9e-BIS.jpg?w=1600&amp;ssl=1 1600w\" sizes=\"(max-width: 300px) 100vw, 300px\" \/><\/figure>\n\n\n\n<p><strong>Vendredi 11 septembre, sous un beau soleil, s\u2019est d\u00e9roul\u00e9e la journ\u00e9e d\u2019int\u00e9gration pour les \u00e9l\u00e8ves entrant en 2nde GT, 2nde ASSP et CAP ATMFC 1e ann\u00e9e. Gr\u00e2ce \u00e0 deux guides de l&rsquo;Office du tourisme, la rentr\u00e9e au lyc\u00e9e Jeanne d\u2019Arc a \u00e9t\u00e9 synonyme de d\u00e9couverte du patrimoine figeacois. Durant la matin\u00e9e, tous les lyc\u00e9ens ont pu, en levant les yeux, d\u00e9couvrir les tr\u00e9sors dont la ville regorge : sculpture de la \u00ab\u00a0sorci\u00e8re\u00a0\u00bb sur la fa\u00e7ade de la demeure des Viguiers du Roy ou autres portes anciennes pr\u00e9serv\u00e9e depuis le Moyen-Age. L&rsquo;apr\u00e8s-midi, pass\u00e9 \u00e0 l&rsquo;ombre des arbres du jardin de l&rsquo;\u00e9tablissement, a donn\u00e9 lieu \u00e0 des exercices de team building concoct\u00e9s par la dynamique documentaliste Caroline Sireyzol. L&rsquo;\u00e9quipe des professeurs s&rsquo;est succ\u00e9d\u00e9e toute la journ\u00e9e pour accueillir les \u00e9l\u00e8ves dans une ambiance sympathique et chaleureuse. L\u2019apr\u00e8s-midi s\u2019est cl\u00f4tur\u00e9e par une \u00ab\u00a0flash mob\u00a0\u00bb sur \u00ab\u00a0Savage love&#8230;\u00a0\u00bb (clin d\u2019\u0153il \u00e0 TikTok que les ados adorent). Cette journ\u00e9e aura permis aux jeunes d\u2019apprendre \u00e0 se conna\u00eetre via ses points communs, ses hobbies ou m\u00eame sa saison pr\u00e9f\u00e9r\u00e9e et de cr\u00e9er des liens solides entre eux et d&rsquo;assurer une relation de confiance avec les adultes\u00a0\u00bb. <\/strong><\/p>\n","protected":false},"excerpt":{"rendered":"<p>Vendredi 11 septembre, sous un beau soleil, s\u2019est d\u00e9roul\u00e9e la journ\u00e9e d\u2019int\u00e9gration pour les \u00e9l\u00e8ves entrant en 2nde GT, 2nde ASSP et CAP ATMFC 1e ann\u00e9e. Gr\u00e2ce \u00e0 deux guides de l&rsquo;Office du tourisme, la rentr\u00e9e au lyc\u00e9e Jeanne d\u2019Arc a \u00e9t\u00e9 synonyme de d\u00e9couverte du patrimoine figeacois. Durant la matin\u00e9e, tous les lyc\u00e9ens ont [&hellip;]<\/p>\n","protected":false},"author":12,"featured_media":0,"comment_status":"closed","ping_status":"open","sticky":false,"template":"","format":"standard","meta":{"_et_pb_use_builder":"off","_et_pb_old_content":"","_et_gb_content_width":"","_jetpack_newsletter_access":"","_jetpack_dont_email_post_to_subs":false,"_jetpack_newsletter_tier_id":0,"_jetpack_memberships_contains_paywalled_content":false,"iawp_total_views":0,"_jetpack_memberships_contains_paid_content":false,"footnotes":""},"categories":[28],"tags":[],"class_list":["post-3517","post","type-post","status-publish","format-standard","hentry","category-actus"],"yoast_head":"<!-- This site is optimized with the Yoast SEO plugin v26.0 - https:\/\/yoast.com\/wordpress\/plugins\/seo\/ -->\n<title>Les secondes du lyc\u00e9e profitent d&#039;une journ\u00e9e d&#039;int\u00e9gration pour d\u00e9couvrir Figeac et ses secrets.<\/title>\n<meta name=\"description\" content=\"Vendredi 11 septembre, sous un beau soleil, s\u2019est d\u00e9roul\u00e9e la journ\u00e9e d\u2019int\u00e9gration pour les \u00e9l\u00e8ves entrant en 2nde GT, 2nde ASSP et CAP ATMFC 1e ann\u00e9e.\" \/>\n<meta name=\"robots\" content=\"index, follow, max-snippet:-1, max-image-preview:large, max-video-preview:-1\" \/>\n<link rel=\"canonical\" href=\"https:\/\/www.jeannedarc-figeac.fr\/college-lycee\/les-secondes-du-lycee-profitent-dune-journee-dintegration-pour-decouvrir-figeac-et-ses-secrets\/\" \/>\n<meta property=\"og:locale\" content=\"fr_FR\" \/>\n<meta property=\"og:type\" content=\"article\" \/>\n<meta property=\"og:title\" content=\"Les secondes du lyc\u00e9e profitent d&#039;une journ\u00e9e d&#039;int\u00e9gration pour d\u00e9couvrir Figeac et ses secrets.\" \/>\n<meta property=\"og:description\" content=\"Vendredi 11 septembre, sous un beau soleil, s\u2019est d\u00e9roul\u00e9e la journ\u00e9e d\u2019int\u00e9gration pour les \u00e9l\u00e8ves entrant en 2nde GT, 2nde ASSP et CAP ATMFC 1e ann\u00e9e.\" \/>\n<meta property=\"og:url\" content=\"https:\/\/www.jeannedarc-figeac.fr\/college-lycee\/les-secondes-du-lycee-profitent-dune-journee-dintegration-pour-decouvrir-figeac-et-ses-secrets\/\" \/>\n<meta property=\"og:site_name\" content=\"Coll\u00e8ge et Lyc\u00e9e Jeanne d&#039;Arc\" \/>\n<meta property=\"article:published_time\" content=\"2020-11-09T15:13:54+00:00\" \/>\n<meta property=\"article:modified_time\" content=\"2020-11-09T15:13:59+00:00\" \/>\n<meta name=\"author\" content=\"le secr\u00e9tariat\" \/>\n<script type=\"application\/ld+json\" class=\"yoast-schema-graph\">{\"@context\":\"https:\/\/schema.org\",\"@graph\":[{\"@type\":\"WebPage\",\"@id\":\"https:\/\/www.jeannedarc-figeac.fr\/college-lycee\/les-secondes-du-lycee-profitent-dune-journee-dintegration-pour-decouvrir-figeac-et-ses-secrets\/\",\"url\":\"https:\/\/www.jeannedarc-figeac.fr\/college-lycee\/les-secondes-du-lycee-profitent-dune-journee-dintegration-pour-decouvrir-figeac-et-ses-secrets\/\",\"name\":\"Les secondes du lyc\u00e9e profitent d'une journ\u00e9e d'int\u00e9gration pour d\u00e9couvrir Figeac et ses secrets.\",\"isPartOf\":{\"@id\":\"https:\/\/www.jeannedarc-figeac.fr\/college-lycee\/#website\"},\"datePublished\":\"2020-11-09T15:13:54+00:00\",\"dateModified\":\"2020-11-09T15:13:59+00:00\",\"author\":{\"@id\":\"https:\/\/www.jeannedarc-figeac.fr\/college-lycee\/#\/schema\/person\/29e5764f28e895dc8bf41d4468f99154\"},\"description\":\"Vendredi 11 septembre, sous un beau soleil, s\u2019est d\u00e9roul\u00e9e la journ\u00e9e d\u2019int\u00e9gration pour les \u00e9l\u00e8ves entrant en 2nde GT, 2nde ASSP et CAP ATMFC 1e ann\u00e9e.\",\"breadcrumb\":{\"@id\":\"https:\/\/www.jeannedarc-figeac.fr\/college-lycee\/les-secondes-du-lycee-profitent-dune-journee-dintegration-pour-decouvrir-figeac-et-ses-secrets\/#breadcrumb\"},\"inLanguage\":\"fr-FR\",\"potentialAction\":[{\"@type\":\"ReadAction\",\"target\":[\"https:\/\/www.jeannedarc-figeac.fr\/college-lycee\/les-secondes-du-lycee-profitent-dune-journee-dintegration-pour-decouvrir-figeac-et-ses-secrets\/\"]}]},{\"@type\":\"BreadcrumbList\",\"@id\":\"https:\/\/www.jeannedarc-figeac.fr\/college-lycee\/les-secondes-du-lycee-profitent-dune-journee-dintegration-pour-decouvrir-figeac-et-ses-secrets\/#breadcrumb\",\"itemListElement\":[{\"@type\":\"ListItem\",\"position\":1,\"name\":\"Accueil\",\"item\":\"https:\/\/www.jeannedarc-figeac.fr\/college-lycee\/\"},{\"@type\":\"ListItem\",\"position\":2,\"name\":\"Actus\",\"item\":\"http:\/\/www.jeannedarc-figeac.fr\/college-lycee\/cat\/actus\/\"},{\"@type\":\"ListItem\",\"position\":3,\"name\":\"Les secondes du lyc\u00e9e profitent d&rsquo;une journ\u00e9e d&rsquo;int\u00e9gration pour d\u00e9couvrir Figeac et ses secrets.\"}]},{\"@type\":\"WebSite\",\"@id\":\"https:\/\/www.jeannedarc-figeac.fr\/college-lycee\/#website\",\"url\":\"https:\/\/www.jeannedarc-figeac.fr\/college-lycee\/\",\"name\":\"Coll\u00e8ge et Lyc\u00e9e Jeanne d&#039;Arc\",\"description\":\"Jeanne d&#039;Arc Figeac\",\"potentialAction\":[{\"@type\":\"SearchAction\",\"target\":{\"@type\":\"EntryPoint\",\"urlTemplate\":\"https:\/\/www.jeannedarc-figeac.fr\/college-lycee\/?s={search_term_string}\"},\"query-input\":{\"@type\":\"PropertyValueSpecification\",\"valueRequired\":true,\"valueName\":\"search_term_string\"}}],\"inLanguage\":\"fr-FR\"},{\"@type\":\"Person\",\"@id\":\"https:\/\/www.jeannedarc-figeac.fr\/college-lycee\/#\/schema\/person\/29e5764f28e895dc8bf41d4468f99154\",\"name\":\"le secr\u00e9tariat\",\"image\":{\"@type\":\"ImageObject\",\"inLanguage\":\"fr-FR\",\"@id\":\"https:\/\/www.jeannedarc-figeac.fr\/college-lycee\/#\/schema\/person\/image\/\",\"url\":\"https:\/\/www.jeannedarc-figeac.fr\/college-lycee\/wp-content\/litespeed\/avatar\/5\/b7e8da60f53ba4adc9e9e66d91d84580.jpg?ver=1776943645\",\"contentUrl\":\"https:\/\/www.jeannedarc-figeac.fr\/college-lycee\/wp-content\/litespeed\/avatar\/5\/b7e8da60f53ba4adc9e9e66d91d84580.jpg?ver=1776943645\",\"caption\":\"le secr\u00e9tariat\"},\"url\":\"https:\/\/www.jeannedarc-figeac.fr\/college-lycee\/author\/arlette\/\"}]}<\/script>\n<!-- \/ Yoast SEO plugin. -->","yoast_head_json":{"title":"Les secondes du lyc\u00e9e profitent d'une journ\u00e9e d'int\u00e9gration pour d\u00e9couvrir Figeac et ses secrets.","description":"Vendredi 11 septembre, sous un beau soleil, s\u2019est d\u00e9roul\u00e9e la journ\u00e9e d\u2019int\u00e9gration pour les \u00e9l\u00e8ves entrant en 2nde GT, 2nde ASSP et CAP ATMFC 1e ann\u00e9e.","robots":{"index":"index","follow":"follow","max-snippet":"max-snippet:-1","max-image-preview":"max-image-preview:large","max-video-preview":"max-video-preview:-1"},"canonical":"https:\/\/www.jeannedarc-figeac.fr\/college-lycee\/les-secondes-du-lycee-profitent-dune-journee-dintegration-pour-decouvrir-figeac-et-ses-secrets\/","og_locale":"fr_FR","og_type":"article","og_title":"Les secondes du lyc\u00e9e profitent d'une journ\u00e9e d'int\u00e9gration pour d\u00e9couvrir Figeac et ses secrets.","og_description":"Vendredi 11 septembre, sous un beau soleil, s\u2019est d\u00e9roul\u00e9e la journ\u00e9e d\u2019int\u00e9gration pour les \u00e9l\u00e8ves entrant en 2nde GT, 2nde ASSP et CAP ATMFC 1e ann\u00e9e.","og_url":"https:\/\/www.jeannedarc-figeac.fr\/college-lycee\/les-secondes-du-lycee-profitent-dune-journee-dintegration-pour-decouvrir-figeac-et-ses-secrets\/","og_site_name":"Coll\u00e8ge et Lyc\u00e9e Jeanne d&#039;Arc","article_published_time":"2020-11-09T15:13:54+00:00","article_modified_time":"2020-11-09T15:13:59+00:00","author":"le secr\u00e9tariat","schema":{"@context":"https:\/\/schema.org","@graph":[{"@type":"WebPage","@id":"https:\/\/www.jeannedarc-figeac.fr\/college-lycee\/les-secondes-du-lycee-profitent-dune-journee-dintegration-pour-decouvrir-figeac-et-ses-secrets\/","url":"https:\/\/www.jeannedarc-figeac.fr\/college-lycee\/les-secondes-du-lycee-profitent-dune-journee-dintegration-pour-decouvrir-figeac-et-ses-secrets\/","name":"Les secondes du lyc\u00e9e profitent d'une journ\u00e9e d'int\u00e9gration pour d\u00e9couvrir Figeac et ses secrets.","isPartOf":{"@id":"https:\/\/www.jeannedarc-figeac.fr\/college-lycee\/#website"},"datePublished":"2020-11-09T15:13:54+00:00","dateModified":"2020-11-09T15:13:59+00:00","author":{"@id":"https:\/\/www.jeannedarc-figeac.fr\/college-lycee\/#\/schema\/person\/29e5764f28e895dc8bf41d4468f99154"},"description":"Vendredi 11 septembre, sous un beau soleil, s\u2019est d\u00e9roul\u00e9e la journ\u00e9e d\u2019int\u00e9gration pour les \u00e9l\u00e8ves entrant en 2nde GT, 2nde ASSP et CAP ATMFC 1e ann\u00e9e.","breadcrumb":{"@id":"https:\/\/www.jeannedarc-figeac.fr\/college-lycee\/les-secondes-du-lycee-profitent-dune-journee-dintegration-pour-decouvrir-figeac-et-ses-secrets\/#breadcrumb"},"inLanguage":"fr-FR","potentialAction":[{"@type":"ReadAction","target":["https:\/\/www.jeannedarc-figeac.fr\/college-lycee\/les-secondes-du-lycee-profitent-dune-journee-dintegration-pour-decouvrir-figeac-et-ses-secrets\/"]}]},{"@type":"BreadcrumbList","@id":"https:\/\/www.jeannedarc-figeac.fr\/college-lycee\/les-secondes-du-lycee-profitent-dune-journee-dintegration-pour-decouvrir-figeac-et-ses-secrets\/#breadcrumb","itemListElement":[{"@type":"ListItem","position":1,"name":"Accueil","item":"https:\/\/www.jeannedarc-figeac.fr\/college-lycee\/"},{"@type":"ListItem","position":2,"name":"Actus","item":"http:\/\/www.jeannedarc-figeac.fr\/college-lycee\/cat\/actus\/"},{"@type":"ListItem","position":3,"name":"Les secondes du lyc\u00e9e profitent d&rsquo;une journ\u00e9e d&rsquo;int\u00e9gration pour d\u00e9couvrir Figeac et ses secrets."}]},{"@type":"WebSite","@id":"https:\/\/www.jeannedarc-figeac.fr\/college-lycee\/#website","url":"https:\/\/www.jeannedarc-figeac.fr\/college-lycee\/","name":"Coll\u00e8ge et Lyc\u00e9e Jeanne d&#039;Arc","description":"Jeanne d&#039;Arc Figeac","potentialAction":[{"@type":"SearchAction","target":{"@type":"EntryPoint","urlTemplate":"https:\/\/www.jeannedarc-figeac.fr\/college-lycee\/?s={search_term_string}"},"query-input":{"@type":"PropertyValueSpecification","valueRequired":true,"valueName":"search_term_string"}}],"inLanguage":"fr-FR"},{"@type":"Person","@id":"https:\/\/www.jeannedarc-figeac.fr\/college-lycee\/#\/schema\/person\/29e5764f28e895dc8bf41d4468f99154","name":"le secr\u00e9tariat","image":{"@type":"ImageObject","inLanguage":"fr-FR","@id":"https:\/\/www.jeannedarc-figeac.fr\/college-lycee\/#\/schema\/person\/image\/","url":"https:\/\/www.jeannedarc-figeac.fr\/college-lycee\/wp-content\/litespeed\/avatar\/5\/b7e8da60f53ba4adc9e9e66d91d84580.jpg?ver=1776943645","contentUrl":"https:\/\/www.jeannedarc-figeac.fr\/college-lycee\/wp-content\/litespeed\/avatar\/5\/b7e8da60f53ba4adc9e9e66d91d84580.jpg?ver=1776943645","caption":"le secr\u00e9tariat"},"url":"https:\/\/www.jeannedarc-figeac.fr\/college-lycee\/author\/arlette\/"}]}},"jetpack_featured_media_url":"","jetpack_sharing_enabled":true,"jetpack_shortlink":"https:\/\/wp.me\/p5Qyb6-UJ","_links":{"self":[{"href":"https:\/\/www.jeannedarc-figeac.fr\/college-lycee\/wp-json\/wp\/v2\/posts\/3517","targetHints":{"allow":["GET"]}}],"collection":[{"href":"https:\/\/www.jeannedarc-figeac.fr\/college-lycee\/wp-json\/wp\/v2\/posts"}],"about":[{"href":"https:\/\/www.jeannedarc-figeac.fr\/college-lycee\/wp-json\/wp\/v2\/types\/post"}],"author":[{"embeddable":true,"href":"https:\/\/www.jeannedarc-figeac.fr\/college-lycee\/wp-json\/wp\/v2\/users\/12"}],"replies":[{"embeddable":true,"href":"https:\/\/www.jeannedarc-figeac.fr\/college-lycee\/wp-json\/wp\/v2\/comments?post=3517"}],"version-history":[{"count":1,"href":"https:\/\/www.jeannedarc-figeac.fr\/college-lycee\/wp-json\/wp\/v2\/posts\/3517\/revisions"}],"predecessor-version":[{"id":3519,"href":"https:\/\/www.jeannedarc-figeac.fr\/college-lycee\/wp-json\/wp\/v2\/posts\/3517\/revisions\/3519"}],"wp:attachment":[{"href":"https:\/\/www.jeannedarc-figeac.fr\/college-lycee\/wp-json\/wp\/v2\/media?parent=3517"}],"wp:term":[{"taxonomy":"category","embeddable":true,"href":"https:\/\/www.jeannedarc-figeac.fr\/college-lycee\/wp-json\/wp\/v2\/categories?post=3517"},{"taxonomy":"post_tag","embeddable":true,"href":"https:\/\/www.jeannedarc-figeac.fr\/college-lycee\/wp-json\/wp\/v2\/tags?post=3517"}],"curies":[{"name":"wp","href":"https:\/\/api.w.org\/{rel}","templated":true}]}}