{"id":3512,"date":"2020-11-09T13:58:34","date_gmt":"2020-11-09T13:58:34","guid":{"rendered":"http:\/\/www.jeannedarc-figeac.fr\/college-lycee\/?p=3512"},"modified":"2020-11-09T13:58:38","modified_gmt":"2020-11-09T13:58:38","slug":"une-entree-remarquee-au-college","status":"publish","type":"post","link":"https:\/\/www.jeannedarc-figeac.fr\/college-lycee\/une-entree-remarquee-au-college\/","title":{"rendered":"Une entr\u00e9e remarqu\u00e9e au coll\u00e8ge"},"content":{"rendered":"\n<div class=\"wp-block-image\"><figure class=\"aligncenter is-resized\"><img data-recalc-dims=\"1\" loading=\"lazy\" decoding=\"async\" src=\"https:\/\/i0.wp.com\/www.jeannedarc-figeac.fr\/college-lycee\/wp-content\/uploads\/sites\/5\/2020\/11\/DSC01719-BIS.jpg?resize=404%2C303\" alt=\"\" class=\"wp-image-3514\" width=\"404\" height=\"303\" \/><\/figure><\/div>\n\n\n\n<p><strong>Mardi 1e septembre<\/strong>, les \u00e9l\u00e8ves de 6<sup>\u00e8me<\/sup> ont franchi le portail du coll\u00e8ge Jeanne D\u2019Arc pour faire leur entr\u00e9e en 6e. En d\u00e9pit du masque (protocole oblige\u00a0!) et du protocole sanitaire impos\u00e9, tous arboraient un beau sourire et semblaient non seulement ravis d\u2019entrer dans leur nouvel \u00e9tablissement mais aussi de retrouver leurs camarades ou encore de rencontrer de nouvelles \u00ab\u00a0t\u00eates\u00a0\u00bb. Apr\u00e8s l\u2019appel, chaque groupe est parti pour la matin\u00e9e, encadr\u00e9 par son professeur principal\u00a0: remise des manuels scolaires, de documents, d\u2019informations diverses, d\u00e9couverte de leur salle de classe, de l\u2019emploi du temps, tel \u00e9tait le programme qui les attendait. Apr\u00e8s l\u2019heure du d\u00e9jeuner, ils ont pu d\u00e9couvrir le self, profiter des installations de l\u2019\u00e9tablissement ou se reposer dans les pelouses avant de faire la visite des diff\u00e9rentes parties du coll\u00e8ge. Ensuite deux heures de \u00ab\u00a0teambuilding\u00a0\u00bb (coh\u00e9sion de groupe) \u00e9taient pr\u00e9vues afin de les amener \u00e0 se connaitre les uns les autres. Pour cl\u00f4turer cette belle journ\u00e9e, un go\u00fbter leur a \u00e9t\u00e9 offert. Une journ\u00e9e de rentr\u00e9e qui restera grav\u00e9e dans la m\u00e9moire des enfants. <\/p>\n","protected":false},"excerpt":{"rendered":"<p>Mardi 1e septembre, les \u00e9l\u00e8ves de 6\u00e8me ont franchi le portail du coll\u00e8ge Jeanne D\u2019Arc pour faire leur entr\u00e9e en 6e. En d\u00e9pit du masque (protocole oblige\u00a0!) et du protocole sanitaire impos\u00e9, tous arboraient un beau sourire et semblaient non seulement ravis d\u2019entrer dans leur nouvel \u00e9tablissement mais aussi de retrouver leurs camarades ou encore [&hellip;]<\/p>\n","protected":false},"author":12,"featured_media":0,"comment_status":"closed","ping_status":"open","sticky":false,"template":"","format":"standard","meta":{"_et_pb_use_builder":"off","_et_pb_old_content":"","_et_gb_content_width":"","_jetpack_newsletter_access":"","_jetpack_dont_email_post_to_subs":false,"_jetpack_newsletter_tier_id":0,"_jetpack_memberships_contains_paywalled_content":false,"iawp_total_views":0,"_jetpack_memberships_contains_paid_content":false,"footnotes":""},"categories":[28],"tags":[],"class_list":["post-3512","post","type-post","status-publish","format-standard","hentry","category-actus"],"yoast_head":"<!-- This site is optimized with the Yoast SEO plugin v26.0 - https:\/\/yoast.com\/wordpress\/plugins\/seo\/ -->\n<title>Une entr\u00e9e remarqu\u00e9e au coll\u00e8ge<\/title>\n<meta name=\"description\" content=\"Mardi 1e septembre, les \u00e9l\u00e8ves de 6\u00e8me ont franchi le portail du coll\u00e8ge Jeanne D\u2019Arc pour faire leur entr\u00e9e en 6e. En d\u00e9pit du masque (protocole\" \/>\n<meta name=\"robots\" content=\"index, follow, max-snippet:-1, max-image-preview:large, max-video-preview:-1\" \/>\n<link rel=\"canonical\" href=\"http:\/\/www.jeannedarc-figeac.fr\/college-lycee\/une-entree-remarquee-au-college\/\" \/>\n<meta property=\"og:locale\" content=\"fr_FR\" \/>\n<meta property=\"og:type\" content=\"article\" \/>\n<meta property=\"og:title\" content=\"Une entr\u00e9e remarqu\u00e9e au coll\u00e8ge\" \/>\n<meta property=\"og:description\" content=\"Mardi 1e septembre, les \u00e9l\u00e8ves de 6\u00e8me ont franchi le portail du coll\u00e8ge Jeanne D\u2019Arc pour faire leur entr\u00e9e en 6e. En d\u00e9pit du masque (protocole\" \/>\n<meta property=\"og:url\" content=\"http:\/\/www.jeannedarc-figeac.fr\/college-lycee\/une-entree-remarquee-au-college\/\" \/>\n<meta property=\"og:site_name\" content=\"Coll\u00e8ge et Lyc\u00e9e Jeanne d&#039;Arc\" \/>\n<meta property=\"article:published_time\" content=\"2020-11-09T13:58:34+00:00\" \/>\n<meta property=\"article:modified_time\" content=\"2020-11-09T13:58:38+00:00\" \/>\n<meta property=\"og:image\" content=\"http:\/\/www.jeannedarc-figeac.fr\/college-lycee\/wp-content\/uploads\/sites\/5\/2020\/11\/DSC01719-BIS-300x225.jpg\" \/>\n<meta name=\"author\" content=\"le secr\u00e9tariat\" \/>\n<script type=\"application\/ld+json\" class=\"yoast-schema-graph\">{\"@context\":\"https:\/\/schema.org\",\"@graph\":[{\"@type\":\"WebPage\",\"@id\":\"http:\/\/www.jeannedarc-figeac.fr\/college-lycee\/une-entree-remarquee-au-college\/\",\"url\":\"http:\/\/www.jeannedarc-figeac.fr\/college-lycee\/une-entree-remarquee-au-college\/\",\"name\":\"Une entr\u00e9e remarqu\u00e9e au coll\u00e8ge\",\"isPartOf\":{\"@id\":\"https:\/\/www.jeannedarc-figeac.fr\/college-lycee\/#website\"},\"primaryImageOfPage\":{\"@id\":\"http:\/\/www.jeannedarc-figeac.fr\/college-lycee\/une-entree-remarquee-au-college\/#primaryimage\"},\"image\":{\"@id\":\"http:\/\/www.jeannedarc-figeac.fr\/college-lycee\/une-entree-remarquee-au-college\/#primaryimage\"},\"thumbnailUrl\":\"http:\/\/www.jeannedarc-figeac.fr\/college-lycee\/wp-content\/uploads\/sites\/5\/2020\/11\/DSC01719-BIS-300x225.jpg\",\"datePublished\":\"2020-11-09T13:58:34+00:00\",\"dateModified\":\"2020-11-09T13:58:38+00:00\",\"author\":{\"@id\":\"https:\/\/www.jeannedarc-figeac.fr\/college-lycee\/#\/schema\/person\/29e5764f28e895dc8bf41d4468f99154\"},\"description\":\"Mardi 1e septembre, les \u00e9l\u00e8ves de 6\u00e8me ont franchi le portail du coll\u00e8ge Jeanne D\u2019Arc pour faire leur entr\u00e9e en 6e. En d\u00e9pit du masque (protocole\",\"breadcrumb\":{\"@id\":\"http:\/\/www.jeannedarc-figeac.fr\/college-lycee\/une-entree-remarquee-au-college\/#breadcrumb\"},\"inLanguage\":\"fr-FR\",\"potentialAction\":[{\"@type\":\"ReadAction\",\"target\":[\"http:\/\/www.jeannedarc-figeac.fr\/college-lycee\/une-entree-remarquee-au-college\/\"]}]},{\"@type\":\"ImageObject\",\"inLanguage\":\"fr-FR\",\"@id\":\"http:\/\/www.jeannedarc-figeac.fr\/college-lycee\/une-entree-remarquee-au-college\/#primaryimage\",\"url\":\"https:\/\/i0.wp.com\/www.jeannedarc-figeac.fr\/college-lycee\/wp-content\/uploads\/sites\/5\/2020\/11\/DSC01719-BIS.jpg?fit=1600%2C1200&ssl=1\",\"contentUrl\":\"https:\/\/i0.wp.com\/www.jeannedarc-figeac.fr\/college-lycee\/wp-content\/uploads\/sites\/5\/2020\/11\/DSC01719-BIS.jpg?fit=1600%2C1200&ssl=1\",\"width\":1600,\"height\":1200},{\"@type\":\"BreadcrumbList\",\"@id\":\"http:\/\/www.jeannedarc-figeac.fr\/college-lycee\/une-entree-remarquee-au-college\/#breadcrumb\",\"itemListElement\":[{\"@type\":\"ListItem\",\"position\":1,\"name\":\"Accueil\",\"item\":\"https:\/\/www.jeannedarc-figeac.fr\/college-lycee\/\"},{\"@type\":\"ListItem\",\"position\":2,\"name\":\"Actus\",\"item\":\"http:\/\/www.jeannedarc-figeac.fr\/college-lycee\/cat\/actus\/\"},{\"@type\":\"ListItem\",\"position\":3,\"name\":\"Une entr\u00e9e remarqu\u00e9e au coll\u00e8ge\"}]},{\"@type\":\"WebSite\",\"@id\":\"https:\/\/www.jeannedarc-figeac.fr\/college-lycee\/#website\",\"url\":\"https:\/\/www.jeannedarc-figeac.fr\/college-lycee\/\",\"name\":\"Coll\u00e8ge et Lyc\u00e9e Jeanne d&#039;Arc\",\"description\":\"Jeanne d&#039;Arc Figeac\",\"potentialAction\":[{\"@type\":\"SearchAction\",\"target\":{\"@type\":\"EntryPoint\",\"urlTemplate\":\"https:\/\/www.jeannedarc-figeac.fr\/college-lycee\/?s={search_term_string}\"},\"query-input\":{\"@type\":\"PropertyValueSpecification\",\"valueRequired\":true,\"valueName\":\"search_term_string\"}}],\"inLanguage\":\"fr-FR\"},{\"@type\":\"Person\",\"@id\":\"https:\/\/www.jeannedarc-figeac.fr\/college-lycee\/#\/schema\/person\/29e5764f28e895dc8bf41d4468f99154\",\"name\":\"le secr\u00e9tariat\",\"image\":{\"@type\":\"ImageObject\",\"inLanguage\":\"fr-FR\",\"@id\":\"https:\/\/www.jeannedarc-figeac.fr\/college-lycee\/#\/schema\/person\/image\/\",\"url\":\"https:\/\/www.jeannedarc-figeac.fr\/college-lycee\/wp-content\/litespeed\/avatar\/5\/b7e8da60f53ba4adc9e9e66d91d84580.jpg?ver=1776943645\",\"contentUrl\":\"https:\/\/www.jeannedarc-figeac.fr\/college-lycee\/wp-content\/litespeed\/avatar\/5\/b7e8da60f53ba4adc9e9e66d91d84580.jpg?ver=1776943645\",\"caption\":\"le secr\u00e9tariat\"},\"url\":\"https:\/\/www.jeannedarc-figeac.fr\/college-lycee\/author\/arlette\/\"}]}<\/script>\n<!-- \/ Yoast SEO plugin. -->","yoast_head_json":{"title":"Une entr\u00e9e remarqu\u00e9e au coll\u00e8ge","description":"Mardi 1e septembre, les \u00e9l\u00e8ves de 6\u00e8me ont franchi le portail du coll\u00e8ge Jeanne D\u2019Arc pour faire leur entr\u00e9e en 6e. En d\u00e9pit du masque (protocole","robots":{"index":"index","follow":"follow","max-snippet":"max-snippet:-1","max-image-preview":"max-image-preview:large","max-video-preview":"max-video-preview:-1"},"canonical":"http:\/\/www.jeannedarc-figeac.fr\/college-lycee\/une-entree-remarquee-au-college\/","og_locale":"fr_FR","og_type":"article","og_title":"Une entr\u00e9e remarqu\u00e9e au coll\u00e8ge","og_description":"Mardi 1e septembre, les \u00e9l\u00e8ves de 6\u00e8me ont franchi le portail du coll\u00e8ge Jeanne D\u2019Arc pour faire leur entr\u00e9e en 6e. En d\u00e9pit du masque (protocole","og_url":"http:\/\/www.jeannedarc-figeac.fr\/college-lycee\/une-entree-remarquee-au-college\/","og_site_name":"Coll\u00e8ge et Lyc\u00e9e Jeanne d&#039;Arc","article_published_time":"2020-11-09T13:58:34+00:00","article_modified_time":"2020-11-09T13:58:38+00:00","og_image":[{"url":"http:\/\/www.jeannedarc-figeac.fr\/college-lycee\/wp-content\/uploads\/sites\/5\/2020\/11\/DSC01719-BIS-300x225.jpg","type":"","width":"","height":""}],"author":"le secr\u00e9tariat","schema":{"@context":"https:\/\/schema.org","@graph":[{"@type":"WebPage","@id":"http:\/\/www.jeannedarc-figeac.fr\/college-lycee\/une-entree-remarquee-au-college\/","url":"http:\/\/www.jeannedarc-figeac.fr\/college-lycee\/une-entree-remarquee-au-college\/","name":"Une entr\u00e9e remarqu\u00e9e au coll\u00e8ge","isPartOf":{"@id":"https:\/\/www.jeannedarc-figeac.fr\/college-lycee\/#website"},"primaryImageOfPage":{"@id":"http:\/\/www.jeannedarc-figeac.fr\/college-lycee\/une-entree-remarquee-au-college\/#primaryimage"},"image":{"@id":"http:\/\/www.jeannedarc-figeac.fr\/college-lycee\/une-entree-remarquee-au-college\/#primaryimage"},"thumbnailUrl":"http:\/\/www.jeannedarc-figeac.fr\/college-lycee\/wp-content\/uploads\/sites\/5\/2020\/11\/DSC01719-BIS-300x225.jpg","datePublished":"2020-11-09T13:58:34+00:00","dateModified":"2020-11-09T13:58:38+00:00","author":{"@id":"https:\/\/www.jeannedarc-figeac.fr\/college-lycee\/#\/schema\/person\/29e5764f28e895dc8bf41d4468f99154"},"description":"Mardi 1e septembre, les \u00e9l\u00e8ves de 6\u00e8me ont franchi le portail du coll\u00e8ge Jeanne D\u2019Arc pour faire leur entr\u00e9e en 6e. En d\u00e9pit du masque (protocole","breadcrumb":{"@id":"http:\/\/www.jeannedarc-figeac.fr\/college-lycee\/une-entree-remarquee-au-college\/#breadcrumb"},"inLanguage":"fr-FR","potentialAction":[{"@type":"ReadAction","target":["http:\/\/www.jeannedarc-figeac.fr\/college-lycee\/une-entree-remarquee-au-college\/"]}]},{"@type":"ImageObject","inLanguage":"fr-FR","@id":"http:\/\/www.jeannedarc-figeac.fr\/college-lycee\/une-entree-remarquee-au-college\/#primaryimage","url":"https:\/\/i0.wp.com\/www.jeannedarc-figeac.fr\/college-lycee\/wp-content\/uploads\/sites\/5\/2020\/11\/DSC01719-BIS.jpg?fit=1600%2C1200&ssl=1","contentUrl":"https:\/\/i0.wp.com\/www.jeannedarc-figeac.fr\/college-lycee\/wp-content\/uploads\/sites\/5\/2020\/11\/DSC01719-BIS.jpg?fit=1600%2C1200&ssl=1","width":1600,"height":1200},{"@type":"BreadcrumbList","@id":"http:\/\/www.jeannedarc-figeac.fr\/college-lycee\/une-entree-remarquee-au-college\/#breadcrumb","itemListElement":[{"@type":"ListItem","position":1,"name":"Accueil","item":"https:\/\/www.jeannedarc-figeac.fr\/college-lycee\/"},{"@type":"ListItem","position":2,"name":"Actus","item":"http:\/\/www.jeannedarc-figeac.fr\/college-lycee\/cat\/actus\/"},{"@type":"ListItem","position":3,"name":"Une entr\u00e9e remarqu\u00e9e au coll\u00e8ge"}]},{"@type":"WebSite","@id":"https:\/\/www.jeannedarc-figeac.fr\/college-lycee\/#website","url":"https:\/\/www.jeannedarc-figeac.fr\/college-lycee\/","name":"Coll\u00e8ge et Lyc\u00e9e Jeanne d&#039;Arc","description":"Jeanne d&#039;Arc Figeac","potentialAction":[{"@type":"SearchAction","target":{"@type":"EntryPoint","urlTemplate":"https:\/\/www.jeannedarc-figeac.fr\/college-lycee\/?s={search_term_string}"},"query-input":{"@type":"PropertyValueSpecification","valueRequired":true,"valueName":"search_term_string"}}],"inLanguage":"fr-FR"},{"@type":"Person","@id":"https:\/\/www.jeannedarc-figeac.fr\/college-lycee\/#\/schema\/person\/29e5764f28e895dc8bf41d4468f99154","name":"le secr\u00e9tariat","image":{"@type":"ImageObject","inLanguage":"fr-FR","@id":"https:\/\/www.jeannedarc-figeac.fr\/college-lycee\/#\/schema\/person\/image\/","url":"https:\/\/www.jeannedarc-figeac.fr\/college-lycee\/wp-content\/litespeed\/avatar\/5\/b7e8da60f53ba4adc9e9e66d91d84580.jpg?ver=1776943645","contentUrl":"https:\/\/www.jeannedarc-figeac.fr\/college-lycee\/wp-content\/litespeed\/avatar\/5\/b7e8da60f53ba4adc9e9e66d91d84580.jpg?ver=1776943645","caption":"le secr\u00e9tariat"},"url":"https:\/\/www.jeannedarc-figeac.fr\/college-lycee\/author\/arlette\/"}]}},"jetpack_featured_media_url":"","jetpack_sharing_enabled":true,"jetpack_shortlink":"https:\/\/wp.me\/p5Qyb6-UE","_links":{"self":[{"href":"https:\/\/www.jeannedarc-figeac.fr\/college-lycee\/wp-json\/wp\/v2\/posts\/3512","targetHints":{"allow":["GET"]}}],"collection":[{"href":"https:\/\/www.jeannedarc-figeac.fr\/college-lycee\/wp-json\/wp\/v2\/posts"}],"about":[{"href":"https:\/\/www.jeannedarc-figeac.fr\/college-lycee\/wp-json\/wp\/v2\/types\/post"}],"author":[{"embeddable":true,"href":"https:\/\/www.jeannedarc-figeac.fr\/college-lycee\/wp-json\/wp\/v2\/users\/12"}],"replies":[{"embeddable":true,"href":"https:\/\/www.jeannedarc-figeac.fr\/college-lycee\/wp-json\/wp\/v2\/comments?post=3512"}],"version-history":[{"count":2,"href":"https:\/\/www.jeannedarc-figeac.fr\/college-lycee\/wp-json\/wp\/v2\/posts\/3512\/revisions"}],"predecessor-version":[{"id":3515,"href":"https:\/\/www.jeannedarc-figeac.fr\/college-lycee\/wp-json\/wp\/v2\/posts\/3512\/revisions\/3515"}],"wp:attachment":[{"href":"https:\/\/www.jeannedarc-figeac.fr\/college-lycee\/wp-json\/wp\/v2\/media?parent=3512"}],"wp:term":[{"taxonomy":"category","embeddable":true,"href":"https:\/\/www.jeannedarc-figeac.fr\/college-lycee\/wp-json\/wp\/v2\/categories?post=3512"},{"taxonomy":"post_tag","embeddable":true,"href":"https:\/\/www.jeannedarc-figeac.fr\/college-lycee\/wp-json\/wp\/v2\/tags?post=3512"}],"curies":[{"name":"wp","href":"https:\/\/api.w.org\/{rel}","templated":true}]}}