{"id":3246,"date":"2020-03-16T14:58:04","date_gmt":"2020-03-16T14:58:04","guid":{"rendered":"http:\/\/www.jeannedarc-figeac.fr\/college-lycee\/?p=3246"},"modified":"2020-03-16T14:58:10","modified_gmt":"2020-03-16T14:58:10","slug":"les-lyceens-de-1ere-gtp-et-cap2-a-la-decouverte-de-lisbonne-%ef%bb%bf","status":"publish","type":"post","link":"https:\/\/www.jeannedarc-figeac.fr\/college-lycee\/les-lyceens-de-1ere-gtp-et-cap2-a-la-decouverte-de-lisbonne-%ef%bb%bf\/","title":{"rendered":"Les lyc\u00e9ens de 1\u00e8re GTP et CAP2 \u00e0 la d\u00e9couverte de LISBONNE \ufeff"},"content":{"rendered":"\n<figure class=\"wp-block-image\"><img data-recalc-dims=\"1\" loading=\"lazy\" decoding=\"async\" width=\"300\" height=\"225\" src=\"https:\/\/i0.wp.com\/www.jeannedarc-figeac.fr\/college-lycee\/wp-content\/uploads\/sites\/5\/2020\/03\/Lisbonne-12-bis.jpg?resize=300%2C225\" alt=\"\" class=\"wp-image-3247\" srcset=\"https:\/\/i0.wp.com\/www.jeannedarc-figeac.fr\/college-lycee\/wp-content\/uploads\/sites\/5\/2020\/03\/Lisbonne-12-bis.jpg?resize=300%2C225&amp;ssl=1 300w, https:\/\/i0.wp.com\/www.jeannedarc-figeac.fr\/college-lycee\/wp-content\/uploads\/sites\/5\/2020\/03\/Lisbonne-12-bis.jpg?resize=768%2C576&amp;ssl=1 768w, https:\/\/i0.wp.com\/www.jeannedarc-figeac.fr\/college-lycee\/wp-content\/uploads\/sites\/5\/2020\/03\/Lisbonne-12-bis.jpg?resize=1024%2C768&amp;ssl=1 1024w, https:\/\/i0.wp.com\/www.jeannedarc-figeac.fr\/college-lycee\/wp-content\/uploads\/sites\/5\/2020\/03\/Lisbonne-12-bis.jpg?resize=1080%2C810&amp;ssl=1 1080w, https:\/\/i0.wp.com\/www.jeannedarc-figeac.fr\/college-lycee\/wp-content\/uploads\/sites\/5\/2020\/03\/Lisbonne-12-bis.jpg?w=1600&amp;ssl=1 1600w\" sizes=\"(max-width: 300px) 100vw, 300px\" \/><\/figure>\n\n\n\n<p>\u00a0L\u2019ensemble des \u00e9l\u00e8ves des classes de premi\u00e8res ASSP, G\u00e9n\u00e9rales, ST2S et les terminales CAP ATMFC a particip\u00e9 \u00e0 un voyage culturel \u00e0 Lisbonne d\u2019une semaine juste avant de partir en vacances d\u2019hiver. Le premier jour a \u00e9t\u00e9 consacr\u00e9 \u00e0 une visite guid\u00e9e de la ville et notamment de l\u2019embl\u00e9matique quartier de l\u2019Alfama. Le matin suivant, comme dans un r\u00eave, entour\u00e9 d\u2019un l\u00e9ger brouillard, les \u00e9l\u00e8ves ont pens\u00e9 \u00eatre \u00e0 San Francisco tant le pont du 25 avril semble la copie conforme du Golden Gate\u00a0! Une visite du mus\u00e9e de l\u2019Azulejo a permis d\u2019admirer ces magnifiques carreaux de fa\u00efence et de mieux comprendre l\u2019importance de cet art, pr\u00e9sent encore aujourd\u2019hui sur de nombreuses fa\u00e7ades au Portugal. Deux volets plus historiques du voyage ont \u00e9t\u00e9 consacr\u00e9s \u00e0 la visite du ch\u00e2teau de la Pena dont la diversit\u00e9 des styles architecturaux fait penser \u00e0 un ch\u00e2teau de conte de f\u00e9e\u00a0; de plus le Mus\u00e9e de la Marine permet, au travers de sa riche exposition de bateaux, d\u2019appr\u00e9hender l\u2019importance de la navigation portugaise au cours des si\u00e8cles pass\u00e9s. La visite de Lisbonne n\u2019aurait pas \u00e9t\u00e9 compl\u00e8te sans une d\u00e9gustation d\u2019un petit g\u00e2teau \u00e0 l\u2019apparence d\u2019un flan nomm\u00e9 \u00ab\u00a0Pasteis de Nata\u00a0\u00bb, un d\u00e9lice servi ti\u00e8de suivie d\u2019une soir\u00e9e Fado, ce chant, m\u00e9lange de tristesse et d\u2019espoir qui exprime la saudade. Le temps \u00e9tait magnifique, grand soleil et temp\u00e9rature printani\u00e8re, cela a \u00e9t\u00e9 propice pour une fl\u00e2nerie sur les falaises de la Cabo da Roca, la pointe la plus occidentale du continent europ\u00e9en. Le dernier jour a \u00e9t\u00e9 consacr\u00e9 \u00e0 la visite de deux monuments embl\u00e9matiques du Lisbonne, la tour de B\u00e9lem et le monast\u00e8re des Hi\u00e9ronymites, tout deux sont des exemples parfaits de l\u2019art Manu\u00e9lin, style portugais caract\u00e9ristique. Au-del\u00e0 de ces visites, ce s\u00e9jour a aussi \u00e9t\u00e9 l\u2019occasion pour les jeunes de mieux se conna\u00eetre, de partager du temps ensemble dans la convivialit\u00e9.<\/p>\n","protected":false},"excerpt":{"rendered":"<p>\u00a0L\u2019ensemble des \u00e9l\u00e8ves des classes de premi\u00e8res ASSP, G\u00e9n\u00e9rales, ST2S et les terminales CAP ATMFC a particip\u00e9 \u00e0 un voyage culturel \u00e0 Lisbonne d\u2019une semaine juste avant de partir en vacances d\u2019hiver. Le premier jour a \u00e9t\u00e9 consacr\u00e9 \u00e0 une visite guid\u00e9e de la ville et notamment de l\u2019embl\u00e9matique quartier de l\u2019Alfama. Le matin suivant, [&hellip;]<\/p>\n","protected":false},"author":12,"featured_media":0,"comment_status":"closed","ping_status":"open","sticky":false,"template":"","format":"standard","meta":{"_et_pb_use_builder":"","_et_pb_old_content":"","_et_gb_content_width":"","_jetpack_newsletter_access":"","_jetpack_dont_email_post_to_subs":false,"_jetpack_newsletter_tier_id":0,"_jetpack_memberships_contains_paywalled_content":false,"iawp_total_views":0,"_jetpack_memberships_contains_paid_content":false,"footnotes":""},"categories":[28],"tags":[],"class_list":["post-3246","post","type-post","status-publish","format-standard","hentry","category-actus"],"yoast_head":"<!-- This site is optimized with the Yoast SEO plugin v26.0 - https:\/\/yoast.com\/wordpress\/plugins\/seo\/ -->\n<title>Les lyc\u00e9ens de 1\u00e8re GTP et CAP2 \u00e0 la d\u00e9couverte de LISBONNE \ufeff<\/title>\n<meta name=\"description\" content=\"\u00a0L\u2019ensemble des \u00e9l\u00e8ves des classes de premi\u00e8res ASSP, G\u00e9n\u00e9rales, ST2S et les terminales CAP ATMFC a particip\u00e9 \u00e0 un voyage culturel \u00e0 Lisbonne d\u2019une\" \/>\n<meta name=\"robots\" content=\"index, follow, max-snippet:-1, max-image-preview:large, max-video-preview:-1\" \/>\n<link rel=\"canonical\" href=\"http:\/\/www.jeannedarc-figeac.fr\/college-lycee\/les-lyceens-de-1ere-gtp-et-cap2-a-la-decouverte-de-lisbonne-\ufeff\/\" \/>\n<meta property=\"og:locale\" content=\"fr_FR\" \/>\n<meta property=\"og:type\" content=\"article\" \/>\n<meta property=\"og:title\" content=\"Les lyc\u00e9ens de 1\u00e8re GTP et CAP2 \u00e0 la d\u00e9couverte de LISBONNE \ufeff\" \/>\n<meta property=\"og:description\" content=\"\u00a0L\u2019ensemble des \u00e9l\u00e8ves des classes de premi\u00e8res ASSP, G\u00e9n\u00e9rales, ST2S et les terminales CAP ATMFC a particip\u00e9 \u00e0 un voyage culturel \u00e0 Lisbonne d\u2019une\" \/>\n<meta property=\"og:url\" content=\"http:\/\/www.jeannedarc-figeac.fr\/college-lycee\/les-lyceens-de-1ere-gtp-et-cap2-a-la-decouverte-de-lisbonne-\ufeff\/\" \/>\n<meta property=\"og:site_name\" content=\"Coll\u00e8ge et Lyc\u00e9e Jeanne d&#039;Arc\" \/>\n<meta property=\"article:published_time\" content=\"2020-03-16T14:58:04+00:00\" \/>\n<meta property=\"article:modified_time\" content=\"2020-03-16T14:58:10+00:00\" \/>\n<meta property=\"og:image\" content=\"http:\/\/www.jeannedarc-figeac.fr\/college-lycee\/wp-content\/uploads\/sites\/5\/2020\/03\/Lisbonne-12-bis-300x225.jpg\" \/>\n<meta name=\"author\" content=\"le secr\u00e9tariat\" \/>\n<script type=\"application\/ld+json\" class=\"yoast-schema-graph\">{\"@context\":\"https:\/\/schema.org\",\"@graph\":[{\"@type\":\"WebPage\",\"@id\":\"http:\/\/www.jeannedarc-figeac.fr\/college-lycee\/les-lyceens-de-1ere-gtp-et-cap2-a-la-decouverte-de-lisbonne-%ef%bb%bf\/\",\"url\":\"http:\/\/www.jeannedarc-figeac.fr\/college-lycee\/les-lyceens-de-1ere-gtp-et-cap2-a-la-decouverte-de-lisbonne-%ef%bb%bf\/\",\"name\":\"Les lyc\u00e9ens de 1\u00e8re GTP et CAP2 \u00e0 la d\u00e9couverte de LISBONNE \ufeff\",\"isPartOf\":{\"@id\":\"https:\/\/www.jeannedarc-figeac.fr\/college-lycee\/#website\"},\"primaryImageOfPage\":{\"@id\":\"http:\/\/www.jeannedarc-figeac.fr\/college-lycee\/les-lyceens-de-1ere-gtp-et-cap2-a-la-decouverte-de-lisbonne-%ef%bb%bf\/#primaryimage\"},\"image\":{\"@id\":\"http:\/\/www.jeannedarc-figeac.fr\/college-lycee\/les-lyceens-de-1ere-gtp-et-cap2-a-la-decouverte-de-lisbonne-%ef%bb%bf\/#primaryimage\"},\"thumbnailUrl\":\"http:\/\/www.jeannedarc-figeac.fr\/college-lycee\/wp-content\/uploads\/sites\/5\/2020\/03\/Lisbonne-12-bis-300x225.jpg\",\"datePublished\":\"2020-03-16T14:58:04+00:00\",\"dateModified\":\"2020-03-16T14:58:10+00:00\",\"author\":{\"@id\":\"https:\/\/www.jeannedarc-figeac.fr\/college-lycee\/#\/schema\/person\/29e5764f28e895dc8bf41d4468f99154\"},\"description\":\"\u00a0L\u2019ensemble des \u00e9l\u00e8ves des classes de premi\u00e8res ASSP, G\u00e9n\u00e9rales, ST2S et les terminales CAP ATMFC a particip\u00e9 \u00e0 un voyage culturel \u00e0 Lisbonne d\u2019une\",\"breadcrumb\":{\"@id\":\"http:\/\/www.jeannedarc-figeac.fr\/college-lycee\/les-lyceens-de-1ere-gtp-et-cap2-a-la-decouverte-de-lisbonne-%ef%bb%bf\/#breadcrumb\"},\"inLanguage\":\"fr-FR\",\"potentialAction\":[{\"@type\":\"ReadAction\",\"target\":[\"http:\/\/www.jeannedarc-figeac.fr\/college-lycee\/les-lyceens-de-1ere-gtp-et-cap2-a-la-decouverte-de-lisbonne-%ef%bb%bf\/\"]}]},{\"@type\":\"ImageObject\",\"inLanguage\":\"fr-FR\",\"@id\":\"http:\/\/www.jeannedarc-figeac.fr\/college-lycee\/les-lyceens-de-1ere-gtp-et-cap2-a-la-decouverte-de-lisbonne-%ef%bb%bf\/#primaryimage\",\"url\":\"https:\/\/i0.wp.com\/www.jeannedarc-figeac.fr\/college-lycee\/wp-content\/uploads\/sites\/5\/2020\/03\/Lisbonne-12-bis.jpg?fit=1600%2C1200&ssl=1\",\"contentUrl\":\"https:\/\/i0.wp.com\/www.jeannedarc-figeac.fr\/college-lycee\/wp-content\/uploads\/sites\/5\/2020\/03\/Lisbonne-12-bis.jpg?fit=1600%2C1200&ssl=1\",\"width\":1600,\"height\":1200},{\"@type\":\"BreadcrumbList\",\"@id\":\"http:\/\/www.jeannedarc-figeac.fr\/college-lycee\/les-lyceens-de-1ere-gtp-et-cap2-a-la-decouverte-de-lisbonne-%ef%bb%bf\/#breadcrumb\",\"itemListElement\":[{\"@type\":\"ListItem\",\"position\":1,\"name\":\"Accueil\",\"item\":\"https:\/\/www.jeannedarc-figeac.fr\/college-lycee\/\"},{\"@type\":\"ListItem\",\"position\":2,\"name\":\"Actus\",\"item\":\"http:\/\/www.jeannedarc-figeac.fr\/college-lycee\/cat\/actus\/\"},{\"@type\":\"ListItem\",\"position\":3,\"name\":\"Les lyc\u00e9ens de 1\u00e8re GTP et CAP2 \u00e0 la d\u00e9couverte de LISBONNE \ufeff\"}]},{\"@type\":\"WebSite\",\"@id\":\"https:\/\/www.jeannedarc-figeac.fr\/college-lycee\/#website\",\"url\":\"https:\/\/www.jeannedarc-figeac.fr\/college-lycee\/\",\"name\":\"Coll\u00e8ge et Lyc\u00e9e Jeanne d&#039;Arc\",\"description\":\"Jeanne d&#039;Arc Figeac\",\"potentialAction\":[{\"@type\":\"SearchAction\",\"target\":{\"@type\":\"EntryPoint\",\"urlTemplate\":\"https:\/\/www.jeannedarc-figeac.fr\/college-lycee\/?s={search_term_string}\"},\"query-input\":{\"@type\":\"PropertyValueSpecification\",\"valueRequired\":true,\"valueName\":\"search_term_string\"}}],\"inLanguage\":\"fr-FR\"},{\"@type\":\"Person\",\"@id\":\"https:\/\/www.jeannedarc-figeac.fr\/college-lycee\/#\/schema\/person\/29e5764f28e895dc8bf41d4468f99154\",\"name\":\"le secr\u00e9tariat\",\"image\":{\"@type\":\"ImageObject\",\"inLanguage\":\"fr-FR\",\"@id\":\"https:\/\/www.jeannedarc-figeac.fr\/college-lycee\/#\/schema\/person\/image\/\",\"url\":\"https:\/\/www.jeannedarc-figeac.fr\/college-lycee\/wp-content\/litespeed\/avatar\/5\/b7e8da60f53ba4adc9e9e66d91d84580.jpg?ver=1776943645\",\"contentUrl\":\"https:\/\/www.jeannedarc-figeac.fr\/college-lycee\/wp-content\/litespeed\/avatar\/5\/b7e8da60f53ba4adc9e9e66d91d84580.jpg?ver=1776943645\",\"caption\":\"le secr\u00e9tariat\"},\"url\":\"https:\/\/www.jeannedarc-figeac.fr\/college-lycee\/author\/arlette\/\"}]}<\/script>\n<!-- \/ Yoast SEO plugin. -->","yoast_head_json":{"title":"Les lyc\u00e9ens de 1\u00e8re GTP et CAP2 \u00e0 la d\u00e9couverte de LISBONNE \ufeff","description":"\u00a0L\u2019ensemble des \u00e9l\u00e8ves des classes de premi\u00e8res ASSP, G\u00e9n\u00e9rales, ST2S et les terminales CAP ATMFC a particip\u00e9 \u00e0 un voyage culturel \u00e0 Lisbonne d\u2019une","robots":{"index":"index","follow":"follow","max-snippet":"max-snippet:-1","max-image-preview":"max-image-preview:large","max-video-preview":"max-video-preview:-1"},"canonical":"http:\/\/www.jeannedarc-figeac.fr\/college-lycee\/les-lyceens-de-1ere-gtp-et-cap2-a-la-decouverte-de-lisbonne-\ufeff\/","og_locale":"fr_FR","og_type":"article","og_title":"Les lyc\u00e9ens de 1\u00e8re GTP et CAP2 \u00e0 la d\u00e9couverte de LISBONNE \ufeff","og_description":"\u00a0L\u2019ensemble des \u00e9l\u00e8ves des classes de premi\u00e8res ASSP, G\u00e9n\u00e9rales, ST2S et les terminales CAP ATMFC a particip\u00e9 \u00e0 un voyage culturel \u00e0 Lisbonne d\u2019une","og_url":"http:\/\/www.jeannedarc-figeac.fr\/college-lycee\/les-lyceens-de-1ere-gtp-et-cap2-a-la-decouverte-de-lisbonne-\ufeff\/","og_site_name":"Coll\u00e8ge et Lyc\u00e9e Jeanne d&#039;Arc","article_published_time":"2020-03-16T14:58:04+00:00","article_modified_time":"2020-03-16T14:58:10+00:00","og_image":[{"url":"http:\/\/www.jeannedarc-figeac.fr\/college-lycee\/wp-content\/uploads\/sites\/5\/2020\/03\/Lisbonne-12-bis-300x225.jpg","type":"","width":"","height":""}],"author":"le secr\u00e9tariat","schema":{"@context":"https:\/\/schema.org","@graph":[{"@type":"WebPage","@id":"http:\/\/www.jeannedarc-figeac.fr\/college-lycee\/les-lyceens-de-1ere-gtp-et-cap2-a-la-decouverte-de-lisbonne-%ef%bb%bf\/","url":"http:\/\/www.jeannedarc-figeac.fr\/college-lycee\/les-lyceens-de-1ere-gtp-et-cap2-a-la-decouverte-de-lisbonne-%ef%bb%bf\/","name":"Les lyc\u00e9ens de 1\u00e8re GTP et CAP2 \u00e0 la d\u00e9couverte de LISBONNE \ufeff","isPartOf":{"@id":"https:\/\/www.jeannedarc-figeac.fr\/college-lycee\/#website"},"primaryImageOfPage":{"@id":"http:\/\/www.jeannedarc-figeac.fr\/college-lycee\/les-lyceens-de-1ere-gtp-et-cap2-a-la-decouverte-de-lisbonne-%ef%bb%bf\/#primaryimage"},"image":{"@id":"http:\/\/www.jeannedarc-figeac.fr\/college-lycee\/les-lyceens-de-1ere-gtp-et-cap2-a-la-decouverte-de-lisbonne-%ef%bb%bf\/#primaryimage"},"thumbnailUrl":"http:\/\/www.jeannedarc-figeac.fr\/college-lycee\/wp-content\/uploads\/sites\/5\/2020\/03\/Lisbonne-12-bis-300x225.jpg","datePublished":"2020-03-16T14:58:04+00:00","dateModified":"2020-03-16T14:58:10+00:00","author":{"@id":"https:\/\/www.jeannedarc-figeac.fr\/college-lycee\/#\/schema\/person\/29e5764f28e895dc8bf41d4468f99154"},"description":"\u00a0L\u2019ensemble des \u00e9l\u00e8ves des classes de premi\u00e8res ASSP, G\u00e9n\u00e9rales, ST2S et les terminales CAP ATMFC a particip\u00e9 \u00e0 un voyage culturel \u00e0 Lisbonne d\u2019une","breadcrumb":{"@id":"http:\/\/www.jeannedarc-figeac.fr\/college-lycee\/les-lyceens-de-1ere-gtp-et-cap2-a-la-decouverte-de-lisbonne-%ef%bb%bf\/#breadcrumb"},"inLanguage":"fr-FR","potentialAction":[{"@type":"ReadAction","target":["http:\/\/www.jeannedarc-figeac.fr\/college-lycee\/les-lyceens-de-1ere-gtp-et-cap2-a-la-decouverte-de-lisbonne-%ef%bb%bf\/"]}]},{"@type":"ImageObject","inLanguage":"fr-FR","@id":"http:\/\/www.jeannedarc-figeac.fr\/college-lycee\/les-lyceens-de-1ere-gtp-et-cap2-a-la-decouverte-de-lisbonne-%ef%bb%bf\/#primaryimage","url":"https:\/\/i0.wp.com\/www.jeannedarc-figeac.fr\/college-lycee\/wp-content\/uploads\/sites\/5\/2020\/03\/Lisbonne-12-bis.jpg?fit=1600%2C1200&ssl=1","contentUrl":"https:\/\/i0.wp.com\/www.jeannedarc-figeac.fr\/college-lycee\/wp-content\/uploads\/sites\/5\/2020\/03\/Lisbonne-12-bis.jpg?fit=1600%2C1200&ssl=1","width":1600,"height":1200},{"@type":"BreadcrumbList","@id":"http:\/\/www.jeannedarc-figeac.fr\/college-lycee\/les-lyceens-de-1ere-gtp-et-cap2-a-la-decouverte-de-lisbonne-%ef%bb%bf\/#breadcrumb","itemListElement":[{"@type":"ListItem","position":1,"name":"Accueil","item":"https:\/\/www.jeannedarc-figeac.fr\/college-lycee\/"},{"@type":"ListItem","position":2,"name":"Actus","item":"http:\/\/www.jeannedarc-figeac.fr\/college-lycee\/cat\/actus\/"},{"@type":"ListItem","position":3,"name":"Les lyc\u00e9ens de 1\u00e8re GTP et CAP2 \u00e0 la d\u00e9couverte de LISBONNE \ufeff"}]},{"@type":"WebSite","@id":"https:\/\/www.jeannedarc-figeac.fr\/college-lycee\/#website","url":"https:\/\/www.jeannedarc-figeac.fr\/college-lycee\/","name":"Coll\u00e8ge et Lyc\u00e9e Jeanne d&#039;Arc","description":"Jeanne d&#039;Arc Figeac","potentialAction":[{"@type":"SearchAction","target":{"@type":"EntryPoint","urlTemplate":"https:\/\/www.jeannedarc-figeac.fr\/college-lycee\/?s={search_term_string}"},"query-input":{"@type":"PropertyValueSpecification","valueRequired":true,"valueName":"search_term_string"}}],"inLanguage":"fr-FR"},{"@type":"Person","@id":"https:\/\/www.jeannedarc-figeac.fr\/college-lycee\/#\/schema\/person\/29e5764f28e895dc8bf41d4468f99154","name":"le secr\u00e9tariat","image":{"@type":"ImageObject","inLanguage":"fr-FR","@id":"https:\/\/www.jeannedarc-figeac.fr\/college-lycee\/#\/schema\/person\/image\/","url":"https:\/\/www.jeannedarc-figeac.fr\/college-lycee\/wp-content\/litespeed\/avatar\/5\/b7e8da60f53ba4adc9e9e66d91d84580.jpg?ver=1776943645","contentUrl":"https:\/\/www.jeannedarc-figeac.fr\/college-lycee\/wp-content\/litespeed\/avatar\/5\/b7e8da60f53ba4adc9e9e66d91d84580.jpg?ver=1776943645","caption":"le secr\u00e9tariat"},"url":"https:\/\/www.jeannedarc-figeac.fr\/college-lycee\/author\/arlette\/"}]}},"jetpack_featured_media_url":"","jetpack_sharing_enabled":true,"jetpack_shortlink":"https:\/\/wp.me\/p5Qyb6-Qm","_links":{"self":[{"href":"https:\/\/www.jeannedarc-figeac.fr\/college-lycee\/wp-json\/wp\/v2\/posts\/3246","targetHints":{"allow":["GET"]}}],"collection":[{"href":"https:\/\/www.jeannedarc-figeac.fr\/college-lycee\/wp-json\/wp\/v2\/posts"}],"about":[{"href":"https:\/\/www.jeannedarc-figeac.fr\/college-lycee\/wp-json\/wp\/v2\/types\/post"}],"author":[{"embeddable":true,"href":"https:\/\/www.jeannedarc-figeac.fr\/college-lycee\/wp-json\/wp\/v2\/users\/12"}],"replies":[{"embeddable":true,"href":"https:\/\/www.jeannedarc-figeac.fr\/college-lycee\/wp-json\/wp\/v2\/comments?post=3246"}],"version-history":[{"count":1,"href":"https:\/\/www.jeannedarc-figeac.fr\/college-lycee\/wp-json\/wp\/v2\/posts\/3246\/revisions"}],"predecessor-version":[{"id":3248,"href":"https:\/\/www.jeannedarc-figeac.fr\/college-lycee\/wp-json\/wp\/v2\/posts\/3246\/revisions\/3248"}],"wp:attachment":[{"href":"https:\/\/www.jeannedarc-figeac.fr\/college-lycee\/wp-json\/wp\/v2\/media?parent=3246"}],"wp:term":[{"taxonomy":"category","embeddable":true,"href":"https:\/\/www.jeannedarc-figeac.fr\/college-lycee\/wp-json\/wp\/v2\/categories?post=3246"},{"taxonomy":"post_tag","embeddable":true,"href":"https:\/\/www.jeannedarc-figeac.fr\/college-lycee\/wp-json\/wp\/v2\/tags?post=3246"}],"curies":[{"name":"wp","href":"https:\/\/api.w.org\/{rel}","templated":true}]}}