{"id":3173,"date":"2019-11-13T09:50:22","date_gmt":"2019-11-13T09:50:22","guid":{"rendered":"http:\/\/www.jeannedarc-figeac.fr\/college-lycee\/?p=3173"},"modified":"2019-11-13T09:50:29","modified_gmt":"2019-11-13T09:50:29","slug":"la-semaine-du-gout","status":"publish","type":"post","link":"https:\/\/www.jeannedarc-figeac.fr\/college-lycee\/la-semaine-du-gout\/","title":{"rendered":"La semaine du go\u00fbt"},"content":{"rendered":"\n<figure class=\"wp-block-image\"><img data-recalc-dims=\"1\" loading=\"lazy\" decoding=\"async\" width=\"300\" height=\"169\" src=\"https:\/\/i0.wp.com\/www.jeannedarc-figeac.fr\/college-lycee\/wp-content\/uploads\/sites\/5\/2019\/11\/GOUT-BIS.jpg?resize=300%2C169\" alt=\"\" class=\"wp-image-3174\" srcset=\"https:\/\/i0.wp.com\/www.jeannedarc-figeac.fr\/college-lycee\/wp-content\/uploads\/sites\/5\/2019\/11\/GOUT-BIS.jpg?resize=300%2C169&amp;ssl=1 300w, https:\/\/i0.wp.com\/www.jeannedarc-figeac.fr\/college-lycee\/wp-content\/uploads\/sites\/5\/2019\/11\/GOUT-BIS.jpg?resize=768%2C432&amp;ssl=1 768w, https:\/\/i0.wp.com\/www.jeannedarc-figeac.fr\/college-lycee\/wp-content\/uploads\/sites\/5\/2019\/11\/GOUT-BIS.jpg?resize=1024%2C576&amp;ssl=1 1024w, https:\/\/i0.wp.com\/www.jeannedarc-figeac.fr\/college-lycee\/wp-content\/uploads\/sites\/5\/2019\/11\/GOUT-BIS.jpg?resize=1080%2C608&amp;ssl=1 1080w, https:\/\/i0.wp.com\/www.jeannedarc-figeac.fr\/college-lycee\/wp-content\/uploads\/sites\/5\/2019\/11\/GOUT-BIS.jpg?w=1600&amp;ssl=1 1600w\" sizes=\"(max-width: 300px) 100vw, 300px\" \/><\/figure>\n\n\n\n<p><br><\/p>\n\n\n\n<p>La semaine du 7 au 12 octobre a \u00e9t\u00e9 l\u2019occasion de mettre les saveurs, les couleurs et les go\u00fbts \u00e0 l\u2019honneur sous toutes ses formes. Au self, des menus savoureux et color\u00e9s (une couleur par jour) et une d\u00e9coration all\u00e9chante \u00e9taient destin\u00e9s \u00e0 ouvrir les app\u00e9tits. Au CDI les \u00e9l\u00e8ves ont exerc\u00e9 leur nez et leurs papilles lors des 2 ateliers propos\u00e9s pendant la pause m\u00e9ridienne.\u00a0 Ils ont unanimement observ\u00e9 que les saveurs acides \u00e9taient plus facilement reconnaissables que les autres (le sal\u00e9, le sucr\u00e9 et l\u2019amer). Savez-vous comment fonctionne le go\u00fbt\u00a0? L\u2019exposition au CDI donne des \u00e9l\u00e9ments de r\u00e9ponses simples et montre en jouant les globetrotteurs du go\u00fbt combien cette notion est culturelle \u2026 nous mangeons bien des escargots\u00a0! Les \u00e9l\u00e8ves de sixi\u00e8me ont fait rimer expressions fran\u00e7aises et imagination\u2026 en dessinant leur interpr\u00e9tation d\u2019expressions telles que raconter des salades, avoir une tronche de cake, tomber dans les pommes ou encore mettre les pieds dans le plat. Le go\u00fbt c\u2019est sympa \u2026 mais les go\u00fbts c\u2019est encore mieux\u00a0! la lecture est aussi une question de saveurs ! Afin de mettre les \u00e9l\u00e8ves en app\u00e9tit, la documentaliste a propos\u00e9 un espace de lecture vitamin\u00e9, app\u00e9tissant et enrichi de nouveaut\u00e9s, des romans et documentaires susceptibles de mettre les \u00e9l\u00e8ves en app\u00e9tit\u00a0! Une animation qui nous a fait d\u00e9marrer l\u2019ann\u00e9e avec du pep\u2019s.<\/p>\n","protected":false},"excerpt":{"rendered":"<p>La semaine du 7 au 12 octobre a \u00e9t\u00e9 l\u2019occasion de mettre les saveurs, les couleurs et les go\u00fbts \u00e0 l\u2019honneur sous toutes ses formes. Au self, des menus savoureux et color\u00e9s (une couleur par jour) et une d\u00e9coration all\u00e9chante \u00e9taient destin\u00e9s \u00e0 ouvrir les app\u00e9tits. Au CDI les \u00e9l\u00e8ves ont exerc\u00e9 leur nez et [&hellip;]<\/p>\n","protected":false},"author":12,"featured_media":0,"comment_status":"closed","ping_status":"open","sticky":false,"template":"","format":"standard","meta":{"_et_pb_use_builder":"","_et_pb_old_content":"","_et_gb_content_width":"","_jetpack_newsletter_access":"","_jetpack_dont_email_post_to_subs":false,"_jetpack_newsletter_tier_id":0,"_jetpack_memberships_contains_paywalled_content":false,"iawp_total_views":0,"_jetpack_memberships_contains_paid_content":false,"footnotes":""},"categories":[28],"tags":[],"class_list":["post-3173","post","type-post","status-publish","format-standard","hentry","category-actus"],"yoast_head":"<!-- This site is optimized with the Yoast SEO plugin v26.0 - https:\/\/yoast.com\/wordpress\/plugins\/seo\/ -->\n<title>La semaine du go\u00fbt<\/title>\n<meta name=\"description\" content=\"La semaine du 7 au 12 octobre a \u00e9t\u00e9 l\u2019occasion de mettre les saveurs, les couleurs et les go\u00fbts \u00e0 l\u2019honneur sous toutes ses formes. Au self, des menus\" \/>\n<meta name=\"robots\" content=\"index, follow, max-snippet:-1, max-image-preview:large, max-video-preview:-1\" \/>\n<link rel=\"canonical\" href=\"http:\/\/www.jeannedarc-figeac.fr\/college-lycee\/la-semaine-du-gout\/\" \/>\n<meta property=\"og:locale\" content=\"fr_FR\" \/>\n<meta property=\"og:type\" content=\"article\" \/>\n<meta property=\"og:title\" content=\"La semaine du go\u00fbt\" \/>\n<meta property=\"og:description\" content=\"La semaine du 7 au 12 octobre a \u00e9t\u00e9 l\u2019occasion de mettre les saveurs, les couleurs et les go\u00fbts \u00e0 l\u2019honneur sous toutes ses formes. Au self, des menus\" \/>\n<meta property=\"og:url\" content=\"http:\/\/www.jeannedarc-figeac.fr\/college-lycee\/la-semaine-du-gout\/\" \/>\n<meta property=\"og:site_name\" content=\"Coll\u00e8ge et Lyc\u00e9e Jeanne d&#039;Arc\" \/>\n<meta property=\"article:published_time\" content=\"2019-11-13T09:50:22+00:00\" \/>\n<meta property=\"article:modified_time\" content=\"2019-11-13T09:50:29+00:00\" \/>\n<meta property=\"og:image\" content=\"http:\/\/www.jeannedarc-figeac.fr\/college-lycee\/wp-content\/uploads\/sites\/5\/2019\/11\/GOUT-BIS-300x169.jpg\" \/>\n<meta name=\"author\" content=\"le secr\u00e9tariat\" \/>\n<script type=\"application\/ld+json\" class=\"yoast-schema-graph\">{\"@context\":\"https:\/\/schema.org\",\"@graph\":[{\"@type\":\"WebPage\",\"@id\":\"http:\/\/www.jeannedarc-figeac.fr\/college-lycee\/la-semaine-du-gout\/\",\"url\":\"http:\/\/www.jeannedarc-figeac.fr\/college-lycee\/la-semaine-du-gout\/\",\"name\":\"La semaine du go\u00fbt\",\"isPartOf\":{\"@id\":\"https:\/\/www.jeannedarc-figeac.fr\/college-lycee\/#website\"},\"primaryImageOfPage\":{\"@id\":\"http:\/\/www.jeannedarc-figeac.fr\/college-lycee\/la-semaine-du-gout\/#primaryimage\"},\"image\":{\"@id\":\"http:\/\/www.jeannedarc-figeac.fr\/college-lycee\/la-semaine-du-gout\/#primaryimage\"},\"thumbnailUrl\":\"http:\/\/www.jeannedarc-figeac.fr\/college-lycee\/wp-content\/uploads\/sites\/5\/2019\/11\/GOUT-BIS-300x169.jpg\",\"datePublished\":\"2019-11-13T09:50:22+00:00\",\"dateModified\":\"2019-11-13T09:50:29+00:00\",\"author\":{\"@id\":\"https:\/\/www.jeannedarc-figeac.fr\/college-lycee\/#\/schema\/person\/29e5764f28e895dc8bf41d4468f99154\"},\"description\":\"La semaine du 7 au 12 octobre a \u00e9t\u00e9 l\u2019occasion de mettre les saveurs, les couleurs et les go\u00fbts \u00e0 l\u2019honneur sous toutes ses formes. Au self, des menus\",\"breadcrumb\":{\"@id\":\"http:\/\/www.jeannedarc-figeac.fr\/college-lycee\/la-semaine-du-gout\/#breadcrumb\"},\"inLanguage\":\"fr-FR\",\"potentialAction\":[{\"@type\":\"ReadAction\",\"target\":[\"http:\/\/www.jeannedarc-figeac.fr\/college-lycee\/la-semaine-du-gout\/\"]}]},{\"@type\":\"ImageObject\",\"inLanguage\":\"fr-FR\",\"@id\":\"http:\/\/www.jeannedarc-figeac.fr\/college-lycee\/la-semaine-du-gout\/#primaryimage\",\"url\":\"https:\/\/i0.wp.com\/www.jeannedarc-figeac.fr\/college-lycee\/wp-content\/uploads\/sites\/5\/2019\/11\/GOUT-BIS.jpg?fit=1600%2C900&ssl=1\",\"contentUrl\":\"https:\/\/i0.wp.com\/www.jeannedarc-figeac.fr\/college-lycee\/wp-content\/uploads\/sites\/5\/2019\/11\/GOUT-BIS.jpg?fit=1600%2C900&ssl=1\",\"width\":1600,\"height\":900},{\"@type\":\"BreadcrumbList\",\"@id\":\"http:\/\/www.jeannedarc-figeac.fr\/college-lycee\/la-semaine-du-gout\/#breadcrumb\",\"itemListElement\":[{\"@type\":\"ListItem\",\"position\":1,\"name\":\"Accueil\",\"item\":\"https:\/\/www.jeannedarc-figeac.fr\/college-lycee\/\"},{\"@type\":\"ListItem\",\"position\":2,\"name\":\"Actus\",\"item\":\"http:\/\/www.jeannedarc-figeac.fr\/college-lycee\/cat\/actus\/\"},{\"@type\":\"ListItem\",\"position\":3,\"name\":\"La semaine du go\u00fbt\"}]},{\"@type\":\"WebSite\",\"@id\":\"https:\/\/www.jeannedarc-figeac.fr\/college-lycee\/#website\",\"url\":\"https:\/\/www.jeannedarc-figeac.fr\/college-lycee\/\",\"name\":\"Coll\u00e8ge et Lyc\u00e9e Jeanne d&#039;Arc\",\"description\":\"Jeanne d&#039;Arc Figeac\",\"potentialAction\":[{\"@type\":\"SearchAction\",\"target\":{\"@type\":\"EntryPoint\",\"urlTemplate\":\"https:\/\/www.jeannedarc-figeac.fr\/college-lycee\/?s={search_term_string}\"},\"query-input\":{\"@type\":\"PropertyValueSpecification\",\"valueRequired\":true,\"valueName\":\"search_term_string\"}}],\"inLanguage\":\"fr-FR\"},{\"@type\":\"Person\",\"@id\":\"https:\/\/www.jeannedarc-figeac.fr\/college-lycee\/#\/schema\/person\/29e5764f28e895dc8bf41d4468f99154\",\"name\":\"le secr\u00e9tariat\",\"image\":{\"@type\":\"ImageObject\",\"inLanguage\":\"fr-FR\",\"@id\":\"https:\/\/www.jeannedarc-figeac.fr\/college-lycee\/#\/schema\/person\/image\/\",\"url\":\"https:\/\/www.jeannedarc-figeac.fr\/college-lycee\/wp-content\/litespeed\/avatar\/5\/b7e8da60f53ba4adc9e9e66d91d84580.jpg?ver=1777548714\",\"contentUrl\":\"https:\/\/www.jeannedarc-figeac.fr\/college-lycee\/wp-content\/litespeed\/avatar\/5\/b7e8da60f53ba4adc9e9e66d91d84580.jpg?ver=1777548714\",\"caption\":\"le secr\u00e9tariat\"},\"url\":\"https:\/\/www.jeannedarc-figeac.fr\/college-lycee\/author\/arlette\/\"}]}<\/script>\n<!-- \/ Yoast SEO plugin. -->","yoast_head_json":{"title":"La semaine du go\u00fbt","description":"La semaine du 7 au 12 octobre a \u00e9t\u00e9 l\u2019occasion de mettre les saveurs, les couleurs et les go\u00fbts \u00e0 l\u2019honneur sous toutes ses formes. Au self, des menus","robots":{"index":"index","follow":"follow","max-snippet":"max-snippet:-1","max-image-preview":"max-image-preview:large","max-video-preview":"max-video-preview:-1"},"canonical":"http:\/\/www.jeannedarc-figeac.fr\/college-lycee\/la-semaine-du-gout\/","og_locale":"fr_FR","og_type":"article","og_title":"La semaine du go\u00fbt","og_description":"La semaine du 7 au 12 octobre a \u00e9t\u00e9 l\u2019occasion de mettre les saveurs, les couleurs et les go\u00fbts \u00e0 l\u2019honneur sous toutes ses formes. Au self, des menus","og_url":"http:\/\/www.jeannedarc-figeac.fr\/college-lycee\/la-semaine-du-gout\/","og_site_name":"Coll\u00e8ge et Lyc\u00e9e Jeanne d&#039;Arc","article_published_time":"2019-11-13T09:50:22+00:00","article_modified_time":"2019-11-13T09:50:29+00:00","og_image":[{"url":"http:\/\/www.jeannedarc-figeac.fr\/college-lycee\/wp-content\/uploads\/sites\/5\/2019\/11\/GOUT-BIS-300x169.jpg","type":"","width":"","height":""}],"author":"le secr\u00e9tariat","schema":{"@context":"https:\/\/schema.org","@graph":[{"@type":"WebPage","@id":"http:\/\/www.jeannedarc-figeac.fr\/college-lycee\/la-semaine-du-gout\/","url":"http:\/\/www.jeannedarc-figeac.fr\/college-lycee\/la-semaine-du-gout\/","name":"La semaine du go\u00fbt","isPartOf":{"@id":"https:\/\/www.jeannedarc-figeac.fr\/college-lycee\/#website"},"primaryImageOfPage":{"@id":"http:\/\/www.jeannedarc-figeac.fr\/college-lycee\/la-semaine-du-gout\/#primaryimage"},"image":{"@id":"http:\/\/www.jeannedarc-figeac.fr\/college-lycee\/la-semaine-du-gout\/#primaryimage"},"thumbnailUrl":"http:\/\/www.jeannedarc-figeac.fr\/college-lycee\/wp-content\/uploads\/sites\/5\/2019\/11\/GOUT-BIS-300x169.jpg","datePublished":"2019-11-13T09:50:22+00:00","dateModified":"2019-11-13T09:50:29+00:00","author":{"@id":"https:\/\/www.jeannedarc-figeac.fr\/college-lycee\/#\/schema\/person\/29e5764f28e895dc8bf41d4468f99154"},"description":"La semaine du 7 au 12 octobre a \u00e9t\u00e9 l\u2019occasion de mettre les saveurs, les couleurs et les go\u00fbts \u00e0 l\u2019honneur sous toutes ses formes. Au self, des menus","breadcrumb":{"@id":"http:\/\/www.jeannedarc-figeac.fr\/college-lycee\/la-semaine-du-gout\/#breadcrumb"},"inLanguage":"fr-FR","potentialAction":[{"@type":"ReadAction","target":["http:\/\/www.jeannedarc-figeac.fr\/college-lycee\/la-semaine-du-gout\/"]}]},{"@type":"ImageObject","inLanguage":"fr-FR","@id":"http:\/\/www.jeannedarc-figeac.fr\/college-lycee\/la-semaine-du-gout\/#primaryimage","url":"https:\/\/i0.wp.com\/www.jeannedarc-figeac.fr\/college-lycee\/wp-content\/uploads\/sites\/5\/2019\/11\/GOUT-BIS.jpg?fit=1600%2C900&ssl=1","contentUrl":"https:\/\/i0.wp.com\/www.jeannedarc-figeac.fr\/college-lycee\/wp-content\/uploads\/sites\/5\/2019\/11\/GOUT-BIS.jpg?fit=1600%2C900&ssl=1","width":1600,"height":900},{"@type":"BreadcrumbList","@id":"http:\/\/www.jeannedarc-figeac.fr\/college-lycee\/la-semaine-du-gout\/#breadcrumb","itemListElement":[{"@type":"ListItem","position":1,"name":"Accueil","item":"https:\/\/www.jeannedarc-figeac.fr\/college-lycee\/"},{"@type":"ListItem","position":2,"name":"Actus","item":"http:\/\/www.jeannedarc-figeac.fr\/college-lycee\/cat\/actus\/"},{"@type":"ListItem","position":3,"name":"La semaine du go\u00fbt"}]},{"@type":"WebSite","@id":"https:\/\/www.jeannedarc-figeac.fr\/college-lycee\/#website","url":"https:\/\/www.jeannedarc-figeac.fr\/college-lycee\/","name":"Coll\u00e8ge et Lyc\u00e9e Jeanne d&#039;Arc","description":"Jeanne d&#039;Arc Figeac","potentialAction":[{"@type":"SearchAction","target":{"@type":"EntryPoint","urlTemplate":"https:\/\/www.jeannedarc-figeac.fr\/college-lycee\/?s={search_term_string}"},"query-input":{"@type":"PropertyValueSpecification","valueRequired":true,"valueName":"search_term_string"}}],"inLanguage":"fr-FR"},{"@type":"Person","@id":"https:\/\/www.jeannedarc-figeac.fr\/college-lycee\/#\/schema\/person\/29e5764f28e895dc8bf41d4468f99154","name":"le secr\u00e9tariat","image":{"@type":"ImageObject","inLanguage":"fr-FR","@id":"https:\/\/www.jeannedarc-figeac.fr\/college-lycee\/#\/schema\/person\/image\/","url":"https:\/\/www.jeannedarc-figeac.fr\/college-lycee\/wp-content\/litespeed\/avatar\/5\/b7e8da60f53ba4adc9e9e66d91d84580.jpg?ver=1777548714","contentUrl":"https:\/\/www.jeannedarc-figeac.fr\/college-lycee\/wp-content\/litespeed\/avatar\/5\/b7e8da60f53ba4adc9e9e66d91d84580.jpg?ver=1777548714","caption":"le secr\u00e9tariat"},"url":"https:\/\/www.jeannedarc-figeac.fr\/college-lycee\/author\/arlette\/"}]}},"jetpack_featured_media_url":"","jetpack_sharing_enabled":true,"jetpack_shortlink":"https:\/\/wp.me\/p5Qyb6-Pb","_links":{"self":[{"href":"https:\/\/www.jeannedarc-figeac.fr\/college-lycee\/wp-json\/wp\/v2\/posts\/3173","targetHints":{"allow":["GET"]}}],"collection":[{"href":"https:\/\/www.jeannedarc-figeac.fr\/college-lycee\/wp-json\/wp\/v2\/posts"}],"about":[{"href":"https:\/\/www.jeannedarc-figeac.fr\/college-lycee\/wp-json\/wp\/v2\/types\/post"}],"author":[{"embeddable":true,"href":"https:\/\/www.jeannedarc-figeac.fr\/college-lycee\/wp-json\/wp\/v2\/users\/12"}],"replies":[{"embeddable":true,"href":"https:\/\/www.jeannedarc-figeac.fr\/college-lycee\/wp-json\/wp\/v2\/comments?post=3173"}],"version-history":[{"count":1,"href":"https:\/\/www.jeannedarc-figeac.fr\/college-lycee\/wp-json\/wp\/v2\/posts\/3173\/revisions"}],"predecessor-version":[{"id":3175,"href":"https:\/\/www.jeannedarc-figeac.fr\/college-lycee\/wp-json\/wp\/v2\/posts\/3173\/revisions\/3175"}],"wp:attachment":[{"href":"https:\/\/www.jeannedarc-figeac.fr\/college-lycee\/wp-json\/wp\/v2\/media?parent=3173"}],"wp:term":[{"taxonomy":"category","embeddable":true,"href":"https:\/\/www.jeannedarc-figeac.fr\/college-lycee\/wp-json\/wp\/v2\/categories?post=3173"},{"taxonomy":"post_tag","embeddable":true,"href":"https:\/\/www.jeannedarc-figeac.fr\/college-lycee\/wp-json\/wp\/v2\/tags?post=3173"}],"curies":[{"name":"wp","href":"https:\/\/api.w.org\/{rel}","templated":true}]}}