{"id":3170,"date":"2019-11-13T09:46:39","date_gmt":"2019-11-13T09:46:39","guid":{"rendered":"http:\/\/www.jeannedarc-figeac.fr\/college-lycee\/?p=3170"},"modified":"2019-11-13T09:46:46","modified_gmt":"2019-11-13T09:46:46","slug":"octobre-rose-au-college-et-lycee","status":"publish","type":"post","link":"https:\/\/www.jeannedarc-figeac.fr\/college-lycee\/octobre-rose-au-college-et-lycee\/","title":{"rendered":"Octobre rose au coll\u00e8ge et lyc\u00e9e"},"content":{"rendered":"\n<figure class=\"wp-block-image\"><img data-recalc-dims=\"1\" loading=\"lazy\" decoding=\"async\" width=\"300\" height=\"169\" src=\"https:\/\/i0.wp.com\/www.jeannedarc-figeac.fr\/college-lycee\/wp-content\/uploads\/sites\/5\/2019\/11\/octobre-rose-BIS.jpg?resize=300%2C169\" alt=\"\" class=\"wp-image-3171\" srcset=\"https:\/\/i0.wp.com\/www.jeannedarc-figeac.fr\/college-lycee\/wp-content\/uploads\/sites\/5\/2019\/11\/octobre-rose-BIS.jpg?resize=300%2C169&amp;ssl=1 300w, https:\/\/i0.wp.com\/www.jeannedarc-figeac.fr\/college-lycee\/wp-content\/uploads\/sites\/5\/2019\/11\/octobre-rose-BIS.jpg?resize=768%2C432&amp;ssl=1 768w, https:\/\/i0.wp.com\/www.jeannedarc-figeac.fr\/college-lycee\/wp-content\/uploads\/sites\/5\/2019\/11\/octobre-rose-BIS.jpg?resize=1024%2C576&amp;ssl=1 1024w, https:\/\/i0.wp.com\/www.jeannedarc-figeac.fr\/college-lycee\/wp-content\/uploads\/sites\/5\/2019\/11\/octobre-rose-BIS.jpg?resize=1080%2C608&amp;ssl=1 1080w, https:\/\/i0.wp.com\/www.jeannedarc-figeac.fr\/college-lycee\/wp-content\/uploads\/sites\/5\/2019\/11\/octobre-rose-BIS.jpg?w=1600&amp;ssl=1 1600w\" sizes=\"(max-width: 300px) 100vw, 300px\" \/><\/figure>\n\n\n\n<p><br><\/p>\n\n\n\n<p>Le coll\u00e8ge-lyc\u00e9es Jeanne d\u2019Arc de Figeac se pare de rose. Pour la deuxi\u00e8me ann\u00e9e cons\u00e9cutive, l&rsquo;\u00e9tablissement scolaire a souhait\u00e9 rassembler et sensibiliser \u00e0 la lutte contre le cancer autour de l&rsquo;op\u00e9ration Octobre rose. Une vente de\nballons, men\u00e9e par Manon D. et Marion S., d\u00e9l\u00e9gu\u00e9es du Conseil de Vie\nColl\u00e9gienne nouvellement constitu\u00e9, relay\u00e9es par des lyc\u00e9ens, a permis de\ncollecter 185,25\u20ac. Cette somme a \u00e9t\u00e9 enti\u00e8rement revers\u00e9e aux b\u00e9n\u00e9voles de la\nLigue contre le cancer du Lot, pr\u00e9sentes sur le temps de la pause m\u00e9ridienne\npour pr\u00eater une oreille attentive et r\u00e9pondre aux diff\u00e9rentes questions pos\u00e9es\npar les \u00e9l\u00e8ves.&nbsp;Ainsi, les\nballons vecteurs de messages personnels, ont color\u00e9 de rose la rambarde de\nl\u2019esplanade de l&rsquo;\u00e9tablissement. Op\u00e9ration \u00e0 renouveler.&nbsp;<\/p>\n","protected":false},"excerpt":{"rendered":"<p>Le coll\u00e8ge-lyc\u00e9es Jeanne d\u2019Arc de Figeac se pare de rose. Pour la deuxi\u00e8me ann\u00e9e cons\u00e9cutive, l&rsquo;\u00e9tablissement scolaire a souhait\u00e9 rassembler et sensibiliser \u00e0 la lutte contre le cancer autour de l&rsquo;op\u00e9ration Octobre rose. Une vente de ballons, men\u00e9e par Manon D. et Marion S., d\u00e9l\u00e9gu\u00e9es du Conseil de Vie Coll\u00e9gienne nouvellement constitu\u00e9, relay\u00e9es par des [&hellip;]<\/p>\n","protected":false},"author":12,"featured_media":0,"comment_status":"closed","ping_status":"open","sticky":false,"template":"","format":"standard","meta":{"_et_pb_use_builder":"","_et_pb_old_content":"","_et_gb_content_width":"","_jetpack_newsletter_access":"","_jetpack_dont_email_post_to_subs":false,"_jetpack_newsletter_tier_id":0,"_jetpack_memberships_contains_paywalled_content":false,"iawp_total_views":0,"_jetpack_memberships_contains_paid_content":false,"footnotes":""},"categories":[28],"tags":[],"class_list":["post-3170","post","type-post","status-publish","format-standard","hentry","category-actus"],"yoast_head":"<!-- This site is optimized with the Yoast SEO plugin v26.0 - https:\/\/yoast.com\/wordpress\/plugins\/seo\/ -->\n<title>Octobre rose au coll\u00e8ge et lyc\u00e9e<\/title>\n<meta name=\"description\" content=\"Le coll\u00e8ge-lyc\u00e9es Jeanne d\u2019Arc de Figeac se pare de rose. Pour la deuxi\u00e8me ann\u00e9e cons\u00e9cutive, l&#039;\u00e9tablissement scolaire a souhait\u00e9 rassembler et\" \/>\n<meta name=\"robots\" content=\"index, follow, max-snippet:-1, max-image-preview:large, max-video-preview:-1\" \/>\n<link rel=\"canonical\" href=\"http:\/\/www.jeannedarc-figeac.fr\/college-lycee\/octobre-rose-au-college-et-lycee\/\" \/>\n<meta property=\"og:locale\" content=\"fr_FR\" \/>\n<meta property=\"og:type\" content=\"article\" \/>\n<meta property=\"og:title\" content=\"Octobre rose au coll\u00e8ge et lyc\u00e9e\" \/>\n<meta property=\"og:description\" content=\"Le coll\u00e8ge-lyc\u00e9es Jeanne d\u2019Arc de Figeac se pare de rose. Pour la deuxi\u00e8me ann\u00e9e cons\u00e9cutive, l&#039;\u00e9tablissement scolaire a souhait\u00e9 rassembler et\" \/>\n<meta property=\"og:url\" content=\"http:\/\/www.jeannedarc-figeac.fr\/college-lycee\/octobre-rose-au-college-et-lycee\/\" \/>\n<meta property=\"og:site_name\" content=\"Coll\u00e8ge et Lyc\u00e9e Jeanne d&#039;Arc\" \/>\n<meta property=\"article:published_time\" content=\"2019-11-13T09:46:39+00:00\" \/>\n<meta property=\"article:modified_time\" content=\"2019-11-13T09:46:46+00:00\" \/>\n<meta property=\"og:image\" content=\"http:\/\/www.jeannedarc-figeac.fr\/college-lycee\/wp-content\/uploads\/sites\/5\/2019\/11\/octobre-rose-BIS-300x169.jpg\" \/>\n<meta name=\"author\" content=\"le secr\u00e9tariat\" \/>\n<script type=\"application\/ld+json\" class=\"yoast-schema-graph\">{\"@context\":\"https:\/\/schema.org\",\"@graph\":[{\"@type\":\"WebPage\",\"@id\":\"http:\/\/www.jeannedarc-figeac.fr\/college-lycee\/octobre-rose-au-college-et-lycee\/\",\"url\":\"http:\/\/www.jeannedarc-figeac.fr\/college-lycee\/octobre-rose-au-college-et-lycee\/\",\"name\":\"Octobre rose au coll\u00e8ge et lyc\u00e9e\",\"isPartOf\":{\"@id\":\"https:\/\/www.jeannedarc-figeac.fr\/college-lycee\/#website\"},\"primaryImageOfPage\":{\"@id\":\"http:\/\/www.jeannedarc-figeac.fr\/college-lycee\/octobre-rose-au-college-et-lycee\/#primaryimage\"},\"image\":{\"@id\":\"http:\/\/www.jeannedarc-figeac.fr\/college-lycee\/octobre-rose-au-college-et-lycee\/#primaryimage\"},\"thumbnailUrl\":\"http:\/\/www.jeannedarc-figeac.fr\/college-lycee\/wp-content\/uploads\/sites\/5\/2019\/11\/octobre-rose-BIS-300x169.jpg\",\"datePublished\":\"2019-11-13T09:46:39+00:00\",\"dateModified\":\"2019-11-13T09:46:46+00:00\",\"author\":{\"@id\":\"https:\/\/www.jeannedarc-figeac.fr\/college-lycee\/#\/schema\/person\/29e5764f28e895dc8bf41d4468f99154\"},\"description\":\"Le coll\u00e8ge-lyc\u00e9es Jeanne d\u2019Arc de Figeac se pare de rose. Pour la deuxi\u00e8me ann\u00e9e cons\u00e9cutive, l'\u00e9tablissement scolaire a souhait\u00e9 rassembler et\",\"breadcrumb\":{\"@id\":\"http:\/\/www.jeannedarc-figeac.fr\/college-lycee\/octobre-rose-au-college-et-lycee\/#breadcrumb\"},\"inLanguage\":\"fr-FR\",\"potentialAction\":[{\"@type\":\"ReadAction\",\"target\":[\"http:\/\/www.jeannedarc-figeac.fr\/college-lycee\/octobre-rose-au-college-et-lycee\/\"]}]},{\"@type\":\"ImageObject\",\"inLanguage\":\"fr-FR\",\"@id\":\"http:\/\/www.jeannedarc-figeac.fr\/college-lycee\/octobre-rose-au-college-et-lycee\/#primaryimage\",\"url\":\"https:\/\/i0.wp.com\/www.jeannedarc-figeac.fr\/college-lycee\/wp-content\/uploads\/sites\/5\/2019\/11\/octobre-rose-BIS.jpg?fit=1600%2C900&ssl=1\",\"contentUrl\":\"https:\/\/i0.wp.com\/www.jeannedarc-figeac.fr\/college-lycee\/wp-content\/uploads\/sites\/5\/2019\/11\/octobre-rose-BIS.jpg?fit=1600%2C900&ssl=1\",\"width\":1600,\"height\":900},{\"@type\":\"BreadcrumbList\",\"@id\":\"http:\/\/www.jeannedarc-figeac.fr\/college-lycee\/octobre-rose-au-college-et-lycee\/#breadcrumb\",\"itemListElement\":[{\"@type\":\"ListItem\",\"position\":1,\"name\":\"Accueil\",\"item\":\"https:\/\/www.jeannedarc-figeac.fr\/college-lycee\/\"},{\"@type\":\"ListItem\",\"position\":2,\"name\":\"Actus\",\"item\":\"http:\/\/www.jeannedarc-figeac.fr\/college-lycee\/cat\/actus\/\"},{\"@type\":\"ListItem\",\"position\":3,\"name\":\"Octobre rose au coll\u00e8ge et lyc\u00e9e\"}]},{\"@type\":\"WebSite\",\"@id\":\"https:\/\/www.jeannedarc-figeac.fr\/college-lycee\/#website\",\"url\":\"https:\/\/www.jeannedarc-figeac.fr\/college-lycee\/\",\"name\":\"Coll\u00e8ge et Lyc\u00e9e Jeanne d&#039;Arc\",\"description\":\"Jeanne d&#039;Arc Figeac\",\"potentialAction\":[{\"@type\":\"SearchAction\",\"target\":{\"@type\":\"EntryPoint\",\"urlTemplate\":\"https:\/\/www.jeannedarc-figeac.fr\/college-lycee\/?s={search_term_string}\"},\"query-input\":{\"@type\":\"PropertyValueSpecification\",\"valueRequired\":true,\"valueName\":\"search_term_string\"}}],\"inLanguage\":\"fr-FR\"},{\"@type\":\"Person\",\"@id\":\"https:\/\/www.jeannedarc-figeac.fr\/college-lycee\/#\/schema\/person\/29e5764f28e895dc8bf41d4468f99154\",\"name\":\"le secr\u00e9tariat\",\"image\":{\"@type\":\"ImageObject\",\"inLanguage\":\"fr-FR\",\"@id\":\"https:\/\/www.jeannedarc-figeac.fr\/college-lycee\/#\/schema\/person\/image\/\",\"url\":\"https:\/\/www.jeannedarc-figeac.fr\/college-lycee\/wp-content\/litespeed\/avatar\/5\/b7e8da60f53ba4adc9e9e66d91d84580.jpg?ver=1777548714\",\"contentUrl\":\"https:\/\/www.jeannedarc-figeac.fr\/college-lycee\/wp-content\/litespeed\/avatar\/5\/b7e8da60f53ba4adc9e9e66d91d84580.jpg?ver=1777548714\",\"caption\":\"le secr\u00e9tariat\"},\"url\":\"https:\/\/www.jeannedarc-figeac.fr\/college-lycee\/author\/arlette\/\"}]}<\/script>\n<!-- \/ Yoast SEO plugin. -->","yoast_head_json":{"title":"Octobre rose au coll\u00e8ge et lyc\u00e9e","description":"Le coll\u00e8ge-lyc\u00e9es Jeanne d\u2019Arc de Figeac se pare de rose. Pour la deuxi\u00e8me ann\u00e9e cons\u00e9cutive, l'\u00e9tablissement scolaire a souhait\u00e9 rassembler et","robots":{"index":"index","follow":"follow","max-snippet":"max-snippet:-1","max-image-preview":"max-image-preview:large","max-video-preview":"max-video-preview:-1"},"canonical":"http:\/\/www.jeannedarc-figeac.fr\/college-lycee\/octobre-rose-au-college-et-lycee\/","og_locale":"fr_FR","og_type":"article","og_title":"Octobre rose au coll\u00e8ge et lyc\u00e9e","og_description":"Le coll\u00e8ge-lyc\u00e9es Jeanne d\u2019Arc de Figeac se pare de rose. Pour la deuxi\u00e8me ann\u00e9e cons\u00e9cutive, l'\u00e9tablissement scolaire a souhait\u00e9 rassembler et","og_url":"http:\/\/www.jeannedarc-figeac.fr\/college-lycee\/octobre-rose-au-college-et-lycee\/","og_site_name":"Coll\u00e8ge et Lyc\u00e9e Jeanne d&#039;Arc","article_published_time":"2019-11-13T09:46:39+00:00","article_modified_time":"2019-11-13T09:46:46+00:00","og_image":[{"url":"http:\/\/www.jeannedarc-figeac.fr\/college-lycee\/wp-content\/uploads\/sites\/5\/2019\/11\/octobre-rose-BIS-300x169.jpg","type":"","width":"","height":""}],"author":"le secr\u00e9tariat","schema":{"@context":"https:\/\/schema.org","@graph":[{"@type":"WebPage","@id":"http:\/\/www.jeannedarc-figeac.fr\/college-lycee\/octobre-rose-au-college-et-lycee\/","url":"http:\/\/www.jeannedarc-figeac.fr\/college-lycee\/octobre-rose-au-college-et-lycee\/","name":"Octobre rose au coll\u00e8ge et lyc\u00e9e","isPartOf":{"@id":"https:\/\/www.jeannedarc-figeac.fr\/college-lycee\/#website"},"primaryImageOfPage":{"@id":"http:\/\/www.jeannedarc-figeac.fr\/college-lycee\/octobre-rose-au-college-et-lycee\/#primaryimage"},"image":{"@id":"http:\/\/www.jeannedarc-figeac.fr\/college-lycee\/octobre-rose-au-college-et-lycee\/#primaryimage"},"thumbnailUrl":"http:\/\/www.jeannedarc-figeac.fr\/college-lycee\/wp-content\/uploads\/sites\/5\/2019\/11\/octobre-rose-BIS-300x169.jpg","datePublished":"2019-11-13T09:46:39+00:00","dateModified":"2019-11-13T09:46:46+00:00","author":{"@id":"https:\/\/www.jeannedarc-figeac.fr\/college-lycee\/#\/schema\/person\/29e5764f28e895dc8bf41d4468f99154"},"description":"Le coll\u00e8ge-lyc\u00e9es Jeanne d\u2019Arc de Figeac se pare de rose. Pour la deuxi\u00e8me ann\u00e9e cons\u00e9cutive, l'\u00e9tablissement scolaire a souhait\u00e9 rassembler et","breadcrumb":{"@id":"http:\/\/www.jeannedarc-figeac.fr\/college-lycee\/octobre-rose-au-college-et-lycee\/#breadcrumb"},"inLanguage":"fr-FR","potentialAction":[{"@type":"ReadAction","target":["http:\/\/www.jeannedarc-figeac.fr\/college-lycee\/octobre-rose-au-college-et-lycee\/"]}]},{"@type":"ImageObject","inLanguage":"fr-FR","@id":"http:\/\/www.jeannedarc-figeac.fr\/college-lycee\/octobre-rose-au-college-et-lycee\/#primaryimage","url":"https:\/\/i0.wp.com\/www.jeannedarc-figeac.fr\/college-lycee\/wp-content\/uploads\/sites\/5\/2019\/11\/octobre-rose-BIS.jpg?fit=1600%2C900&ssl=1","contentUrl":"https:\/\/i0.wp.com\/www.jeannedarc-figeac.fr\/college-lycee\/wp-content\/uploads\/sites\/5\/2019\/11\/octobre-rose-BIS.jpg?fit=1600%2C900&ssl=1","width":1600,"height":900},{"@type":"BreadcrumbList","@id":"http:\/\/www.jeannedarc-figeac.fr\/college-lycee\/octobre-rose-au-college-et-lycee\/#breadcrumb","itemListElement":[{"@type":"ListItem","position":1,"name":"Accueil","item":"https:\/\/www.jeannedarc-figeac.fr\/college-lycee\/"},{"@type":"ListItem","position":2,"name":"Actus","item":"http:\/\/www.jeannedarc-figeac.fr\/college-lycee\/cat\/actus\/"},{"@type":"ListItem","position":3,"name":"Octobre rose au coll\u00e8ge et lyc\u00e9e"}]},{"@type":"WebSite","@id":"https:\/\/www.jeannedarc-figeac.fr\/college-lycee\/#website","url":"https:\/\/www.jeannedarc-figeac.fr\/college-lycee\/","name":"Coll\u00e8ge et Lyc\u00e9e Jeanne d&#039;Arc","description":"Jeanne d&#039;Arc Figeac","potentialAction":[{"@type":"SearchAction","target":{"@type":"EntryPoint","urlTemplate":"https:\/\/www.jeannedarc-figeac.fr\/college-lycee\/?s={search_term_string}"},"query-input":{"@type":"PropertyValueSpecification","valueRequired":true,"valueName":"search_term_string"}}],"inLanguage":"fr-FR"},{"@type":"Person","@id":"https:\/\/www.jeannedarc-figeac.fr\/college-lycee\/#\/schema\/person\/29e5764f28e895dc8bf41d4468f99154","name":"le secr\u00e9tariat","image":{"@type":"ImageObject","inLanguage":"fr-FR","@id":"https:\/\/www.jeannedarc-figeac.fr\/college-lycee\/#\/schema\/person\/image\/","url":"https:\/\/www.jeannedarc-figeac.fr\/college-lycee\/wp-content\/litespeed\/avatar\/5\/b7e8da60f53ba4adc9e9e66d91d84580.jpg?ver=1777548714","contentUrl":"https:\/\/www.jeannedarc-figeac.fr\/college-lycee\/wp-content\/litespeed\/avatar\/5\/b7e8da60f53ba4adc9e9e66d91d84580.jpg?ver=1777548714","caption":"le secr\u00e9tariat"},"url":"https:\/\/www.jeannedarc-figeac.fr\/college-lycee\/author\/arlette\/"}]}},"jetpack_featured_media_url":"","jetpack_sharing_enabled":true,"jetpack_shortlink":"https:\/\/wp.me\/p5Qyb6-P8","_links":{"self":[{"href":"https:\/\/www.jeannedarc-figeac.fr\/college-lycee\/wp-json\/wp\/v2\/posts\/3170","targetHints":{"allow":["GET"]}}],"collection":[{"href":"https:\/\/www.jeannedarc-figeac.fr\/college-lycee\/wp-json\/wp\/v2\/posts"}],"about":[{"href":"https:\/\/www.jeannedarc-figeac.fr\/college-lycee\/wp-json\/wp\/v2\/types\/post"}],"author":[{"embeddable":true,"href":"https:\/\/www.jeannedarc-figeac.fr\/college-lycee\/wp-json\/wp\/v2\/users\/12"}],"replies":[{"embeddable":true,"href":"https:\/\/www.jeannedarc-figeac.fr\/college-lycee\/wp-json\/wp\/v2\/comments?post=3170"}],"version-history":[{"count":1,"href":"https:\/\/www.jeannedarc-figeac.fr\/college-lycee\/wp-json\/wp\/v2\/posts\/3170\/revisions"}],"predecessor-version":[{"id":3172,"href":"https:\/\/www.jeannedarc-figeac.fr\/college-lycee\/wp-json\/wp\/v2\/posts\/3170\/revisions\/3172"}],"wp:attachment":[{"href":"https:\/\/www.jeannedarc-figeac.fr\/college-lycee\/wp-json\/wp\/v2\/media?parent=3170"}],"wp:term":[{"taxonomy":"category","embeddable":true,"href":"https:\/\/www.jeannedarc-figeac.fr\/college-lycee\/wp-json\/wp\/v2\/categories?post=3170"},{"taxonomy":"post_tag","embeddable":true,"href":"https:\/\/www.jeannedarc-figeac.fr\/college-lycee\/wp-json\/wp\/v2\/tags?post=3170"}],"curies":[{"name":"wp","href":"https:\/\/api.w.org\/{rel}","templated":true}]}}