{"id":3163,"date":"2019-10-08T08:57:59","date_gmt":"2019-10-08T08:57:59","guid":{"rendered":"http:\/\/www.jeannedarc-figeac.fr\/college-lycee\/?p=3163"},"modified":"2019-10-08T08:58:05","modified_gmt":"2019-10-08T08:58:05","slug":"un-eds-de-premiere-pour-agir-local-penser-global","status":"publish","type":"post","link":"https:\/\/www.jeannedarc-figeac.fr\/college-lycee\/un-eds-de-premiere-pour-agir-local-penser-global\/","title":{"rendered":"un EDS de premi\u00e8re pour \u00ab\u00a0agir local, penser global\u00a0\u00bb."},"content":{"rendered":"\n<figure class=\"wp-block-image\"><img data-recalc-dims=\"1\" loading=\"lazy\" decoding=\"async\" width=\"300\" height=\"180\" src=\"https:\/\/i0.wp.com\/www.jeannedarc-figeac.fr\/college-lycee\/wp-content\/uploads\/sites\/5\/2019\/10\/20190927_1554341.jpg?resize=300%2C180\" alt=\"\" class=\"wp-image-3164\" srcset=\"https:\/\/i0.wp.com\/www.jeannedarc-figeac.fr\/college-lycee\/wp-content\/uploads\/sites\/5\/2019\/10\/20190927_1554341.jpg?resize=300%2C180&amp;ssl=1 300w, https:\/\/i0.wp.com\/www.jeannedarc-figeac.fr\/college-lycee\/wp-content\/uploads\/sites\/5\/2019\/10\/20190927_1554341.jpg?resize=768%2C461&amp;ssl=1 768w, https:\/\/i0.wp.com\/www.jeannedarc-figeac.fr\/college-lycee\/wp-content\/uploads\/sites\/5\/2019\/10\/20190927_1554341.jpg?resize=1024%2C614&amp;ssl=1 1024w, https:\/\/i0.wp.com\/www.jeannedarc-figeac.fr\/college-lycee\/wp-content\/uploads\/sites\/5\/2019\/10\/20190927_1554341.jpg?resize=1080%2C648&amp;ssl=1 1080w, https:\/\/i0.wp.com\/www.jeannedarc-figeac.fr\/college-lycee\/wp-content\/uploads\/sites\/5\/2019\/10\/20190927_1554341.jpg?w=2160 2160w\" sizes=\"(max-width: 300px) 100vw, 300px\" \/><\/figure>\n\n\n\n<p>Vendredi 27 septembre, les \u00e9l\u00e8ves de 1\u00e8re EDS Histoire-G\u00e9ographie, G\u00e9opolitique, Sciences Politiques ont assist\u00e9 \u00e0 une s\u00e9ance priv\u00e9e du film-documentaire : <em>Utopia, \u00e0 la recherche de l\u2019\u00e9quilibre, <\/em>en pr\u00e9sence des deux g\u00e9ographes-r\u00e9alisateurs du film (Fanny Rubia et Adrien Prenvielle de l&rsquo;Association G\u00e9odyss\u00e9es). On y fait un tour du monde \u00e0 la rencontre de communaut\u00e9s d\u00e9veloppant des initiatives locales (en milieu insulaire), liant traditions ancestrales et techniques modernes pour s&rsquo;adapter aux changements du climat global et r\u00e9\u00e9quilibrer les rapports humains \u00e0 la nature. En effet, ces deux scientifiques qui font donc le lien entre g\u00e9ographie et SVT sont \u00e0 Figeac (et Decazeville) dans le cadre du Festival <em>Terres d&rsquo;Ailleurs <\/em>et du Carrefour des Sciences (se d\u00e9roulant cette ann\u00e9e \u00e0 Latronqui\u00e8re), o\u00f9 ils pr\u00e9sentent leur travail lors de deux s\u00e9ances publiques et conf\u00e9rences, notamment \u00e0 l&rsquo;Astrolabe: ils ont accept\u00e9 de venir au contact direct des jeunes, souvent inquiets de leur avenir, d\u00e9passant mal un sentiment d&rsquo;impuissance. Apr\u00e8s la projection et une courte pause, les jeunes de Premi\u00e8re, avec quelques \u00e9l\u00e8ves de Terminales L et ES, ont \u00e9chang\u00e9 tr\u00e8s s\u00e9rieusement sur le th\u00e8me de l\u2019absence de fronti\u00e8res dans la gestion durable de la Terre, si ce n\u2019est des \u00ab\u00a0fronti\u00e8res\u00a0\u00bb mentales, \u00e0 d\u00e9passer, le th\u00e8me trait\u00e9 en cours \u00e9tant \u00ab\u00a0Les fronti\u00e8res, divisions politiques du monde\u00a0\u00bb. Des questions cruciales ont \u00e9t\u00e9 abord\u00e9es: comment agir concr\u00e8tement face au d\u00e9r\u00e8glement climatique et \u00e0 la destruction de nos milieux? comment ne pas rejeter la faute sur \u00ab\u00a0l&rsquo;Autre\u00a0\u00bb? comment passer d&rsquo;un pessimisme de r\u00e9alit\u00e9 \u00e0 un optimisme de n\u00e9cessit\u00e9? De futurs \u00e9co-d\u00e9l\u00e9gu\u00e9s&#8230; \u00e9co-citoyens&#8230; dans un \u00e9co-lyc\u00e9e, et des \u00e9l\u00e8ves (enfin) capables (?) de relier les diff\u00e9rentes mati\u00e8res de cours !<\/p>\n\n\n\n<p><\/p>\n","protected":false},"excerpt":{"rendered":"<p>Vendredi 27 septembre, les \u00e9l\u00e8ves de 1\u00e8re EDS Histoire-G\u00e9ographie, G\u00e9opolitique, Sciences Politiques ont assist\u00e9 \u00e0 une s\u00e9ance priv\u00e9e du film-documentaire : Utopia, \u00e0 la recherche de l\u2019\u00e9quilibre, en pr\u00e9sence des deux g\u00e9ographes-r\u00e9alisateurs du film (Fanny Rubia et Adrien Prenvielle de l&rsquo;Association G\u00e9odyss\u00e9es). On y fait un tour du monde \u00e0 la rencontre de communaut\u00e9s d\u00e9veloppant [&hellip;]<\/p>\n","protected":false},"author":12,"featured_media":0,"comment_status":"closed","ping_status":"open","sticky":false,"template":"","format":"standard","meta":{"_et_pb_use_builder":"","_et_pb_old_content":"","_et_gb_content_width":"","_jetpack_newsletter_access":"","_jetpack_dont_email_post_to_subs":false,"_jetpack_newsletter_tier_id":0,"_jetpack_memberships_contains_paywalled_content":false,"iawp_total_views":0,"_jetpack_memberships_contains_paid_content":false,"footnotes":""},"categories":[28],"tags":[],"class_list":["post-3163","post","type-post","status-publish","format-standard","hentry","category-actus"],"yoast_head":"<!-- This site is optimized with the Yoast SEO plugin v26.0 - https:\/\/yoast.com\/wordpress\/plugins\/seo\/ -->\n<title>un EDS de premi\u00e8re pour &quot;agir local, penser global&quot;.<\/title>\n<meta name=\"description\" content=\"Vendredi 27 septembre, les \u00e9l\u00e8ves de 1\u00e8re EDS Histoire-G\u00e9ographie, G\u00e9opolitique, Sciences Politiques ont assist\u00e9 \u00e0 une s\u00e9ance priv\u00e9e du film-documentaire\" \/>\n<meta name=\"robots\" content=\"index, follow, max-snippet:-1, max-image-preview:large, max-video-preview:-1\" \/>\n<link rel=\"canonical\" href=\"http:\/\/www.jeannedarc-figeac.fr\/college-lycee\/un-eds-de-premiere-pour-agir-local-penser-global\/\" \/>\n<meta property=\"og:locale\" content=\"fr_FR\" \/>\n<meta property=\"og:type\" content=\"article\" \/>\n<meta property=\"og:title\" content=\"un EDS de premi\u00e8re pour &quot;agir local, penser global&quot;.\" \/>\n<meta property=\"og:description\" content=\"Vendredi 27 septembre, les \u00e9l\u00e8ves de 1\u00e8re EDS Histoire-G\u00e9ographie, G\u00e9opolitique, Sciences Politiques ont assist\u00e9 \u00e0 une s\u00e9ance priv\u00e9e du film-documentaire\" \/>\n<meta property=\"og:url\" content=\"http:\/\/www.jeannedarc-figeac.fr\/college-lycee\/un-eds-de-premiere-pour-agir-local-penser-global\/\" \/>\n<meta property=\"og:site_name\" content=\"Coll\u00e8ge et Lyc\u00e9e Jeanne d&#039;Arc\" \/>\n<meta property=\"article:published_time\" content=\"2019-10-08T08:57:59+00:00\" \/>\n<meta property=\"article:modified_time\" content=\"2019-10-08T08:58:05+00:00\" \/>\n<meta property=\"og:image\" content=\"http:\/\/www.jeannedarc-figeac.fr\/college-lycee\/wp-content\/uploads\/sites\/5\/2019\/10\/20190927_1554341-300x180.jpg\" \/>\n<meta name=\"author\" content=\"le secr\u00e9tariat\" \/>\n<script type=\"application\/ld+json\" class=\"yoast-schema-graph\">{\"@context\":\"https:\/\/schema.org\",\"@graph\":[{\"@type\":\"WebPage\",\"@id\":\"http:\/\/www.jeannedarc-figeac.fr\/college-lycee\/un-eds-de-premiere-pour-agir-local-penser-global\/\",\"url\":\"http:\/\/www.jeannedarc-figeac.fr\/college-lycee\/un-eds-de-premiere-pour-agir-local-penser-global\/\",\"name\":\"un EDS de premi\u00e8re pour \\\"agir local, penser global\\\".\",\"isPartOf\":{\"@id\":\"https:\/\/www.jeannedarc-figeac.fr\/college-lycee\/#website\"},\"primaryImageOfPage\":{\"@id\":\"http:\/\/www.jeannedarc-figeac.fr\/college-lycee\/un-eds-de-premiere-pour-agir-local-penser-global\/#primaryimage\"},\"image\":{\"@id\":\"http:\/\/www.jeannedarc-figeac.fr\/college-lycee\/un-eds-de-premiere-pour-agir-local-penser-global\/#primaryimage\"},\"thumbnailUrl\":\"http:\/\/www.jeannedarc-figeac.fr\/college-lycee\/wp-content\/uploads\/sites\/5\/2019\/10\/20190927_1554341-300x180.jpg\",\"datePublished\":\"2019-10-08T08:57:59+00:00\",\"dateModified\":\"2019-10-08T08:58:05+00:00\",\"author\":{\"@id\":\"https:\/\/www.jeannedarc-figeac.fr\/college-lycee\/#\/schema\/person\/29e5764f28e895dc8bf41d4468f99154\"},\"description\":\"Vendredi 27 septembre, les \u00e9l\u00e8ves de 1\u00e8re EDS Histoire-G\u00e9ographie, G\u00e9opolitique, Sciences Politiques ont assist\u00e9 \u00e0 une s\u00e9ance priv\u00e9e du film-documentaire\",\"breadcrumb\":{\"@id\":\"http:\/\/www.jeannedarc-figeac.fr\/college-lycee\/un-eds-de-premiere-pour-agir-local-penser-global\/#breadcrumb\"},\"inLanguage\":\"fr-FR\",\"potentialAction\":[{\"@type\":\"ReadAction\",\"target\":[\"http:\/\/www.jeannedarc-figeac.fr\/college-lycee\/un-eds-de-premiere-pour-agir-local-penser-global\/\"]}]},{\"@type\":\"ImageObject\",\"inLanguage\":\"fr-FR\",\"@id\":\"http:\/\/www.jeannedarc-figeac.fr\/college-lycee\/un-eds-de-premiere-pour-agir-local-penser-global\/#primaryimage\",\"url\":\"https:\/\/i0.wp.com\/www.jeannedarc-figeac.fr\/college-lycee\/wp-content\/uploads\/sites\/5\/2019\/10\/20190927_1554341.jpg?fit=2560%2C1536&ssl=1\",\"contentUrl\":\"https:\/\/i0.wp.com\/www.jeannedarc-figeac.fr\/college-lycee\/wp-content\/uploads\/sites\/5\/2019\/10\/20190927_1554341.jpg?fit=2560%2C1536&ssl=1\",\"width\":2560,\"height\":1536},{\"@type\":\"BreadcrumbList\",\"@id\":\"http:\/\/www.jeannedarc-figeac.fr\/college-lycee\/un-eds-de-premiere-pour-agir-local-penser-global\/#breadcrumb\",\"itemListElement\":[{\"@type\":\"ListItem\",\"position\":1,\"name\":\"Accueil\",\"item\":\"https:\/\/www.jeannedarc-figeac.fr\/college-lycee\/\"},{\"@type\":\"ListItem\",\"position\":2,\"name\":\"Actus\",\"item\":\"http:\/\/www.jeannedarc-figeac.fr\/college-lycee\/cat\/actus\/\"},{\"@type\":\"ListItem\",\"position\":3,\"name\":\"un EDS de premi\u00e8re pour \u00ab\u00a0agir local, penser global\u00a0\u00bb.\"}]},{\"@type\":\"WebSite\",\"@id\":\"https:\/\/www.jeannedarc-figeac.fr\/college-lycee\/#website\",\"url\":\"https:\/\/www.jeannedarc-figeac.fr\/college-lycee\/\",\"name\":\"Coll\u00e8ge et Lyc\u00e9e Jeanne d&#039;Arc\",\"description\":\"Jeanne d&#039;Arc Figeac\",\"potentialAction\":[{\"@type\":\"SearchAction\",\"target\":{\"@type\":\"EntryPoint\",\"urlTemplate\":\"https:\/\/www.jeannedarc-figeac.fr\/college-lycee\/?s={search_term_string}\"},\"query-input\":{\"@type\":\"PropertyValueSpecification\",\"valueRequired\":true,\"valueName\":\"search_term_string\"}}],\"inLanguage\":\"fr-FR\"},{\"@type\":\"Person\",\"@id\":\"https:\/\/www.jeannedarc-figeac.fr\/college-lycee\/#\/schema\/person\/29e5764f28e895dc8bf41d4468f99154\",\"name\":\"le secr\u00e9tariat\",\"image\":{\"@type\":\"ImageObject\",\"inLanguage\":\"fr-FR\",\"@id\":\"https:\/\/www.jeannedarc-figeac.fr\/college-lycee\/#\/schema\/person\/image\/\",\"url\":\"https:\/\/www.jeannedarc-figeac.fr\/college-lycee\/wp-content\/litespeed\/avatar\/5\/b7e8da60f53ba4adc9e9e66d91d84580.jpg?ver=1776943645\",\"contentUrl\":\"https:\/\/www.jeannedarc-figeac.fr\/college-lycee\/wp-content\/litespeed\/avatar\/5\/b7e8da60f53ba4adc9e9e66d91d84580.jpg?ver=1776943645\",\"caption\":\"le secr\u00e9tariat\"},\"url\":\"https:\/\/www.jeannedarc-figeac.fr\/college-lycee\/author\/arlette\/\"}]}<\/script>\n<!-- \/ Yoast SEO plugin. -->","yoast_head_json":{"title":"un EDS de premi\u00e8re pour \"agir local, penser global\".","description":"Vendredi 27 septembre, les \u00e9l\u00e8ves de 1\u00e8re EDS Histoire-G\u00e9ographie, G\u00e9opolitique, Sciences Politiques ont assist\u00e9 \u00e0 une s\u00e9ance priv\u00e9e du film-documentaire","robots":{"index":"index","follow":"follow","max-snippet":"max-snippet:-1","max-image-preview":"max-image-preview:large","max-video-preview":"max-video-preview:-1"},"canonical":"http:\/\/www.jeannedarc-figeac.fr\/college-lycee\/un-eds-de-premiere-pour-agir-local-penser-global\/","og_locale":"fr_FR","og_type":"article","og_title":"un EDS de premi\u00e8re pour \"agir local, penser global\".","og_description":"Vendredi 27 septembre, les \u00e9l\u00e8ves de 1\u00e8re EDS Histoire-G\u00e9ographie, G\u00e9opolitique, Sciences Politiques ont assist\u00e9 \u00e0 une s\u00e9ance priv\u00e9e du film-documentaire","og_url":"http:\/\/www.jeannedarc-figeac.fr\/college-lycee\/un-eds-de-premiere-pour-agir-local-penser-global\/","og_site_name":"Coll\u00e8ge et Lyc\u00e9e Jeanne d&#039;Arc","article_published_time":"2019-10-08T08:57:59+00:00","article_modified_time":"2019-10-08T08:58:05+00:00","og_image":[{"url":"http:\/\/www.jeannedarc-figeac.fr\/college-lycee\/wp-content\/uploads\/sites\/5\/2019\/10\/20190927_1554341-300x180.jpg","type":"","width":"","height":""}],"author":"le secr\u00e9tariat","schema":{"@context":"https:\/\/schema.org","@graph":[{"@type":"WebPage","@id":"http:\/\/www.jeannedarc-figeac.fr\/college-lycee\/un-eds-de-premiere-pour-agir-local-penser-global\/","url":"http:\/\/www.jeannedarc-figeac.fr\/college-lycee\/un-eds-de-premiere-pour-agir-local-penser-global\/","name":"un EDS de premi\u00e8re pour \"agir local, penser global\".","isPartOf":{"@id":"https:\/\/www.jeannedarc-figeac.fr\/college-lycee\/#website"},"primaryImageOfPage":{"@id":"http:\/\/www.jeannedarc-figeac.fr\/college-lycee\/un-eds-de-premiere-pour-agir-local-penser-global\/#primaryimage"},"image":{"@id":"http:\/\/www.jeannedarc-figeac.fr\/college-lycee\/un-eds-de-premiere-pour-agir-local-penser-global\/#primaryimage"},"thumbnailUrl":"http:\/\/www.jeannedarc-figeac.fr\/college-lycee\/wp-content\/uploads\/sites\/5\/2019\/10\/20190927_1554341-300x180.jpg","datePublished":"2019-10-08T08:57:59+00:00","dateModified":"2019-10-08T08:58:05+00:00","author":{"@id":"https:\/\/www.jeannedarc-figeac.fr\/college-lycee\/#\/schema\/person\/29e5764f28e895dc8bf41d4468f99154"},"description":"Vendredi 27 septembre, les \u00e9l\u00e8ves de 1\u00e8re EDS Histoire-G\u00e9ographie, G\u00e9opolitique, Sciences Politiques ont assist\u00e9 \u00e0 une s\u00e9ance priv\u00e9e du film-documentaire","breadcrumb":{"@id":"http:\/\/www.jeannedarc-figeac.fr\/college-lycee\/un-eds-de-premiere-pour-agir-local-penser-global\/#breadcrumb"},"inLanguage":"fr-FR","potentialAction":[{"@type":"ReadAction","target":["http:\/\/www.jeannedarc-figeac.fr\/college-lycee\/un-eds-de-premiere-pour-agir-local-penser-global\/"]}]},{"@type":"ImageObject","inLanguage":"fr-FR","@id":"http:\/\/www.jeannedarc-figeac.fr\/college-lycee\/un-eds-de-premiere-pour-agir-local-penser-global\/#primaryimage","url":"https:\/\/i0.wp.com\/www.jeannedarc-figeac.fr\/college-lycee\/wp-content\/uploads\/sites\/5\/2019\/10\/20190927_1554341.jpg?fit=2560%2C1536&ssl=1","contentUrl":"https:\/\/i0.wp.com\/www.jeannedarc-figeac.fr\/college-lycee\/wp-content\/uploads\/sites\/5\/2019\/10\/20190927_1554341.jpg?fit=2560%2C1536&ssl=1","width":2560,"height":1536},{"@type":"BreadcrumbList","@id":"http:\/\/www.jeannedarc-figeac.fr\/college-lycee\/un-eds-de-premiere-pour-agir-local-penser-global\/#breadcrumb","itemListElement":[{"@type":"ListItem","position":1,"name":"Accueil","item":"https:\/\/www.jeannedarc-figeac.fr\/college-lycee\/"},{"@type":"ListItem","position":2,"name":"Actus","item":"http:\/\/www.jeannedarc-figeac.fr\/college-lycee\/cat\/actus\/"},{"@type":"ListItem","position":3,"name":"un EDS de premi\u00e8re pour \u00ab\u00a0agir local, penser global\u00a0\u00bb."}]},{"@type":"WebSite","@id":"https:\/\/www.jeannedarc-figeac.fr\/college-lycee\/#website","url":"https:\/\/www.jeannedarc-figeac.fr\/college-lycee\/","name":"Coll\u00e8ge et Lyc\u00e9e Jeanne d&#039;Arc","description":"Jeanne d&#039;Arc Figeac","potentialAction":[{"@type":"SearchAction","target":{"@type":"EntryPoint","urlTemplate":"https:\/\/www.jeannedarc-figeac.fr\/college-lycee\/?s={search_term_string}"},"query-input":{"@type":"PropertyValueSpecification","valueRequired":true,"valueName":"search_term_string"}}],"inLanguage":"fr-FR"},{"@type":"Person","@id":"https:\/\/www.jeannedarc-figeac.fr\/college-lycee\/#\/schema\/person\/29e5764f28e895dc8bf41d4468f99154","name":"le secr\u00e9tariat","image":{"@type":"ImageObject","inLanguage":"fr-FR","@id":"https:\/\/www.jeannedarc-figeac.fr\/college-lycee\/#\/schema\/person\/image\/","url":"https:\/\/www.jeannedarc-figeac.fr\/college-lycee\/wp-content\/litespeed\/avatar\/5\/b7e8da60f53ba4adc9e9e66d91d84580.jpg?ver=1776943645","contentUrl":"https:\/\/www.jeannedarc-figeac.fr\/college-lycee\/wp-content\/litespeed\/avatar\/5\/b7e8da60f53ba4adc9e9e66d91d84580.jpg?ver=1776943645","caption":"le secr\u00e9tariat"},"url":"https:\/\/www.jeannedarc-figeac.fr\/college-lycee\/author\/arlette\/"}]}},"jetpack_featured_media_url":"","jetpack_sharing_enabled":true,"jetpack_shortlink":"https:\/\/wp.me\/p5Qyb6-P1","_links":{"self":[{"href":"https:\/\/www.jeannedarc-figeac.fr\/college-lycee\/wp-json\/wp\/v2\/posts\/3163","targetHints":{"allow":["GET"]}}],"collection":[{"href":"https:\/\/www.jeannedarc-figeac.fr\/college-lycee\/wp-json\/wp\/v2\/posts"}],"about":[{"href":"https:\/\/www.jeannedarc-figeac.fr\/college-lycee\/wp-json\/wp\/v2\/types\/post"}],"author":[{"embeddable":true,"href":"https:\/\/www.jeannedarc-figeac.fr\/college-lycee\/wp-json\/wp\/v2\/users\/12"}],"replies":[{"embeddable":true,"href":"https:\/\/www.jeannedarc-figeac.fr\/college-lycee\/wp-json\/wp\/v2\/comments?post=3163"}],"version-history":[{"count":1,"href":"https:\/\/www.jeannedarc-figeac.fr\/college-lycee\/wp-json\/wp\/v2\/posts\/3163\/revisions"}],"predecessor-version":[{"id":3165,"href":"https:\/\/www.jeannedarc-figeac.fr\/college-lycee\/wp-json\/wp\/v2\/posts\/3163\/revisions\/3165"}],"wp:attachment":[{"href":"https:\/\/www.jeannedarc-figeac.fr\/college-lycee\/wp-json\/wp\/v2\/media?parent=3163"}],"wp:term":[{"taxonomy":"category","embeddable":true,"href":"https:\/\/www.jeannedarc-figeac.fr\/college-lycee\/wp-json\/wp\/v2\/categories?post=3163"},{"taxonomy":"post_tag","embeddable":true,"href":"https:\/\/www.jeannedarc-figeac.fr\/college-lycee\/wp-json\/wp\/v2\/tags?post=3163"}],"curies":[{"name":"wp","href":"https:\/\/api.w.org\/{rel}","templated":true}]}}