{"id":3160,"date":"2019-10-08T08:42:13","date_gmt":"2019-10-08T08:42:13","guid":{"rendered":"http:\/\/www.jeannedarc-figeac.fr\/college-lycee\/?p=3160"},"modified":"2019-10-08T08:42:18","modified_gmt":"2019-10-08T08:42:18","slug":"a-la-decouverte-des-metiers-de-laeronautique","status":"publish","type":"post","link":"https:\/\/www.jeannedarc-figeac.fr\/college-lycee\/a-la-decouverte-des-metiers-de-laeronautique\/","title":{"rendered":"A la d\u00e9couverte des m\u00e9tiers de l\u2019a\u00e9ronautique"},"content":{"rendered":"\n<figure class=\"wp-block-image\"><img data-recalc-dims=\"1\" loading=\"lazy\" decoding=\"async\" width=\"300\" height=\"226\" src=\"https:\/\/i0.wp.com\/www.jeannedarc-figeac.fr\/college-lycee\/wp-content\/uploads\/sites\/5\/2019\/10\/Aeroscopia.jpg?resize=300%2C226\" alt=\"\" class=\"wp-image-3161\" srcset=\"https:\/\/i0.wp.com\/www.jeannedarc-figeac.fr\/college-lycee\/wp-content\/uploads\/sites\/5\/2019\/10\/Aeroscopia.jpg?resize=300%2C226&amp;ssl=1 300w, https:\/\/i0.wp.com\/www.jeannedarc-figeac.fr\/college-lycee\/wp-content\/uploads\/sites\/5\/2019\/10\/Aeroscopia.jpg?resize=768%2C579&amp;ssl=1 768w, https:\/\/i0.wp.com\/www.jeannedarc-figeac.fr\/college-lycee\/wp-content\/uploads\/sites\/5\/2019\/10\/Aeroscopia.jpg?resize=1024%2C772&amp;ssl=1 1024w, https:\/\/i0.wp.com\/www.jeannedarc-figeac.fr\/college-lycee\/wp-content\/uploads\/sites\/5\/2019\/10\/Aeroscopia.jpg?resize=1080%2C814&amp;ssl=1 1080w, https:\/\/i0.wp.com\/www.jeannedarc-figeac.fr\/college-lycee\/wp-content\/uploads\/sites\/5\/2019\/10\/Aeroscopia.jpg?w=2160 2160w, https:\/\/i0.wp.com\/www.jeannedarc-figeac.fr\/college-lycee\/wp-content\/uploads\/sites\/5\/2019\/10\/Aeroscopia.jpg?w=3240 3240w\" sizes=\"(max-width: 300px) 100vw, 300px\" \/><\/figure>\n\n\n\n<p>Le vendredi 27 septembre, les \u00e9l\u00e8ves de terminale S et de l\u2019enseignement de sp\u00e9cialit\u00e9 physique-chimie de 1<sup>\u00e8re<\/sup> ont \u00e9t\u00e9 invit\u00e9s au salon des formations et des m\u00e9tiers de l\u2019a\u00e9ronautique qui se tenait pour la premi\u00e8re fois au sein du mus\u00e9e A\u00e9roscopia \u00e0 Toulouse.Nos \u00e9l\u00e8ves ont pu d\u00e9couvrir les nombreuses voies professionnelles gravitant autour de l\u2019a\u00e9ronautique\u00a0: pilote, contr\u00f4leur a\u00e9rien, personnel d\u2019\u00e9quipage, personnel au sol, technicien, ing\u00e9nieur, commercial \u2026. Il y en avait pour tout le monde m\u00eame si tous n\u2019y ont pas \u00e9t\u00e9 sensibles. Ce salon se tenant dans l\u2019enceinte m\u00eame du mus\u00e9e, nous avons pu, entre deux prises de renseignements, traverser le Concorde n\u00b01, visiter les entrailles d\u2019un A380, admirer les h\u00e9lices de l\u2019A400M (petite fiert\u00e9 locale au passage), toucher le nez d\u2019un Mirage 4000, rentrer dans le ventre immense d\u2019un Super Guppy \u2026. Un mus\u00e9e \u00e0 voir et \u00e0 revoir pour tous les fans de Tanguy et Laverdure. Le capitaine et les membres d\u2019\u00e9quipage vous remercient de votre attention.<\/p>\n","protected":false},"excerpt":{"rendered":"<p>Le vendredi 27 septembre, les \u00e9l\u00e8ves de terminale S et de l\u2019enseignement de sp\u00e9cialit\u00e9 physique-chimie de 1\u00e8re ont \u00e9t\u00e9 invit\u00e9s au salon des formations et des m\u00e9tiers de l\u2019a\u00e9ronautique qui se tenait pour la premi\u00e8re fois au sein du mus\u00e9e A\u00e9roscopia \u00e0 Toulouse.Nos \u00e9l\u00e8ves ont pu d\u00e9couvrir les nombreuses voies professionnelles gravitant autour de l\u2019a\u00e9ronautique\u00a0: [&hellip;]<\/p>\n","protected":false},"author":12,"featured_media":0,"comment_status":"closed","ping_status":"open","sticky":false,"template":"","format":"standard","meta":{"_et_pb_use_builder":"","_et_pb_old_content":"","_et_gb_content_width":"","_jetpack_newsletter_access":"","_jetpack_dont_email_post_to_subs":false,"_jetpack_newsletter_tier_id":0,"_jetpack_memberships_contains_paywalled_content":false,"iawp_total_views":0,"_jetpack_memberships_contains_paid_content":false,"footnotes":""},"categories":[28],"tags":[],"class_list":["post-3160","post","type-post","status-publish","format-standard","hentry","category-actus"],"yoast_head":"<!-- This site is optimized with the Yoast SEO plugin v26.0 - https:\/\/yoast.com\/wordpress\/plugins\/seo\/ -->\n<title>A la d\u00e9couverte des m\u00e9tiers de l\u2019a\u00e9ronautique<\/title>\n<meta name=\"description\" content=\"Le vendredi 27 septembre, les \u00e9l\u00e8ves de terminale S et de l\u2019enseignement de sp\u00e9cialit\u00e9 physique-chimie de 1\u00e8re ont \u00e9t\u00e9 invit\u00e9s au salon des formations et\" \/>\n<meta name=\"robots\" content=\"index, follow, max-snippet:-1, max-image-preview:large, max-video-preview:-1\" \/>\n<link rel=\"canonical\" href=\"https:\/\/www.jeannedarc-figeac.fr\/college-lycee\/a-la-decouverte-des-metiers-de-laeronautique\/\" \/>\n<meta property=\"og:locale\" content=\"fr_FR\" \/>\n<meta property=\"og:type\" content=\"article\" \/>\n<meta property=\"og:title\" content=\"A la d\u00e9couverte des m\u00e9tiers de l\u2019a\u00e9ronautique\" \/>\n<meta property=\"og:description\" content=\"Le vendredi 27 septembre, les \u00e9l\u00e8ves de terminale S et de l\u2019enseignement de sp\u00e9cialit\u00e9 physique-chimie de 1\u00e8re ont \u00e9t\u00e9 invit\u00e9s au salon des formations et\" \/>\n<meta property=\"og:url\" content=\"https:\/\/www.jeannedarc-figeac.fr\/college-lycee\/a-la-decouverte-des-metiers-de-laeronautique\/\" \/>\n<meta property=\"og:site_name\" content=\"Coll\u00e8ge et Lyc\u00e9e Jeanne d&#039;Arc\" \/>\n<meta property=\"article:published_time\" content=\"2019-10-08T08:42:13+00:00\" \/>\n<meta property=\"article:modified_time\" content=\"2019-10-08T08:42:18+00:00\" \/>\n<meta property=\"og:image\" content=\"http:\/\/www.jeannedarc-figeac.fr\/college-lycee\/wp-content\/uploads\/sites\/5\/2019\/10\/Aeroscopia-300x226.jpg\" \/>\n<meta name=\"author\" content=\"le secr\u00e9tariat\" \/>\n<script type=\"application\/ld+json\" class=\"yoast-schema-graph\">{\"@context\":\"https:\/\/schema.org\",\"@graph\":[{\"@type\":\"WebPage\",\"@id\":\"https:\/\/www.jeannedarc-figeac.fr\/college-lycee\/a-la-decouverte-des-metiers-de-laeronautique\/\",\"url\":\"https:\/\/www.jeannedarc-figeac.fr\/college-lycee\/a-la-decouverte-des-metiers-de-laeronautique\/\",\"name\":\"A la d\u00e9couverte des m\u00e9tiers de l\u2019a\u00e9ronautique\",\"isPartOf\":{\"@id\":\"https:\/\/www.jeannedarc-figeac.fr\/college-lycee\/#website\"},\"primaryImageOfPage\":{\"@id\":\"https:\/\/www.jeannedarc-figeac.fr\/college-lycee\/a-la-decouverte-des-metiers-de-laeronautique\/#primaryimage\"},\"image\":{\"@id\":\"https:\/\/www.jeannedarc-figeac.fr\/college-lycee\/a-la-decouverte-des-metiers-de-laeronautique\/#primaryimage\"},\"thumbnailUrl\":\"http:\/\/www.jeannedarc-figeac.fr\/college-lycee\/wp-content\/uploads\/sites\/5\/2019\/10\/Aeroscopia-300x226.jpg\",\"datePublished\":\"2019-10-08T08:42:13+00:00\",\"dateModified\":\"2019-10-08T08:42:18+00:00\",\"author\":{\"@id\":\"https:\/\/www.jeannedarc-figeac.fr\/college-lycee\/#\/schema\/person\/29e5764f28e895dc8bf41d4468f99154\"},\"description\":\"Le vendredi 27 septembre, les \u00e9l\u00e8ves de terminale S et de l\u2019enseignement de sp\u00e9cialit\u00e9 physique-chimie de 1\u00e8re ont \u00e9t\u00e9 invit\u00e9s au salon des formations et\",\"breadcrumb\":{\"@id\":\"https:\/\/www.jeannedarc-figeac.fr\/college-lycee\/a-la-decouverte-des-metiers-de-laeronautique\/#breadcrumb\"},\"inLanguage\":\"fr-FR\",\"potentialAction\":[{\"@type\":\"ReadAction\",\"target\":[\"https:\/\/www.jeannedarc-figeac.fr\/college-lycee\/a-la-decouverte-des-metiers-de-laeronautique\/\"]}]},{\"@type\":\"ImageObject\",\"inLanguage\":\"fr-FR\",\"@id\":\"https:\/\/www.jeannedarc-figeac.fr\/college-lycee\/a-la-decouverte-des-metiers-de-laeronautique\/#primaryimage\",\"url\":\"https:\/\/i0.wp.com\/www.jeannedarc-figeac.fr\/college-lycee\/wp-content\/uploads\/sites\/5\/2019\/10\/Aeroscopia.jpg?fit=3424%2C2580&ssl=1\",\"contentUrl\":\"https:\/\/i0.wp.com\/www.jeannedarc-figeac.fr\/college-lycee\/wp-content\/uploads\/sites\/5\/2019\/10\/Aeroscopia.jpg?fit=3424%2C2580&ssl=1\",\"width\":3424,\"height\":2580},{\"@type\":\"BreadcrumbList\",\"@id\":\"https:\/\/www.jeannedarc-figeac.fr\/college-lycee\/a-la-decouverte-des-metiers-de-laeronautique\/#breadcrumb\",\"itemListElement\":[{\"@type\":\"ListItem\",\"position\":1,\"name\":\"Accueil\",\"item\":\"https:\/\/www.jeannedarc-figeac.fr\/college-lycee\/\"},{\"@type\":\"ListItem\",\"position\":2,\"name\":\"Actus\",\"item\":\"http:\/\/www.jeannedarc-figeac.fr\/college-lycee\/cat\/actus\/\"},{\"@type\":\"ListItem\",\"position\":3,\"name\":\"A la d\u00e9couverte des m\u00e9tiers de l\u2019a\u00e9ronautique\"}]},{\"@type\":\"WebSite\",\"@id\":\"https:\/\/www.jeannedarc-figeac.fr\/college-lycee\/#website\",\"url\":\"https:\/\/www.jeannedarc-figeac.fr\/college-lycee\/\",\"name\":\"Coll\u00e8ge et Lyc\u00e9e Jeanne d&#039;Arc\",\"description\":\"Jeanne d&#039;Arc Figeac\",\"potentialAction\":[{\"@type\":\"SearchAction\",\"target\":{\"@type\":\"EntryPoint\",\"urlTemplate\":\"https:\/\/www.jeannedarc-figeac.fr\/college-lycee\/?s={search_term_string}\"},\"query-input\":{\"@type\":\"PropertyValueSpecification\",\"valueRequired\":true,\"valueName\":\"search_term_string\"}}],\"inLanguage\":\"fr-FR\"},{\"@type\":\"Person\",\"@id\":\"https:\/\/www.jeannedarc-figeac.fr\/college-lycee\/#\/schema\/person\/29e5764f28e895dc8bf41d4468f99154\",\"name\":\"le secr\u00e9tariat\",\"image\":{\"@type\":\"ImageObject\",\"inLanguage\":\"fr-FR\",\"@id\":\"https:\/\/www.jeannedarc-figeac.fr\/college-lycee\/#\/schema\/person\/image\/\",\"url\":\"https:\/\/www.jeannedarc-figeac.fr\/college-lycee\/wp-content\/litespeed\/avatar\/5\/b7e8da60f53ba4adc9e9e66d91d84580.jpg?ver=1776943645\",\"contentUrl\":\"https:\/\/www.jeannedarc-figeac.fr\/college-lycee\/wp-content\/litespeed\/avatar\/5\/b7e8da60f53ba4adc9e9e66d91d84580.jpg?ver=1776943645\",\"caption\":\"le secr\u00e9tariat\"},\"url\":\"https:\/\/www.jeannedarc-figeac.fr\/college-lycee\/author\/arlette\/\"}]}<\/script>\n<!-- \/ Yoast SEO plugin. -->","yoast_head_json":{"title":"A la d\u00e9couverte des m\u00e9tiers de l\u2019a\u00e9ronautique","description":"Le vendredi 27 septembre, les \u00e9l\u00e8ves de terminale S et de l\u2019enseignement de sp\u00e9cialit\u00e9 physique-chimie de 1\u00e8re ont \u00e9t\u00e9 invit\u00e9s au salon des formations et","robots":{"index":"index","follow":"follow","max-snippet":"max-snippet:-1","max-image-preview":"max-image-preview:large","max-video-preview":"max-video-preview:-1"},"canonical":"https:\/\/www.jeannedarc-figeac.fr\/college-lycee\/a-la-decouverte-des-metiers-de-laeronautique\/","og_locale":"fr_FR","og_type":"article","og_title":"A la d\u00e9couverte des m\u00e9tiers de l\u2019a\u00e9ronautique","og_description":"Le vendredi 27 septembre, les \u00e9l\u00e8ves de terminale S et de l\u2019enseignement de sp\u00e9cialit\u00e9 physique-chimie de 1\u00e8re ont \u00e9t\u00e9 invit\u00e9s au salon des formations et","og_url":"https:\/\/www.jeannedarc-figeac.fr\/college-lycee\/a-la-decouverte-des-metiers-de-laeronautique\/","og_site_name":"Coll\u00e8ge et Lyc\u00e9e Jeanne d&#039;Arc","article_published_time":"2019-10-08T08:42:13+00:00","article_modified_time":"2019-10-08T08:42:18+00:00","og_image":[{"url":"http:\/\/www.jeannedarc-figeac.fr\/college-lycee\/wp-content\/uploads\/sites\/5\/2019\/10\/Aeroscopia-300x226.jpg","type":"","width":"","height":""}],"author":"le secr\u00e9tariat","schema":{"@context":"https:\/\/schema.org","@graph":[{"@type":"WebPage","@id":"https:\/\/www.jeannedarc-figeac.fr\/college-lycee\/a-la-decouverte-des-metiers-de-laeronautique\/","url":"https:\/\/www.jeannedarc-figeac.fr\/college-lycee\/a-la-decouverte-des-metiers-de-laeronautique\/","name":"A la d\u00e9couverte des m\u00e9tiers de l\u2019a\u00e9ronautique","isPartOf":{"@id":"https:\/\/www.jeannedarc-figeac.fr\/college-lycee\/#website"},"primaryImageOfPage":{"@id":"https:\/\/www.jeannedarc-figeac.fr\/college-lycee\/a-la-decouverte-des-metiers-de-laeronautique\/#primaryimage"},"image":{"@id":"https:\/\/www.jeannedarc-figeac.fr\/college-lycee\/a-la-decouverte-des-metiers-de-laeronautique\/#primaryimage"},"thumbnailUrl":"http:\/\/www.jeannedarc-figeac.fr\/college-lycee\/wp-content\/uploads\/sites\/5\/2019\/10\/Aeroscopia-300x226.jpg","datePublished":"2019-10-08T08:42:13+00:00","dateModified":"2019-10-08T08:42:18+00:00","author":{"@id":"https:\/\/www.jeannedarc-figeac.fr\/college-lycee\/#\/schema\/person\/29e5764f28e895dc8bf41d4468f99154"},"description":"Le vendredi 27 septembre, les \u00e9l\u00e8ves de terminale S et de l\u2019enseignement de sp\u00e9cialit\u00e9 physique-chimie de 1\u00e8re ont \u00e9t\u00e9 invit\u00e9s au salon des formations et","breadcrumb":{"@id":"https:\/\/www.jeannedarc-figeac.fr\/college-lycee\/a-la-decouverte-des-metiers-de-laeronautique\/#breadcrumb"},"inLanguage":"fr-FR","potentialAction":[{"@type":"ReadAction","target":["https:\/\/www.jeannedarc-figeac.fr\/college-lycee\/a-la-decouverte-des-metiers-de-laeronautique\/"]}]},{"@type":"ImageObject","inLanguage":"fr-FR","@id":"https:\/\/www.jeannedarc-figeac.fr\/college-lycee\/a-la-decouverte-des-metiers-de-laeronautique\/#primaryimage","url":"https:\/\/i0.wp.com\/www.jeannedarc-figeac.fr\/college-lycee\/wp-content\/uploads\/sites\/5\/2019\/10\/Aeroscopia.jpg?fit=3424%2C2580&ssl=1","contentUrl":"https:\/\/i0.wp.com\/www.jeannedarc-figeac.fr\/college-lycee\/wp-content\/uploads\/sites\/5\/2019\/10\/Aeroscopia.jpg?fit=3424%2C2580&ssl=1","width":3424,"height":2580},{"@type":"BreadcrumbList","@id":"https:\/\/www.jeannedarc-figeac.fr\/college-lycee\/a-la-decouverte-des-metiers-de-laeronautique\/#breadcrumb","itemListElement":[{"@type":"ListItem","position":1,"name":"Accueil","item":"https:\/\/www.jeannedarc-figeac.fr\/college-lycee\/"},{"@type":"ListItem","position":2,"name":"Actus","item":"http:\/\/www.jeannedarc-figeac.fr\/college-lycee\/cat\/actus\/"},{"@type":"ListItem","position":3,"name":"A la d\u00e9couverte des m\u00e9tiers de l\u2019a\u00e9ronautique"}]},{"@type":"WebSite","@id":"https:\/\/www.jeannedarc-figeac.fr\/college-lycee\/#website","url":"https:\/\/www.jeannedarc-figeac.fr\/college-lycee\/","name":"Coll\u00e8ge et Lyc\u00e9e Jeanne d&#039;Arc","description":"Jeanne d&#039;Arc Figeac","potentialAction":[{"@type":"SearchAction","target":{"@type":"EntryPoint","urlTemplate":"https:\/\/www.jeannedarc-figeac.fr\/college-lycee\/?s={search_term_string}"},"query-input":{"@type":"PropertyValueSpecification","valueRequired":true,"valueName":"search_term_string"}}],"inLanguage":"fr-FR"},{"@type":"Person","@id":"https:\/\/www.jeannedarc-figeac.fr\/college-lycee\/#\/schema\/person\/29e5764f28e895dc8bf41d4468f99154","name":"le secr\u00e9tariat","image":{"@type":"ImageObject","inLanguage":"fr-FR","@id":"https:\/\/www.jeannedarc-figeac.fr\/college-lycee\/#\/schema\/person\/image\/","url":"https:\/\/www.jeannedarc-figeac.fr\/college-lycee\/wp-content\/litespeed\/avatar\/5\/b7e8da60f53ba4adc9e9e66d91d84580.jpg?ver=1776943645","contentUrl":"https:\/\/www.jeannedarc-figeac.fr\/college-lycee\/wp-content\/litespeed\/avatar\/5\/b7e8da60f53ba4adc9e9e66d91d84580.jpg?ver=1776943645","caption":"le secr\u00e9tariat"},"url":"https:\/\/www.jeannedarc-figeac.fr\/college-lycee\/author\/arlette\/"}]}},"jetpack_featured_media_url":"","jetpack_sharing_enabled":true,"jetpack_shortlink":"https:\/\/wp.me\/p5Qyb6-OY","_links":{"self":[{"href":"https:\/\/www.jeannedarc-figeac.fr\/college-lycee\/wp-json\/wp\/v2\/posts\/3160","targetHints":{"allow":["GET"]}}],"collection":[{"href":"https:\/\/www.jeannedarc-figeac.fr\/college-lycee\/wp-json\/wp\/v2\/posts"}],"about":[{"href":"https:\/\/www.jeannedarc-figeac.fr\/college-lycee\/wp-json\/wp\/v2\/types\/post"}],"author":[{"embeddable":true,"href":"https:\/\/www.jeannedarc-figeac.fr\/college-lycee\/wp-json\/wp\/v2\/users\/12"}],"replies":[{"embeddable":true,"href":"https:\/\/www.jeannedarc-figeac.fr\/college-lycee\/wp-json\/wp\/v2\/comments?post=3160"}],"version-history":[{"count":1,"href":"https:\/\/www.jeannedarc-figeac.fr\/college-lycee\/wp-json\/wp\/v2\/posts\/3160\/revisions"}],"predecessor-version":[{"id":3162,"href":"https:\/\/www.jeannedarc-figeac.fr\/college-lycee\/wp-json\/wp\/v2\/posts\/3160\/revisions\/3162"}],"wp:attachment":[{"href":"https:\/\/www.jeannedarc-figeac.fr\/college-lycee\/wp-json\/wp\/v2\/media?parent=3160"}],"wp:term":[{"taxonomy":"category","embeddable":true,"href":"https:\/\/www.jeannedarc-figeac.fr\/college-lycee\/wp-json\/wp\/v2\/categories?post=3160"},{"taxonomy":"post_tag","embeddable":true,"href":"https:\/\/www.jeannedarc-figeac.fr\/college-lycee\/wp-json\/wp\/v2\/tags?post=3160"}],"curies":[{"name":"wp","href":"https:\/\/api.w.org\/{rel}","templated":true}]}}