{"id":3146,"date":"2019-09-16T14:30:44","date_gmt":"2019-09-16T14:30:44","guid":{"rendered":"http:\/\/www.jeannedarc-figeac.fr\/college-lycee\/?p=3146"},"modified":"2019-09-17T10:01:45","modified_gmt":"2019-09-17T10:01:45","slug":"journee-dintegration-des-2nde-gtp-et-cap1-a-la-decouverte-du-patrimoine-de-villefranche-de-rouergue","status":"publish","type":"post","link":"https:\/\/www.jeannedarc-figeac.fr\/college-lycee\/journee-dintegration-des-2nde-gtp-et-cap1-a-la-decouverte-du-patrimoine-de-villefranche-de-rouergue\/","title":{"rendered":"JOURNEE D\u2019INTEGRATION DES 2nde GTP et CAP1 A LA DECOUVERTE DU PATRIMOINE DE VILLEFRANCHE DE ROUERGUE"},"content":{"rendered":"\n<figure class=\"wp-block-image\"><img data-recalc-dims=\"1\" loading=\"lazy\" decoding=\"async\" width=\"300\" height=\"169\" src=\"https:\/\/i0.wp.com\/www.jeannedarc-figeac.fr\/college-lycee\/wp-content\/uploads\/sites\/5\/2019\/09\/sortie-2nde-3-BIS.jpg?resize=300%2C169\" alt=\"\" class=\"wp-image-3147\" srcset=\"https:\/\/i0.wp.com\/www.jeannedarc-figeac.fr\/college-lycee\/wp-content\/uploads\/sites\/5\/2019\/09\/sortie-2nde-3-BIS.jpg?resize=300%2C169&amp;ssl=1 300w, https:\/\/i0.wp.com\/www.jeannedarc-figeac.fr\/college-lycee\/wp-content\/uploads\/sites\/5\/2019\/09\/sortie-2nde-3-BIS.jpg?resize=768%2C432&amp;ssl=1 768w, https:\/\/i0.wp.com\/www.jeannedarc-figeac.fr\/college-lycee\/wp-content\/uploads\/sites\/5\/2019\/09\/sortie-2nde-3-BIS.jpg?resize=1024%2C576&amp;ssl=1 1024w, https:\/\/i0.wp.com\/www.jeannedarc-figeac.fr\/college-lycee\/wp-content\/uploads\/sites\/5\/2019\/09\/sortie-2nde-3-BIS.jpg?resize=1080%2C608&amp;ssl=1 1080w, https:\/\/i0.wp.com\/www.jeannedarc-figeac.fr\/college-lycee\/wp-content\/uploads\/sites\/5\/2019\/09\/sortie-2nde-3-BIS.jpg?w=1600&amp;ssl=1 1600w\" sizes=\"(max-width: 300px) 100vw, 300px\" \/><\/figure>\n\n\n\n<p>Ce lundi 9 septembre, l&rsquo;ensemble des lyc\u00e9ens des classes de 2<sup>nd<\/sup> g\u00e9n\u00e9rale, technologique, professionnelle et CAP 1\u00e8re ann\u00e9e, a effectu\u00e9 une journ\u00e9e d&rsquo;int\u00e9gration \u00e0 Villefranche de Rouergue. L&rsquo;objectif est de cr\u00e9er du lien entre les \u00e9l\u00e8ves des diff\u00e9rentes fili\u00e8res et d&rsquo;impulser une dynamique positive pour lancer l&rsquo;ann\u00e9e scolaire. La journ\u00e9e a \u00e9t\u00e9 riche en d\u00e9couverte\u00a0:<\/p>\n\n\n\n<ul class=\"wp-block-list\"><li>un reportage photo a permis d&rsquo;identifier les caract\u00e9ristiques architecturales d&rsquo;une Bastide,<\/li><li>l&rsquo;ascension du clocher de la Coll\u00e9giale a \u00e9t\u00e9 l&rsquo;occasion de rencontrer le carillonneur et de s&rsquo;essayer au maniement du carillon,<\/li><li>la visite de la Chartreuse s&rsquo;est d\u00e9roul\u00e9e dans le cadre d&rsquo;un jeu d&rsquo;\u00e9nigme.<\/li><\/ul>\n\n\n\n<p>Enfin les lyc\u00e9ens ont \u00e9t\u00e9 re\u00e7us \u00e0 la Congr\u00e9gation de la Sainte Famille, cr\u00e9\u00e9e par Sainte Emilie de Rodat, fondatrice de nombreuses \u00e9coles, dont l&rsquo;ensemble scolaire Jeanne d&rsquo;Arc Figeac. Les jeunes ont pu ainsi mieux conna\u00eetre l\u2019\u0153uvre de cette sainte qui a consacr\u00e9 sa vie \u00e0 l&rsquo;enseignement dans la bienveillance et l&rsquo;accueil de chacun dans sa diversit\u00e9. Des valeurs toujours au centre du projet d&rsquo;\u00e9tablissement de l&rsquo;ensemble scolaire Jeanne d&rsquo;Arc qui axe cette ann\u00e9e scolaire sous le signe de la discipline positive.<\/p>\n","protected":false},"excerpt":{"rendered":"<p>Ce lundi 9 septembre, l&rsquo;ensemble des lyc\u00e9ens des classes de 2nd g\u00e9n\u00e9rale, technologique, professionnelle et CAP 1\u00e8re ann\u00e9e, a effectu\u00e9 une journ\u00e9e d&rsquo;int\u00e9gration \u00e0 Villefranche de Rouergue. L&rsquo;objectif est de cr\u00e9er du lien entre les \u00e9l\u00e8ves des diff\u00e9rentes fili\u00e8res et d&rsquo;impulser une dynamique positive pour lancer l&rsquo;ann\u00e9e scolaire. La journ\u00e9e a \u00e9t\u00e9 riche en d\u00e9couverte\u00a0: [&hellip;]<\/p>\n","protected":false},"author":12,"featured_media":0,"comment_status":"closed","ping_status":"open","sticky":false,"template":"","format":"standard","meta":{"_et_pb_use_builder":"","_et_pb_old_content":"","_et_gb_content_width":"","_jetpack_newsletter_access":"","_jetpack_dont_email_post_to_subs":false,"_jetpack_newsletter_tier_id":0,"_jetpack_memberships_contains_paywalled_content":false,"iawp_total_views":2,"_jetpack_memberships_contains_paid_content":false,"footnotes":""},"categories":[28],"tags":[],"class_list":["post-3146","post","type-post","status-publish","format-standard","hentry","category-actus"],"yoast_head":"<!-- This site is optimized with the Yoast SEO plugin v26.0 - https:\/\/yoast.com\/wordpress\/plugins\/seo\/ -->\n<title>JOURNEE D\u2019INTEGRATION DES 2nde GTP et CAP1 A LA DECOUVERTE DU PATRIMOINE DE VILLEFRANCHE DE ROUERGUE<\/title>\n<meta name=\"description\" content=\"Ce lundi 9 septembre, l&#039;ensemble des lyc\u00e9ens des classes de 2nd g\u00e9n\u00e9rale, technologique, professionnelle et CAP 1\u00e8re ann\u00e9e, a effectu\u00e9 une journ\u00e9e\" \/>\n<meta name=\"robots\" content=\"index, follow, max-snippet:-1, max-image-preview:large, max-video-preview:-1\" \/>\n<link rel=\"canonical\" href=\"http:\/\/www.jeannedarc-figeac.fr\/college-lycee\/journee-dintegration-des-2nde-gtp-et-cap1-a-la-decouverte-du-patrimoine-de-villefranche-de-rouergue\/\" \/>\n<meta property=\"og:locale\" content=\"fr_FR\" \/>\n<meta property=\"og:type\" content=\"article\" \/>\n<meta property=\"og:title\" content=\"JOURNEE D\u2019INTEGRATION DES 2nde GTP et CAP1 A LA DECOUVERTE DU PATRIMOINE DE VILLEFRANCHE DE ROUERGUE\" \/>\n<meta property=\"og:description\" content=\"Ce lundi 9 septembre, l&#039;ensemble des lyc\u00e9ens des classes de 2nd g\u00e9n\u00e9rale, technologique, professionnelle et CAP 1\u00e8re ann\u00e9e, a effectu\u00e9 une journ\u00e9e\" \/>\n<meta property=\"og:url\" content=\"http:\/\/www.jeannedarc-figeac.fr\/college-lycee\/journee-dintegration-des-2nde-gtp-et-cap1-a-la-decouverte-du-patrimoine-de-villefranche-de-rouergue\/\" \/>\n<meta property=\"og:site_name\" content=\"Coll\u00e8ge et Lyc\u00e9e Jeanne d&#039;Arc\" \/>\n<meta property=\"article:published_time\" content=\"2019-09-16T14:30:44+00:00\" \/>\n<meta property=\"article:modified_time\" content=\"2019-09-17T10:01:45+00:00\" \/>\n<meta property=\"og:image\" content=\"http:\/\/www.jeannedarc-figeac.fr\/college-lycee\/wp-content\/uploads\/sites\/5\/2019\/09\/sortie-2nde-3-BIS-300x169.jpg\" \/>\n<meta name=\"author\" content=\"le secr\u00e9tariat\" \/>\n<script type=\"application\/ld+json\" class=\"yoast-schema-graph\">{\"@context\":\"https:\/\/schema.org\",\"@graph\":[{\"@type\":\"WebPage\",\"@id\":\"http:\/\/www.jeannedarc-figeac.fr\/college-lycee\/journee-dintegration-des-2nde-gtp-et-cap1-a-la-decouverte-du-patrimoine-de-villefranche-de-rouergue\/\",\"url\":\"http:\/\/www.jeannedarc-figeac.fr\/college-lycee\/journee-dintegration-des-2nde-gtp-et-cap1-a-la-decouverte-du-patrimoine-de-villefranche-de-rouergue\/\",\"name\":\"JOURNEE D\u2019INTEGRATION DES 2nde GTP et CAP1 A LA DECOUVERTE DU PATRIMOINE DE VILLEFRANCHE DE ROUERGUE\",\"isPartOf\":{\"@id\":\"https:\/\/www.jeannedarc-figeac.fr\/college-lycee\/#website\"},\"primaryImageOfPage\":{\"@id\":\"http:\/\/www.jeannedarc-figeac.fr\/college-lycee\/journee-dintegration-des-2nde-gtp-et-cap1-a-la-decouverte-du-patrimoine-de-villefranche-de-rouergue\/#primaryimage\"},\"image\":{\"@id\":\"http:\/\/www.jeannedarc-figeac.fr\/college-lycee\/journee-dintegration-des-2nde-gtp-et-cap1-a-la-decouverte-du-patrimoine-de-villefranche-de-rouergue\/#primaryimage\"},\"thumbnailUrl\":\"http:\/\/www.jeannedarc-figeac.fr\/college-lycee\/wp-content\/uploads\/sites\/5\/2019\/09\/sortie-2nde-3-BIS-300x169.jpg\",\"datePublished\":\"2019-09-16T14:30:44+00:00\",\"dateModified\":\"2019-09-17T10:01:45+00:00\",\"author\":{\"@id\":\"https:\/\/www.jeannedarc-figeac.fr\/college-lycee\/#\/schema\/person\/29e5764f28e895dc8bf41d4468f99154\"},\"description\":\"Ce lundi 9 septembre, l'ensemble des lyc\u00e9ens des classes de 2nd g\u00e9n\u00e9rale, technologique, professionnelle et CAP 1\u00e8re ann\u00e9e, a effectu\u00e9 une journ\u00e9e\",\"breadcrumb\":{\"@id\":\"http:\/\/www.jeannedarc-figeac.fr\/college-lycee\/journee-dintegration-des-2nde-gtp-et-cap1-a-la-decouverte-du-patrimoine-de-villefranche-de-rouergue\/#breadcrumb\"},\"inLanguage\":\"fr-FR\",\"potentialAction\":[{\"@type\":\"ReadAction\",\"target\":[\"http:\/\/www.jeannedarc-figeac.fr\/college-lycee\/journee-dintegration-des-2nde-gtp-et-cap1-a-la-decouverte-du-patrimoine-de-villefranche-de-rouergue\/\"]}]},{\"@type\":\"ImageObject\",\"inLanguage\":\"fr-FR\",\"@id\":\"http:\/\/www.jeannedarc-figeac.fr\/college-lycee\/journee-dintegration-des-2nde-gtp-et-cap1-a-la-decouverte-du-patrimoine-de-villefranche-de-rouergue\/#primaryimage\",\"url\":\"https:\/\/i0.wp.com\/www.jeannedarc-figeac.fr\/college-lycee\/wp-content\/uploads\/sites\/5\/2019\/09\/sortie-2nde-3-BIS.jpg?fit=1600%2C900&ssl=1\",\"contentUrl\":\"https:\/\/i0.wp.com\/www.jeannedarc-figeac.fr\/college-lycee\/wp-content\/uploads\/sites\/5\/2019\/09\/sortie-2nde-3-BIS.jpg?fit=1600%2C900&ssl=1\",\"width\":1600,\"height\":900},{\"@type\":\"BreadcrumbList\",\"@id\":\"http:\/\/www.jeannedarc-figeac.fr\/college-lycee\/journee-dintegration-des-2nde-gtp-et-cap1-a-la-decouverte-du-patrimoine-de-villefranche-de-rouergue\/#breadcrumb\",\"itemListElement\":[{\"@type\":\"ListItem\",\"position\":1,\"name\":\"Accueil\",\"item\":\"https:\/\/www.jeannedarc-figeac.fr\/college-lycee\/\"},{\"@type\":\"ListItem\",\"position\":2,\"name\":\"Actus\",\"item\":\"http:\/\/www.jeannedarc-figeac.fr\/college-lycee\/cat\/actus\/\"},{\"@type\":\"ListItem\",\"position\":3,\"name\":\"JOURNEE D\u2019INTEGRATION DES 2nde GTP et CAP1 A LA DECOUVERTE DU PATRIMOINE DE VILLEFRANCHE DE ROUERGUE\"}]},{\"@type\":\"WebSite\",\"@id\":\"https:\/\/www.jeannedarc-figeac.fr\/college-lycee\/#website\",\"url\":\"https:\/\/www.jeannedarc-figeac.fr\/college-lycee\/\",\"name\":\"Coll\u00e8ge et Lyc\u00e9e Jeanne d&#039;Arc\",\"description\":\"Jeanne d&#039;Arc Figeac\",\"potentialAction\":[{\"@type\":\"SearchAction\",\"target\":{\"@type\":\"EntryPoint\",\"urlTemplate\":\"https:\/\/www.jeannedarc-figeac.fr\/college-lycee\/?s={search_term_string}\"},\"query-input\":{\"@type\":\"PropertyValueSpecification\",\"valueRequired\":true,\"valueName\":\"search_term_string\"}}],\"inLanguage\":\"fr-FR\"},{\"@type\":\"Person\",\"@id\":\"https:\/\/www.jeannedarc-figeac.fr\/college-lycee\/#\/schema\/person\/29e5764f28e895dc8bf41d4468f99154\",\"name\":\"le secr\u00e9tariat\",\"image\":{\"@type\":\"ImageObject\",\"inLanguage\":\"fr-FR\",\"@id\":\"https:\/\/www.jeannedarc-figeac.fr\/college-lycee\/#\/schema\/person\/image\/\",\"url\":\"https:\/\/www.jeannedarc-figeac.fr\/college-lycee\/wp-content\/litespeed\/avatar\/5\/b7e8da60f53ba4adc9e9e66d91d84580.jpg?ver=1777548714\",\"contentUrl\":\"https:\/\/www.jeannedarc-figeac.fr\/college-lycee\/wp-content\/litespeed\/avatar\/5\/b7e8da60f53ba4adc9e9e66d91d84580.jpg?ver=1777548714\",\"caption\":\"le secr\u00e9tariat\"},\"url\":\"https:\/\/www.jeannedarc-figeac.fr\/college-lycee\/author\/arlette\/\"}]}<\/script>\n<!-- \/ Yoast SEO plugin. -->","yoast_head_json":{"title":"JOURNEE D\u2019INTEGRATION DES 2nde GTP et CAP1 A LA DECOUVERTE DU PATRIMOINE DE VILLEFRANCHE DE ROUERGUE","description":"Ce lundi 9 septembre, l'ensemble des lyc\u00e9ens des classes de 2nd g\u00e9n\u00e9rale, technologique, professionnelle et CAP 1\u00e8re ann\u00e9e, a effectu\u00e9 une journ\u00e9e","robots":{"index":"index","follow":"follow","max-snippet":"max-snippet:-1","max-image-preview":"max-image-preview:large","max-video-preview":"max-video-preview:-1"},"canonical":"http:\/\/www.jeannedarc-figeac.fr\/college-lycee\/journee-dintegration-des-2nde-gtp-et-cap1-a-la-decouverte-du-patrimoine-de-villefranche-de-rouergue\/","og_locale":"fr_FR","og_type":"article","og_title":"JOURNEE D\u2019INTEGRATION DES 2nde GTP et CAP1 A LA DECOUVERTE DU PATRIMOINE DE VILLEFRANCHE DE ROUERGUE","og_description":"Ce lundi 9 septembre, l'ensemble des lyc\u00e9ens des classes de 2nd g\u00e9n\u00e9rale, technologique, professionnelle et CAP 1\u00e8re ann\u00e9e, a effectu\u00e9 une journ\u00e9e","og_url":"http:\/\/www.jeannedarc-figeac.fr\/college-lycee\/journee-dintegration-des-2nde-gtp-et-cap1-a-la-decouverte-du-patrimoine-de-villefranche-de-rouergue\/","og_site_name":"Coll\u00e8ge et Lyc\u00e9e Jeanne d&#039;Arc","article_published_time":"2019-09-16T14:30:44+00:00","article_modified_time":"2019-09-17T10:01:45+00:00","og_image":[{"url":"http:\/\/www.jeannedarc-figeac.fr\/college-lycee\/wp-content\/uploads\/sites\/5\/2019\/09\/sortie-2nde-3-BIS-300x169.jpg","type":"","width":"","height":""}],"author":"le secr\u00e9tariat","schema":{"@context":"https:\/\/schema.org","@graph":[{"@type":"WebPage","@id":"http:\/\/www.jeannedarc-figeac.fr\/college-lycee\/journee-dintegration-des-2nde-gtp-et-cap1-a-la-decouverte-du-patrimoine-de-villefranche-de-rouergue\/","url":"http:\/\/www.jeannedarc-figeac.fr\/college-lycee\/journee-dintegration-des-2nde-gtp-et-cap1-a-la-decouverte-du-patrimoine-de-villefranche-de-rouergue\/","name":"JOURNEE D\u2019INTEGRATION DES 2nde GTP et CAP1 A LA DECOUVERTE DU PATRIMOINE DE VILLEFRANCHE DE ROUERGUE","isPartOf":{"@id":"https:\/\/www.jeannedarc-figeac.fr\/college-lycee\/#website"},"primaryImageOfPage":{"@id":"http:\/\/www.jeannedarc-figeac.fr\/college-lycee\/journee-dintegration-des-2nde-gtp-et-cap1-a-la-decouverte-du-patrimoine-de-villefranche-de-rouergue\/#primaryimage"},"image":{"@id":"http:\/\/www.jeannedarc-figeac.fr\/college-lycee\/journee-dintegration-des-2nde-gtp-et-cap1-a-la-decouverte-du-patrimoine-de-villefranche-de-rouergue\/#primaryimage"},"thumbnailUrl":"http:\/\/www.jeannedarc-figeac.fr\/college-lycee\/wp-content\/uploads\/sites\/5\/2019\/09\/sortie-2nde-3-BIS-300x169.jpg","datePublished":"2019-09-16T14:30:44+00:00","dateModified":"2019-09-17T10:01:45+00:00","author":{"@id":"https:\/\/www.jeannedarc-figeac.fr\/college-lycee\/#\/schema\/person\/29e5764f28e895dc8bf41d4468f99154"},"description":"Ce lundi 9 septembre, l'ensemble des lyc\u00e9ens des classes de 2nd g\u00e9n\u00e9rale, technologique, professionnelle et CAP 1\u00e8re ann\u00e9e, a effectu\u00e9 une journ\u00e9e","breadcrumb":{"@id":"http:\/\/www.jeannedarc-figeac.fr\/college-lycee\/journee-dintegration-des-2nde-gtp-et-cap1-a-la-decouverte-du-patrimoine-de-villefranche-de-rouergue\/#breadcrumb"},"inLanguage":"fr-FR","potentialAction":[{"@type":"ReadAction","target":["http:\/\/www.jeannedarc-figeac.fr\/college-lycee\/journee-dintegration-des-2nde-gtp-et-cap1-a-la-decouverte-du-patrimoine-de-villefranche-de-rouergue\/"]}]},{"@type":"ImageObject","inLanguage":"fr-FR","@id":"http:\/\/www.jeannedarc-figeac.fr\/college-lycee\/journee-dintegration-des-2nde-gtp-et-cap1-a-la-decouverte-du-patrimoine-de-villefranche-de-rouergue\/#primaryimage","url":"https:\/\/i0.wp.com\/www.jeannedarc-figeac.fr\/college-lycee\/wp-content\/uploads\/sites\/5\/2019\/09\/sortie-2nde-3-BIS.jpg?fit=1600%2C900&ssl=1","contentUrl":"https:\/\/i0.wp.com\/www.jeannedarc-figeac.fr\/college-lycee\/wp-content\/uploads\/sites\/5\/2019\/09\/sortie-2nde-3-BIS.jpg?fit=1600%2C900&ssl=1","width":1600,"height":900},{"@type":"BreadcrumbList","@id":"http:\/\/www.jeannedarc-figeac.fr\/college-lycee\/journee-dintegration-des-2nde-gtp-et-cap1-a-la-decouverte-du-patrimoine-de-villefranche-de-rouergue\/#breadcrumb","itemListElement":[{"@type":"ListItem","position":1,"name":"Accueil","item":"https:\/\/www.jeannedarc-figeac.fr\/college-lycee\/"},{"@type":"ListItem","position":2,"name":"Actus","item":"http:\/\/www.jeannedarc-figeac.fr\/college-lycee\/cat\/actus\/"},{"@type":"ListItem","position":3,"name":"JOURNEE D\u2019INTEGRATION DES 2nde GTP et CAP1 A LA DECOUVERTE DU PATRIMOINE DE VILLEFRANCHE DE ROUERGUE"}]},{"@type":"WebSite","@id":"https:\/\/www.jeannedarc-figeac.fr\/college-lycee\/#website","url":"https:\/\/www.jeannedarc-figeac.fr\/college-lycee\/","name":"Coll\u00e8ge et Lyc\u00e9e Jeanne d&#039;Arc","description":"Jeanne d&#039;Arc Figeac","potentialAction":[{"@type":"SearchAction","target":{"@type":"EntryPoint","urlTemplate":"https:\/\/www.jeannedarc-figeac.fr\/college-lycee\/?s={search_term_string}"},"query-input":{"@type":"PropertyValueSpecification","valueRequired":true,"valueName":"search_term_string"}}],"inLanguage":"fr-FR"},{"@type":"Person","@id":"https:\/\/www.jeannedarc-figeac.fr\/college-lycee\/#\/schema\/person\/29e5764f28e895dc8bf41d4468f99154","name":"le secr\u00e9tariat","image":{"@type":"ImageObject","inLanguage":"fr-FR","@id":"https:\/\/www.jeannedarc-figeac.fr\/college-lycee\/#\/schema\/person\/image\/","url":"https:\/\/www.jeannedarc-figeac.fr\/college-lycee\/wp-content\/litespeed\/avatar\/5\/b7e8da60f53ba4adc9e9e66d91d84580.jpg?ver=1777548714","contentUrl":"https:\/\/www.jeannedarc-figeac.fr\/college-lycee\/wp-content\/litespeed\/avatar\/5\/b7e8da60f53ba4adc9e9e66d91d84580.jpg?ver=1777548714","caption":"le secr\u00e9tariat"},"url":"https:\/\/www.jeannedarc-figeac.fr\/college-lycee\/author\/arlette\/"}]}},"jetpack_featured_media_url":"","jetpack_sharing_enabled":true,"jetpack_shortlink":"https:\/\/wp.me\/p5Qyb6-OK","_links":{"self":[{"href":"https:\/\/www.jeannedarc-figeac.fr\/college-lycee\/wp-json\/wp\/v2\/posts\/3146","targetHints":{"allow":["GET"]}}],"collection":[{"href":"https:\/\/www.jeannedarc-figeac.fr\/college-lycee\/wp-json\/wp\/v2\/posts"}],"about":[{"href":"https:\/\/www.jeannedarc-figeac.fr\/college-lycee\/wp-json\/wp\/v2\/types\/post"}],"author":[{"embeddable":true,"href":"https:\/\/www.jeannedarc-figeac.fr\/college-lycee\/wp-json\/wp\/v2\/users\/12"}],"replies":[{"embeddable":true,"href":"https:\/\/www.jeannedarc-figeac.fr\/college-lycee\/wp-json\/wp\/v2\/comments?post=3146"}],"version-history":[{"count":5,"href":"https:\/\/www.jeannedarc-figeac.fr\/college-lycee\/wp-json\/wp\/v2\/posts\/3146\/revisions"}],"predecessor-version":[{"id":3155,"href":"https:\/\/www.jeannedarc-figeac.fr\/college-lycee\/wp-json\/wp\/v2\/posts\/3146\/revisions\/3155"}],"wp:attachment":[{"href":"https:\/\/www.jeannedarc-figeac.fr\/college-lycee\/wp-json\/wp\/v2\/media?parent=3146"}],"wp:term":[{"taxonomy":"category","embeddable":true,"href":"https:\/\/www.jeannedarc-figeac.fr\/college-lycee\/wp-json\/wp\/v2\/categories?post=3146"},{"taxonomy":"post_tag","embeddable":true,"href":"https:\/\/www.jeannedarc-figeac.fr\/college-lycee\/wp-json\/wp\/v2\/tags?post=3146"}],"curies":[{"name":"wp","href":"https:\/\/api.w.org\/{rel}","templated":true}]}}