{"id":3082,"date":"2019-05-20T14:37:34","date_gmt":"2019-05-20T14:37:34","guid":{"rendered":"http:\/\/www.jeannedarc-figeac.fr\/college-lycee\/?p=3082"},"modified":"2019-05-20T14:37:39","modified_gmt":"2019-05-20T14:37:39","slug":"vice-champion-categorie-college","status":"publish","type":"post","link":"https:\/\/www.jeannedarc-figeac.fr\/college-lycee\/vice-champion-categorie-college\/","title":{"rendered":"Vice Champion cat\u00e9gorie Coll\u00e8ge"},"content":{"rendered":"\n<figure class=\"wp-block-image\"><img data-recalc-dims=\"1\" loading=\"lazy\" decoding=\"async\" width=\"1024\" height=\"498\" src=\"https:\/\/i0.wp.com\/www.jeannedarc-figeac.fr\/college-lycee\/wp-content\/uploads\/sites\/5\/2019\/05\/Resized_20190514_165634.jpg?resize=1024%2C498\" alt=\"\" class=\"wp-image-3083\" srcset=\"https:\/\/i0.wp.com\/www.jeannedarc-figeac.fr\/college-lycee\/wp-content\/uploads\/sites\/5\/2019\/05\/Resized_20190514_165634.jpg?resize=1024%2C498&amp;ssl=1 1024w, https:\/\/i0.wp.com\/www.jeannedarc-figeac.fr\/college-lycee\/wp-content\/uploads\/sites\/5\/2019\/05\/Resized_20190514_165634.jpg?resize=300%2C146&amp;ssl=1 300w, https:\/\/i0.wp.com\/www.jeannedarc-figeac.fr\/college-lycee\/wp-content\/uploads\/sites\/5\/2019\/05\/Resized_20190514_165634.jpg?resize=768%2C373&amp;ssl=1 768w, https:\/\/i0.wp.com\/www.jeannedarc-figeac.fr\/college-lycee\/wp-content\/uploads\/sites\/5\/2019\/05\/Resized_20190514_165634.jpg?resize=1080%2C525&amp;ssl=1 1080w, https:\/\/i0.wp.com\/www.jeannedarc-figeac.fr\/college-lycee\/wp-content\/uploads\/sites\/5\/2019\/05\/Resized_20190514_165634.jpg?w=1280&amp;ssl=1 1280w\" sizes=\"(max-width: 1024px) 100vw, 1024px\" \/><\/figure>\n\n\n\n<p>Mardi 14 Mai\ns\u2019est d\u00e9roul\u00e9 le Championnat R\u00e9gional des Mini Entreprises \u00e0 Toulouse.<\/p>\n\n\n\n<p>Nous avons \u00e9t\u00e9 re\u00e7us\nsur le site du Stade Ernest WALLON.<\/p>\n\n\n\n<p>Cette ann\u00e9e, sur\nce salon, 62 mini entreprises \u00e9taient pr\u00e9sentes accompagn\u00e9es de leurs\nenseignants, parrains et marraines.<\/p>\n\n\n\n<p>Tout au long de\nla journ\u00e9e, avec s\u00e9rieux et d\u00e9termination, nous avons pr\u00e9sent\u00e9 notre stand et\nsoutenu notre projet devant diff\u00e9rents jurys et visiteurs.<\/p>\n\n\n\n<p>Nous avons pass\u00e9\nune bonne journ\u00e9e, d\u2019autant plus que nous avons \u00e9t\u00e9 nomm\u00e9s VICE CHAMPION de la\ncat\u00e9gorie coll\u00e8ge.<\/p>\n\n\n\n<p><em>\u00ab&nbsp;Cette\nexp\u00e9rience nous a permis de&nbsp;:<\/em><\/p>\n\n\n\n<ul class=\"wp-block-list\"><li><em>D\u00e9couvrir\nle fonctionnement d\u2019une entreprise,<\/em><\/li><li><em>Am\u00e9liorer\nnotre compr\u00e9hension du monde \u00e9conomique,<\/em><\/li><li><em>D\u00e9velopper\nnos capacit\u00e9s \u00e0 travailler en \u00e9quipe et \u00e0 prendre la parole devant les autres,<\/em><\/li><li><em>Favoriser\nnos capacit\u00e9s \u00e0 prendre des d\u00e9cisions, des responsabilit\u00e9s et nous organiser,<\/em><\/li><li><em>Eveiller,\nstimuler et valoriser nos qualit\u00e9s personnelles (cr\u00e9ativit\u00e9, solidarit\u00e9,\nautonomie, esprit d\u2019initiative)&nbsp;\u00bb.<\/em><\/li><\/ul>\n\n\n\n<p>Les \u00e9l\u00e8ves de CAP 1<sup>\u00e8re<\/sup>\net 2<sup>i\u00e8me<\/sup> ann\u00e9e<\/p>\n","protected":false},"excerpt":{"rendered":"<p>Mardi 14 Mai s\u2019est d\u00e9roul\u00e9 le Championnat R\u00e9gional des Mini Entreprises \u00e0 Toulouse. Nous avons \u00e9t\u00e9 re\u00e7us sur le site du Stade Ernest WALLON. Cette ann\u00e9e, sur ce salon, 62 mini entreprises \u00e9taient pr\u00e9sentes accompagn\u00e9es de leurs enseignants, parrains et marraines. Tout au long de la journ\u00e9e, avec s\u00e9rieux et d\u00e9termination, nous avons pr\u00e9sent\u00e9 notre [&hellip;]<\/p>\n","protected":false},"author":12,"featured_media":0,"comment_status":"closed","ping_status":"open","sticky":false,"template":"","format":"standard","meta":{"_et_pb_use_builder":"","_et_pb_old_content":"","_et_gb_content_width":"","_jetpack_newsletter_access":"","_jetpack_dont_email_post_to_subs":false,"_jetpack_newsletter_tier_id":0,"_jetpack_memberships_contains_paywalled_content":false,"iawp_total_views":0,"_jetpack_memberships_contains_paid_content":false,"footnotes":""},"categories":[28],"tags":[],"class_list":["post-3082","post","type-post","status-publish","format-standard","hentry","category-actus"],"yoast_head":"<!-- This site is optimized with the Yoast SEO plugin v26.0 - https:\/\/yoast.com\/wordpress\/plugins\/seo\/ -->\n<title>Vice Champion cat\u00e9gorie Coll\u00e8ge<\/title>\n<meta name=\"description\" content=\"Mardi 14 Mai s\u2019est d\u00e9roul\u00e9 le Championnat R\u00e9gional des Mini Entreprises \u00e0 Toulouse. Nous avons \u00e9t\u00e9 re\u00e7us sur le site du Stade Ernest WALLON. Cette ann\u00e9e,\" \/>\n<meta name=\"robots\" content=\"index, follow, max-snippet:-1, max-image-preview:large, max-video-preview:-1\" \/>\n<link rel=\"canonical\" href=\"http:\/\/www.jeannedarc-figeac.fr\/college-lycee\/vice-champion-categorie-college\/\" \/>\n<meta property=\"og:locale\" content=\"fr_FR\" \/>\n<meta property=\"og:type\" content=\"article\" \/>\n<meta property=\"og:title\" content=\"Vice Champion cat\u00e9gorie Coll\u00e8ge\" \/>\n<meta property=\"og:description\" content=\"Mardi 14 Mai s\u2019est d\u00e9roul\u00e9 le Championnat R\u00e9gional des Mini Entreprises \u00e0 Toulouse. Nous avons \u00e9t\u00e9 re\u00e7us sur le site du Stade Ernest WALLON. Cette ann\u00e9e,\" \/>\n<meta property=\"og:url\" content=\"http:\/\/www.jeannedarc-figeac.fr\/college-lycee\/vice-champion-categorie-college\/\" \/>\n<meta property=\"og:site_name\" content=\"Coll\u00e8ge et Lyc\u00e9e Jeanne d&#039;Arc\" \/>\n<meta property=\"article:published_time\" content=\"2019-05-20T14:37:34+00:00\" \/>\n<meta property=\"article:modified_time\" content=\"2019-05-20T14:37:39+00:00\" \/>\n<meta property=\"og:image\" content=\"http:\/\/www.jeannedarc-figeac.fr\/college-lycee\/wp-content\/uploads\/sites\/5\/2019\/05\/Resized_20190514_165634-1024x498.jpg\" \/>\n<meta name=\"author\" content=\"le secr\u00e9tariat\" \/>\n<script type=\"application\/ld+json\" class=\"yoast-schema-graph\">{\"@context\":\"https:\/\/schema.org\",\"@graph\":[{\"@type\":\"WebPage\",\"@id\":\"http:\/\/www.jeannedarc-figeac.fr\/college-lycee\/vice-champion-categorie-college\/\",\"url\":\"http:\/\/www.jeannedarc-figeac.fr\/college-lycee\/vice-champion-categorie-college\/\",\"name\":\"Vice Champion cat\u00e9gorie Coll\u00e8ge\",\"isPartOf\":{\"@id\":\"https:\/\/www.jeannedarc-figeac.fr\/college-lycee\/#website\"},\"primaryImageOfPage\":{\"@id\":\"http:\/\/www.jeannedarc-figeac.fr\/college-lycee\/vice-champion-categorie-college\/#primaryimage\"},\"image\":{\"@id\":\"http:\/\/www.jeannedarc-figeac.fr\/college-lycee\/vice-champion-categorie-college\/#primaryimage\"},\"thumbnailUrl\":\"http:\/\/www.jeannedarc-figeac.fr\/college-lycee\/wp-content\/uploads\/sites\/5\/2019\/05\/Resized_20190514_165634-1024x498.jpg\",\"datePublished\":\"2019-05-20T14:37:34+00:00\",\"dateModified\":\"2019-05-20T14:37:39+00:00\",\"author\":{\"@id\":\"https:\/\/www.jeannedarc-figeac.fr\/college-lycee\/#\/schema\/person\/29e5764f28e895dc8bf41d4468f99154\"},\"description\":\"Mardi 14 Mai s\u2019est d\u00e9roul\u00e9 le Championnat R\u00e9gional des Mini Entreprises \u00e0 Toulouse. Nous avons \u00e9t\u00e9 re\u00e7us sur le site du Stade Ernest WALLON. Cette ann\u00e9e,\",\"breadcrumb\":{\"@id\":\"http:\/\/www.jeannedarc-figeac.fr\/college-lycee\/vice-champion-categorie-college\/#breadcrumb\"},\"inLanguage\":\"fr-FR\",\"potentialAction\":[{\"@type\":\"ReadAction\",\"target\":[\"http:\/\/www.jeannedarc-figeac.fr\/college-lycee\/vice-champion-categorie-college\/\"]}]},{\"@type\":\"ImageObject\",\"inLanguage\":\"fr-FR\",\"@id\":\"http:\/\/www.jeannedarc-figeac.fr\/college-lycee\/vice-champion-categorie-college\/#primaryimage\",\"url\":\"https:\/\/i0.wp.com\/www.jeannedarc-figeac.fr\/college-lycee\/wp-content\/uploads\/sites\/5\/2019\/05\/Resized_20190514_165634.jpg?fit=1280%2C622&ssl=1\",\"contentUrl\":\"https:\/\/i0.wp.com\/www.jeannedarc-figeac.fr\/college-lycee\/wp-content\/uploads\/sites\/5\/2019\/05\/Resized_20190514_165634.jpg?fit=1280%2C622&ssl=1\",\"width\":1280,\"height\":622},{\"@type\":\"BreadcrumbList\",\"@id\":\"http:\/\/www.jeannedarc-figeac.fr\/college-lycee\/vice-champion-categorie-college\/#breadcrumb\",\"itemListElement\":[{\"@type\":\"ListItem\",\"position\":1,\"name\":\"Accueil\",\"item\":\"https:\/\/www.jeannedarc-figeac.fr\/college-lycee\/\"},{\"@type\":\"ListItem\",\"position\":2,\"name\":\"Actus\",\"item\":\"http:\/\/www.jeannedarc-figeac.fr\/college-lycee\/cat\/actus\/\"},{\"@type\":\"ListItem\",\"position\":3,\"name\":\"Vice Champion cat\u00e9gorie Coll\u00e8ge\"}]},{\"@type\":\"WebSite\",\"@id\":\"https:\/\/www.jeannedarc-figeac.fr\/college-lycee\/#website\",\"url\":\"https:\/\/www.jeannedarc-figeac.fr\/college-lycee\/\",\"name\":\"Coll\u00e8ge et Lyc\u00e9e Jeanne d&#039;Arc\",\"description\":\"Jeanne d&#039;Arc Figeac\",\"potentialAction\":[{\"@type\":\"SearchAction\",\"target\":{\"@type\":\"EntryPoint\",\"urlTemplate\":\"https:\/\/www.jeannedarc-figeac.fr\/college-lycee\/?s={search_term_string}\"},\"query-input\":{\"@type\":\"PropertyValueSpecification\",\"valueRequired\":true,\"valueName\":\"search_term_string\"}}],\"inLanguage\":\"fr-FR\"},{\"@type\":\"Person\",\"@id\":\"https:\/\/www.jeannedarc-figeac.fr\/college-lycee\/#\/schema\/person\/29e5764f28e895dc8bf41d4468f99154\",\"name\":\"le secr\u00e9tariat\",\"image\":{\"@type\":\"ImageObject\",\"inLanguage\":\"fr-FR\",\"@id\":\"https:\/\/www.jeannedarc-figeac.fr\/college-lycee\/#\/schema\/person\/image\/\",\"url\":\"https:\/\/www.jeannedarc-figeac.fr\/college-lycee\/wp-content\/litespeed\/avatar\/5\/b7e8da60f53ba4adc9e9e66d91d84580.jpg?ver=1776943645\",\"contentUrl\":\"https:\/\/www.jeannedarc-figeac.fr\/college-lycee\/wp-content\/litespeed\/avatar\/5\/b7e8da60f53ba4adc9e9e66d91d84580.jpg?ver=1776943645\",\"caption\":\"le secr\u00e9tariat\"},\"url\":\"https:\/\/www.jeannedarc-figeac.fr\/college-lycee\/author\/arlette\/\"}]}<\/script>\n<!-- \/ Yoast SEO plugin. -->","yoast_head_json":{"title":"Vice Champion cat\u00e9gorie Coll\u00e8ge","description":"Mardi 14 Mai s\u2019est d\u00e9roul\u00e9 le Championnat R\u00e9gional des Mini Entreprises \u00e0 Toulouse. Nous avons \u00e9t\u00e9 re\u00e7us sur le site du Stade Ernest WALLON. Cette ann\u00e9e,","robots":{"index":"index","follow":"follow","max-snippet":"max-snippet:-1","max-image-preview":"max-image-preview:large","max-video-preview":"max-video-preview:-1"},"canonical":"http:\/\/www.jeannedarc-figeac.fr\/college-lycee\/vice-champion-categorie-college\/","og_locale":"fr_FR","og_type":"article","og_title":"Vice Champion cat\u00e9gorie Coll\u00e8ge","og_description":"Mardi 14 Mai s\u2019est d\u00e9roul\u00e9 le Championnat R\u00e9gional des Mini Entreprises \u00e0 Toulouse. Nous avons \u00e9t\u00e9 re\u00e7us sur le site du Stade Ernest WALLON. Cette ann\u00e9e,","og_url":"http:\/\/www.jeannedarc-figeac.fr\/college-lycee\/vice-champion-categorie-college\/","og_site_name":"Coll\u00e8ge et Lyc\u00e9e Jeanne d&#039;Arc","article_published_time":"2019-05-20T14:37:34+00:00","article_modified_time":"2019-05-20T14:37:39+00:00","og_image":[{"url":"http:\/\/www.jeannedarc-figeac.fr\/college-lycee\/wp-content\/uploads\/sites\/5\/2019\/05\/Resized_20190514_165634-1024x498.jpg","type":"","width":"","height":""}],"author":"le secr\u00e9tariat","schema":{"@context":"https:\/\/schema.org","@graph":[{"@type":"WebPage","@id":"http:\/\/www.jeannedarc-figeac.fr\/college-lycee\/vice-champion-categorie-college\/","url":"http:\/\/www.jeannedarc-figeac.fr\/college-lycee\/vice-champion-categorie-college\/","name":"Vice Champion cat\u00e9gorie Coll\u00e8ge","isPartOf":{"@id":"https:\/\/www.jeannedarc-figeac.fr\/college-lycee\/#website"},"primaryImageOfPage":{"@id":"http:\/\/www.jeannedarc-figeac.fr\/college-lycee\/vice-champion-categorie-college\/#primaryimage"},"image":{"@id":"http:\/\/www.jeannedarc-figeac.fr\/college-lycee\/vice-champion-categorie-college\/#primaryimage"},"thumbnailUrl":"http:\/\/www.jeannedarc-figeac.fr\/college-lycee\/wp-content\/uploads\/sites\/5\/2019\/05\/Resized_20190514_165634-1024x498.jpg","datePublished":"2019-05-20T14:37:34+00:00","dateModified":"2019-05-20T14:37:39+00:00","author":{"@id":"https:\/\/www.jeannedarc-figeac.fr\/college-lycee\/#\/schema\/person\/29e5764f28e895dc8bf41d4468f99154"},"description":"Mardi 14 Mai s\u2019est d\u00e9roul\u00e9 le Championnat R\u00e9gional des Mini Entreprises \u00e0 Toulouse. Nous avons \u00e9t\u00e9 re\u00e7us sur le site du Stade Ernest WALLON. Cette ann\u00e9e,","breadcrumb":{"@id":"http:\/\/www.jeannedarc-figeac.fr\/college-lycee\/vice-champion-categorie-college\/#breadcrumb"},"inLanguage":"fr-FR","potentialAction":[{"@type":"ReadAction","target":["http:\/\/www.jeannedarc-figeac.fr\/college-lycee\/vice-champion-categorie-college\/"]}]},{"@type":"ImageObject","inLanguage":"fr-FR","@id":"http:\/\/www.jeannedarc-figeac.fr\/college-lycee\/vice-champion-categorie-college\/#primaryimage","url":"https:\/\/i0.wp.com\/www.jeannedarc-figeac.fr\/college-lycee\/wp-content\/uploads\/sites\/5\/2019\/05\/Resized_20190514_165634.jpg?fit=1280%2C622&ssl=1","contentUrl":"https:\/\/i0.wp.com\/www.jeannedarc-figeac.fr\/college-lycee\/wp-content\/uploads\/sites\/5\/2019\/05\/Resized_20190514_165634.jpg?fit=1280%2C622&ssl=1","width":1280,"height":622},{"@type":"BreadcrumbList","@id":"http:\/\/www.jeannedarc-figeac.fr\/college-lycee\/vice-champion-categorie-college\/#breadcrumb","itemListElement":[{"@type":"ListItem","position":1,"name":"Accueil","item":"https:\/\/www.jeannedarc-figeac.fr\/college-lycee\/"},{"@type":"ListItem","position":2,"name":"Actus","item":"http:\/\/www.jeannedarc-figeac.fr\/college-lycee\/cat\/actus\/"},{"@type":"ListItem","position":3,"name":"Vice Champion cat\u00e9gorie Coll\u00e8ge"}]},{"@type":"WebSite","@id":"https:\/\/www.jeannedarc-figeac.fr\/college-lycee\/#website","url":"https:\/\/www.jeannedarc-figeac.fr\/college-lycee\/","name":"Coll\u00e8ge et Lyc\u00e9e Jeanne d&#039;Arc","description":"Jeanne d&#039;Arc Figeac","potentialAction":[{"@type":"SearchAction","target":{"@type":"EntryPoint","urlTemplate":"https:\/\/www.jeannedarc-figeac.fr\/college-lycee\/?s={search_term_string}"},"query-input":{"@type":"PropertyValueSpecification","valueRequired":true,"valueName":"search_term_string"}}],"inLanguage":"fr-FR"},{"@type":"Person","@id":"https:\/\/www.jeannedarc-figeac.fr\/college-lycee\/#\/schema\/person\/29e5764f28e895dc8bf41d4468f99154","name":"le secr\u00e9tariat","image":{"@type":"ImageObject","inLanguage":"fr-FR","@id":"https:\/\/www.jeannedarc-figeac.fr\/college-lycee\/#\/schema\/person\/image\/","url":"https:\/\/www.jeannedarc-figeac.fr\/college-lycee\/wp-content\/litespeed\/avatar\/5\/b7e8da60f53ba4adc9e9e66d91d84580.jpg?ver=1776943645","contentUrl":"https:\/\/www.jeannedarc-figeac.fr\/college-lycee\/wp-content\/litespeed\/avatar\/5\/b7e8da60f53ba4adc9e9e66d91d84580.jpg?ver=1776943645","caption":"le secr\u00e9tariat"},"url":"https:\/\/www.jeannedarc-figeac.fr\/college-lycee\/author\/arlette\/"}]}},"jetpack_featured_media_url":"","jetpack_sharing_enabled":true,"jetpack_shortlink":"https:\/\/wp.me\/p5Qyb6-NI","_links":{"self":[{"href":"https:\/\/www.jeannedarc-figeac.fr\/college-lycee\/wp-json\/wp\/v2\/posts\/3082","targetHints":{"allow":["GET"]}}],"collection":[{"href":"https:\/\/www.jeannedarc-figeac.fr\/college-lycee\/wp-json\/wp\/v2\/posts"}],"about":[{"href":"https:\/\/www.jeannedarc-figeac.fr\/college-lycee\/wp-json\/wp\/v2\/types\/post"}],"author":[{"embeddable":true,"href":"https:\/\/www.jeannedarc-figeac.fr\/college-lycee\/wp-json\/wp\/v2\/users\/12"}],"replies":[{"embeddable":true,"href":"https:\/\/www.jeannedarc-figeac.fr\/college-lycee\/wp-json\/wp\/v2\/comments?post=3082"}],"version-history":[{"count":1,"href":"https:\/\/www.jeannedarc-figeac.fr\/college-lycee\/wp-json\/wp\/v2\/posts\/3082\/revisions"}],"predecessor-version":[{"id":3084,"href":"https:\/\/www.jeannedarc-figeac.fr\/college-lycee\/wp-json\/wp\/v2\/posts\/3082\/revisions\/3084"}],"wp:attachment":[{"href":"https:\/\/www.jeannedarc-figeac.fr\/college-lycee\/wp-json\/wp\/v2\/media?parent=3082"}],"wp:term":[{"taxonomy":"category","embeddable":true,"href":"https:\/\/www.jeannedarc-figeac.fr\/college-lycee\/wp-json\/wp\/v2\/categories?post=3082"},{"taxonomy":"post_tag","embeddable":true,"href":"https:\/\/www.jeannedarc-figeac.fr\/college-lycee\/wp-json\/wp\/v2\/tags?post=3082"}],"curies":[{"name":"wp","href":"https:\/\/api.w.org\/{rel}","templated":true}]}}