{"id":3066,"date":"2019-04-03T09:14:27","date_gmt":"2019-04-03T09:14:27","guid":{"rendered":"http:\/\/www.jeannedarc-figeac.fr\/college-lycee\/?p=3066"},"modified":"2019-04-03T09:14:36","modified_gmt":"2019-04-03T09:14:36","slug":"concert-de-printemps-des-cantadis","status":"publish","type":"post","link":"https:\/\/www.jeannedarc-figeac.fr\/college-lycee\/concert-de-printemps-des-cantadis\/","title":{"rendered":"Concert de printemps des Cantadis"},"content":{"rendered":"\n<div class=\"wp-block-image\"><figure class=\"aligncenter is-resized\"><img data-recalc-dims=\"1\" loading=\"lazy\" decoding=\"async\" src=\"https:\/\/i0.wp.com\/www.jeannedarc-figeac.fr\/college-lycee\/wp-content\/uploads\/sites\/5\/2019\/04\/Cantadis-2019-3-bis.jpg?resize=429%2C285\" alt=\"\" class=\"wp-image-3067\" width=\"429\" height=\"285\" srcset=\"https:\/\/i0.wp.com\/www.jeannedarc-figeac.fr\/college-lycee\/wp-content\/uploads\/sites\/5\/2019\/04\/Cantadis-2019-3-bis.jpg?resize=1024%2C683&amp;ssl=1 1024w, https:\/\/i0.wp.com\/www.jeannedarc-figeac.fr\/college-lycee\/wp-content\/uploads\/sites\/5\/2019\/04\/Cantadis-2019-3-bis.jpg?resize=300%2C200&amp;ssl=1 300w, https:\/\/i0.wp.com\/www.jeannedarc-figeac.fr\/college-lycee\/wp-content\/uploads\/sites\/5\/2019\/04\/Cantadis-2019-3-bis.jpg?resize=768%2C512&amp;ssl=1 768w, https:\/\/i0.wp.com\/www.jeannedarc-figeac.fr\/college-lycee\/wp-content\/uploads\/sites\/5\/2019\/04\/Cantadis-2019-3-bis.jpg?resize=1080%2C720&amp;ssl=1 1080w, https:\/\/i0.wp.com\/www.jeannedarc-figeac.fr\/college-lycee\/wp-content\/uploads\/sites\/5\/2019\/04\/Cantadis-2019-3-bis.jpg?w=1600&amp;ssl=1 1600w\" sizes=\"(max-width: 429px) 100vw, 429px\" \/><\/figure><\/div>\n\n\n\n<p>Dimanche 24\nmars apr\u00e8s-midi, l\u2019\u00e9glise de Capdenac-Gare \u00e9tait bien remplie gr\u00e2ce \u00e0\nl&rsquo;initiative de l\u2019association des amis des orgues de Figeac. Pour la premi\u00e8re\nfois, les chorales de Jeanne d\u2019Arc Figeac et celle de St Louis de Capdenac\n\u00e9taient r\u00e9unies.<\/p>\n\n\n\n<p>Les choristes\ndes deux ch\u0153urs ont partag\u00e9 avec le public leur plaisir de chanter, leur\n\u00e9motion et la r\u00e9sonance de leurs ch\u0153urs. Ils ont permis de nous \u00e9vader un peu \u00e0\ntravers un programme diversifi\u00e9 compos\u00e9 de chansons pop (Love me tender, comme\ntoi, ce n\u2019est rien&#8230;), mais aussi de gospel et de morceaux instrumentaux\n(fl\u00fbte \u00e0 bec, piano, orgue\u2026).<\/p>\n\n\n\n<p>F\u00e9licitations\naux \u00e9l\u00e8ves mais aussi aux professeurs qui ont particip\u00e9 \u00e0 ce beau projet.<\/p>\n\n\n\n<p>Prochain\nrendez-vous de la chorale, le mardi 4 juin &#8211; 20h30 &#8211; \u00e0 l\u2019espace Mitterrand<\/p>\n","protected":false},"excerpt":{"rendered":"<p>Dimanche 24 mars apr\u00e8s-midi, l\u2019\u00e9glise de Capdenac-Gare \u00e9tait bien remplie gr\u00e2ce \u00e0 l&rsquo;initiative de l\u2019association des amis des orgues de Figeac. Pour la premi\u00e8re fois, les chorales de Jeanne d\u2019Arc Figeac et celle de St Louis de Capdenac \u00e9taient r\u00e9unies. Les choristes des deux ch\u0153urs ont partag\u00e9 avec le public leur plaisir de chanter, leur [&hellip;]<\/p>\n","protected":false},"author":12,"featured_media":0,"comment_status":"closed","ping_status":"open","sticky":false,"template":"","format":"standard","meta":{"_et_pb_use_builder":"","_et_pb_old_content":"","_et_gb_content_width":"","_jetpack_newsletter_access":"","_jetpack_dont_email_post_to_subs":false,"_jetpack_newsletter_tier_id":0,"_jetpack_memberships_contains_paywalled_content":false,"iawp_total_views":2,"_jetpack_memberships_contains_paid_content":false,"footnotes":""},"categories":[28],"tags":[],"class_list":["post-3066","post","type-post","status-publish","format-standard","hentry","category-actus"],"yoast_head":"<!-- This site is optimized with the Yoast SEO plugin v26.0 - https:\/\/yoast.com\/wordpress\/plugins\/seo\/ -->\n<title>Concert de printemps des Cantadis<\/title>\n<meta name=\"description\" content=\"Dimanche 24 mars apr\u00e8s-midi, l\u2019\u00e9glise de Capdenac-Gare \u00e9tait bien remplie gr\u00e2ce \u00e0 l&#039;initiative de l\u2019association des amis des orgues de Figeac. Pour la\" \/>\n<meta name=\"robots\" content=\"index, follow, max-snippet:-1, max-image-preview:large, max-video-preview:-1\" \/>\n<link rel=\"canonical\" href=\"https:\/\/www.jeannedarc-figeac.fr\/college-lycee\/concert-de-printemps-des-cantadis\/\" \/>\n<meta property=\"og:locale\" content=\"fr_FR\" \/>\n<meta property=\"og:type\" content=\"article\" \/>\n<meta property=\"og:title\" content=\"Concert de printemps des Cantadis\" \/>\n<meta property=\"og:description\" content=\"Dimanche 24 mars apr\u00e8s-midi, l\u2019\u00e9glise de Capdenac-Gare \u00e9tait bien remplie gr\u00e2ce \u00e0 l&#039;initiative de l\u2019association des amis des orgues de Figeac. Pour la\" \/>\n<meta property=\"og:url\" content=\"https:\/\/www.jeannedarc-figeac.fr\/college-lycee\/concert-de-printemps-des-cantadis\/\" \/>\n<meta property=\"og:site_name\" content=\"Coll\u00e8ge et Lyc\u00e9e Jeanne d&#039;Arc\" \/>\n<meta property=\"article:published_time\" content=\"2019-04-03T09:14:27+00:00\" \/>\n<meta property=\"article:modified_time\" content=\"2019-04-03T09:14:36+00:00\" \/>\n<meta property=\"og:image\" content=\"http:\/\/www.jeannedarc-figeac.fr\/college-lycee\/wp-content\/uploads\/sites\/5\/2019\/04\/Cantadis-2019-3-bis-1024x683.jpg\" \/>\n<meta name=\"author\" content=\"le secr\u00e9tariat\" \/>\n<script type=\"application\/ld+json\" class=\"yoast-schema-graph\">{\"@context\":\"https:\/\/schema.org\",\"@graph\":[{\"@type\":\"WebPage\",\"@id\":\"https:\/\/www.jeannedarc-figeac.fr\/college-lycee\/concert-de-printemps-des-cantadis\/\",\"url\":\"https:\/\/www.jeannedarc-figeac.fr\/college-lycee\/concert-de-printemps-des-cantadis\/\",\"name\":\"Concert de printemps des Cantadis\",\"isPartOf\":{\"@id\":\"https:\/\/www.jeannedarc-figeac.fr\/college-lycee\/#website\"},\"primaryImageOfPage\":{\"@id\":\"https:\/\/www.jeannedarc-figeac.fr\/college-lycee\/concert-de-printemps-des-cantadis\/#primaryimage\"},\"image\":{\"@id\":\"https:\/\/www.jeannedarc-figeac.fr\/college-lycee\/concert-de-printemps-des-cantadis\/#primaryimage\"},\"thumbnailUrl\":\"http:\/\/www.jeannedarc-figeac.fr\/college-lycee\/wp-content\/uploads\/sites\/5\/2019\/04\/Cantadis-2019-3-bis-1024x683.jpg\",\"datePublished\":\"2019-04-03T09:14:27+00:00\",\"dateModified\":\"2019-04-03T09:14:36+00:00\",\"author\":{\"@id\":\"https:\/\/www.jeannedarc-figeac.fr\/college-lycee\/#\/schema\/person\/29e5764f28e895dc8bf41d4468f99154\"},\"description\":\"Dimanche 24 mars apr\u00e8s-midi, l\u2019\u00e9glise de Capdenac-Gare \u00e9tait bien remplie gr\u00e2ce \u00e0 l'initiative de l\u2019association des amis des orgues de Figeac. Pour la\",\"breadcrumb\":{\"@id\":\"https:\/\/www.jeannedarc-figeac.fr\/college-lycee\/concert-de-printemps-des-cantadis\/#breadcrumb\"},\"inLanguage\":\"fr-FR\",\"potentialAction\":[{\"@type\":\"ReadAction\",\"target\":[\"https:\/\/www.jeannedarc-figeac.fr\/college-lycee\/concert-de-printemps-des-cantadis\/\"]}]},{\"@type\":\"ImageObject\",\"inLanguage\":\"fr-FR\",\"@id\":\"https:\/\/www.jeannedarc-figeac.fr\/college-lycee\/concert-de-printemps-des-cantadis\/#primaryimage\",\"url\":\"https:\/\/i0.wp.com\/www.jeannedarc-figeac.fr\/college-lycee\/wp-content\/uploads\/sites\/5\/2019\/04\/Cantadis-2019-3-bis.jpg?fit=1600%2C1067&ssl=1\",\"contentUrl\":\"https:\/\/i0.wp.com\/www.jeannedarc-figeac.fr\/college-lycee\/wp-content\/uploads\/sites\/5\/2019\/04\/Cantadis-2019-3-bis.jpg?fit=1600%2C1067&ssl=1\",\"width\":1600,\"height\":1067},{\"@type\":\"BreadcrumbList\",\"@id\":\"https:\/\/www.jeannedarc-figeac.fr\/college-lycee\/concert-de-printemps-des-cantadis\/#breadcrumb\",\"itemListElement\":[{\"@type\":\"ListItem\",\"position\":1,\"name\":\"Accueil\",\"item\":\"https:\/\/www.jeannedarc-figeac.fr\/college-lycee\/\"},{\"@type\":\"ListItem\",\"position\":2,\"name\":\"Actus\",\"item\":\"http:\/\/www.jeannedarc-figeac.fr\/college-lycee\/cat\/actus\/\"},{\"@type\":\"ListItem\",\"position\":3,\"name\":\"Concert de printemps des Cantadis\"}]},{\"@type\":\"WebSite\",\"@id\":\"https:\/\/www.jeannedarc-figeac.fr\/college-lycee\/#website\",\"url\":\"https:\/\/www.jeannedarc-figeac.fr\/college-lycee\/\",\"name\":\"Coll\u00e8ge et Lyc\u00e9e Jeanne d&#039;Arc\",\"description\":\"Jeanne d&#039;Arc Figeac\",\"potentialAction\":[{\"@type\":\"SearchAction\",\"target\":{\"@type\":\"EntryPoint\",\"urlTemplate\":\"https:\/\/www.jeannedarc-figeac.fr\/college-lycee\/?s={search_term_string}\"},\"query-input\":{\"@type\":\"PropertyValueSpecification\",\"valueRequired\":true,\"valueName\":\"search_term_string\"}}],\"inLanguage\":\"fr-FR\"},{\"@type\":\"Person\",\"@id\":\"https:\/\/www.jeannedarc-figeac.fr\/college-lycee\/#\/schema\/person\/29e5764f28e895dc8bf41d4468f99154\",\"name\":\"le secr\u00e9tariat\",\"image\":{\"@type\":\"ImageObject\",\"inLanguage\":\"fr-FR\",\"@id\":\"https:\/\/www.jeannedarc-figeac.fr\/college-lycee\/#\/schema\/person\/image\/\",\"url\":\"https:\/\/www.jeannedarc-figeac.fr\/college-lycee\/wp-content\/litespeed\/avatar\/5\/b7e8da60f53ba4adc9e9e66d91d84580.jpg?ver=1776943645\",\"contentUrl\":\"https:\/\/www.jeannedarc-figeac.fr\/college-lycee\/wp-content\/litespeed\/avatar\/5\/b7e8da60f53ba4adc9e9e66d91d84580.jpg?ver=1776943645\",\"caption\":\"le secr\u00e9tariat\"},\"url\":\"https:\/\/www.jeannedarc-figeac.fr\/college-lycee\/author\/arlette\/\"}]}<\/script>\n<!-- \/ Yoast SEO plugin. -->","yoast_head_json":{"title":"Concert de printemps des Cantadis","description":"Dimanche 24 mars apr\u00e8s-midi, l\u2019\u00e9glise de Capdenac-Gare \u00e9tait bien remplie gr\u00e2ce \u00e0 l'initiative de l\u2019association des amis des orgues de Figeac. Pour la","robots":{"index":"index","follow":"follow","max-snippet":"max-snippet:-1","max-image-preview":"max-image-preview:large","max-video-preview":"max-video-preview:-1"},"canonical":"https:\/\/www.jeannedarc-figeac.fr\/college-lycee\/concert-de-printemps-des-cantadis\/","og_locale":"fr_FR","og_type":"article","og_title":"Concert de printemps des Cantadis","og_description":"Dimanche 24 mars apr\u00e8s-midi, l\u2019\u00e9glise de Capdenac-Gare \u00e9tait bien remplie gr\u00e2ce \u00e0 l'initiative de l\u2019association des amis des orgues de Figeac. Pour la","og_url":"https:\/\/www.jeannedarc-figeac.fr\/college-lycee\/concert-de-printemps-des-cantadis\/","og_site_name":"Coll\u00e8ge et Lyc\u00e9e Jeanne d&#039;Arc","article_published_time":"2019-04-03T09:14:27+00:00","article_modified_time":"2019-04-03T09:14:36+00:00","og_image":[{"url":"http:\/\/www.jeannedarc-figeac.fr\/college-lycee\/wp-content\/uploads\/sites\/5\/2019\/04\/Cantadis-2019-3-bis-1024x683.jpg","type":"","width":"","height":""}],"author":"le secr\u00e9tariat","schema":{"@context":"https:\/\/schema.org","@graph":[{"@type":"WebPage","@id":"https:\/\/www.jeannedarc-figeac.fr\/college-lycee\/concert-de-printemps-des-cantadis\/","url":"https:\/\/www.jeannedarc-figeac.fr\/college-lycee\/concert-de-printemps-des-cantadis\/","name":"Concert de printemps des Cantadis","isPartOf":{"@id":"https:\/\/www.jeannedarc-figeac.fr\/college-lycee\/#website"},"primaryImageOfPage":{"@id":"https:\/\/www.jeannedarc-figeac.fr\/college-lycee\/concert-de-printemps-des-cantadis\/#primaryimage"},"image":{"@id":"https:\/\/www.jeannedarc-figeac.fr\/college-lycee\/concert-de-printemps-des-cantadis\/#primaryimage"},"thumbnailUrl":"http:\/\/www.jeannedarc-figeac.fr\/college-lycee\/wp-content\/uploads\/sites\/5\/2019\/04\/Cantadis-2019-3-bis-1024x683.jpg","datePublished":"2019-04-03T09:14:27+00:00","dateModified":"2019-04-03T09:14:36+00:00","author":{"@id":"https:\/\/www.jeannedarc-figeac.fr\/college-lycee\/#\/schema\/person\/29e5764f28e895dc8bf41d4468f99154"},"description":"Dimanche 24 mars apr\u00e8s-midi, l\u2019\u00e9glise de Capdenac-Gare \u00e9tait bien remplie gr\u00e2ce \u00e0 l'initiative de l\u2019association des amis des orgues de Figeac. Pour la","breadcrumb":{"@id":"https:\/\/www.jeannedarc-figeac.fr\/college-lycee\/concert-de-printemps-des-cantadis\/#breadcrumb"},"inLanguage":"fr-FR","potentialAction":[{"@type":"ReadAction","target":["https:\/\/www.jeannedarc-figeac.fr\/college-lycee\/concert-de-printemps-des-cantadis\/"]}]},{"@type":"ImageObject","inLanguage":"fr-FR","@id":"https:\/\/www.jeannedarc-figeac.fr\/college-lycee\/concert-de-printemps-des-cantadis\/#primaryimage","url":"https:\/\/i0.wp.com\/www.jeannedarc-figeac.fr\/college-lycee\/wp-content\/uploads\/sites\/5\/2019\/04\/Cantadis-2019-3-bis.jpg?fit=1600%2C1067&ssl=1","contentUrl":"https:\/\/i0.wp.com\/www.jeannedarc-figeac.fr\/college-lycee\/wp-content\/uploads\/sites\/5\/2019\/04\/Cantadis-2019-3-bis.jpg?fit=1600%2C1067&ssl=1","width":1600,"height":1067},{"@type":"BreadcrumbList","@id":"https:\/\/www.jeannedarc-figeac.fr\/college-lycee\/concert-de-printemps-des-cantadis\/#breadcrumb","itemListElement":[{"@type":"ListItem","position":1,"name":"Accueil","item":"https:\/\/www.jeannedarc-figeac.fr\/college-lycee\/"},{"@type":"ListItem","position":2,"name":"Actus","item":"http:\/\/www.jeannedarc-figeac.fr\/college-lycee\/cat\/actus\/"},{"@type":"ListItem","position":3,"name":"Concert de printemps des Cantadis"}]},{"@type":"WebSite","@id":"https:\/\/www.jeannedarc-figeac.fr\/college-lycee\/#website","url":"https:\/\/www.jeannedarc-figeac.fr\/college-lycee\/","name":"Coll\u00e8ge et Lyc\u00e9e Jeanne d&#039;Arc","description":"Jeanne d&#039;Arc Figeac","potentialAction":[{"@type":"SearchAction","target":{"@type":"EntryPoint","urlTemplate":"https:\/\/www.jeannedarc-figeac.fr\/college-lycee\/?s={search_term_string}"},"query-input":{"@type":"PropertyValueSpecification","valueRequired":true,"valueName":"search_term_string"}}],"inLanguage":"fr-FR"},{"@type":"Person","@id":"https:\/\/www.jeannedarc-figeac.fr\/college-lycee\/#\/schema\/person\/29e5764f28e895dc8bf41d4468f99154","name":"le secr\u00e9tariat","image":{"@type":"ImageObject","inLanguage":"fr-FR","@id":"https:\/\/www.jeannedarc-figeac.fr\/college-lycee\/#\/schema\/person\/image\/","url":"https:\/\/www.jeannedarc-figeac.fr\/college-lycee\/wp-content\/litespeed\/avatar\/5\/b7e8da60f53ba4adc9e9e66d91d84580.jpg?ver=1776943645","contentUrl":"https:\/\/www.jeannedarc-figeac.fr\/college-lycee\/wp-content\/litespeed\/avatar\/5\/b7e8da60f53ba4adc9e9e66d91d84580.jpg?ver=1776943645","caption":"le secr\u00e9tariat"},"url":"https:\/\/www.jeannedarc-figeac.fr\/college-lycee\/author\/arlette\/"}]}},"jetpack_featured_media_url":"","jetpack_sharing_enabled":true,"jetpack_shortlink":"https:\/\/wp.me\/p5Qyb6-Ns","_links":{"self":[{"href":"https:\/\/www.jeannedarc-figeac.fr\/college-lycee\/wp-json\/wp\/v2\/posts\/3066","targetHints":{"allow":["GET"]}}],"collection":[{"href":"https:\/\/www.jeannedarc-figeac.fr\/college-lycee\/wp-json\/wp\/v2\/posts"}],"about":[{"href":"https:\/\/www.jeannedarc-figeac.fr\/college-lycee\/wp-json\/wp\/v2\/types\/post"}],"author":[{"embeddable":true,"href":"https:\/\/www.jeannedarc-figeac.fr\/college-lycee\/wp-json\/wp\/v2\/users\/12"}],"replies":[{"embeddable":true,"href":"https:\/\/www.jeannedarc-figeac.fr\/college-lycee\/wp-json\/wp\/v2\/comments?post=3066"}],"version-history":[{"count":1,"href":"https:\/\/www.jeannedarc-figeac.fr\/college-lycee\/wp-json\/wp\/v2\/posts\/3066\/revisions"}],"predecessor-version":[{"id":3068,"href":"https:\/\/www.jeannedarc-figeac.fr\/college-lycee\/wp-json\/wp\/v2\/posts\/3066\/revisions\/3068"}],"wp:attachment":[{"href":"https:\/\/www.jeannedarc-figeac.fr\/college-lycee\/wp-json\/wp\/v2\/media?parent=3066"}],"wp:term":[{"taxonomy":"category","embeddable":true,"href":"https:\/\/www.jeannedarc-figeac.fr\/college-lycee\/wp-json\/wp\/v2\/categories?post=3066"},{"taxonomy":"post_tag","embeddable":true,"href":"https:\/\/www.jeannedarc-figeac.fr\/college-lycee\/wp-json\/wp\/v2\/tags?post=3066"}],"curies":[{"name":"wp","href":"https:\/\/api.w.org\/{rel}","templated":true}]}}