{"id":3063,"date":"2019-04-03T09:08:41","date_gmt":"2019-04-03T09:08:41","guid":{"rendered":"http:\/\/www.jeannedarc-figeac.fr\/college-lycee\/?p=3063"},"modified":"2019-04-03T09:08:47","modified_gmt":"2019-04-03T09:08:47","slug":"la-brigade-du-tri-rend-son-verdict","status":"publish","type":"post","link":"https:\/\/www.jeannedarc-figeac.fr\/college-lycee\/la-brigade-du-tri-rend-son-verdict\/","title":{"rendered":"La brigade du tri rend son verdict"},"content":{"rendered":"\n<figure class=\"wp-block-image is-resized\"><img data-recalc-dims=\"1\" loading=\"lazy\" decoding=\"async\" src=\"https:\/\/i0.wp.com\/www.jeannedarc-figeac.fr\/college-lycee\/wp-content\/uploads\/sites\/5\/2019\/04\/D%C3%A9fi-classe-bis.jpg?resize=451%2C253\" alt=\"\" class=\"wp-image-3064\" width=\"451\" height=\"253\" srcset=\"https:\/\/i0.wp.com\/www.jeannedarc-figeac.fr\/college-lycee\/wp-content\/uploads\/sites\/5\/2019\/04\/D%C3%A9fi-classe-bis.jpg?resize=1024%2C576&amp;ssl=1 1024w, https:\/\/i0.wp.com\/www.jeannedarc-figeac.fr\/college-lycee\/wp-content\/uploads\/sites\/5\/2019\/04\/D%C3%A9fi-classe-bis.jpg?resize=300%2C169&amp;ssl=1 300w, https:\/\/i0.wp.com\/www.jeannedarc-figeac.fr\/college-lycee\/wp-content\/uploads\/sites\/5\/2019\/04\/D%C3%A9fi-classe-bis.jpg?resize=768%2C432&amp;ssl=1 768w, https:\/\/i0.wp.com\/www.jeannedarc-figeac.fr\/college-lycee\/wp-content\/uploads\/sites\/5\/2019\/04\/D%C3%A9fi-classe-bis.jpg?resize=1080%2C608&amp;ssl=1 1080w, https:\/\/i0.wp.com\/www.jeannedarc-figeac.fr\/college-lycee\/wp-content\/uploads\/sites\/5\/2019\/04\/D%C3%A9fi-classe-bis.jpg?w=1600&amp;ssl=1 1600w\" sizes=\"(max-width: 451px) 100vw, 451px\" \/><\/figure>\n\n\n\n<p>La brigade du tri, initi\u00e9e par S\u00e9bastien SALLE\n(professeur de Fran\u00e7ais) s\u2019inscrit dans la d\u00e9marche de d\u00e9veloppement durable de\nl\u2019\u00e9tablissement en vue de l\u2019obtention du label international ECO-COLLEGE. La\nbrigade \u00e9ph\u00e9m\u00e8re, constitu\u00e9e par les \u00e9l\u00e8ves de CAP ATMFC 2<sup>\u00e8me<\/sup> ann\u00e9e\navait en charge de v\u00e9rifier les consignes de tri des d\u00e9chets dans les classes\nde 6<sup>\u00e8me<\/sup> et 5<sup>\u00e8me<\/sup> du Coll\u00e8ge sur une p\u00e9riode donn\u00e9e (janvier-f\u00e9vrier\n2019).<\/p>\n\n\n\n<p>Apr\u00e8s un d\u00e9but h\u00e9sitant et des erreurs de tri, les\ncoll\u00e9giens se sont pris au jeu des visites surprises des lyc\u00e9ens. A ce jeu, la\nclasse de 6<sup>\u00e8me<\/sup> 2 a relev\u00e9 le d\u00e9fi haut la main. Elle s\u2019est vue\nremettre, le vendredi 22 mars, une r\u00e9compense offerte par le SYDED.<\/p>\n\n\n\n<p>Parce que les \u00e9l\u00e8ves d\u2019aujourd\u2019hui sont les\n\u00e9co-citoyens de demain, \u00ab&nbsp;trions, recyclons, r\u00e9utilisons&nbsp;!\u00bb<\/p>\n","protected":false},"excerpt":{"rendered":"<p>La brigade du tri, initi\u00e9e par S\u00e9bastien SALLE (professeur de Fran\u00e7ais) s\u2019inscrit dans la d\u00e9marche de d\u00e9veloppement durable de l\u2019\u00e9tablissement en vue de l\u2019obtention du label international ECO-COLLEGE. La brigade \u00e9ph\u00e9m\u00e8re, constitu\u00e9e par les \u00e9l\u00e8ves de CAP ATMFC 2\u00e8me ann\u00e9e avait en charge de v\u00e9rifier les consignes de tri des d\u00e9chets dans les classes de [&hellip;]<\/p>\n","protected":false},"author":12,"featured_media":0,"comment_status":"closed","ping_status":"open","sticky":false,"template":"","format":"standard","meta":{"_et_pb_use_builder":"","_et_pb_old_content":"","_et_gb_content_width":"","_jetpack_newsletter_access":"","_jetpack_dont_email_post_to_subs":false,"_jetpack_newsletter_tier_id":0,"_jetpack_memberships_contains_paywalled_content":false,"iawp_total_views":0,"_jetpack_memberships_contains_paid_content":false,"footnotes":""},"categories":[28],"tags":[],"class_list":["post-3063","post","type-post","status-publish","format-standard","hentry","category-actus"],"yoast_head":"<!-- This site is optimized with the Yoast SEO plugin v26.0 - https:\/\/yoast.com\/wordpress\/plugins\/seo\/ -->\n<title>La brigade du tri rend son verdict<\/title>\n<meta name=\"description\" content=\"La brigade du tri, initi\u00e9e par S\u00e9bastien SALLE (professeur de Fran\u00e7ais) s\u2019inscrit dans la d\u00e9marche de d\u00e9veloppement durable de l\u2019\u00e9tablissement en vue de\" \/>\n<meta name=\"robots\" content=\"index, follow, max-snippet:-1, max-image-preview:large, max-video-preview:-1\" \/>\n<link rel=\"canonical\" href=\"https:\/\/www.jeannedarc-figeac.fr\/college-lycee\/la-brigade-du-tri-rend-son-verdict\/\" \/>\n<meta property=\"og:locale\" content=\"fr_FR\" \/>\n<meta property=\"og:type\" content=\"article\" \/>\n<meta property=\"og:title\" content=\"La brigade du tri rend son verdict\" \/>\n<meta property=\"og:description\" content=\"La brigade du tri, initi\u00e9e par S\u00e9bastien SALLE (professeur de Fran\u00e7ais) s\u2019inscrit dans la d\u00e9marche de d\u00e9veloppement durable de l\u2019\u00e9tablissement en vue de\" \/>\n<meta property=\"og:url\" content=\"https:\/\/www.jeannedarc-figeac.fr\/college-lycee\/la-brigade-du-tri-rend-son-verdict\/\" \/>\n<meta property=\"og:site_name\" content=\"Coll\u00e8ge et Lyc\u00e9e Jeanne d&#039;Arc\" \/>\n<meta property=\"article:published_time\" content=\"2019-04-03T09:08:41+00:00\" \/>\n<meta property=\"article:modified_time\" content=\"2019-04-03T09:08:47+00:00\" \/>\n<meta name=\"author\" content=\"le secr\u00e9tariat\" \/>\n<script type=\"application\/ld+json\" class=\"yoast-schema-graph\">{\"@context\":\"https:\/\/schema.org\",\"@graph\":[{\"@type\":\"WebPage\",\"@id\":\"https:\/\/www.jeannedarc-figeac.fr\/college-lycee\/la-brigade-du-tri-rend-son-verdict\/\",\"url\":\"https:\/\/www.jeannedarc-figeac.fr\/college-lycee\/la-brigade-du-tri-rend-son-verdict\/\",\"name\":\"La brigade du tri rend son verdict\",\"isPartOf\":{\"@id\":\"https:\/\/www.jeannedarc-figeac.fr\/college-lycee\/#website\"},\"datePublished\":\"2019-04-03T09:08:41+00:00\",\"dateModified\":\"2019-04-03T09:08:47+00:00\",\"author\":{\"@id\":\"https:\/\/www.jeannedarc-figeac.fr\/college-lycee\/#\/schema\/person\/29e5764f28e895dc8bf41d4468f99154\"},\"description\":\"La brigade du tri, initi\u00e9e par S\u00e9bastien SALLE (professeur de Fran\u00e7ais) s\u2019inscrit dans la d\u00e9marche de d\u00e9veloppement durable de l\u2019\u00e9tablissement en vue de\",\"breadcrumb\":{\"@id\":\"https:\/\/www.jeannedarc-figeac.fr\/college-lycee\/la-brigade-du-tri-rend-son-verdict\/#breadcrumb\"},\"inLanguage\":\"fr-FR\",\"potentialAction\":[{\"@type\":\"ReadAction\",\"target\":[\"https:\/\/www.jeannedarc-figeac.fr\/college-lycee\/la-brigade-du-tri-rend-son-verdict\/\"]}]},{\"@type\":\"BreadcrumbList\",\"@id\":\"https:\/\/www.jeannedarc-figeac.fr\/college-lycee\/la-brigade-du-tri-rend-son-verdict\/#breadcrumb\",\"itemListElement\":[{\"@type\":\"ListItem\",\"position\":1,\"name\":\"Accueil\",\"item\":\"https:\/\/www.jeannedarc-figeac.fr\/college-lycee\/\"},{\"@type\":\"ListItem\",\"position\":2,\"name\":\"Actus\",\"item\":\"http:\/\/www.jeannedarc-figeac.fr\/college-lycee\/cat\/actus\/\"},{\"@type\":\"ListItem\",\"position\":3,\"name\":\"La brigade du tri rend son verdict\"}]},{\"@type\":\"WebSite\",\"@id\":\"https:\/\/www.jeannedarc-figeac.fr\/college-lycee\/#website\",\"url\":\"https:\/\/www.jeannedarc-figeac.fr\/college-lycee\/\",\"name\":\"Coll\u00e8ge et Lyc\u00e9e Jeanne d&#039;Arc\",\"description\":\"Jeanne d&#039;Arc Figeac\",\"potentialAction\":[{\"@type\":\"SearchAction\",\"target\":{\"@type\":\"EntryPoint\",\"urlTemplate\":\"https:\/\/www.jeannedarc-figeac.fr\/college-lycee\/?s={search_term_string}\"},\"query-input\":{\"@type\":\"PropertyValueSpecification\",\"valueRequired\":true,\"valueName\":\"search_term_string\"}}],\"inLanguage\":\"fr-FR\"},{\"@type\":\"Person\",\"@id\":\"https:\/\/www.jeannedarc-figeac.fr\/college-lycee\/#\/schema\/person\/29e5764f28e895dc8bf41d4468f99154\",\"name\":\"le secr\u00e9tariat\",\"image\":{\"@type\":\"ImageObject\",\"inLanguage\":\"fr-FR\",\"@id\":\"https:\/\/www.jeannedarc-figeac.fr\/college-lycee\/#\/schema\/person\/image\/\",\"url\":\"https:\/\/www.jeannedarc-figeac.fr\/college-lycee\/wp-content\/litespeed\/avatar\/5\/b7e8da60f53ba4adc9e9e66d91d84580.jpg?ver=1777548714\",\"contentUrl\":\"https:\/\/www.jeannedarc-figeac.fr\/college-lycee\/wp-content\/litespeed\/avatar\/5\/b7e8da60f53ba4adc9e9e66d91d84580.jpg?ver=1777548714\",\"caption\":\"le secr\u00e9tariat\"},\"url\":\"https:\/\/www.jeannedarc-figeac.fr\/college-lycee\/author\/arlette\/\"}]}<\/script>\n<!-- \/ Yoast SEO plugin. -->","yoast_head_json":{"title":"La brigade du tri rend son verdict","description":"La brigade du tri, initi\u00e9e par S\u00e9bastien SALLE (professeur de Fran\u00e7ais) s\u2019inscrit dans la d\u00e9marche de d\u00e9veloppement durable de l\u2019\u00e9tablissement en vue de","robots":{"index":"index","follow":"follow","max-snippet":"max-snippet:-1","max-image-preview":"max-image-preview:large","max-video-preview":"max-video-preview:-1"},"canonical":"https:\/\/www.jeannedarc-figeac.fr\/college-lycee\/la-brigade-du-tri-rend-son-verdict\/","og_locale":"fr_FR","og_type":"article","og_title":"La brigade du tri rend son verdict","og_description":"La brigade du tri, initi\u00e9e par S\u00e9bastien SALLE (professeur de Fran\u00e7ais) s\u2019inscrit dans la d\u00e9marche de d\u00e9veloppement durable de l\u2019\u00e9tablissement en vue de","og_url":"https:\/\/www.jeannedarc-figeac.fr\/college-lycee\/la-brigade-du-tri-rend-son-verdict\/","og_site_name":"Coll\u00e8ge et Lyc\u00e9e Jeanne d&#039;Arc","article_published_time":"2019-04-03T09:08:41+00:00","article_modified_time":"2019-04-03T09:08:47+00:00","author":"le secr\u00e9tariat","schema":{"@context":"https:\/\/schema.org","@graph":[{"@type":"WebPage","@id":"https:\/\/www.jeannedarc-figeac.fr\/college-lycee\/la-brigade-du-tri-rend-son-verdict\/","url":"https:\/\/www.jeannedarc-figeac.fr\/college-lycee\/la-brigade-du-tri-rend-son-verdict\/","name":"La brigade du tri rend son verdict","isPartOf":{"@id":"https:\/\/www.jeannedarc-figeac.fr\/college-lycee\/#website"},"datePublished":"2019-04-03T09:08:41+00:00","dateModified":"2019-04-03T09:08:47+00:00","author":{"@id":"https:\/\/www.jeannedarc-figeac.fr\/college-lycee\/#\/schema\/person\/29e5764f28e895dc8bf41d4468f99154"},"description":"La brigade du tri, initi\u00e9e par S\u00e9bastien SALLE (professeur de Fran\u00e7ais) s\u2019inscrit dans la d\u00e9marche de d\u00e9veloppement durable de l\u2019\u00e9tablissement en vue de","breadcrumb":{"@id":"https:\/\/www.jeannedarc-figeac.fr\/college-lycee\/la-brigade-du-tri-rend-son-verdict\/#breadcrumb"},"inLanguage":"fr-FR","potentialAction":[{"@type":"ReadAction","target":["https:\/\/www.jeannedarc-figeac.fr\/college-lycee\/la-brigade-du-tri-rend-son-verdict\/"]}]},{"@type":"BreadcrumbList","@id":"https:\/\/www.jeannedarc-figeac.fr\/college-lycee\/la-brigade-du-tri-rend-son-verdict\/#breadcrumb","itemListElement":[{"@type":"ListItem","position":1,"name":"Accueil","item":"https:\/\/www.jeannedarc-figeac.fr\/college-lycee\/"},{"@type":"ListItem","position":2,"name":"Actus","item":"http:\/\/www.jeannedarc-figeac.fr\/college-lycee\/cat\/actus\/"},{"@type":"ListItem","position":3,"name":"La brigade du tri rend son verdict"}]},{"@type":"WebSite","@id":"https:\/\/www.jeannedarc-figeac.fr\/college-lycee\/#website","url":"https:\/\/www.jeannedarc-figeac.fr\/college-lycee\/","name":"Coll\u00e8ge et Lyc\u00e9e Jeanne d&#039;Arc","description":"Jeanne d&#039;Arc Figeac","potentialAction":[{"@type":"SearchAction","target":{"@type":"EntryPoint","urlTemplate":"https:\/\/www.jeannedarc-figeac.fr\/college-lycee\/?s={search_term_string}"},"query-input":{"@type":"PropertyValueSpecification","valueRequired":true,"valueName":"search_term_string"}}],"inLanguage":"fr-FR"},{"@type":"Person","@id":"https:\/\/www.jeannedarc-figeac.fr\/college-lycee\/#\/schema\/person\/29e5764f28e895dc8bf41d4468f99154","name":"le secr\u00e9tariat","image":{"@type":"ImageObject","inLanguage":"fr-FR","@id":"https:\/\/www.jeannedarc-figeac.fr\/college-lycee\/#\/schema\/person\/image\/","url":"https:\/\/www.jeannedarc-figeac.fr\/college-lycee\/wp-content\/litespeed\/avatar\/5\/b7e8da60f53ba4adc9e9e66d91d84580.jpg?ver=1777548714","contentUrl":"https:\/\/www.jeannedarc-figeac.fr\/college-lycee\/wp-content\/litespeed\/avatar\/5\/b7e8da60f53ba4adc9e9e66d91d84580.jpg?ver=1777548714","caption":"le secr\u00e9tariat"},"url":"https:\/\/www.jeannedarc-figeac.fr\/college-lycee\/author\/arlette\/"}]}},"jetpack_featured_media_url":"","jetpack_sharing_enabled":true,"jetpack_shortlink":"https:\/\/wp.me\/p5Qyb6-Np","_links":{"self":[{"href":"https:\/\/www.jeannedarc-figeac.fr\/college-lycee\/wp-json\/wp\/v2\/posts\/3063","targetHints":{"allow":["GET"]}}],"collection":[{"href":"https:\/\/www.jeannedarc-figeac.fr\/college-lycee\/wp-json\/wp\/v2\/posts"}],"about":[{"href":"https:\/\/www.jeannedarc-figeac.fr\/college-lycee\/wp-json\/wp\/v2\/types\/post"}],"author":[{"embeddable":true,"href":"https:\/\/www.jeannedarc-figeac.fr\/college-lycee\/wp-json\/wp\/v2\/users\/12"}],"replies":[{"embeddable":true,"href":"https:\/\/www.jeannedarc-figeac.fr\/college-lycee\/wp-json\/wp\/v2\/comments?post=3063"}],"version-history":[{"count":1,"href":"https:\/\/www.jeannedarc-figeac.fr\/college-lycee\/wp-json\/wp\/v2\/posts\/3063\/revisions"}],"predecessor-version":[{"id":3065,"href":"https:\/\/www.jeannedarc-figeac.fr\/college-lycee\/wp-json\/wp\/v2\/posts\/3063\/revisions\/3065"}],"wp:attachment":[{"href":"https:\/\/www.jeannedarc-figeac.fr\/college-lycee\/wp-json\/wp\/v2\/media?parent=3063"}],"wp:term":[{"taxonomy":"category","embeddable":true,"href":"https:\/\/www.jeannedarc-figeac.fr\/college-lycee\/wp-json\/wp\/v2\/categories?post=3063"},{"taxonomy":"post_tag","embeddable":true,"href":"https:\/\/www.jeannedarc-figeac.fr\/college-lycee\/wp-json\/wp\/v2\/tags?post=3063"}],"curies":[{"name":"wp","href":"https:\/\/api.w.org\/{rel}","templated":true}]}}