{"id":3060,"date":"2019-04-03T09:02:55","date_gmt":"2019-04-03T09:02:55","guid":{"rendered":"http:\/\/www.jeannedarc-figeac.fr\/college-lycee\/?p=3060"},"modified":"2019-04-03T09:03:08","modified_gmt":"2019-04-03T09:03:08","slug":"superbes-resultats-pour-la-section-foot","status":"publish","type":"post","link":"https:\/\/www.jeannedarc-figeac.fr\/college-lycee\/superbes-resultats-pour-la-section-foot\/","title":{"rendered":"Superbes r\u00e9sultats pour la section foot"},"content":{"rendered":"\n<figure class=\"wp-block-image is-resized\"><img data-recalc-dims=\"1\" loading=\"lazy\" decoding=\"async\" src=\"https:\/\/i0.wp.com\/www.jeannedarc-figeac.fr\/college-lycee\/wp-content\/uploads\/sites\/5\/2019\/04\/Benjamins-Champion-acad%C3%A9mique-bis.jpg?resize=359%2C269\" alt=\"\" class=\"wp-image-3061\" width=\"359\" height=\"269\" srcset=\"https:\/\/i0.wp.com\/www.jeannedarc-figeac.fr\/college-lycee\/wp-content\/uploads\/sites\/5\/2019\/04\/Benjamins-Champion-acad%C3%A9mique-bis.jpg?resize=1024%2C768&amp;ssl=1 1024w, https:\/\/i0.wp.com\/www.jeannedarc-figeac.fr\/college-lycee\/wp-content\/uploads\/sites\/5\/2019\/04\/Benjamins-Champion-acad%C3%A9mique-bis.jpg?resize=300%2C225&amp;ssl=1 300w, https:\/\/i0.wp.com\/www.jeannedarc-figeac.fr\/college-lycee\/wp-content\/uploads\/sites\/5\/2019\/04\/Benjamins-Champion-acad%C3%A9mique-bis.jpg?resize=768%2C576&amp;ssl=1 768w, https:\/\/i0.wp.com\/www.jeannedarc-figeac.fr\/college-lycee\/wp-content\/uploads\/sites\/5\/2019\/04\/Benjamins-Champion-acad%C3%A9mique-bis.jpg?resize=1080%2C810&amp;ssl=1 1080w, https:\/\/i0.wp.com\/www.jeannedarc-figeac.fr\/college-lycee\/wp-content\/uploads\/sites\/5\/2019\/04\/Benjamins-Champion-acad%C3%A9mique-bis.jpg?w=1600&amp;ssl=1 1600w\" sizes=\"(max-width: 359px) 100vw, 359px\" \/><\/figure>\n\n\n\n<p>\nUne\nsemaine charg\u00e9e attendait la<strong> Section Sportive Foot de Jeanne\nd&rsquo;Arc<\/strong> les <strong>mardi 19 et mercredi 20 mars 2019.<\/strong> En effet,\nappel\u00e9s sur tous les fronts des finales Acad\u00e9miques UNSS, les\nfigeacois avaient pour objectif de repr\u00e9senter au mieux les couleurs\nde leur \u00e9tablissement.<\/p>\n\n\n\n<p>\n\tLe\n<strong>mardi\n19 mars 2019<\/strong>,\nles Minimes se rendaient \u00e0 <strong>CASTELMAUROU<\/strong>\nsi\u00e8ge de la Ligue Midi-Pyr\u00e9n\u00e9es de la FFF pour participer aux\n<strong>finales\nacad\u00e9miques des sections sportives Football \u00e0 11<\/strong>.\nApr\u00e8s s&rsquo;\u00eatre qualifi\u00e9 en finale facilement (5 \u2013 0) face au\nColl\u00e8ge Badiou de Toulouse, les figeacois affrontait en\n<strong>finale<\/strong>,\nl&rsquo;\u00e9quipe de <strong>Salies\ndu Salat<\/strong>,\nmultiple m\u00e9daill\u00e9 aux Championnats de France. Pas  de  miracle \nmalgr\u00e9  une 1\u00e8re p\u00e9riode  plut\u00f4t \u00e9quilibr\u00e9 (1 \u2013 0),  les \nfigeacois  s&rsquo;inclinaient   4 \u2013 0  face  \u00e0  une belle \u00e9quipe.\nBeaucoup  de  d\u00e9ception  mais  un  beau  parcours et  un bel   \u00e9tat\n d&rsquo;esprit pour  nos minimes  <strong>vice-champions\nacad\u00e9miques.<\/strong><\/p>\n\n\n\n<p>\nLe\n<strong>mercredi\n20 mars 2019<\/strong><strong>,\n<\/strong>les\nBenjamins de  la Section Sportive \u00e0 <strong>CAHORS\n<\/strong>ontremport\u00e9\nle tournoi de Football \u00e0 7 et  le titre de <strong>CHAMPION\nACADEMIQUE Zone Nord<\/strong>\nen <strong>finale\n<\/strong>devant\nune belle \u00e9quipe de <strong>Montauban\n(1- 0)<\/strong>.Une\nvictoire  m\u00e9rit\u00e9e  tant  les  prestations  des benjamins tout au\nlong de cet apr\u00e8s-midi f\u00fbt aboutie et au dessus de ses adversaires<\/p>\n\n\n\n<p>\n\tCe\nm\u00eame jour, les <strong>Lyc\u00e9ens\n<\/strong>de\nla <strong>Section\nSportive FOOT<\/strong>\nse d\u00e9pla\u00e7aient \u00e0 <strong>TOULOUSE<\/strong>\npour les finales acad\u00e9miques FUTSAL (Football en salle). Un\nexcellent tournoi de la part de nos <strong>lyc\u00e9ens<\/strong>\nqui finissent\n<strong>2\u00e8me\n<\/strong>et\n<strong>Finaliste\n<\/strong>de\nce<strong>\ntournoi acad\u00e9mique.<\/strong><\/p>\n\n\n\n<p>\n\t<em>Un\ntr\u00e8s bon bilan pour ces deux journ\u00e9es avec <\/em><em><strong>deux\nfinalistes <\/strong><\/em><em>(Minimes\nFoot et Lyc\u00e9e Futsal) et un <\/em><em><strong>titre\nacad\u00e9mique<\/strong><\/em><em>\n(Benjamins) qui compl\u00e8te le palmar\u00e8s 2018-2019 d\u00e9j\u00e0 remarquable\nd\u00e9but\u00e9 en d\u00e9but d&rsquo;ann\u00e9e avec le <\/em><em><strong>titre\nacad\u00e9mique<\/strong><\/em><em>\n(Foot \u00e0 11) de nos lyc\u00e9ens et leur<\/em><em><strong>\nfinale inter-acad\u00e9mique<\/strong><\/em><em>.<\/em><\/p>\n\n\n\n<p>\n<em>\tDes\nr\u00e9sultats qui r\u00e9compensent la vitalit\u00e9 de la Section Sportive\nFootball du Coll\u00e8ge et Lyc\u00e9e Jeanne d&rsquo;Arc de Figeac et confirment\nla qualit\u00e9 du travail, l&rsquo;engagement et l&rsquo;investissement des ses\nintervenants.<\/em><\/p>\n","protected":false},"excerpt":{"rendered":"<p>Une semaine charg\u00e9e attendait la Section Sportive Foot de Jeanne d&rsquo;Arc les mardi 19 et mercredi 20 mars 2019. En effet, appel\u00e9s sur tous les fronts des finales Acad\u00e9miques UNSS, les figeacois avaient pour objectif de repr\u00e9senter au mieux les couleurs de leur \u00e9tablissement. Le mardi 19 mars 2019, les Minimes se rendaient \u00e0 CASTELMAUROU [&hellip;]<\/p>\n","protected":false},"author":12,"featured_media":0,"comment_status":"closed","ping_status":"open","sticky":false,"template":"","format":"standard","meta":{"_et_pb_use_builder":"","_et_pb_old_content":"","_et_gb_content_width":"","_jetpack_newsletter_access":"","_jetpack_dont_email_post_to_subs":false,"_jetpack_newsletter_tier_id":0,"_jetpack_memberships_contains_paywalled_content":false,"iawp_total_views":4,"_jetpack_memberships_contains_paid_content":false,"footnotes":""},"categories":[28],"tags":[],"class_list":["post-3060","post","type-post","status-publish","format-standard","hentry","category-actus"],"yoast_head":"<!-- This site is optimized with the Yoast SEO plugin v26.0 - https:\/\/yoast.com\/wordpress\/plugins\/seo\/ -->\n<title>Superbes r\u00e9sultats pour la section foot<\/title>\n<meta name=\"description\" content=\"Une semaine charg\u00e9e attendait la Section Sportive Foot de Jeanne d&#039;Arc les mardi 19 et mercredi 20 mars 2019. En effet, appel\u00e9s sur tous les fronts des\" \/>\n<meta name=\"robots\" content=\"index, follow, max-snippet:-1, max-image-preview:large, max-video-preview:-1\" \/>\n<link rel=\"canonical\" href=\"https:\/\/www.jeannedarc-figeac.fr\/college-lycee\/superbes-resultats-pour-la-section-foot\/\" \/>\n<meta property=\"og:locale\" content=\"fr_FR\" \/>\n<meta property=\"og:type\" content=\"article\" \/>\n<meta property=\"og:title\" content=\"Superbes r\u00e9sultats pour la section foot\" \/>\n<meta property=\"og:description\" content=\"Une semaine charg\u00e9e attendait la Section Sportive Foot de Jeanne d&#039;Arc les mardi 19 et mercredi 20 mars 2019. En effet, appel\u00e9s sur tous les fronts des\" \/>\n<meta property=\"og:url\" content=\"https:\/\/www.jeannedarc-figeac.fr\/college-lycee\/superbes-resultats-pour-la-section-foot\/\" \/>\n<meta property=\"og:site_name\" content=\"Coll\u00e8ge et Lyc\u00e9e Jeanne d&#039;Arc\" \/>\n<meta property=\"article:published_time\" content=\"2019-04-03T09:02:55+00:00\" \/>\n<meta property=\"article:modified_time\" content=\"2019-04-03T09:03:08+00:00\" \/>\n<meta name=\"author\" content=\"le secr\u00e9tariat\" \/>\n<script type=\"application\/ld+json\" class=\"yoast-schema-graph\">{\"@context\":\"https:\/\/schema.org\",\"@graph\":[{\"@type\":\"WebPage\",\"@id\":\"https:\/\/www.jeannedarc-figeac.fr\/college-lycee\/superbes-resultats-pour-la-section-foot\/\",\"url\":\"https:\/\/www.jeannedarc-figeac.fr\/college-lycee\/superbes-resultats-pour-la-section-foot\/\",\"name\":\"Superbes r\u00e9sultats pour la section foot\",\"isPartOf\":{\"@id\":\"https:\/\/www.jeannedarc-figeac.fr\/college-lycee\/#website\"},\"datePublished\":\"2019-04-03T09:02:55+00:00\",\"dateModified\":\"2019-04-03T09:03:08+00:00\",\"author\":{\"@id\":\"https:\/\/www.jeannedarc-figeac.fr\/college-lycee\/#\/schema\/person\/29e5764f28e895dc8bf41d4468f99154\"},\"description\":\"Une semaine charg\u00e9e attendait la Section Sportive Foot de Jeanne d'Arc les mardi 19 et mercredi 20 mars 2019. En effet, appel\u00e9s sur tous les fronts des\",\"breadcrumb\":{\"@id\":\"https:\/\/www.jeannedarc-figeac.fr\/college-lycee\/superbes-resultats-pour-la-section-foot\/#breadcrumb\"},\"inLanguage\":\"fr-FR\",\"potentialAction\":[{\"@type\":\"ReadAction\",\"target\":[\"https:\/\/www.jeannedarc-figeac.fr\/college-lycee\/superbes-resultats-pour-la-section-foot\/\"]}]},{\"@type\":\"BreadcrumbList\",\"@id\":\"https:\/\/www.jeannedarc-figeac.fr\/college-lycee\/superbes-resultats-pour-la-section-foot\/#breadcrumb\",\"itemListElement\":[{\"@type\":\"ListItem\",\"position\":1,\"name\":\"Accueil\",\"item\":\"https:\/\/www.jeannedarc-figeac.fr\/college-lycee\/\"},{\"@type\":\"ListItem\",\"position\":2,\"name\":\"Actus\",\"item\":\"http:\/\/www.jeannedarc-figeac.fr\/college-lycee\/cat\/actus\/\"},{\"@type\":\"ListItem\",\"position\":3,\"name\":\"Superbes r\u00e9sultats pour la section foot\"}]},{\"@type\":\"WebSite\",\"@id\":\"https:\/\/www.jeannedarc-figeac.fr\/college-lycee\/#website\",\"url\":\"https:\/\/www.jeannedarc-figeac.fr\/college-lycee\/\",\"name\":\"Coll\u00e8ge et Lyc\u00e9e Jeanne d&#039;Arc\",\"description\":\"Jeanne d&#039;Arc Figeac\",\"potentialAction\":[{\"@type\":\"SearchAction\",\"target\":{\"@type\":\"EntryPoint\",\"urlTemplate\":\"https:\/\/www.jeannedarc-figeac.fr\/college-lycee\/?s={search_term_string}\"},\"query-input\":{\"@type\":\"PropertyValueSpecification\",\"valueRequired\":true,\"valueName\":\"search_term_string\"}}],\"inLanguage\":\"fr-FR\"},{\"@type\":\"Person\",\"@id\":\"https:\/\/www.jeannedarc-figeac.fr\/college-lycee\/#\/schema\/person\/29e5764f28e895dc8bf41d4468f99154\",\"name\":\"le secr\u00e9tariat\",\"image\":{\"@type\":\"ImageObject\",\"inLanguage\":\"fr-FR\",\"@id\":\"https:\/\/www.jeannedarc-figeac.fr\/college-lycee\/#\/schema\/person\/image\/\",\"url\":\"https:\/\/www.jeannedarc-figeac.fr\/college-lycee\/wp-content\/litespeed\/avatar\/5\/b7e8da60f53ba4adc9e9e66d91d84580.jpg?ver=1777548714\",\"contentUrl\":\"https:\/\/www.jeannedarc-figeac.fr\/college-lycee\/wp-content\/litespeed\/avatar\/5\/b7e8da60f53ba4adc9e9e66d91d84580.jpg?ver=1777548714\",\"caption\":\"le secr\u00e9tariat\"},\"url\":\"https:\/\/www.jeannedarc-figeac.fr\/college-lycee\/author\/arlette\/\"}]}<\/script>\n<!-- \/ Yoast SEO plugin. -->","yoast_head_json":{"title":"Superbes r\u00e9sultats pour la section foot","description":"Une semaine charg\u00e9e attendait la Section Sportive Foot de Jeanne d'Arc les mardi 19 et mercredi 20 mars 2019. En effet, appel\u00e9s sur tous les fronts des","robots":{"index":"index","follow":"follow","max-snippet":"max-snippet:-1","max-image-preview":"max-image-preview:large","max-video-preview":"max-video-preview:-1"},"canonical":"https:\/\/www.jeannedarc-figeac.fr\/college-lycee\/superbes-resultats-pour-la-section-foot\/","og_locale":"fr_FR","og_type":"article","og_title":"Superbes r\u00e9sultats pour la section foot","og_description":"Une semaine charg\u00e9e attendait la Section Sportive Foot de Jeanne d'Arc les mardi 19 et mercredi 20 mars 2019. En effet, appel\u00e9s sur tous les fronts des","og_url":"https:\/\/www.jeannedarc-figeac.fr\/college-lycee\/superbes-resultats-pour-la-section-foot\/","og_site_name":"Coll\u00e8ge et Lyc\u00e9e Jeanne d&#039;Arc","article_published_time":"2019-04-03T09:02:55+00:00","article_modified_time":"2019-04-03T09:03:08+00:00","author":"le secr\u00e9tariat","schema":{"@context":"https:\/\/schema.org","@graph":[{"@type":"WebPage","@id":"https:\/\/www.jeannedarc-figeac.fr\/college-lycee\/superbes-resultats-pour-la-section-foot\/","url":"https:\/\/www.jeannedarc-figeac.fr\/college-lycee\/superbes-resultats-pour-la-section-foot\/","name":"Superbes r\u00e9sultats pour la section foot","isPartOf":{"@id":"https:\/\/www.jeannedarc-figeac.fr\/college-lycee\/#website"},"datePublished":"2019-04-03T09:02:55+00:00","dateModified":"2019-04-03T09:03:08+00:00","author":{"@id":"https:\/\/www.jeannedarc-figeac.fr\/college-lycee\/#\/schema\/person\/29e5764f28e895dc8bf41d4468f99154"},"description":"Une semaine charg\u00e9e attendait la Section Sportive Foot de Jeanne d'Arc les mardi 19 et mercredi 20 mars 2019. En effet, appel\u00e9s sur tous les fronts des","breadcrumb":{"@id":"https:\/\/www.jeannedarc-figeac.fr\/college-lycee\/superbes-resultats-pour-la-section-foot\/#breadcrumb"},"inLanguage":"fr-FR","potentialAction":[{"@type":"ReadAction","target":["https:\/\/www.jeannedarc-figeac.fr\/college-lycee\/superbes-resultats-pour-la-section-foot\/"]}]},{"@type":"BreadcrumbList","@id":"https:\/\/www.jeannedarc-figeac.fr\/college-lycee\/superbes-resultats-pour-la-section-foot\/#breadcrumb","itemListElement":[{"@type":"ListItem","position":1,"name":"Accueil","item":"https:\/\/www.jeannedarc-figeac.fr\/college-lycee\/"},{"@type":"ListItem","position":2,"name":"Actus","item":"http:\/\/www.jeannedarc-figeac.fr\/college-lycee\/cat\/actus\/"},{"@type":"ListItem","position":3,"name":"Superbes r\u00e9sultats pour la section foot"}]},{"@type":"WebSite","@id":"https:\/\/www.jeannedarc-figeac.fr\/college-lycee\/#website","url":"https:\/\/www.jeannedarc-figeac.fr\/college-lycee\/","name":"Coll\u00e8ge et Lyc\u00e9e Jeanne d&#039;Arc","description":"Jeanne d&#039;Arc Figeac","potentialAction":[{"@type":"SearchAction","target":{"@type":"EntryPoint","urlTemplate":"https:\/\/www.jeannedarc-figeac.fr\/college-lycee\/?s={search_term_string}"},"query-input":{"@type":"PropertyValueSpecification","valueRequired":true,"valueName":"search_term_string"}}],"inLanguage":"fr-FR"},{"@type":"Person","@id":"https:\/\/www.jeannedarc-figeac.fr\/college-lycee\/#\/schema\/person\/29e5764f28e895dc8bf41d4468f99154","name":"le secr\u00e9tariat","image":{"@type":"ImageObject","inLanguage":"fr-FR","@id":"https:\/\/www.jeannedarc-figeac.fr\/college-lycee\/#\/schema\/person\/image\/","url":"https:\/\/www.jeannedarc-figeac.fr\/college-lycee\/wp-content\/litespeed\/avatar\/5\/b7e8da60f53ba4adc9e9e66d91d84580.jpg?ver=1777548714","contentUrl":"https:\/\/www.jeannedarc-figeac.fr\/college-lycee\/wp-content\/litespeed\/avatar\/5\/b7e8da60f53ba4adc9e9e66d91d84580.jpg?ver=1777548714","caption":"le secr\u00e9tariat"},"url":"https:\/\/www.jeannedarc-figeac.fr\/college-lycee\/author\/arlette\/"}]}},"jetpack_featured_media_url":"","jetpack_sharing_enabled":true,"jetpack_shortlink":"https:\/\/wp.me\/p5Qyb6-Nm","_links":{"self":[{"href":"https:\/\/www.jeannedarc-figeac.fr\/college-lycee\/wp-json\/wp\/v2\/posts\/3060","targetHints":{"allow":["GET"]}}],"collection":[{"href":"https:\/\/www.jeannedarc-figeac.fr\/college-lycee\/wp-json\/wp\/v2\/posts"}],"about":[{"href":"https:\/\/www.jeannedarc-figeac.fr\/college-lycee\/wp-json\/wp\/v2\/types\/post"}],"author":[{"embeddable":true,"href":"https:\/\/www.jeannedarc-figeac.fr\/college-lycee\/wp-json\/wp\/v2\/users\/12"}],"replies":[{"embeddable":true,"href":"https:\/\/www.jeannedarc-figeac.fr\/college-lycee\/wp-json\/wp\/v2\/comments?post=3060"}],"version-history":[{"count":1,"href":"https:\/\/www.jeannedarc-figeac.fr\/college-lycee\/wp-json\/wp\/v2\/posts\/3060\/revisions"}],"predecessor-version":[{"id":3062,"href":"https:\/\/www.jeannedarc-figeac.fr\/college-lycee\/wp-json\/wp\/v2\/posts\/3060\/revisions\/3062"}],"wp:attachment":[{"href":"https:\/\/www.jeannedarc-figeac.fr\/college-lycee\/wp-json\/wp\/v2\/media?parent=3060"}],"wp:term":[{"taxonomy":"category","embeddable":true,"href":"https:\/\/www.jeannedarc-figeac.fr\/college-lycee\/wp-json\/wp\/v2\/categories?post=3060"},{"taxonomy":"post_tag","embeddable":true,"href":"https:\/\/www.jeannedarc-figeac.fr\/college-lycee\/wp-json\/wp\/v2\/tags?post=3060"}],"curies":[{"name":"wp","href":"https:\/\/api.w.org\/{rel}","templated":true}]}}