{"id":3057,"date":"2019-04-03T08:54:30","date_gmt":"2019-04-03T08:54:30","guid":{"rendered":"http:\/\/www.jeannedarc-figeac.fr\/college-lycee\/?p=3057"},"modified":"2019-04-03T08:54:38","modified_gmt":"2019-04-03T08:54:38","slug":"le-projet-de-la-mini-entreprise-jda-eco","status":"publish","type":"post","link":"https:\/\/www.jeannedarc-figeac.fr\/college-lycee\/le-projet-de-la-mini-entreprise-jda-eco\/","title":{"rendered":"Le projet de la mini entreprise JDA Eco"},"content":{"rendered":"\n<figure class=\"wp-block-image is-resized\"><img data-recalc-dims=\"1\" loading=\"lazy\" decoding=\"async\" src=\"https:\/\/i0.wp.com\/www.jeannedarc-figeac.fr\/college-lycee\/wp-content\/uploads\/sites\/5\/2019\/04\/mini-entreprise-2-bis.jpg?resize=438%2C213\" alt=\"\" class=\"wp-image-3058\" width=\"438\" height=\"213\" srcset=\"https:\/\/i0.wp.com\/www.jeannedarc-figeac.fr\/college-lycee\/wp-content\/uploads\/sites\/5\/2019\/04\/mini-entreprise-2-bis.jpg?resize=1024%2C498&amp;ssl=1 1024w, https:\/\/i0.wp.com\/www.jeannedarc-figeac.fr\/college-lycee\/wp-content\/uploads\/sites\/5\/2019\/04\/mini-entreprise-2-bis.jpg?resize=300%2C146&amp;ssl=1 300w, https:\/\/i0.wp.com\/www.jeannedarc-figeac.fr\/college-lycee\/wp-content\/uploads\/sites\/5\/2019\/04\/mini-entreprise-2-bis.jpg?resize=768%2C373&amp;ssl=1 768w, https:\/\/i0.wp.com\/www.jeannedarc-figeac.fr\/college-lycee\/wp-content\/uploads\/sites\/5\/2019\/04\/mini-entreprise-2-bis.jpg?resize=1080%2C525&amp;ssl=1 1080w, https:\/\/i0.wp.com\/www.jeannedarc-figeac.fr\/college-lycee\/wp-content\/uploads\/sites\/5\/2019\/04\/mini-entreprise-2-bis.jpg?w=1600&amp;ssl=1 1600w\" sizes=\"(max-width: 438px) 100vw, 438px\" \/><\/figure>\n\n\n\n<p>Mardi 12 Mars\nsous la pr\u00e9sidence de Manon AMET, s\u2019est tenue l\u2019Assembl\u00e9e G\u00e9n\u00e9rale Constitutive\nde la mini-entreprise JDA \u00e9co. Plusieurs actionnaires et sponsors \u00e9taient\npr\u00e9sents. <\/p>\n\n\n\n<p>Quatorze \u00e9l\u00e8ves\nen CAP ATMFC (Assistant Technique en Milieu Familial et Collectif) au Lyc\u00e9e\nprofessionnel de Jeanne d\u2019Arc \u00e0 Figeac se sont engag\u00e9s dans le d\u00e9fi de\nl\u2019entreprenariat.<\/p>\n\n\n\n<p>Cette&nbsp; mini-entreprise pr\u00e9pare&nbsp; \u00e0 raison de deux par semaine pour un&nbsp; total de 60 heures, le championnat r\u00e9gional\nqui aura lieu le 14 Mai. <\/p>\n\n\n\n<p>Les\nmini-entrepreneurs sont accompagn\u00e9s de trois enseignantes et du parrain\nMonsieur BOURGEOIS Bernard, ancien Chef d\u2019entreprise sur Decazeville.<\/p>\n\n\n\n<p>Suite \u00e0 un\npartenariat avec l\u2019association Entreprendre pour Apprendre les \u00e9l\u00e8ves ont cr\u00e9\u00e9s\nleur mini-entreprise de A \u00e0 Z&nbsp;: \u00e9tude de march\u00e9, recherche d\u2019actionnaires\net de sponsors, \u00e9laboration du produit, commercialisation, \u2026.\n\nSous le nom de <strong>JDA\n\u00e9co, <\/strong>cette entreprise de lyc\u00e9ens a choisi de concevoir et de\ncommercialiser&nbsp; des cotons lavables\nr\u00e9utilisables<strong> (50% coton, 50% microfibre).\n<\/strong><em>\u00ab&nbsp;Nous fabriquons des kits de\nsept cotons d\u00e9maquillants lavables en microfibre accompagn\u00e9s d\u2019une pochette en\nsimili cuir.&nbsp;Cette pochette permet de transporter les cotons mais\n\u00e9galement de garantir l\u2019hygi\u00e8ne de ces derniers. Suite \u00e0 notre \u00e9tude de march\u00e9\net au calcul du co\u00fbt de revient, ce produit DEM &amp; Co sera commercialis\u00e9\ndans des commerces de proximit\u00e9 de Figeac au prix de 15 \u20ac TTC&nbsp;\u00bb.<\/em> Suite\n\u00e0 de multiples \u00e9changes, les b\u00e9n\u00e9fices esp\u00e9r\u00e9s seront revers\u00e9s \u00e0 l\u2019association\nAFFIRMEE de Capdenac Gare.\n\n\n\n<\/p>\n","protected":false},"excerpt":{"rendered":"<p>Mardi 12 Mars sous la pr\u00e9sidence de Manon AMET, s\u2019est tenue l\u2019Assembl\u00e9e G\u00e9n\u00e9rale Constitutive de la mini-entreprise JDA \u00e9co. Plusieurs actionnaires et sponsors \u00e9taient pr\u00e9sents. Quatorze \u00e9l\u00e8ves en CAP ATMFC (Assistant Technique en Milieu Familial et Collectif) au Lyc\u00e9e professionnel de Jeanne d\u2019Arc \u00e0 Figeac se sont engag\u00e9s dans le d\u00e9fi de l\u2019entreprenariat. Cette&nbsp; mini-entreprise [&hellip;]<\/p>\n","protected":false},"author":12,"featured_media":0,"comment_status":"closed","ping_status":"open","sticky":false,"template":"","format":"standard","meta":{"_et_pb_use_builder":"","_et_pb_old_content":"","_et_gb_content_width":"","_jetpack_newsletter_access":"","_jetpack_dont_email_post_to_subs":false,"_jetpack_newsletter_tier_id":0,"_jetpack_memberships_contains_paywalled_content":false,"iawp_total_views":0,"_jetpack_memberships_contains_paid_content":false,"footnotes":""},"categories":[28],"tags":[],"class_list":["post-3057","post","type-post","status-publish","format-standard","hentry","category-actus"],"yoast_head":"<!-- This site is optimized with the Yoast SEO plugin v26.0 - https:\/\/yoast.com\/wordpress\/plugins\/seo\/ -->\n<title>Le projet de la mini entreprise JDA Eco<\/title>\n<meta name=\"description\" content=\"Mardi 12 Mars sous la pr\u00e9sidence de Manon AMET, s\u2019est tenue l\u2019Assembl\u00e9e G\u00e9n\u00e9rale Constitutive de la mini-entreprise JDA \u00e9co. Plusieurs actionnaires et\" \/>\n<meta name=\"robots\" content=\"index, follow, max-snippet:-1, max-image-preview:large, max-video-preview:-1\" \/>\n<link rel=\"canonical\" href=\"http:\/\/www.jeannedarc-figeac.fr\/college-lycee\/le-projet-de-la-mini-entreprise-jda-eco\/\" \/>\n<meta property=\"og:locale\" content=\"fr_FR\" \/>\n<meta property=\"og:type\" content=\"article\" \/>\n<meta property=\"og:title\" content=\"Le projet de la mini entreprise JDA Eco\" \/>\n<meta property=\"og:description\" content=\"Mardi 12 Mars sous la pr\u00e9sidence de Manon AMET, s\u2019est tenue l\u2019Assembl\u00e9e G\u00e9n\u00e9rale Constitutive de la mini-entreprise JDA \u00e9co. Plusieurs actionnaires et\" \/>\n<meta property=\"og:url\" content=\"http:\/\/www.jeannedarc-figeac.fr\/college-lycee\/le-projet-de-la-mini-entreprise-jda-eco\/\" \/>\n<meta property=\"og:site_name\" content=\"Coll\u00e8ge et Lyc\u00e9e Jeanne d&#039;Arc\" \/>\n<meta property=\"article:published_time\" content=\"2019-04-03T08:54:30+00:00\" \/>\n<meta property=\"article:modified_time\" content=\"2019-04-03T08:54:38+00:00\" \/>\n<meta property=\"og:image\" content=\"http:\/\/www.jeannedarc-figeac.fr\/college-lycee\/wp-content\/uploads\/sites\/5\/2019\/04\/mini-entreprise-2-bis-1024x498.jpg\" \/>\n<meta name=\"author\" content=\"le secr\u00e9tariat\" \/>\n<script type=\"application\/ld+json\" class=\"yoast-schema-graph\">{\"@context\":\"https:\/\/schema.org\",\"@graph\":[{\"@type\":\"WebPage\",\"@id\":\"http:\/\/www.jeannedarc-figeac.fr\/college-lycee\/le-projet-de-la-mini-entreprise-jda-eco\/\",\"url\":\"http:\/\/www.jeannedarc-figeac.fr\/college-lycee\/le-projet-de-la-mini-entreprise-jda-eco\/\",\"name\":\"Le projet de la mini entreprise JDA Eco\",\"isPartOf\":{\"@id\":\"https:\/\/www.jeannedarc-figeac.fr\/college-lycee\/#website\"},\"primaryImageOfPage\":{\"@id\":\"http:\/\/www.jeannedarc-figeac.fr\/college-lycee\/le-projet-de-la-mini-entreprise-jda-eco\/#primaryimage\"},\"image\":{\"@id\":\"http:\/\/www.jeannedarc-figeac.fr\/college-lycee\/le-projet-de-la-mini-entreprise-jda-eco\/#primaryimage\"},\"thumbnailUrl\":\"http:\/\/www.jeannedarc-figeac.fr\/college-lycee\/wp-content\/uploads\/sites\/5\/2019\/04\/mini-entreprise-2-bis-1024x498.jpg\",\"datePublished\":\"2019-04-03T08:54:30+00:00\",\"dateModified\":\"2019-04-03T08:54:38+00:00\",\"author\":{\"@id\":\"https:\/\/www.jeannedarc-figeac.fr\/college-lycee\/#\/schema\/person\/29e5764f28e895dc8bf41d4468f99154\"},\"description\":\"Mardi 12 Mars sous la pr\u00e9sidence de Manon AMET, s\u2019est tenue l\u2019Assembl\u00e9e G\u00e9n\u00e9rale Constitutive de la mini-entreprise JDA \u00e9co. Plusieurs actionnaires et\",\"breadcrumb\":{\"@id\":\"http:\/\/www.jeannedarc-figeac.fr\/college-lycee\/le-projet-de-la-mini-entreprise-jda-eco\/#breadcrumb\"},\"inLanguage\":\"fr-FR\",\"potentialAction\":[{\"@type\":\"ReadAction\",\"target\":[\"http:\/\/www.jeannedarc-figeac.fr\/college-lycee\/le-projet-de-la-mini-entreprise-jda-eco\/\"]}]},{\"@type\":\"ImageObject\",\"inLanguage\":\"fr-FR\",\"@id\":\"http:\/\/www.jeannedarc-figeac.fr\/college-lycee\/le-projet-de-la-mini-entreprise-jda-eco\/#primaryimage\",\"url\":\"https:\/\/i0.wp.com\/www.jeannedarc-figeac.fr\/college-lycee\/wp-content\/uploads\/sites\/5\/2019\/04\/mini-entreprise-2-bis.jpg?fit=1600%2C778&ssl=1\",\"contentUrl\":\"https:\/\/i0.wp.com\/www.jeannedarc-figeac.fr\/college-lycee\/wp-content\/uploads\/sites\/5\/2019\/04\/mini-entreprise-2-bis.jpg?fit=1600%2C778&ssl=1\",\"width\":1600,\"height\":778},{\"@type\":\"BreadcrumbList\",\"@id\":\"http:\/\/www.jeannedarc-figeac.fr\/college-lycee\/le-projet-de-la-mini-entreprise-jda-eco\/#breadcrumb\",\"itemListElement\":[{\"@type\":\"ListItem\",\"position\":1,\"name\":\"Accueil\",\"item\":\"https:\/\/www.jeannedarc-figeac.fr\/college-lycee\/\"},{\"@type\":\"ListItem\",\"position\":2,\"name\":\"Actus\",\"item\":\"http:\/\/www.jeannedarc-figeac.fr\/college-lycee\/cat\/actus\/\"},{\"@type\":\"ListItem\",\"position\":3,\"name\":\"Le projet de la mini entreprise JDA Eco\"}]},{\"@type\":\"WebSite\",\"@id\":\"https:\/\/www.jeannedarc-figeac.fr\/college-lycee\/#website\",\"url\":\"https:\/\/www.jeannedarc-figeac.fr\/college-lycee\/\",\"name\":\"Coll\u00e8ge et Lyc\u00e9e Jeanne d&#039;Arc\",\"description\":\"Jeanne d&#039;Arc Figeac\",\"potentialAction\":[{\"@type\":\"SearchAction\",\"target\":{\"@type\":\"EntryPoint\",\"urlTemplate\":\"https:\/\/www.jeannedarc-figeac.fr\/college-lycee\/?s={search_term_string}\"},\"query-input\":{\"@type\":\"PropertyValueSpecification\",\"valueRequired\":true,\"valueName\":\"search_term_string\"}}],\"inLanguage\":\"fr-FR\"},{\"@type\":\"Person\",\"@id\":\"https:\/\/www.jeannedarc-figeac.fr\/college-lycee\/#\/schema\/person\/29e5764f28e895dc8bf41d4468f99154\",\"name\":\"le secr\u00e9tariat\",\"image\":{\"@type\":\"ImageObject\",\"inLanguage\":\"fr-FR\",\"@id\":\"https:\/\/www.jeannedarc-figeac.fr\/college-lycee\/#\/schema\/person\/image\/\",\"url\":\"https:\/\/www.jeannedarc-figeac.fr\/college-lycee\/wp-content\/litespeed\/avatar\/5\/b7e8da60f53ba4adc9e9e66d91d84580.jpg?ver=1777548714\",\"contentUrl\":\"https:\/\/www.jeannedarc-figeac.fr\/college-lycee\/wp-content\/litespeed\/avatar\/5\/b7e8da60f53ba4adc9e9e66d91d84580.jpg?ver=1777548714\",\"caption\":\"le secr\u00e9tariat\"},\"url\":\"https:\/\/www.jeannedarc-figeac.fr\/college-lycee\/author\/arlette\/\"}]}<\/script>\n<!-- \/ Yoast SEO plugin. -->","yoast_head_json":{"title":"Le projet de la mini entreprise JDA Eco","description":"Mardi 12 Mars sous la pr\u00e9sidence de Manon AMET, s\u2019est tenue l\u2019Assembl\u00e9e G\u00e9n\u00e9rale Constitutive de la mini-entreprise JDA \u00e9co. Plusieurs actionnaires et","robots":{"index":"index","follow":"follow","max-snippet":"max-snippet:-1","max-image-preview":"max-image-preview:large","max-video-preview":"max-video-preview:-1"},"canonical":"http:\/\/www.jeannedarc-figeac.fr\/college-lycee\/le-projet-de-la-mini-entreprise-jda-eco\/","og_locale":"fr_FR","og_type":"article","og_title":"Le projet de la mini entreprise JDA Eco","og_description":"Mardi 12 Mars sous la pr\u00e9sidence de Manon AMET, s\u2019est tenue l\u2019Assembl\u00e9e G\u00e9n\u00e9rale Constitutive de la mini-entreprise JDA \u00e9co. Plusieurs actionnaires et","og_url":"http:\/\/www.jeannedarc-figeac.fr\/college-lycee\/le-projet-de-la-mini-entreprise-jda-eco\/","og_site_name":"Coll\u00e8ge et Lyc\u00e9e Jeanne d&#039;Arc","article_published_time":"2019-04-03T08:54:30+00:00","article_modified_time":"2019-04-03T08:54:38+00:00","og_image":[{"url":"http:\/\/www.jeannedarc-figeac.fr\/college-lycee\/wp-content\/uploads\/sites\/5\/2019\/04\/mini-entreprise-2-bis-1024x498.jpg","type":"","width":"","height":""}],"author":"le secr\u00e9tariat","schema":{"@context":"https:\/\/schema.org","@graph":[{"@type":"WebPage","@id":"http:\/\/www.jeannedarc-figeac.fr\/college-lycee\/le-projet-de-la-mini-entreprise-jda-eco\/","url":"http:\/\/www.jeannedarc-figeac.fr\/college-lycee\/le-projet-de-la-mini-entreprise-jda-eco\/","name":"Le projet de la mini entreprise JDA Eco","isPartOf":{"@id":"https:\/\/www.jeannedarc-figeac.fr\/college-lycee\/#website"},"primaryImageOfPage":{"@id":"http:\/\/www.jeannedarc-figeac.fr\/college-lycee\/le-projet-de-la-mini-entreprise-jda-eco\/#primaryimage"},"image":{"@id":"http:\/\/www.jeannedarc-figeac.fr\/college-lycee\/le-projet-de-la-mini-entreprise-jda-eco\/#primaryimage"},"thumbnailUrl":"http:\/\/www.jeannedarc-figeac.fr\/college-lycee\/wp-content\/uploads\/sites\/5\/2019\/04\/mini-entreprise-2-bis-1024x498.jpg","datePublished":"2019-04-03T08:54:30+00:00","dateModified":"2019-04-03T08:54:38+00:00","author":{"@id":"https:\/\/www.jeannedarc-figeac.fr\/college-lycee\/#\/schema\/person\/29e5764f28e895dc8bf41d4468f99154"},"description":"Mardi 12 Mars sous la pr\u00e9sidence de Manon AMET, s\u2019est tenue l\u2019Assembl\u00e9e G\u00e9n\u00e9rale Constitutive de la mini-entreprise JDA \u00e9co. Plusieurs actionnaires et","breadcrumb":{"@id":"http:\/\/www.jeannedarc-figeac.fr\/college-lycee\/le-projet-de-la-mini-entreprise-jda-eco\/#breadcrumb"},"inLanguage":"fr-FR","potentialAction":[{"@type":"ReadAction","target":["http:\/\/www.jeannedarc-figeac.fr\/college-lycee\/le-projet-de-la-mini-entreprise-jda-eco\/"]}]},{"@type":"ImageObject","inLanguage":"fr-FR","@id":"http:\/\/www.jeannedarc-figeac.fr\/college-lycee\/le-projet-de-la-mini-entreprise-jda-eco\/#primaryimage","url":"https:\/\/i0.wp.com\/www.jeannedarc-figeac.fr\/college-lycee\/wp-content\/uploads\/sites\/5\/2019\/04\/mini-entreprise-2-bis.jpg?fit=1600%2C778&ssl=1","contentUrl":"https:\/\/i0.wp.com\/www.jeannedarc-figeac.fr\/college-lycee\/wp-content\/uploads\/sites\/5\/2019\/04\/mini-entreprise-2-bis.jpg?fit=1600%2C778&ssl=1","width":1600,"height":778},{"@type":"BreadcrumbList","@id":"http:\/\/www.jeannedarc-figeac.fr\/college-lycee\/le-projet-de-la-mini-entreprise-jda-eco\/#breadcrumb","itemListElement":[{"@type":"ListItem","position":1,"name":"Accueil","item":"https:\/\/www.jeannedarc-figeac.fr\/college-lycee\/"},{"@type":"ListItem","position":2,"name":"Actus","item":"http:\/\/www.jeannedarc-figeac.fr\/college-lycee\/cat\/actus\/"},{"@type":"ListItem","position":3,"name":"Le projet de la mini entreprise JDA Eco"}]},{"@type":"WebSite","@id":"https:\/\/www.jeannedarc-figeac.fr\/college-lycee\/#website","url":"https:\/\/www.jeannedarc-figeac.fr\/college-lycee\/","name":"Coll\u00e8ge et Lyc\u00e9e Jeanne d&#039;Arc","description":"Jeanne d&#039;Arc Figeac","potentialAction":[{"@type":"SearchAction","target":{"@type":"EntryPoint","urlTemplate":"https:\/\/www.jeannedarc-figeac.fr\/college-lycee\/?s={search_term_string}"},"query-input":{"@type":"PropertyValueSpecification","valueRequired":true,"valueName":"search_term_string"}}],"inLanguage":"fr-FR"},{"@type":"Person","@id":"https:\/\/www.jeannedarc-figeac.fr\/college-lycee\/#\/schema\/person\/29e5764f28e895dc8bf41d4468f99154","name":"le secr\u00e9tariat","image":{"@type":"ImageObject","inLanguage":"fr-FR","@id":"https:\/\/www.jeannedarc-figeac.fr\/college-lycee\/#\/schema\/person\/image\/","url":"https:\/\/www.jeannedarc-figeac.fr\/college-lycee\/wp-content\/litespeed\/avatar\/5\/b7e8da60f53ba4adc9e9e66d91d84580.jpg?ver=1777548714","contentUrl":"https:\/\/www.jeannedarc-figeac.fr\/college-lycee\/wp-content\/litespeed\/avatar\/5\/b7e8da60f53ba4adc9e9e66d91d84580.jpg?ver=1777548714","caption":"le secr\u00e9tariat"},"url":"https:\/\/www.jeannedarc-figeac.fr\/college-lycee\/author\/arlette\/"}]}},"jetpack_featured_media_url":"","jetpack_sharing_enabled":true,"jetpack_shortlink":"https:\/\/wp.me\/p5Qyb6-Nj","_links":{"self":[{"href":"https:\/\/www.jeannedarc-figeac.fr\/college-lycee\/wp-json\/wp\/v2\/posts\/3057","targetHints":{"allow":["GET"]}}],"collection":[{"href":"https:\/\/www.jeannedarc-figeac.fr\/college-lycee\/wp-json\/wp\/v2\/posts"}],"about":[{"href":"https:\/\/www.jeannedarc-figeac.fr\/college-lycee\/wp-json\/wp\/v2\/types\/post"}],"author":[{"embeddable":true,"href":"https:\/\/www.jeannedarc-figeac.fr\/college-lycee\/wp-json\/wp\/v2\/users\/12"}],"replies":[{"embeddable":true,"href":"https:\/\/www.jeannedarc-figeac.fr\/college-lycee\/wp-json\/wp\/v2\/comments?post=3057"}],"version-history":[{"count":1,"href":"https:\/\/www.jeannedarc-figeac.fr\/college-lycee\/wp-json\/wp\/v2\/posts\/3057\/revisions"}],"predecessor-version":[{"id":3059,"href":"https:\/\/www.jeannedarc-figeac.fr\/college-lycee\/wp-json\/wp\/v2\/posts\/3057\/revisions\/3059"}],"wp:attachment":[{"href":"https:\/\/www.jeannedarc-figeac.fr\/college-lycee\/wp-json\/wp\/v2\/media?parent=3057"}],"wp:term":[{"taxonomy":"category","embeddable":true,"href":"https:\/\/www.jeannedarc-figeac.fr\/college-lycee\/wp-json\/wp\/v2\/categories?post=3057"},{"taxonomy":"post_tag","embeddable":true,"href":"https:\/\/www.jeannedarc-figeac.fr\/college-lycee\/wp-json\/wp\/v2\/tags?post=3057"}],"curies":[{"name":"wp","href":"https:\/\/api.w.org\/{rel}","templated":true}]}}