{"id":3038,"date":"2019-02-27T10:03:47","date_gmt":"2019-02-27T10:03:47","guid":{"rendered":"http:\/\/www.jeannedarc-figeac.fr\/college-lycee\/?p=3038"},"modified":"2019-02-27T10:03:54","modified_gmt":"2019-02-27T10:03:54","slug":"jeanne-darc-figeac-les-lyceens-de-premieres-en-voyage-a-prague","status":"publish","type":"post","link":"https:\/\/www.jeannedarc-figeac.fr\/college-lycee\/jeanne-darc-figeac-les-lyceens-de-premieres-en-voyage-a-prague\/","title":{"rendered":"JEANNE D\u2019ARC FIGEAC : LES LYCEENS DE PREMIERES EN VOYAGE A PRAGUE"},"content":{"rendered":"\n<figure class=\"wp-block-image is-resized\"><img data-recalc-dims=\"1\" loading=\"lazy\" decoding=\"async\" src=\"https:\/\/i0.wp.com\/www.jeannedarc-figeac.fr\/college-lycee\/wp-content\/uploads\/sites\/5\/2019\/02\/Prague-1.jpg?resize=203%2C361\" alt=\"\" class=\"wp-image-3040\" width=\"203\" height=\"361\" srcset=\"https:\/\/i0.wp.com\/www.jeannedarc-figeac.fr\/college-lycee\/wp-content\/uploads\/sites\/5\/2019\/02\/Prague-1.jpg?resize=576%2C1024&amp;ssl=1 576w, https:\/\/i0.wp.com\/www.jeannedarc-figeac.fr\/college-lycee\/wp-content\/uploads\/sites\/5\/2019\/02\/Prague-1.jpg?resize=169%2C300&amp;ssl=1 169w, https:\/\/i0.wp.com\/www.jeannedarc-figeac.fr\/college-lycee\/wp-content\/uploads\/sites\/5\/2019\/02\/Prague-1.jpg?resize=768%2C1365&amp;ssl=1 768w, https:\/\/i0.wp.com\/www.jeannedarc-figeac.fr\/college-lycee\/wp-content\/uploads\/sites\/5\/2019\/02\/Prague-1.jpg?w=918&amp;ssl=1 918w\" sizes=\"(max-width: 203px) 100vw, 203px\" \/><\/figure>\n\n\n\n<div class=\"wp-block-image\"><figure class=\"aligncenter is-resized\"><img data-recalc-dims=\"1\" loading=\"lazy\" decoding=\"async\" src=\"https:\/\/i0.wp.com\/www.jeannedarc-figeac.fr\/college-lycee\/wp-content\/uploads\/sites\/5\/2019\/02\/Prague-3.jpg?resize=470%2C353\" alt=\"\" class=\"wp-image-3039\" width=\"470\" height=\"353\" srcset=\"https:\/\/i0.wp.com\/www.jeannedarc-figeac.fr\/college-lycee\/wp-content\/uploads\/sites\/5\/2019\/02\/Prague-3.jpg?w=960&amp;ssl=1 960w, https:\/\/i0.wp.com\/www.jeannedarc-figeac.fr\/college-lycee\/wp-content\/uploads\/sites\/5\/2019\/02\/Prague-3.jpg?resize=300%2C225&amp;ssl=1 300w, https:\/\/i0.wp.com\/www.jeannedarc-figeac.fr\/college-lycee\/wp-content\/uploads\/sites\/5\/2019\/02\/Prague-3.jpg?resize=768%2C576&amp;ssl=1 768w\" sizes=\"(max-width: 470px) 100vw, 470px\" \/><\/figure><\/div>\n\n\n\n<p class=\"has-text-color has-vivid-cyan-blue-color\"><strong>Le voyage du cycle terminal, r\u00e9unissant tous les \u00e9l\u00e8ves des classes de premi\u00e8res g\u00e9n\u00e9rales, technologiques et professionnelles S, ES, L, ST2S, ASSP et les Terminales CAP ATMFC, avaient pour destination la R\u00e9publique Tch\u00e8que.<\/strong><\/p>\n\n\n\n<p class=\"has-text-color has-vivid-cyan-blue-color\"><strong>Ainsi du 17 au 22 f\u00e9vrier, les \u00e9l\u00e8ves ont pu d\u00e9couvrir Prague, la ville aux cent clochers.<\/strong><\/p>\n\n\n\n<p class=\"has-text-color has-vivid-cyan-blue-color\"><strong>Ce s\u00e9jour a \u00e9t\u00e9 l\u2019occasion de d\u00e9couvrir le remarquable Ch\u00e2teau de Prague et l\u2019embl\u00e9matique Pont Charles, d\u2019\u00eatre pris par le charme du quartier baroque de la Mal\u00e1 Strana, class\u00e9 patrimoine mondial de l\u2019UNESCO, de d\u00e9couvrir la ville lors d\u2019une promenade croisi\u00e8re sur la Vltava, de mieux connaitre l\u2019\u0153uvre de Alfons Mucha, le c\u00e9l\u00e8bre affichiste et d\u2019\u00e9voquer un pass\u00e9 plus douloureux au sein du ghetto juif, le Josefov.<\/strong><\/p>\n\n\n\n<p class=\"has-text-color has-vivid-cyan-blue-color\"><strong>Outre l\u2019aspect historique, les jeunes ont pu s\u2019int\u00e9resser \u00e0 l\u2019aspect \u00e9conomique et industriel actuel avec la visite des usines \u0160koda o\u00f9 sont produits quelques 2500 v\u00e9hicules par jour.<\/strong><\/p>\n\n\n\n<p class=\"has-text-color has-vivid-cyan-blue-color\"><strong>Enfin les \u00e9l\u00e8ves des fili\u00e8res sanitaires et sociales (ASSP ATMFC et ST2S) ont \u00e9t\u00e9 re\u00e7us dans un institut sp\u00e9cialis\u00e9 dans l\u2019accueil d\u2019enfants en situation de handicap. Ce temps fort a permis un \u00e9change autour de nos pratiques et de nos perceptions du handicap.<\/strong><\/p>\n\n\n\n<p class=\"has-text-color has-vivid-cyan-blue-color\"><strong>Un voyage extr\u00eamement riche au plan architectural, historique, social et \u00e9conomique qui donne une image plus fine de la r\u00e9alit\u00e9 actuelle d\u2019un pays au pass\u00e9 complexe.<\/strong><\/p>\n","protected":false},"excerpt":{"rendered":"<p>Le voyage du cycle terminal, r\u00e9unissant tous les \u00e9l\u00e8ves des classes de premi\u00e8res g\u00e9n\u00e9rales, technologiques et professionnelles S, ES, L, ST2S, ASSP et les Terminales CAP ATMFC, avaient pour destination la R\u00e9publique Tch\u00e8que. Ainsi du 17 au 22 f\u00e9vrier, les \u00e9l\u00e8ves ont pu d\u00e9couvrir Prague, la ville aux cent clochers. Ce s\u00e9jour a \u00e9t\u00e9 l\u2019occasion [&hellip;]<\/p>\n","protected":false},"author":12,"featured_media":0,"comment_status":"closed","ping_status":"open","sticky":false,"template":"","format":"standard","meta":{"_et_pb_use_builder":"","_et_pb_old_content":"","_et_gb_content_width":"","_jetpack_newsletter_access":"","_jetpack_dont_email_post_to_subs":false,"_jetpack_newsletter_tier_id":0,"_jetpack_memberships_contains_paywalled_content":false,"iawp_total_views":0,"_jetpack_memberships_contains_paid_content":false,"footnotes":""},"categories":[28],"tags":[],"class_list":["post-3038","post","type-post","status-publish","format-standard","hentry","category-actus"],"yoast_head":"<!-- This site is optimized with the Yoast SEO plugin v26.0 - https:\/\/yoast.com\/wordpress\/plugins\/seo\/ -->\n<title>JEANNE D\u2019ARC FIGEAC : LES LYCEENS DE PREMIERES EN VOYAGE A PRAGUE<\/title>\n<meta name=\"description\" content=\"Le voyage du cycle terminal, r\u00e9unissant tous les \u00e9l\u00e8ves des classes de premi\u00e8res g\u00e9n\u00e9rales, technologiques et professionnelles S, ES, L, ST2S, ASSP et les\" \/>\n<meta name=\"robots\" content=\"index, follow, max-snippet:-1, max-image-preview:large, max-video-preview:-1\" \/>\n<link rel=\"canonical\" href=\"http:\/\/www.jeannedarc-figeac.fr\/college-lycee\/jeanne-darc-figeac-les-lyceens-de-premieres-en-voyage-a-prague\/\" \/>\n<meta property=\"og:locale\" content=\"fr_FR\" \/>\n<meta property=\"og:type\" content=\"article\" \/>\n<meta property=\"og:title\" content=\"JEANNE D\u2019ARC FIGEAC : LES LYCEENS DE PREMIERES EN VOYAGE A PRAGUE\" \/>\n<meta property=\"og:description\" content=\"Le voyage du cycle terminal, r\u00e9unissant tous les \u00e9l\u00e8ves des classes de premi\u00e8res g\u00e9n\u00e9rales, technologiques et professionnelles S, ES, L, ST2S, ASSP et les\" \/>\n<meta property=\"og:url\" content=\"http:\/\/www.jeannedarc-figeac.fr\/college-lycee\/jeanne-darc-figeac-les-lyceens-de-premieres-en-voyage-a-prague\/\" \/>\n<meta property=\"og:site_name\" content=\"Coll\u00e8ge et Lyc\u00e9e Jeanne d&#039;Arc\" \/>\n<meta property=\"article:published_time\" content=\"2019-02-27T10:03:47+00:00\" \/>\n<meta property=\"article:modified_time\" content=\"2019-02-27T10:03:54+00:00\" \/>\n<meta property=\"og:image\" content=\"http:\/\/www.jeannedarc-figeac.fr\/college-lycee\/wp-content\/uploads\/sites\/5\/2019\/02\/Prague-1-576x1024.jpg\" \/>\n<meta name=\"author\" content=\"le secr\u00e9tariat\" \/>\n<script type=\"application\/ld+json\" class=\"yoast-schema-graph\">{\"@context\":\"https:\/\/schema.org\",\"@graph\":[{\"@type\":\"WebPage\",\"@id\":\"http:\/\/www.jeannedarc-figeac.fr\/college-lycee\/jeanne-darc-figeac-les-lyceens-de-premieres-en-voyage-a-prague\/\",\"url\":\"http:\/\/www.jeannedarc-figeac.fr\/college-lycee\/jeanne-darc-figeac-les-lyceens-de-premieres-en-voyage-a-prague\/\",\"name\":\"JEANNE D\u2019ARC FIGEAC : LES LYCEENS DE PREMIERES EN VOYAGE A PRAGUE\",\"isPartOf\":{\"@id\":\"https:\/\/www.jeannedarc-figeac.fr\/college-lycee\/#website\"},\"primaryImageOfPage\":{\"@id\":\"http:\/\/www.jeannedarc-figeac.fr\/college-lycee\/jeanne-darc-figeac-les-lyceens-de-premieres-en-voyage-a-prague\/#primaryimage\"},\"image\":{\"@id\":\"http:\/\/www.jeannedarc-figeac.fr\/college-lycee\/jeanne-darc-figeac-les-lyceens-de-premieres-en-voyage-a-prague\/#primaryimage\"},\"thumbnailUrl\":\"http:\/\/www.jeannedarc-figeac.fr\/college-lycee\/wp-content\/uploads\/sites\/5\/2019\/02\/Prague-1-576x1024.jpg\",\"datePublished\":\"2019-02-27T10:03:47+00:00\",\"dateModified\":\"2019-02-27T10:03:54+00:00\",\"author\":{\"@id\":\"https:\/\/www.jeannedarc-figeac.fr\/college-lycee\/#\/schema\/person\/29e5764f28e895dc8bf41d4468f99154\"},\"description\":\"Le voyage du cycle terminal, r\u00e9unissant tous les \u00e9l\u00e8ves des classes de premi\u00e8res g\u00e9n\u00e9rales, technologiques et professionnelles S, ES, L, ST2S, ASSP et les\",\"breadcrumb\":{\"@id\":\"http:\/\/www.jeannedarc-figeac.fr\/college-lycee\/jeanne-darc-figeac-les-lyceens-de-premieres-en-voyage-a-prague\/#breadcrumb\"},\"inLanguage\":\"fr-FR\",\"potentialAction\":[{\"@type\":\"ReadAction\",\"target\":[\"http:\/\/www.jeannedarc-figeac.fr\/college-lycee\/jeanne-darc-figeac-les-lyceens-de-premieres-en-voyage-a-prague\/\"]}]},{\"@type\":\"ImageObject\",\"inLanguage\":\"fr-FR\",\"@id\":\"http:\/\/www.jeannedarc-figeac.fr\/college-lycee\/jeanne-darc-figeac-les-lyceens-de-premieres-en-voyage-a-prague\/#primaryimage\",\"url\":\"https:\/\/i0.wp.com\/www.jeannedarc-figeac.fr\/college-lycee\/wp-content\/uploads\/sites\/5\/2019\/02\/Prague-1.jpg?fit=918%2C1632&ssl=1\",\"contentUrl\":\"https:\/\/i0.wp.com\/www.jeannedarc-figeac.fr\/college-lycee\/wp-content\/uploads\/sites\/5\/2019\/02\/Prague-1.jpg?fit=918%2C1632&ssl=1\",\"width\":918,\"height\":1632},{\"@type\":\"BreadcrumbList\",\"@id\":\"http:\/\/www.jeannedarc-figeac.fr\/college-lycee\/jeanne-darc-figeac-les-lyceens-de-premieres-en-voyage-a-prague\/#breadcrumb\",\"itemListElement\":[{\"@type\":\"ListItem\",\"position\":1,\"name\":\"Accueil\",\"item\":\"https:\/\/www.jeannedarc-figeac.fr\/college-lycee\/\"},{\"@type\":\"ListItem\",\"position\":2,\"name\":\"Actus\",\"item\":\"http:\/\/www.jeannedarc-figeac.fr\/college-lycee\/cat\/actus\/\"},{\"@type\":\"ListItem\",\"position\":3,\"name\":\"JEANNE D\u2019ARC FIGEAC : LES LYCEENS DE PREMIERES EN VOYAGE A PRAGUE\"}]},{\"@type\":\"WebSite\",\"@id\":\"https:\/\/www.jeannedarc-figeac.fr\/college-lycee\/#website\",\"url\":\"https:\/\/www.jeannedarc-figeac.fr\/college-lycee\/\",\"name\":\"Coll\u00e8ge et Lyc\u00e9e Jeanne d&#039;Arc\",\"description\":\"Jeanne d&#039;Arc Figeac\",\"potentialAction\":[{\"@type\":\"SearchAction\",\"target\":{\"@type\":\"EntryPoint\",\"urlTemplate\":\"https:\/\/www.jeannedarc-figeac.fr\/college-lycee\/?s={search_term_string}\"},\"query-input\":{\"@type\":\"PropertyValueSpecification\",\"valueRequired\":true,\"valueName\":\"search_term_string\"}}],\"inLanguage\":\"fr-FR\"},{\"@type\":\"Person\",\"@id\":\"https:\/\/www.jeannedarc-figeac.fr\/college-lycee\/#\/schema\/person\/29e5764f28e895dc8bf41d4468f99154\",\"name\":\"le secr\u00e9tariat\",\"image\":{\"@type\":\"ImageObject\",\"inLanguage\":\"fr-FR\",\"@id\":\"https:\/\/www.jeannedarc-figeac.fr\/college-lycee\/#\/schema\/person\/image\/\",\"url\":\"https:\/\/www.jeannedarc-figeac.fr\/college-lycee\/wp-content\/litespeed\/avatar\/5\/b7e8da60f53ba4adc9e9e66d91d84580.jpg?ver=1777548714\",\"contentUrl\":\"https:\/\/www.jeannedarc-figeac.fr\/college-lycee\/wp-content\/litespeed\/avatar\/5\/b7e8da60f53ba4adc9e9e66d91d84580.jpg?ver=1777548714\",\"caption\":\"le secr\u00e9tariat\"},\"url\":\"https:\/\/www.jeannedarc-figeac.fr\/college-lycee\/author\/arlette\/\"}]}<\/script>\n<!-- \/ Yoast SEO plugin. -->","yoast_head_json":{"title":"JEANNE D\u2019ARC FIGEAC : LES LYCEENS DE PREMIERES EN VOYAGE A PRAGUE","description":"Le voyage du cycle terminal, r\u00e9unissant tous les \u00e9l\u00e8ves des classes de premi\u00e8res g\u00e9n\u00e9rales, technologiques et professionnelles S, ES, L, ST2S, ASSP et les","robots":{"index":"index","follow":"follow","max-snippet":"max-snippet:-1","max-image-preview":"max-image-preview:large","max-video-preview":"max-video-preview:-1"},"canonical":"http:\/\/www.jeannedarc-figeac.fr\/college-lycee\/jeanne-darc-figeac-les-lyceens-de-premieres-en-voyage-a-prague\/","og_locale":"fr_FR","og_type":"article","og_title":"JEANNE D\u2019ARC FIGEAC : LES LYCEENS DE PREMIERES EN VOYAGE A PRAGUE","og_description":"Le voyage du cycle terminal, r\u00e9unissant tous les \u00e9l\u00e8ves des classes de premi\u00e8res g\u00e9n\u00e9rales, technologiques et professionnelles S, ES, L, ST2S, ASSP et les","og_url":"http:\/\/www.jeannedarc-figeac.fr\/college-lycee\/jeanne-darc-figeac-les-lyceens-de-premieres-en-voyage-a-prague\/","og_site_name":"Coll\u00e8ge et Lyc\u00e9e Jeanne d&#039;Arc","article_published_time":"2019-02-27T10:03:47+00:00","article_modified_time":"2019-02-27T10:03:54+00:00","og_image":[{"url":"http:\/\/www.jeannedarc-figeac.fr\/college-lycee\/wp-content\/uploads\/sites\/5\/2019\/02\/Prague-1-576x1024.jpg","type":"","width":"","height":""}],"author":"le secr\u00e9tariat","schema":{"@context":"https:\/\/schema.org","@graph":[{"@type":"WebPage","@id":"http:\/\/www.jeannedarc-figeac.fr\/college-lycee\/jeanne-darc-figeac-les-lyceens-de-premieres-en-voyage-a-prague\/","url":"http:\/\/www.jeannedarc-figeac.fr\/college-lycee\/jeanne-darc-figeac-les-lyceens-de-premieres-en-voyage-a-prague\/","name":"JEANNE D\u2019ARC FIGEAC : LES LYCEENS DE PREMIERES EN VOYAGE A PRAGUE","isPartOf":{"@id":"https:\/\/www.jeannedarc-figeac.fr\/college-lycee\/#website"},"primaryImageOfPage":{"@id":"http:\/\/www.jeannedarc-figeac.fr\/college-lycee\/jeanne-darc-figeac-les-lyceens-de-premieres-en-voyage-a-prague\/#primaryimage"},"image":{"@id":"http:\/\/www.jeannedarc-figeac.fr\/college-lycee\/jeanne-darc-figeac-les-lyceens-de-premieres-en-voyage-a-prague\/#primaryimage"},"thumbnailUrl":"http:\/\/www.jeannedarc-figeac.fr\/college-lycee\/wp-content\/uploads\/sites\/5\/2019\/02\/Prague-1-576x1024.jpg","datePublished":"2019-02-27T10:03:47+00:00","dateModified":"2019-02-27T10:03:54+00:00","author":{"@id":"https:\/\/www.jeannedarc-figeac.fr\/college-lycee\/#\/schema\/person\/29e5764f28e895dc8bf41d4468f99154"},"description":"Le voyage du cycle terminal, r\u00e9unissant tous les \u00e9l\u00e8ves des classes de premi\u00e8res g\u00e9n\u00e9rales, technologiques et professionnelles S, ES, L, ST2S, ASSP et les","breadcrumb":{"@id":"http:\/\/www.jeannedarc-figeac.fr\/college-lycee\/jeanne-darc-figeac-les-lyceens-de-premieres-en-voyage-a-prague\/#breadcrumb"},"inLanguage":"fr-FR","potentialAction":[{"@type":"ReadAction","target":["http:\/\/www.jeannedarc-figeac.fr\/college-lycee\/jeanne-darc-figeac-les-lyceens-de-premieres-en-voyage-a-prague\/"]}]},{"@type":"ImageObject","inLanguage":"fr-FR","@id":"http:\/\/www.jeannedarc-figeac.fr\/college-lycee\/jeanne-darc-figeac-les-lyceens-de-premieres-en-voyage-a-prague\/#primaryimage","url":"https:\/\/i0.wp.com\/www.jeannedarc-figeac.fr\/college-lycee\/wp-content\/uploads\/sites\/5\/2019\/02\/Prague-1.jpg?fit=918%2C1632&ssl=1","contentUrl":"https:\/\/i0.wp.com\/www.jeannedarc-figeac.fr\/college-lycee\/wp-content\/uploads\/sites\/5\/2019\/02\/Prague-1.jpg?fit=918%2C1632&ssl=1","width":918,"height":1632},{"@type":"BreadcrumbList","@id":"http:\/\/www.jeannedarc-figeac.fr\/college-lycee\/jeanne-darc-figeac-les-lyceens-de-premieres-en-voyage-a-prague\/#breadcrumb","itemListElement":[{"@type":"ListItem","position":1,"name":"Accueil","item":"https:\/\/www.jeannedarc-figeac.fr\/college-lycee\/"},{"@type":"ListItem","position":2,"name":"Actus","item":"http:\/\/www.jeannedarc-figeac.fr\/college-lycee\/cat\/actus\/"},{"@type":"ListItem","position":3,"name":"JEANNE D\u2019ARC FIGEAC : LES LYCEENS DE PREMIERES EN VOYAGE A PRAGUE"}]},{"@type":"WebSite","@id":"https:\/\/www.jeannedarc-figeac.fr\/college-lycee\/#website","url":"https:\/\/www.jeannedarc-figeac.fr\/college-lycee\/","name":"Coll\u00e8ge et Lyc\u00e9e Jeanne d&#039;Arc","description":"Jeanne d&#039;Arc Figeac","potentialAction":[{"@type":"SearchAction","target":{"@type":"EntryPoint","urlTemplate":"https:\/\/www.jeannedarc-figeac.fr\/college-lycee\/?s={search_term_string}"},"query-input":{"@type":"PropertyValueSpecification","valueRequired":true,"valueName":"search_term_string"}}],"inLanguage":"fr-FR"},{"@type":"Person","@id":"https:\/\/www.jeannedarc-figeac.fr\/college-lycee\/#\/schema\/person\/29e5764f28e895dc8bf41d4468f99154","name":"le secr\u00e9tariat","image":{"@type":"ImageObject","inLanguage":"fr-FR","@id":"https:\/\/www.jeannedarc-figeac.fr\/college-lycee\/#\/schema\/person\/image\/","url":"https:\/\/www.jeannedarc-figeac.fr\/college-lycee\/wp-content\/litespeed\/avatar\/5\/b7e8da60f53ba4adc9e9e66d91d84580.jpg?ver=1777548714","contentUrl":"https:\/\/www.jeannedarc-figeac.fr\/college-lycee\/wp-content\/litespeed\/avatar\/5\/b7e8da60f53ba4adc9e9e66d91d84580.jpg?ver=1777548714","caption":"le secr\u00e9tariat"},"url":"https:\/\/www.jeannedarc-figeac.fr\/college-lycee\/author\/arlette\/"}]}},"jetpack_featured_media_url":"","jetpack_sharing_enabled":true,"jetpack_shortlink":"https:\/\/wp.me\/p5Qyb6-N0","_links":{"self":[{"href":"https:\/\/www.jeannedarc-figeac.fr\/college-lycee\/wp-json\/wp\/v2\/posts\/3038","targetHints":{"allow":["GET"]}}],"collection":[{"href":"https:\/\/www.jeannedarc-figeac.fr\/college-lycee\/wp-json\/wp\/v2\/posts"}],"about":[{"href":"https:\/\/www.jeannedarc-figeac.fr\/college-lycee\/wp-json\/wp\/v2\/types\/post"}],"author":[{"embeddable":true,"href":"https:\/\/www.jeannedarc-figeac.fr\/college-lycee\/wp-json\/wp\/v2\/users\/12"}],"replies":[{"embeddable":true,"href":"https:\/\/www.jeannedarc-figeac.fr\/college-lycee\/wp-json\/wp\/v2\/comments?post=3038"}],"version-history":[{"count":1,"href":"https:\/\/www.jeannedarc-figeac.fr\/college-lycee\/wp-json\/wp\/v2\/posts\/3038\/revisions"}],"predecessor-version":[{"id":3041,"href":"https:\/\/www.jeannedarc-figeac.fr\/college-lycee\/wp-json\/wp\/v2\/posts\/3038\/revisions\/3041"}],"wp:attachment":[{"href":"https:\/\/www.jeannedarc-figeac.fr\/college-lycee\/wp-json\/wp\/v2\/media?parent=3038"}],"wp:term":[{"taxonomy":"category","embeddable":true,"href":"https:\/\/www.jeannedarc-figeac.fr\/college-lycee\/wp-json\/wp\/v2\/categories?post=3038"},{"taxonomy":"post_tag","embeddable":true,"href":"https:\/\/www.jeannedarc-figeac.fr\/college-lycee\/wp-json\/wp\/v2\/tags?post=3038"}],"curies":[{"name":"wp","href":"https:\/\/api.w.org\/{rel}","templated":true}]}}