{"id":3035,"date":"2019-02-27T09:49:00","date_gmt":"2019-02-27T09:49:00","guid":{"rendered":"http:\/\/www.jeannedarc-figeac.fr\/college-lycee\/?p=3035"},"modified":"2019-02-27T09:49:07","modified_gmt":"2019-02-27T09:49:07","slug":"echange-franco-espagnol-entre-le-college-lycee-jeanne-darc-et-le-college-ieso-cuatro-villas-de-berlanga-en-extremadure","status":"publish","type":"post","link":"https:\/\/www.jeannedarc-figeac.fr\/college-lycee\/echange-franco-espagnol-entre-le-college-lycee-jeanne-darc-et-le-college-ieso-cuatro-villas-de-berlanga-en-extremadure\/","title":{"rendered":"Echange franco-espagnol entre le coll\u00e8ge lyc\u00e9e Jeanne d&rsquo;Arc et le coll\u00e8ge IESO Cuatro villas de Berlanga en Extr\u00e9madure."},"content":{"rendered":"\n<div class=\"wp-block-image\"><figure class=\"aligncenter is-resized\"><img data-recalc-dims=\"1\" loading=\"lazy\" decoding=\"async\" src=\"https:\/\/i0.wp.com\/www.jeannedarc-figeac.fr\/college-lycee\/wp-content\/uploads\/sites\/5\/2019\/02\/echange-espagnols-bis.jpg?resize=406%2C305\" alt=\"\" class=\"wp-image-3036\" width=\"406\" height=\"305\" srcset=\"https:\/\/i0.wp.com\/www.jeannedarc-figeac.fr\/college-lycee\/wp-content\/uploads\/sites\/5\/2019\/02\/echange-espagnols-bis.jpg?resize=1024%2C768&amp;ssl=1 1024w, https:\/\/i0.wp.com\/www.jeannedarc-figeac.fr\/college-lycee\/wp-content\/uploads\/sites\/5\/2019\/02\/echange-espagnols-bis.jpg?resize=300%2C225&amp;ssl=1 300w, https:\/\/i0.wp.com\/www.jeannedarc-figeac.fr\/college-lycee\/wp-content\/uploads\/sites\/5\/2019\/02\/echange-espagnols-bis.jpg?resize=768%2C576&amp;ssl=1 768w, https:\/\/i0.wp.com\/www.jeannedarc-figeac.fr\/college-lycee\/wp-content\/uploads\/sites\/5\/2019\/02\/echange-espagnols-bis.jpg?resize=1080%2C810&amp;ssl=1 1080w, https:\/\/i0.wp.com\/www.jeannedarc-figeac.fr\/college-lycee\/wp-content\/uploads\/sites\/5\/2019\/02\/echange-espagnols-bis.jpg?w=1600&amp;ssl=1 1600w\" sizes=\"(max-width: 406px) 100vw, 406px\" \/><\/figure><\/div>\n\n\n\n<p class=\"has-text-color has-vivid-red-color\"><strong>Pour la 3\u00e8me ann\u00e9e, les \u00e9l\u00e8ves de 3\u00e8me et de 2nde du Coll\u00e8ge &#8211; Lyc\u00e9e Jeanne D\u2019Arc de Figeac ont accueilli leurs correspondants espagnols du coll\u00e8ge Cuatro Villas de Berlanga en Extr\u00e9madure. Certains, tr\u00e8s contents de l\u2019exp\u00e9rience v\u00e9cue l\u2019ann\u00e9e derni\u00e8re, venaient pour la 2\u00e8me fois \u00e0 Figeac. Du mardi 12 au lundi 18 f\u00e9vrier, re\u00e7us dans les familles de leurs correspondants, ils ont partag\u00e9 le quotidien des fran\u00e7ais, ont assist\u00e9 aux cours de leurs camarades. Ils ont d\u00e9couvert Figeac, Cahors, Rocamadour, les grottes de Lacave ainsi que le chemin de halage de Saint Cirq Lapopie.<\/strong><\/p>\n\n\n\n<p class=\"has-text-color has-vivid-red-color\"><strong>La semaine s&rsquo;est cl\u00f4tur\u00e9e par une journ\u00e9e conviviale avec bowling et soir\u00e9e espagnole o\u00f9 les correspondants et leurs familles d&rsquo;accueil ont \u00e9chang\u00e9 leurs impressions sur ce s\u00e9jour. C&rsquo;est donc le c\u0153ur serr\u00e9 que les correspondants espagnols ont repris la route le lundi 18 f\u00e9vrier pour Berlanga en faisant une halte \u00e0 Toulouse. <\/strong><\/p>\n\n\n\n<p class=\"has-text-color has-vivid-red-color\"><strong>Au mois de mai, se d\u00e9roulera la 2\u00e8me phase de l&rsquo;\u00e9change et ce sont les figeacois qui vont se rendre en Extr\u00e9madure o\u00f9, \u00e0 leur tour, ils d\u00e9couvriront le rythme de vie espagnol, assisteront aux cours de leurs correspondants, visiteront d&rsquo;une part l&rsquo;Extr\u00e9madure notamment avec la visite de M\u00e9rida et d&rsquo;autre part l&rsquo;Andalousie avec les villes de S\u00e9ville et de Cordoue.<\/strong><\/p>\n","protected":false},"excerpt":{"rendered":"<p>Pour la 3\u00e8me ann\u00e9e, les \u00e9l\u00e8ves de 3\u00e8me et de 2nde du Coll\u00e8ge &#8211; Lyc\u00e9e Jeanne D\u2019Arc de Figeac ont accueilli leurs correspondants espagnols du coll\u00e8ge Cuatro Villas de Berlanga en Extr\u00e9madure. Certains, tr\u00e8s contents de l\u2019exp\u00e9rience v\u00e9cue l\u2019ann\u00e9e derni\u00e8re, venaient pour la 2\u00e8me fois \u00e0 Figeac. Du mardi 12 au lundi 18 f\u00e9vrier, re\u00e7us [&hellip;]<\/p>\n","protected":false},"author":12,"featured_media":0,"comment_status":"closed","ping_status":"open","sticky":false,"template":"","format":"standard","meta":{"_et_pb_use_builder":"","_et_pb_old_content":"","_et_gb_content_width":"","_jetpack_newsletter_access":"","_jetpack_dont_email_post_to_subs":false,"_jetpack_newsletter_tier_id":0,"_jetpack_memberships_contains_paywalled_content":false,"iawp_total_views":1,"_jetpack_memberships_contains_paid_content":false,"footnotes":""},"categories":[28],"tags":[],"class_list":["post-3035","post","type-post","status-publish","format-standard","hentry","category-actus"],"yoast_head":"<!-- This site is optimized with the Yoast SEO plugin v26.0 - https:\/\/yoast.com\/wordpress\/plugins\/seo\/ -->\n<title>Echange franco-espagnol entre le coll\u00e8ge lyc\u00e9e Jeanne d&#039;Arc et le coll\u00e8ge IESO Cuatro villas de Berlanga en Extr\u00e9madure.<\/title>\n<meta name=\"description\" content=\"Pour la 3\u00e8me ann\u00e9e, les \u00e9l\u00e8ves de 3\u00e8me et de 2nde du Coll\u00e8ge - Lyc\u00e9e Jeanne D\u2019Arc de Figeac ont accueilli leurs correspondants espagnols du coll\u00e8ge Cuatro\" \/>\n<meta name=\"robots\" content=\"index, follow, max-snippet:-1, max-image-preview:large, max-video-preview:-1\" \/>\n<link rel=\"canonical\" href=\"https:\/\/www.jeannedarc-figeac.fr\/college-lycee\/echange-franco-espagnol-entre-le-college-lycee-jeanne-darc-et-le-college-ieso-cuatro-villas-de-berlanga-en-extremadure\/\" \/>\n<meta property=\"og:locale\" content=\"fr_FR\" \/>\n<meta property=\"og:type\" content=\"article\" \/>\n<meta property=\"og:title\" content=\"Echange franco-espagnol entre le coll\u00e8ge lyc\u00e9e Jeanne d&#039;Arc et le coll\u00e8ge IESO Cuatro villas de Berlanga en Extr\u00e9madure.\" \/>\n<meta property=\"og:description\" content=\"Pour la 3\u00e8me ann\u00e9e, les \u00e9l\u00e8ves de 3\u00e8me et de 2nde du Coll\u00e8ge - Lyc\u00e9e Jeanne D\u2019Arc de Figeac ont accueilli leurs correspondants espagnols du coll\u00e8ge Cuatro\" \/>\n<meta property=\"og:url\" content=\"https:\/\/www.jeannedarc-figeac.fr\/college-lycee\/echange-franco-espagnol-entre-le-college-lycee-jeanne-darc-et-le-college-ieso-cuatro-villas-de-berlanga-en-extremadure\/\" \/>\n<meta property=\"og:site_name\" content=\"Coll\u00e8ge et Lyc\u00e9e Jeanne d&#039;Arc\" \/>\n<meta property=\"article:published_time\" content=\"2019-02-27T09:49:00+00:00\" \/>\n<meta property=\"article:modified_time\" content=\"2019-02-27T09:49:07+00:00\" \/>\n<meta property=\"og:image\" content=\"http:\/\/www.jeannedarc-figeac.fr\/college-lycee\/wp-content\/uploads\/sites\/5\/2019\/02\/echange-espagnols-bis-1024x768.jpg\" \/>\n<meta name=\"author\" content=\"le secr\u00e9tariat\" \/>\n<script type=\"application\/ld+json\" class=\"yoast-schema-graph\">{\"@context\":\"https:\/\/schema.org\",\"@graph\":[{\"@type\":\"WebPage\",\"@id\":\"https:\/\/www.jeannedarc-figeac.fr\/college-lycee\/echange-franco-espagnol-entre-le-college-lycee-jeanne-darc-et-le-college-ieso-cuatro-villas-de-berlanga-en-extremadure\/\",\"url\":\"https:\/\/www.jeannedarc-figeac.fr\/college-lycee\/echange-franco-espagnol-entre-le-college-lycee-jeanne-darc-et-le-college-ieso-cuatro-villas-de-berlanga-en-extremadure\/\",\"name\":\"Echange franco-espagnol entre le coll\u00e8ge lyc\u00e9e Jeanne d'Arc et le coll\u00e8ge IESO Cuatro villas de Berlanga en Extr\u00e9madure.\",\"isPartOf\":{\"@id\":\"https:\/\/www.jeannedarc-figeac.fr\/college-lycee\/#website\"},\"primaryImageOfPage\":{\"@id\":\"https:\/\/www.jeannedarc-figeac.fr\/college-lycee\/echange-franco-espagnol-entre-le-college-lycee-jeanne-darc-et-le-college-ieso-cuatro-villas-de-berlanga-en-extremadure\/#primaryimage\"},\"image\":{\"@id\":\"https:\/\/www.jeannedarc-figeac.fr\/college-lycee\/echange-franco-espagnol-entre-le-college-lycee-jeanne-darc-et-le-college-ieso-cuatro-villas-de-berlanga-en-extremadure\/#primaryimage\"},\"thumbnailUrl\":\"http:\/\/www.jeannedarc-figeac.fr\/college-lycee\/wp-content\/uploads\/sites\/5\/2019\/02\/echange-espagnols-bis-1024x768.jpg\",\"datePublished\":\"2019-02-27T09:49:00+00:00\",\"dateModified\":\"2019-02-27T09:49:07+00:00\",\"author\":{\"@id\":\"https:\/\/www.jeannedarc-figeac.fr\/college-lycee\/#\/schema\/person\/29e5764f28e895dc8bf41d4468f99154\"},\"description\":\"Pour la 3\u00e8me ann\u00e9e, les \u00e9l\u00e8ves de 3\u00e8me et de 2nde du Coll\u00e8ge - Lyc\u00e9e Jeanne D\u2019Arc de Figeac ont accueilli leurs correspondants espagnols du coll\u00e8ge Cuatro\",\"breadcrumb\":{\"@id\":\"https:\/\/www.jeannedarc-figeac.fr\/college-lycee\/echange-franco-espagnol-entre-le-college-lycee-jeanne-darc-et-le-college-ieso-cuatro-villas-de-berlanga-en-extremadure\/#breadcrumb\"},\"inLanguage\":\"fr-FR\",\"potentialAction\":[{\"@type\":\"ReadAction\",\"target\":[\"https:\/\/www.jeannedarc-figeac.fr\/college-lycee\/echange-franco-espagnol-entre-le-college-lycee-jeanne-darc-et-le-college-ieso-cuatro-villas-de-berlanga-en-extremadure\/\"]}]},{\"@type\":\"ImageObject\",\"inLanguage\":\"fr-FR\",\"@id\":\"https:\/\/www.jeannedarc-figeac.fr\/college-lycee\/echange-franco-espagnol-entre-le-college-lycee-jeanne-darc-et-le-college-ieso-cuatro-villas-de-berlanga-en-extremadure\/#primaryimage\",\"url\":\"https:\/\/i0.wp.com\/www.jeannedarc-figeac.fr\/college-lycee\/wp-content\/uploads\/sites\/5\/2019\/02\/echange-espagnols-bis.jpg?fit=1600%2C1200&ssl=1\",\"contentUrl\":\"https:\/\/i0.wp.com\/www.jeannedarc-figeac.fr\/college-lycee\/wp-content\/uploads\/sites\/5\/2019\/02\/echange-espagnols-bis.jpg?fit=1600%2C1200&ssl=1\",\"width\":1600,\"height\":1200},{\"@type\":\"BreadcrumbList\",\"@id\":\"https:\/\/www.jeannedarc-figeac.fr\/college-lycee\/echange-franco-espagnol-entre-le-college-lycee-jeanne-darc-et-le-college-ieso-cuatro-villas-de-berlanga-en-extremadure\/#breadcrumb\",\"itemListElement\":[{\"@type\":\"ListItem\",\"position\":1,\"name\":\"Accueil\",\"item\":\"https:\/\/www.jeannedarc-figeac.fr\/college-lycee\/\"},{\"@type\":\"ListItem\",\"position\":2,\"name\":\"Actus\",\"item\":\"http:\/\/www.jeannedarc-figeac.fr\/college-lycee\/cat\/actus\/\"},{\"@type\":\"ListItem\",\"position\":3,\"name\":\"Echange franco-espagnol entre le coll\u00e8ge lyc\u00e9e Jeanne d&rsquo;Arc et le coll\u00e8ge IESO Cuatro villas de Berlanga en Extr\u00e9madure.\"}]},{\"@type\":\"WebSite\",\"@id\":\"https:\/\/www.jeannedarc-figeac.fr\/college-lycee\/#website\",\"url\":\"https:\/\/www.jeannedarc-figeac.fr\/college-lycee\/\",\"name\":\"Coll\u00e8ge et Lyc\u00e9e Jeanne d&#039;Arc\",\"description\":\"Jeanne d&#039;Arc Figeac\",\"potentialAction\":[{\"@type\":\"SearchAction\",\"target\":{\"@type\":\"EntryPoint\",\"urlTemplate\":\"https:\/\/www.jeannedarc-figeac.fr\/college-lycee\/?s={search_term_string}\"},\"query-input\":{\"@type\":\"PropertyValueSpecification\",\"valueRequired\":true,\"valueName\":\"search_term_string\"}}],\"inLanguage\":\"fr-FR\"},{\"@type\":\"Person\",\"@id\":\"https:\/\/www.jeannedarc-figeac.fr\/college-lycee\/#\/schema\/person\/29e5764f28e895dc8bf41d4468f99154\",\"name\":\"le secr\u00e9tariat\",\"image\":{\"@type\":\"ImageObject\",\"inLanguage\":\"fr-FR\",\"@id\":\"https:\/\/www.jeannedarc-figeac.fr\/college-lycee\/#\/schema\/person\/image\/\",\"url\":\"https:\/\/www.jeannedarc-figeac.fr\/college-lycee\/wp-content\/litespeed\/avatar\/5\/b7e8da60f53ba4adc9e9e66d91d84580.jpg?ver=1777548714\",\"contentUrl\":\"https:\/\/www.jeannedarc-figeac.fr\/college-lycee\/wp-content\/litespeed\/avatar\/5\/b7e8da60f53ba4adc9e9e66d91d84580.jpg?ver=1777548714\",\"caption\":\"le secr\u00e9tariat\"},\"url\":\"https:\/\/www.jeannedarc-figeac.fr\/college-lycee\/author\/arlette\/\"}]}<\/script>\n<!-- \/ Yoast SEO plugin. -->","yoast_head_json":{"title":"Echange franco-espagnol entre le coll\u00e8ge lyc\u00e9e Jeanne d'Arc et le coll\u00e8ge IESO Cuatro villas de Berlanga en Extr\u00e9madure.","description":"Pour la 3\u00e8me ann\u00e9e, les \u00e9l\u00e8ves de 3\u00e8me et de 2nde du Coll\u00e8ge - Lyc\u00e9e Jeanne D\u2019Arc de Figeac ont accueilli leurs correspondants espagnols du coll\u00e8ge Cuatro","robots":{"index":"index","follow":"follow","max-snippet":"max-snippet:-1","max-image-preview":"max-image-preview:large","max-video-preview":"max-video-preview:-1"},"canonical":"https:\/\/www.jeannedarc-figeac.fr\/college-lycee\/echange-franco-espagnol-entre-le-college-lycee-jeanne-darc-et-le-college-ieso-cuatro-villas-de-berlanga-en-extremadure\/","og_locale":"fr_FR","og_type":"article","og_title":"Echange franco-espagnol entre le coll\u00e8ge lyc\u00e9e Jeanne d'Arc et le coll\u00e8ge IESO Cuatro villas de Berlanga en Extr\u00e9madure.","og_description":"Pour la 3\u00e8me ann\u00e9e, les \u00e9l\u00e8ves de 3\u00e8me et de 2nde du Coll\u00e8ge - Lyc\u00e9e Jeanne D\u2019Arc de Figeac ont accueilli leurs correspondants espagnols du coll\u00e8ge Cuatro","og_url":"https:\/\/www.jeannedarc-figeac.fr\/college-lycee\/echange-franco-espagnol-entre-le-college-lycee-jeanne-darc-et-le-college-ieso-cuatro-villas-de-berlanga-en-extremadure\/","og_site_name":"Coll\u00e8ge et Lyc\u00e9e Jeanne d&#039;Arc","article_published_time":"2019-02-27T09:49:00+00:00","article_modified_time":"2019-02-27T09:49:07+00:00","og_image":[{"url":"http:\/\/www.jeannedarc-figeac.fr\/college-lycee\/wp-content\/uploads\/sites\/5\/2019\/02\/echange-espagnols-bis-1024x768.jpg","type":"","width":"","height":""}],"author":"le secr\u00e9tariat","schema":{"@context":"https:\/\/schema.org","@graph":[{"@type":"WebPage","@id":"https:\/\/www.jeannedarc-figeac.fr\/college-lycee\/echange-franco-espagnol-entre-le-college-lycee-jeanne-darc-et-le-college-ieso-cuatro-villas-de-berlanga-en-extremadure\/","url":"https:\/\/www.jeannedarc-figeac.fr\/college-lycee\/echange-franco-espagnol-entre-le-college-lycee-jeanne-darc-et-le-college-ieso-cuatro-villas-de-berlanga-en-extremadure\/","name":"Echange franco-espagnol entre le coll\u00e8ge lyc\u00e9e Jeanne d'Arc et le coll\u00e8ge IESO Cuatro villas de Berlanga en Extr\u00e9madure.","isPartOf":{"@id":"https:\/\/www.jeannedarc-figeac.fr\/college-lycee\/#website"},"primaryImageOfPage":{"@id":"https:\/\/www.jeannedarc-figeac.fr\/college-lycee\/echange-franco-espagnol-entre-le-college-lycee-jeanne-darc-et-le-college-ieso-cuatro-villas-de-berlanga-en-extremadure\/#primaryimage"},"image":{"@id":"https:\/\/www.jeannedarc-figeac.fr\/college-lycee\/echange-franco-espagnol-entre-le-college-lycee-jeanne-darc-et-le-college-ieso-cuatro-villas-de-berlanga-en-extremadure\/#primaryimage"},"thumbnailUrl":"http:\/\/www.jeannedarc-figeac.fr\/college-lycee\/wp-content\/uploads\/sites\/5\/2019\/02\/echange-espagnols-bis-1024x768.jpg","datePublished":"2019-02-27T09:49:00+00:00","dateModified":"2019-02-27T09:49:07+00:00","author":{"@id":"https:\/\/www.jeannedarc-figeac.fr\/college-lycee\/#\/schema\/person\/29e5764f28e895dc8bf41d4468f99154"},"description":"Pour la 3\u00e8me ann\u00e9e, les \u00e9l\u00e8ves de 3\u00e8me et de 2nde du Coll\u00e8ge - Lyc\u00e9e Jeanne D\u2019Arc de Figeac ont accueilli leurs correspondants espagnols du coll\u00e8ge Cuatro","breadcrumb":{"@id":"https:\/\/www.jeannedarc-figeac.fr\/college-lycee\/echange-franco-espagnol-entre-le-college-lycee-jeanne-darc-et-le-college-ieso-cuatro-villas-de-berlanga-en-extremadure\/#breadcrumb"},"inLanguage":"fr-FR","potentialAction":[{"@type":"ReadAction","target":["https:\/\/www.jeannedarc-figeac.fr\/college-lycee\/echange-franco-espagnol-entre-le-college-lycee-jeanne-darc-et-le-college-ieso-cuatro-villas-de-berlanga-en-extremadure\/"]}]},{"@type":"ImageObject","inLanguage":"fr-FR","@id":"https:\/\/www.jeannedarc-figeac.fr\/college-lycee\/echange-franco-espagnol-entre-le-college-lycee-jeanne-darc-et-le-college-ieso-cuatro-villas-de-berlanga-en-extremadure\/#primaryimage","url":"https:\/\/i0.wp.com\/www.jeannedarc-figeac.fr\/college-lycee\/wp-content\/uploads\/sites\/5\/2019\/02\/echange-espagnols-bis.jpg?fit=1600%2C1200&ssl=1","contentUrl":"https:\/\/i0.wp.com\/www.jeannedarc-figeac.fr\/college-lycee\/wp-content\/uploads\/sites\/5\/2019\/02\/echange-espagnols-bis.jpg?fit=1600%2C1200&ssl=1","width":1600,"height":1200},{"@type":"BreadcrumbList","@id":"https:\/\/www.jeannedarc-figeac.fr\/college-lycee\/echange-franco-espagnol-entre-le-college-lycee-jeanne-darc-et-le-college-ieso-cuatro-villas-de-berlanga-en-extremadure\/#breadcrumb","itemListElement":[{"@type":"ListItem","position":1,"name":"Accueil","item":"https:\/\/www.jeannedarc-figeac.fr\/college-lycee\/"},{"@type":"ListItem","position":2,"name":"Actus","item":"http:\/\/www.jeannedarc-figeac.fr\/college-lycee\/cat\/actus\/"},{"@type":"ListItem","position":3,"name":"Echange franco-espagnol entre le coll\u00e8ge lyc\u00e9e Jeanne d&rsquo;Arc et le coll\u00e8ge IESO Cuatro villas de Berlanga en Extr\u00e9madure."}]},{"@type":"WebSite","@id":"https:\/\/www.jeannedarc-figeac.fr\/college-lycee\/#website","url":"https:\/\/www.jeannedarc-figeac.fr\/college-lycee\/","name":"Coll\u00e8ge et Lyc\u00e9e Jeanne d&#039;Arc","description":"Jeanne d&#039;Arc Figeac","potentialAction":[{"@type":"SearchAction","target":{"@type":"EntryPoint","urlTemplate":"https:\/\/www.jeannedarc-figeac.fr\/college-lycee\/?s={search_term_string}"},"query-input":{"@type":"PropertyValueSpecification","valueRequired":true,"valueName":"search_term_string"}}],"inLanguage":"fr-FR"},{"@type":"Person","@id":"https:\/\/www.jeannedarc-figeac.fr\/college-lycee\/#\/schema\/person\/29e5764f28e895dc8bf41d4468f99154","name":"le secr\u00e9tariat","image":{"@type":"ImageObject","inLanguage":"fr-FR","@id":"https:\/\/www.jeannedarc-figeac.fr\/college-lycee\/#\/schema\/person\/image\/","url":"https:\/\/www.jeannedarc-figeac.fr\/college-lycee\/wp-content\/litespeed\/avatar\/5\/b7e8da60f53ba4adc9e9e66d91d84580.jpg?ver=1777548714","contentUrl":"https:\/\/www.jeannedarc-figeac.fr\/college-lycee\/wp-content\/litespeed\/avatar\/5\/b7e8da60f53ba4adc9e9e66d91d84580.jpg?ver=1777548714","caption":"le secr\u00e9tariat"},"url":"https:\/\/www.jeannedarc-figeac.fr\/college-lycee\/author\/arlette\/"}]}},"jetpack_featured_media_url":"","jetpack_sharing_enabled":true,"jetpack_shortlink":"https:\/\/wp.me\/p5Qyb6-MX","_links":{"self":[{"href":"https:\/\/www.jeannedarc-figeac.fr\/college-lycee\/wp-json\/wp\/v2\/posts\/3035","targetHints":{"allow":["GET"]}}],"collection":[{"href":"https:\/\/www.jeannedarc-figeac.fr\/college-lycee\/wp-json\/wp\/v2\/posts"}],"about":[{"href":"https:\/\/www.jeannedarc-figeac.fr\/college-lycee\/wp-json\/wp\/v2\/types\/post"}],"author":[{"embeddable":true,"href":"https:\/\/www.jeannedarc-figeac.fr\/college-lycee\/wp-json\/wp\/v2\/users\/12"}],"replies":[{"embeddable":true,"href":"https:\/\/www.jeannedarc-figeac.fr\/college-lycee\/wp-json\/wp\/v2\/comments?post=3035"}],"version-history":[{"count":1,"href":"https:\/\/www.jeannedarc-figeac.fr\/college-lycee\/wp-json\/wp\/v2\/posts\/3035\/revisions"}],"predecessor-version":[{"id":3037,"href":"https:\/\/www.jeannedarc-figeac.fr\/college-lycee\/wp-json\/wp\/v2\/posts\/3035\/revisions\/3037"}],"wp:attachment":[{"href":"https:\/\/www.jeannedarc-figeac.fr\/college-lycee\/wp-json\/wp\/v2\/media?parent=3035"}],"wp:term":[{"taxonomy":"category","embeddable":true,"href":"https:\/\/www.jeannedarc-figeac.fr\/college-lycee\/wp-json\/wp\/v2\/categories?post=3035"},{"taxonomy":"post_tag","embeddable":true,"href":"https:\/\/www.jeannedarc-figeac.fr\/college-lycee\/wp-json\/wp\/v2\/tags?post=3035"}],"curies":[{"name":"wp","href":"https:\/\/api.w.org\/{rel}","templated":true}]}}